{"id":54079,"date":"2023-06-07T18:17:10","date_gmt":"2023-06-07T23:17:10","guid":{"rendered":"https:\/\/luchonoticias.com\/?p=54079"},"modified":"2023-06-07T18:22:17","modified_gmt":"2023-06-07T23:22:17","slug":"una-candidatura-debe-tener-la-responsabilidad-de-comunicarse-con-la-ciudadania-para-empezar-a-proyectar-la-vision-de-ciudad","status":"publish","type":"post","link":"https:\/\/luchonoticias.com\/editor\/una-candidatura-debe-tener-la-responsabilidad-de-comunicarse-con-la-ciudadania-para-empezar-a-proyectar-la-vision-de-ciudad\/","title":{"rendered":"\u00abUna candidatura debe tener la responsabilidad de comunicarse con la ciudadan\u00eda para empezar a proyectar la visi\u00f3n de ciudad\u201d"},"content":{"rendered":"\n<p><em>A menos de cinco meses de las elecciones regionales la baraja de aspirantes a la Alcald<\/em><em>\u00ed<\/em><em>a de Neiva contin<\/em><em>\u00fa<\/em><em>a movi<\/em><em>\u00e9<\/em><em>ndose. Uno de los que se ha escuchado con m<\/em><em>\u00e1<\/em><em>s fuerza <\/em><em>\u00fa<\/em><em>ltimamente ha sido el exconcejal Am<\/em><em>\u00ed<\/em><em>n Losada, quien, de hecho, se ha visibilizado con unas pancartas y mensajes alusivos a las festividades sampedrinas en los sem<\/em><em>\u00e1<\/em><em>foros y barrios de la capital huilense.<\/em><\/p>\n\n\n\n<p><strong>\u00bf<\/strong><strong>C\u00f3<\/strong><strong>mo avanza su candidatura?<\/strong><\/p>\n\n\n\n<p>La responsabilidad de ser Alcalde de Neiva no puede tener una \u00fanica preocupaci\u00f3n como la de tener firmas en estos momentos, y solo centrarse en esa actividad. Una candidatura debe tener la responsabilidad de comunicarse con la ciudadan\u00eda para empezar a proyectar la visi\u00f3n de ciudad y as\u00ed construir la confianza para gobernar cuatro a\u00f1os. Mientras otros andan preocupados por firmas, yo me preocupo por la visi\u00f3n de ciudad. Por ejemplo, la coyuntura de Neiva en este momento es una ciudad endeudada, con muchas obras sin terminar, que significan detrimento patrimonial, atraso, subdesarrollo; sin una pol\u00edtica clara de seguridad; sin cultura ciudadana por falta de gobierno y trabajo en esa materia; sin la esperanza de lo que puedan esperar las familias por los altos \u00edndices de desempleo; pero encuentro tambi\u00e9n una ciudad aguerrida, que fue capaz de sobrevivir al Covid19, capaz de reactivarse econ\u00f3micamente en la medida que tuvo la posibilidad, una ciudad con gente joven llena de sue\u00f1os, con ganas de salir adelante y eso es lo que me motiva a continuar este camino hacia la Alcald\u00eda. Neiva no puede cometer el error que hist\u00f3ricamente ha cometido, elegir al que queda de segundo para pagar favores de 8 a\u00f1os de campa\u00f1a con el dinero de los ciudadanos.<\/p>\n\n\n\n<p><strong>\u00bf<\/strong><strong>Cu\u00e1<\/strong><strong>l es la principal problem<\/strong><strong>\u00e1<\/strong><strong>tica de Neiva?<\/strong><strong><\/strong><\/p>\n\n\n\n<p>El problema m\u00e1s angustiante que tiene hoy la ciudad es la inseguridad que se genera por falta de pol\u00edtica en seguridad fuerte por falta de operancia de las instituciones. Hoy los neivanos estamos amedrantados viviendo tras las rejas de nuestras casas, porque no tenemos confianza para poder salir. Pero eso tambi\u00e9n es un problema social por la falta de oportunidades, de ingresos para las familias, de din\u00e1mica econ\u00f3mica. Tenemos una problem\u00e1tica tambi\u00e9n con todos los dineros que ha sido invertidos por a\u00f1os en estas obras inconclusas.<\/p>\n\n\n\n<p><strong>\u00bf<\/strong><strong>Qu<\/strong><strong>\u00e9 <\/strong><strong>simboliza su alianza con el exsenador Rodrigo Villalba?<\/strong><strong><\/strong><\/p>\n\n\n\n<p>El doctor Rodrigo Villalba representa para el Huila liderazgo y resultados, cada vez que ha tenido una responsabilidad ha llevado al departamento a lograr mejoras, tener contribuciones que se ven reflejadas en el bienestar de las familias. Cuando fue ministro de Agricultura afront\u00f3 la crisis cafetera y fue un gran gestor del plan para mejorar la competitividad de la producci\u00f3n del grano. En \u00e9l hemos confiado para que gu\u00ede el departamento, pero, sobre todo, lo hemos comprometido con una gran inversi\u00f3n para la ciudad de Neiva. Las gobernaciones trabajan casi siempre para el departamento, pero no para Neiva, son pr\u00e1cticamente desconocidas. Lo que se pretende es una articulaci\u00f3n con el gobierno departamental para generar y gestionar inversi\u00f3n a nuestra zona rural y urbana.<\/p>\n\n\n\n<p><strong>\u00bf<\/strong><strong>C\u00f3<\/strong><strong>mo ser<\/strong><strong>\u00ed<\/strong><strong>a su actuar como Alcalde de Neiva?<\/strong><strong><\/strong><\/p>\n\n\n\n<p>Si revisan mi actuar como concejal, siempre he estado siendo vehemente en mis posiciones para respetar y responder por los recursos p\u00fablicos. Por eso mi compromiso es con la ejecuci\u00f3n del recurso p\u00fablico productivo, tenemos que ponernos serios en la forma como usamos los recursos de los neivanos, ser consecuentes con las necesidades y hacer que las obras sean visibles, aqu\u00ed no vamos a improvisar, vamos a construir un programa que lleve las dolencias de la comunidad para generar beneficios para cada una, un gobierno independiente, sin cacicazgos, de inclusi\u00f3n, comprometido con darle estabilidad a esta Neiva que est\u00e1 descompuesta. Son solamente cuatro a\u00f1os donde debemos nivelar la casa, terminar las obras y proyectar la ciudad para 20 a\u00f1os. Ese va a ser mi gran compromiso con la ciudad, y hacer de Neiva la ciudad m\u00e1s segura del pa\u00eds.<\/p>\n\n\n\n<p><strong>\u00bf<\/strong><strong>Qu<\/strong><strong>\u00e9 <\/strong><strong>representa su aspiraci<\/strong><strong>\u00f3<\/strong><strong>n?<\/strong><strong><\/strong><\/p>\n\n\n\n<p>Mi aspiraci\u00f3n a la Alcald\u00eda representa a los ciudadanos de a pie, a esas personas que como yo han nacido en las comunas m\u00e1s populares de la ciudad, han estudiado, se han forjado y tienen un esp\u00edritu de superaci\u00f3n y es el momento de responderle a esas mismas necesidades. Mi aspiraci\u00f3n representa a esos peque\u00f1os comerciantes, a grupos \u00e9tnicos, que necesitan ser gobernados con responsabilidad. Esta es una iniciativa independiente, si revisa en el abanico tenemos candidatos que podr\u00edan representar continuidad a trav\u00e9s del apoyo del ente de gobierno; otra que lleva haciendo un ejercicio de ocho a\u00f1os; otra que podr\u00eda representar la tradici\u00f3n de las conductas pol\u00edticas de anta\u00f1o, y la m\u00eda que, por mi edad, mi profesi\u00f3n y mi origen representa el sentir de los neivanos. Espero que cuando un neivano lea estas l\u00edneas entienda que estamos luchando la ciudad para el presente y el futuro.<\/p>\n","protected":false},"excerpt":{"rendered":"<p>A menos de cinco meses de las elecciones regionales la baraja de aspirantes a la Alcald\u00eda de Neiva contin\u00faa movi\u00e9ndose. Uno de los que se ha escuchado con m\u00e1s fuerza \u00faltimamente ha sido el exconcejal Am\u00edn Losada, quien, de hecho, se ha visibilizado con unas pancartas y mensajes alusivos a las festividades sampedrinas en los [&hellip;]<\/p>\n","protected":false},"author":2,"featured_media":0,"comment_status":"open","ping_status":"open","sticky":false,"template":"","format":"standard","meta":{"footnotes":""},"categories":[36,617],"tags":[],"class_list":["post-54079","post","type-post","status-publish","format-standard","hentry","category-destacado","category-politica"],"yoast_head":"<!-- This site is optimized with the Yoast SEO plugin v26.6 - https:\/\/yoast.com\/wordpress\/plugins\/seo\/ -->\n<title>&quot;Una candidatura debe tener la responsabilidad de comunicarse con la ciudadan\u00eda para empezar a proyectar la visi\u00f3n de ciudad\u201d -<\/title>\n<meta name=\"robots\" content=\"index, follow, max-snippet:-1, max-image-preview:large, max-video-preview:-1\" \/>\n<link rel=\"canonical\" href=\"https:\/\/luchonoticias.com\/editor\/una-candidatura-debe-tener-la-responsabilidad-de-comunicarse-con-la-ciudadania-para-empezar-a-proyectar-la-vision-de-ciudad\/\" \/>\n<meta property=\"og:locale\" content=\"es_ES\" \/>\n<meta property=\"og:type\" content=\"article\" \/>\n<meta property=\"og:title\" content=\"&quot;Una candidatura debe tener la responsabilidad de comunicarse con la ciudadan\u00eda para empezar a proyectar la visi\u00f3n de ciudad\u201d -\" \/>\n<meta property=\"og:url\" content=\"https:\/\/luchonoticias.com\/editor\/una-candidatura-debe-tener-la-responsabilidad-de-comunicarse-con-la-ciudadania-para-empezar-a-proyectar-la-vision-de-ciudad\/\" \/>\n<meta property=\"article:publisher\" content=\"https:\/\/www.facebook.com\/luchonoticiasneiva\" \/>\n<meta property=\"article:published_time\" content=\"2023-06-07T23:17:10+00:00\" \/>\n<meta property=\"article:modified_time\" content=\"2023-06-07T23:22:17+00:00\" \/>\n<meta name=\"author\" content=\"Editor General\" \/>\n<meta name=\"twitter:card\" content=\"summary_large_image\" \/>\n<meta name=\"twitter:label1\" content=\"Escrito por\" \/>\n\t<meta name=\"twitter:data1\" content=\"Editor General\" \/>\n\t<meta name=\"twitter:label2\" content=\"Tiempo de lectura\" \/>\n\t<meta name=\"twitter:data2\" content=\"4 minutos\" \/>\n<script type=\"application\/ld+json\" class=\"yoast-schema-graph\">{\"@context\":\"https:\/\/schema.org\",\"@graph\":[{\"@type\":\"Article\",\"@id\":\"https:\/\/luchonoticias.com\/editor\/una-candidatura-debe-tener-la-responsabilidad-de-comunicarse-con-la-ciudadania-para-empezar-a-proyectar-la-vision-de-ciudad\/#article\",\"isPartOf\":{\"@id\":\"https:\/\/luchonoticias.com\/editor\/una-candidatura-debe-tener-la-responsabilidad-de-comunicarse-con-la-ciudadania-para-empezar-a-proyectar-la-vision-de-ciudad\/\"},\"author\":{\"name\":\"Editor General\",\"@id\":\"https:\/\/luchonoticias.com\/editor\/#\/schema\/person\/29217990ddf6f14e35912b2866d591fb\"},\"headline\":\"\u00abUna candidatura debe tener la responsabilidad de comunicarse con la ciudadan\u00eda para empezar a proyectar la visi\u00f3n de ciudad\u201d\",\"datePublished\":\"2023-06-07T23:17:10+00:00\",\"dateModified\":\"2023-06-07T23:22:17+00:00\",\"mainEntityOfPage\":{\"@id\":\"https:\/\/luchonoticias.com\/editor\/una-candidatura-debe-tener-la-responsabilidad-de-comunicarse-con-la-ciudadania-para-empezar-a-proyectar-la-vision-de-ciudad\/\"},\"wordCount\":881,\"commentCount\":0,\"publisher\":{\"@id\":\"https:\/\/luchonoticias.com\/editor\/#\/schema\/person\/7a7fd911f58561fd056dbac7b55af9cd\"},\"articleSection\":[\"Destacado\",\"Pol\u00edtica\"],\"inLanguage\":\"es\",\"potentialAction\":[{\"@type\":\"CommentAction\",\"name\":\"Comment\",\"target\":[\"https:\/\/luchonoticias.com\/editor\/una-candidatura-debe-tener-la-responsabilidad-de-comunicarse-con-la-ciudadania-para-empezar-a-proyectar-la-vision-de-ciudad\/#respond\"]}]},{\"@type\":\"WebPage\",\"@id\":\"https:\/\/luchonoticias.com\/editor\/una-candidatura-debe-tener-la-responsabilidad-de-comunicarse-con-la-ciudadania-para-empezar-a-proyectar-la-vision-de-ciudad\/\",\"url\":\"https:\/\/luchonoticias.com\/editor\/una-candidatura-debe-tener-la-responsabilidad-de-comunicarse-con-la-ciudadania-para-empezar-a-proyectar-la-vision-de-ciudad\/\",\"name\":\"\\\"Una candidatura debe tener la responsabilidad de comunicarse con la ciudadan\u00eda para empezar a proyectar la visi\u00f3n de ciudad\u201d -\",\"isPartOf\":{\"@id\":\"https:\/\/luchonoticias.com\/editor\/#website\"},\"datePublished\":\"2023-06-07T23:17:10+00:00\",\"dateModified\":\"2023-06-07T23:22:17+00:00\",\"breadcrumb\":{\"@id\":\"https:\/\/luchonoticias.com\/editor\/una-candidatura-debe-tener-la-responsabilidad-de-comunicarse-con-la-ciudadania-para-empezar-a-proyectar-la-vision-de-ciudad\/#breadcrumb\"},\"inLanguage\":\"es\",\"potentialAction\":[{\"@type\":\"ReadAction\",\"target\":[\"https:\/\/luchonoticias.com\/editor\/una-candidatura-debe-tener-la-responsabilidad-de-comunicarse-con-la-ciudadania-para-empezar-a-proyectar-la-vision-de-ciudad\/\"]}]},{\"@type\":\"BreadcrumbList\",\"@id\":\"https:\/\/luchonoticias.com\/editor\/una-candidatura-debe-tener-la-responsabilidad-de-comunicarse-con-la-ciudadania-para-empezar-a-proyectar-la-vision-de-ciudad\/#breadcrumb\",\"itemListElement\":[{\"@type\":\"ListItem\",\"position\":1,\"name\":\"Portada\",\"item\":\"https:\/\/luchonoticias.com\/editor\/\"},{\"@type\":\"ListItem\",\"position\":2,\"name\":\"\u00abUna candidatura debe tener la responsabilidad de comunicarse con la ciudadan\u00eda para empezar a proyectar la visi\u00f3n de ciudad\u201d\"}]},{\"@type\":\"WebSite\",\"@id\":\"https:\/\/luchonoticias.com\/editor\/#website\",\"url\":\"https:\/\/luchonoticias.com\/editor\/\",\"name\":\"\",\"description\":\"\",\"publisher\":{\"@id\":\"https:\/\/luchonoticias.com\/editor\/#\/schema\/person\/7a7fd911f58561fd056dbac7b55af9cd\"},\"potentialAction\":[{\"@type\":\"SearchAction\",\"target\":{\"@type\":\"EntryPoint\",\"urlTemplate\":\"https:\/\/luchonoticias.com\/editor\/?s={search_term_string}\"},\"query-input\":{\"@type\":\"PropertyValueSpecification\",\"valueRequired\":true,\"valueName\":\"search_term_string\"}}],\"inLanguage\":\"es\"},{\"@type\":[\"Person\",\"Organization\"],\"@id\":\"https:\/\/luchonoticias.com\/editor\/#\/schema\/person\/7a7fd911f58561fd056dbac7b55af9cd\",\"name\":\"admin\",\"image\":{\"@type\":\"ImageObject\",\"inLanguage\":\"es\",\"@id\":\"https:\/\/luchonoticias.com\/editor\/#\/schema\/person\/image\/\",\"url\":\"https:\/\/luchonoticias.com\/editor\/wp-content\/uploads\/2024\/02\/cropped-cropped-logolu.webp\",\"contentUrl\":\"https:\/\/luchonoticias.com\/editor\/wp-content\/uploads\/2024\/02\/cropped-cropped-logolu.webp\",\"width\":382,\"height\":170,\"caption\":\"admin\"},\"logo\":{\"@id\":\"https:\/\/luchonoticias.com\/editor\/#\/schema\/person\/image\/\"},\"sameAs\":[\"https:\/\/www.facebook.com\/luchonoticiasneiva\"]},{\"@type\":\"Person\",\"@id\":\"https:\/\/luchonoticias.com\/editor\/#\/schema\/person\/29217990ddf6f14e35912b2866d591fb\",\"name\":\"Editor General\",\"image\":{\"@type\":\"ImageObject\",\"inLanguage\":\"es\",\"@id\":\"https:\/\/luchonoticias.com\/editor\/#\/schema\/person\/image\/\",\"url\":\"https:\/\/luchonoticias.com\/editor\/wp-content\/uploads\/2024\/02\/cropped-cropped-logolu-150x150.webp\",\"contentUrl\":\"https:\/\/luchonoticias.com\/editor\/wp-content\/uploads\/2024\/02\/cropped-cropped-logolu-150x150.webp\",\"caption\":\"Editor General\"},\"sameAs\":[\"https:\/\/luchonoticias.com\/\"],\"url\":\"https:\/\/luchonoticias.com\/editor\/author\/editor-general\/\"}]}<\/script>\n<!-- \/ Yoast SEO plugin. -->","yoast_head_json":{"title":"\"Una candidatura debe tener la responsabilidad de comunicarse con la ciudadan\u00eda para empezar a proyectar la visi\u00f3n de ciudad\u201d -","robots":{"index":"index","follow":"follow","max-snippet":"max-snippet:-1","max-image-preview":"max-image-preview:large","max-video-preview":"max-video-preview:-1"},"canonical":"https:\/\/luchonoticias.com\/editor\/una-candidatura-debe-tener-la-responsabilidad-de-comunicarse-con-la-ciudadania-para-empezar-a-proyectar-la-vision-de-ciudad\/","og_locale":"es_ES","og_type":"article","og_title":"\"Una candidatura debe tener la responsabilidad de comunicarse con la ciudadan\u00eda para empezar a proyectar la visi\u00f3n de ciudad\u201d -","og_url":"https:\/\/luchonoticias.com\/editor\/una-candidatura-debe-tener-la-responsabilidad-de-comunicarse-con-la-ciudadania-para-empezar-a-proyectar-la-vision-de-ciudad\/","article_publisher":"https:\/\/www.facebook.com\/luchonoticiasneiva","article_published_time":"2023-06-07T23:17:10+00:00","article_modified_time":"2023-06-07T23:22:17+00:00","author":"Editor General","twitter_card":"summary_large_image","twitter_misc":{"Escrito por":"Editor General","Tiempo de lectura":"4 minutos"},"schema":{"@context":"https:\/\/schema.org","@graph":[{"@type":"Article","@id":"https:\/\/luchonoticias.com\/editor\/una-candidatura-debe-tener-la-responsabilidad-de-comunicarse-con-la-ciudadania-para-empezar-a-proyectar-la-vision-de-ciudad\/#article","isPartOf":{"@id":"https:\/\/luchonoticias.com\/editor\/una-candidatura-debe-tener-la-responsabilidad-de-comunicarse-con-la-ciudadania-para-empezar-a-proyectar-la-vision-de-ciudad\/"},"author":{"name":"Editor General","@id":"https:\/\/luchonoticias.com\/editor\/#\/schema\/person\/29217990ddf6f14e35912b2866d591fb"},"headline":"\u00abUna candidatura debe tener la responsabilidad de comunicarse con la ciudadan\u00eda para empezar a proyectar la visi\u00f3n de ciudad\u201d","datePublished":"2023-06-07T23:17:10+00:00","dateModified":"2023-06-07T23:22:17+00:00","mainEntityOfPage":{"@id":"https:\/\/luchonoticias.com\/editor\/una-candidatura-debe-tener-la-responsabilidad-de-comunicarse-con-la-ciudadania-para-empezar-a-proyectar-la-vision-de-ciudad\/"},"wordCount":881,"commentCount":0,"publisher":{"@id":"https:\/\/luchonoticias.com\/editor\/#\/schema\/person\/7a7fd911f58561fd056dbac7b55af9cd"},"articleSection":["Destacado","Pol\u00edtica"],"inLanguage":"es","potentialAction":[{"@type":"CommentAction","name":"Comment","target":["https:\/\/luchonoticias.com\/editor\/una-candidatura-debe-tener-la-responsabilidad-de-comunicarse-con-la-ciudadania-para-empezar-a-proyectar-la-vision-de-ciudad\/#respond"]}]},{"@type":"WebPage","@id":"https:\/\/luchonoticias.com\/editor\/una-candidatura-debe-tener-la-responsabilidad-de-comunicarse-con-la-ciudadania-para-empezar-a-proyectar-la-vision-de-ciudad\/","url":"https:\/\/luchonoticias.com\/editor\/una-candidatura-debe-tener-la-responsabilidad-de-comunicarse-con-la-ciudadania-para-empezar-a-proyectar-la-vision-de-ciudad\/","name":"\"Una candidatura debe tener la responsabilidad de comunicarse con la ciudadan\u00eda para empezar a proyectar la visi\u00f3n de ciudad\u201d -","isPartOf":{"@id":"https:\/\/luchonoticias.com\/editor\/#website"},"datePublished":"2023-06-07T23:17:10+00:00","dateModified":"2023-06-07T23:22:17+00:00","breadcrumb":{"@id":"https:\/\/luchonoticias.com\/editor\/una-candidatura-debe-tener-la-responsabilidad-de-comunicarse-con-la-ciudadania-para-empezar-a-proyectar-la-vision-de-ciudad\/#breadcrumb"},"inLanguage":"es","potentialAction":[{"@type":"ReadAction","target":["https:\/\/luchonoticias.com\/editor\/una-candidatura-debe-tener-la-responsabilidad-de-comunicarse-con-la-ciudadania-para-empezar-a-proyectar-la-vision-de-ciudad\/"]}]},{"@type":"BreadcrumbList","@id":"https:\/\/luchonoticias.com\/editor\/una-candidatura-debe-tener-la-responsabilidad-de-comunicarse-con-la-ciudadania-para-empezar-a-proyectar-la-vision-de-ciudad\/#breadcrumb","itemListElement":[{"@type":"ListItem","position":1,"name":"Portada","item":"https:\/\/luchonoticias.com\/editor\/"},{"@type":"ListItem","position":2,"name":"\u00abUna candidatura debe tener la responsabilidad de comunicarse con la ciudadan\u00eda para empezar a proyectar la visi\u00f3n de ciudad\u201d"}]},{"@type":"WebSite","@id":"https:\/\/luchonoticias.com\/editor\/#website","url":"https:\/\/luchonoticias.com\/editor\/","name":"","description":"","publisher":{"@id":"https:\/\/luchonoticias.com\/editor\/#\/schema\/person\/7a7fd911f58561fd056dbac7b55af9cd"},"potentialAction":[{"@type":"SearchAction","target":{"@type":"EntryPoint","urlTemplate":"https:\/\/luchonoticias.com\/editor\/?s={search_term_string}"},"query-input":{"@type":"PropertyValueSpecification","valueRequired":true,"valueName":"search_term_string"}}],"inLanguage":"es"},{"@type":["Person","Organization"],"@id":"https:\/\/luchonoticias.com\/editor\/#\/schema\/person\/7a7fd911f58561fd056dbac7b55af9cd","name":"admin","image":{"@type":"ImageObject","inLanguage":"es","@id":"https:\/\/luchonoticias.com\/editor\/#\/schema\/person\/image\/","url":"https:\/\/luchonoticias.com\/editor\/wp-content\/uploads\/2024\/02\/cropped-cropped-logolu.webp","contentUrl":"https:\/\/luchonoticias.com\/editor\/wp-content\/uploads\/2024\/02\/cropped-cropped-logolu.webp","width":382,"height":170,"caption":"admin"},"logo":{"@id":"https:\/\/luchonoticias.com\/editor\/#\/schema\/person\/image\/"},"sameAs":["https:\/\/www.facebook.com\/luchonoticiasneiva"]},{"@type":"Person","@id":"https:\/\/luchonoticias.com\/editor\/#\/schema\/person\/29217990ddf6f14e35912b2866d591fb","name":"Editor General","image":{"@type":"ImageObject","inLanguage":"es","@id":"https:\/\/luchonoticias.com\/editor\/#\/schema\/person\/image\/","url":"https:\/\/luchonoticias.com\/editor\/wp-content\/uploads\/2024\/02\/cropped-cropped-logolu-150x150.webp","contentUrl":"https:\/\/luchonoticias.com\/editor\/wp-content\/uploads\/2024\/02\/cropped-cropped-logolu-150x150.webp","caption":"Editor General"},"sameAs":["https:\/\/luchonoticias.com\/"],"url":"https:\/\/luchonoticias.com\/editor\/author\/editor-general\/"}]}},"_links":{"self":[{"href":"https:\/\/luchonoticias.com\/editor\/wp-json\/wp\/v2\/posts\/54079","targetHints":{"allow":["GET"]}}],"collection":[{"href":"https:\/\/luchonoticias.com\/editor\/wp-json\/wp\/v2\/posts"}],"about":[{"href":"https:\/\/luchonoticias.com\/editor\/wp-json\/wp\/v2\/types\/post"}],"author":[{"embeddable":true,"href":"https:\/\/luchonoticias.com\/editor\/wp-json\/wp\/v2\/users\/2"}],"replies":[{"embeddable":true,"href":"https:\/\/luchonoticias.com\/editor\/wp-json\/wp\/v2\/comments?post=54079"}],"version-history":[{"count":0,"href":"https:\/\/luchonoticias.com\/editor\/wp-json\/wp\/v2\/posts\/54079\/revisions"}],"wp:attachment":[{"href":"https:\/\/luchonoticias.com\/editor\/wp-json\/wp\/v2\/media?parent=54079"}],"wp:term":[{"taxonomy":"category","embeddable":true,"href":"https:\/\/luchonoticias.com\/editor\/wp-json\/wp\/v2\/categories?post=54079"},{"taxonomy":"post_tag","embeddable":true,"href":"https:\/\/luchonoticias.com\/editor\/wp-json\/wp\/v2\/tags?post=54079"}],"curies":[{"name":"wp","href":"https:\/\/api.w.org\/{rel}","templated":true}]}}