{"id":54088,"date":"2023-06-08T07:18:46","date_gmt":"2023-06-08T12:18:46","guid":{"rendered":"https:\/\/luchonoticias.com\/?p=54088"},"modified":"2023-06-08T07:18:47","modified_gmt":"2023-06-08T12:18:47","slug":"como-resultado-a-labores-investigativas-se-aprehenden-2-adolescentes-por-homicidio","status":"publish","type":"post","link":"https:\/\/luchonoticias.com\/editor\/como-resultado-a-labores-investigativas-se-aprehenden-2-adolescentes-por-homicidio\/","title":{"rendered":"Como resultado a labores investigativas, se aprehenden 2 adolescentes por homicidio"},"content":{"rendered":"\n<p>Es as\u00ed, como despu\u00e9s de un riguroso trabajo investigativo adelantado por nuestros uniformados de la Unidad B\u00e1sica de Investigaci\u00f3n Criminal de la Seccional de Protecci\u00f3n y Servicios Especiales, la Seccional de Inteligencia y la Fiscal\u00eda General de la Naci\u00f3n, se logra en dos casos aislados, la aprehensi\u00f3n por orden judicial de:<\/p>\n\n\n\n<p><strong>Caso 1.<\/strong><\/p>\n\n\n\n<p>La aprehensi\u00f3n de 1 adolescente de 17 a\u00f1os conocido como \u00abParolo\u00bb, quien de acuerdo al acervo probatorio recolectado a trav\u00e9s de entrevistas, b\u00fasqueda selectiva en bases de datos y verificaci\u00f3n y an\u00e1lisis de c\u00e1maras de seguridad, ser\u00eda el presunto responsable del homicidio de Joiner Steven Hoyos Charry de 23 a\u00f1os de edad el 7 de abril del a\u00f1o en curso, en el barrio Villa Magdalena de la ciudad de Neiva.<\/p>\n\n\n\n<p>El aprehendido, al parecer, en un hecho de intolerancia vinculado al consumo de estupefacientes, habr\u00eda lesionado en tres oportunidades a la v\u00edctima, produci\u00e9ndole la muerte.<\/p>\n\n\n\n<p><strong>Caso 2:<\/strong><\/p>\n\n\n\n<p>La aprehensi\u00f3n de un adolescente de 15 a\u00f1os de edad, conocido como \u201cMenor\u201d quien es se\u00f1alado de ser el presunto responsable del homicidio de Jaime Alexander Londo\u00f1o Garcia de 34 a\u00f1os, habitante en situaci\u00f3n de calle, quien producto de un hecho de intolerancia, desencadenado por el consumo de sustancias estupefacientes, el d\u00eda 22 de abril del 2023 fue lesionado por este joven en 5 oportunidades con arma corto punzante, caus\u00e1ndole su deceso.<\/p>\n\n\n\n<p>Los detenidos fueron dejados a disposici\u00f3n de la autoridad solicitante, quien despu\u00e9s de ser presentados ante un juez de menores, este determina cobijarlos con medida de internamiento preventivo en centro especializado para adolescentes.<\/p>\n\n\n\n<p>El se\u00f1or Coronel Domingo Alfredo L\u00f3pez Dales, Comandante de la Polic\u00eda Metropolitana de Neiva, manifiesta: \u00abGracias a ese trabajo mancomunado con la Fiscal\u00eda General de la Naci\u00f3n, logramos de manera efectiva y en menos de 2 meses, el esclarecimiento de estos dos hechos de homicidio que enlutaron a la comunidad neivana.<\/p>\n\n\n\n<p>Igualmente, es oportuno dar las gracias a todas aquellas personas que, a trav\u00e9s de su informaci\u00f3n, permitieron a nuestros investigadores adelantar las actividades de indagaci\u00f3n y la recolecci\u00f3n de elementos materiales probatorios suficientes, para dar con la identificaci\u00f3n y aprehensi\u00f3n de los presuntos responsables de estos hechos.<\/p>\n\n\n\n<p>La Polic\u00eda Metropolitana de Neiva invita a la ciudadan\u00eda a hacer uso del di\u00e1logo y el respeto como herramientas para la soluci\u00f3n de conflictos, evitando que las discusiones, escalen a hechos de intolerancia, ri\u00f1as, lesiones o afectaciones a la vida.<\/p>\n","protected":false},"excerpt":{"rendered":"<p>Es as\u00ed, como despu\u00e9s de un riguroso trabajo investigativo adelantado por nuestros uniformados de la Unidad B\u00e1sica de Investigaci\u00f3n Criminal de la Seccional de Protecci\u00f3n y Servicios Especiales, la Seccional de Inteligencia y la Fiscal\u00eda General de la Naci\u00f3n, se logra en dos casos aislados, la aprehensi\u00f3n por orden judicial de: Caso 1. La aprehensi\u00f3n [&hellip;]<\/p>\n","protected":false},"author":2,"featured_media":0,"comment_status":"open","ping_status":"open","sticky":false,"template":"","format":"standard","meta":{"footnotes":""},"categories":[36,29],"tags":[],"class_list":["post-54088","post","type-post","status-publish","format-standard","hentry","category-destacado","category-judicial"],"yoast_head":"<!-- This site is optimized with the Yoast SEO plugin v26.6 - https:\/\/yoast.com\/wordpress\/plugins\/seo\/ -->\n<title>Como resultado a labores investigativas, se aprehenden 2 adolescentes por homicidio -<\/title>\n<meta name=\"robots\" content=\"index, follow, max-snippet:-1, max-image-preview:large, max-video-preview:-1\" \/>\n<link rel=\"canonical\" href=\"https:\/\/luchonoticias.com\/editor\/como-resultado-a-labores-investigativas-se-aprehenden-2-adolescentes-por-homicidio\/\" \/>\n<meta property=\"og:locale\" content=\"es_ES\" \/>\n<meta property=\"og:type\" content=\"article\" \/>\n<meta property=\"og:title\" content=\"Como resultado a labores investigativas, se aprehenden 2 adolescentes por homicidio -\" \/>\n<meta property=\"og:url\" content=\"https:\/\/luchonoticias.com\/editor\/como-resultado-a-labores-investigativas-se-aprehenden-2-adolescentes-por-homicidio\/\" \/>\n<meta property=\"article:publisher\" content=\"https:\/\/www.facebook.com\/luchonoticiasneiva\" \/>\n<meta property=\"article:published_time\" content=\"2023-06-08T12:18:46+00:00\" \/>\n<meta property=\"article:modified_time\" content=\"2023-06-08T12:18:47+00:00\" \/>\n<meta name=\"author\" content=\"Editor General\" \/>\n<meta name=\"twitter:card\" content=\"summary_large_image\" \/>\n<meta name=\"twitter:label1\" content=\"Escrito por\" \/>\n\t<meta name=\"twitter:data1\" content=\"Editor General\" \/>\n\t<meta name=\"twitter:label2\" content=\"Tiempo de lectura\" \/>\n\t<meta name=\"twitter:data2\" content=\"2 minutos\" \/>\n<script type=\"application\/ld+json\" class=\"yoast-schema-graph\">{\"@context\":\"https:\/\/schema.org\",\"@graph\":[{\"@type\":\"Article\",\"@id\":\"https:\/\/luchonoticias.com\/editor\/como-resultado-a-labores-investigativas-se-aprehenden-2-adolescentes-por-homicidio\/#article\",\"isPartOf\":{\"@id\":\"https:\/\/luchonoticias.com\/editor\/como-resultado-a-labores-investigativas-se-aprehenden-2-adolescentes-por-homicidio\/\"},\"author\":{\"name\":\"Editor General\",\"@id\":\"https:\/\/luchonoticias.com\/editor\/#\/schema\/person\/29217990ddf6f14e35912b2866d591fb\"},\"headline\":\"Como resultado a labores investigativas, se aprehenden 2 adolescentes por homicidio\",\"datePublished\":\"2023-06-08T12:18:46+00:00\",\"dateModified\":\"2023-06-08T12:18:47+00:00\",\"mainEntityOfPage\":{\"@id\":\"https:\/\/luchonoticias.com\/editor\/como-resultado-a-labores-investigativas-se-aprehenden-2-adolescentes-por-homicidio\/\"},\"wordCount\":437,\"commentCount\":0,\"publisher\":{\"@id\":\"https:\/\/luchonoticias.com\/editor\/#\/schema\/person\/7a7fd911f58561fd056dbac7b55af9cd\"},\"articleSection\":[\"Destacado\",\"Judicial\"],\"inLanguage\":\"es\",\"potentialAction\":[{\"@type\":\"CommentAction\",\"name\":\"Comment\",\"target\":[\"https:\/\/luchonoticias.com\/editor\/como-resultado-a-labores-investigativas-se-aprehenden-2-adolescentes-por-homicidio\/#respond\"]}]},{\"@type\":\"WebPage\",\"@id\":\"https:\/\/luchonoticias.com\/editor\/como-resultado-a-labores-investigativas-se-aprehenden-2-adolescentes-por-homicidio\/\",\"url\":\"https:\/\/luchonoticias.com\/editor\/como-resultado-a-labores-investigativas-se-aprehenden-2-adolescentes-por-homicidio\/\",\"name\":\"Como resultado a labores investigativas, se aprehenden 2 adolescentes por homicidio -\",\"isPartOf\":{\"@id\":\"https:\/\/luchonoticias.com\/editor\/#website\"},\"datePublished\":\"2023-06-08T12:18:46+00:00\",\"dateModified\":\"2023-06-08T12:18:47+00:00\",\"breadcrumb\":{\"@id\":\"https:\/\/luchonoticias.com\/editor\/como-resultado-a-labores-investigativas-se-aprehenden-2-adolescentes-por-homicidio\/#breadcrumb\"},\"inLanguage\":\"es\",\"potentialAction\":[{\"@type\":\"ReadAction\",\"target\":[\"https:\/\/luchonoticias.com\/editor\/como-resultado-a-labores-investigativas-se-aprehenden-2-adolescentes-por-homicidio\/\"]}]},{\"@type\":\"BreadcrumbList\",\"@id\":\"https:\/\/luchonoticias.com\/editor\/como-resultado-a-labores-investigativas-se-aprehenden-2-adolescentes-por-homicidio\/#breadcrumb\",\"itemListElement\":[{\"@type\":\"ListItem\",\"position\":1,\"name\":\"Portada\",\"item\":\"https:\/\/luchonoticias.com\/editor\/\"},{\"@type\":\"ListItem\",\"position\":2,\"name\":\"Como resultado a labores investigativas, se aprehenden 2 adolescentes por homicidio\"}]},{\"@type\":\"WebSite\",\"@id\":\"https:\/\/luchonoticias.com\/editor\/#website\",\"url\":\"https:\/\/luchonoticias.com\/editor\/\",\"name\":\"\",\"description\":\"\",\"publisher\":{\"@id\":\"https:\/\/luchonoticias.com\/editor\/#\/schema\/person\/7a7fd911f58561fd056dbac7b55af9cd\"},\"potentialAction\":[{\"@type\":\"SearchAction\",\"target\":{\"@type\":\"EntryPoint\",\"urlTemplate\":\"https:\/\/luchonoticias.com\/editor\/?s={search_term_string}\"},\"query-input\":{\"@type\":\"PropertyValueSpecification\",\"valueRequired\":true,\"valueName\":\"search_term_string\"}}],\"inLanguage\":\"es\"},{\"@type\":[\"Person\",\"Organization\"],\"@id\":\"https:\/\/luchonoticias.com\/editor\/#\/schema\/person\/7a7fd911f58561fd056dbac7b55af9cd\",\"name\":\"admin\",\"image\":{\"@type\":\"ImageObject\",\"inLanguage\":\"es\",\"@id\":\"https:\/\/luchonoticias.com\/editor\/#\/schema\/person\/image\/\",\"url\":\"https:\/\/luchonoticias.com\/editor\/wp-content\/uploads\/2024\/02\/cropped-cropped-logolu.webp\",\"contentUrl\":\"https:\/\/luchonoticias.com\/editor\/wp-content\/uploads\/2024\/02\/cropped-cropped-logolu.webp\",\"width\":382,\"height\":170,\"caption\":\"admin\"},\"logo\":{\"@id\":\"https:\/\/luchonoticias.com\/editor\/#\/schema\/person\/image\/\"},\"sameAs\":[\"https:\/\/www.facebook.com\/luchonoticiasneiva\"]},{\"@type\":\"Person\",\"@id\":\"https:\/\/luchonoticias.com\/editor\/#\/schema\/person\/29217990ddf6f14e35912b2866d591fb\",\"name\":\"Editor General\",\"image\":{\"@type\":\"ImageObject\",\"inLanguage\":\"es\",\"@id\":\"https:\/\/luchonoticias.com\/editor\/#\/schema\/person\/image\/\",\"url\":\"https:\/\/luchonoticias.com\/editor\/wp-content\/uploads\/2024\/02\/cropped-cropped-logolu-150x150.webp\",\"contentUrl\":\"https:\/\/luchonoticias.com\/editor\/wp-content\/uploads\/2024\/02\/cropped-cropped-logolu-150x150.webp\",\"caption\":\"Editor General\"},\"sameAs\":[\"https:\/\/luchonoticias.com\/\"],\"url\":\"https:\/\/luchonoticias.com\/editor\/author\/editor-general\/\"}]}<\/script>\n<!-- \/ Yoast SEO plugin. -->","yoast_head_json":{"title":"Como resultado a labores investigativas, se aprehenden 2 adolescentes por homicidio -","robots":{"index":"index","follow":"follow","max-snippet":"max-snippet:-1","max-image-preview":"max-image-preview:large","max-video-preview":"max-video-preview:-1"},"canonical":"https:\/\/luchonoticias.com\/editor\/como-resultado-a-labores-investigativas-se-aprehenden-2-adolescentes-por-homicidio\/","og_locale":"es_ES","og_type":"article","og_title":"Como resultado a labores investigativas, se aprehenden 2 adolescentes por homicidio -","og_url":"https:\/\/luchonoticias.com\/editor\/como-resultado-a-labores-investigativas-se-aprehenden-2-adolescentes-por-homicidio\/","article_publisher":"https:\/\/www.facebook.com\/luchonoticiasneiva","article_published_time":"2023-06-08T12:18:46+00:00","article_modified_time":"2023-06-08T12:18:47+00:00","author":"Editor General","twitter_card":"summary_large_image","twitter_misc":{"Escrito por":"Editor General","Tiempo de lectura":"2 minutos"},"schema":{"@context":"https:\/\/schema.org","@graph":[{"@type":"Article","@id":"https:\/\/luchonoticias.com\/editor\/como-resultado-a-labores-investigativas-se-aprehenden-2-adolescentes-por-homicidio\/#article","isPartOf":{"@id":"https:\/\/luchonoticias.com\/editor\/como-resultado-a-labores-investigativas-se-aprehenden-2-adolescentes-por-homicidio\/"},"author":{"name":"Editor General","@id":"https:\/\/luchonoticias.com\/editor\/#\/schema\/person\/29217990ddf6f14e35912b2866d591fb"},"headline":"Como resultado a labores investigativas, se aprehenden 2 adolescentes por homicidio","datePublished":"2023-06-08T12:18:46+00:00","dateModified":"2023-06-08T12:18:47+00:00","mainEntityOfPage":{"@id":"https:\/\/luchonoticias.com\/editor\/como-resultado-a-labores-investigativas-se-aprehenden-2-adolescentes-por-homicidio\/"},"wordCount":437,"commentCount":0,"publisher":{"@id":"https:\/\/luchonoticias.com\/editor\/#\/schema\/person\/7a7fd911f58561fd056dbac7b55af9cd"},"articleSection":["Destacado","Judicial"],"inLanguage":"es","potentialAction":[{"@type":"CommentAction","name":"Comment","target":["https:\/\/luchonoticias.com\/editor\/como-resultado-a-labores-investigativas-se-aprehenden-2-adolescentes-por-homicidio\/#respond"]}]},{"@type":"WebPage","@id":"https:\/\/luchonoticias.com\/editor\/como-resultado-a-labores-investigativas-se-aprehenden-2-adolescentes-por-homicidio\/","url":"https:\/\/luchonoticias.com\/editor\/como-resultado-a-labores-investigativas-se-aprehenden-2-adolescentes-por-homicidio\/","name":"Como resultado a labores investigativas, se aprehenden 2 adolescentes por homicidio -","isPartOf":{"@id":"https:\/\/luchonoticias.com\/editor\/#website"},"datePublished":"2023-06-08T12:18:46+00:00","dateModified":"2023-06-08T12:18:47+00:00","breadcrumb":{"@id":"https:\/\/luchonoticias.com\/editor\/como-resultado-a-labores-investigativas-se-aprehenden-2-adolescentes-por-homicidio\/#breadcrumb"},"inLanguage":"es","potentialAction":[{"@type":"ReadAction","target":["https:\/\/luchonoticias.com\/editor\/como-resultado-a-labores-investigativas-se-aprehenden-2-adolescentes-por-homicidio\/"]}]},{"@type":"BreadcrumbList","@id":"https:\/\/luchonoticias.com\/editor\/como-resultado-a-labores-investigativas-se-aprehenden-2-adolescentes-por-homicidio\/#breadcrumb","itemListElement":[{"@type":"ListItem","position":1,"name":"Portada","item":"https:\/\/luchonoticias.com\/editor\/"},{"@type":"ListItem","position":2,"name":"Como resultado a labores investigativas, se aprehenden 2 adolescentes por homicidio"}]},{"@type":"WebSite","@id":"https:\/\/luchonoticias.com\/editor\/#website","url":"https:\/\/luchonoticias.com\/editor\/","name":"","description":"","publisher":{"@id":"https:\/\/luchonoticias.com\/editor\/#\/schema\/person\/7a7fd911f58561fd056dbac7b55af9cd"},"potentialAction":[{"@type":"SearchAction","target":{"@type":"EntryPoint","urlTemplate":"https:\/\/luchonoticias.com\/editor\/?s={search_term_string}"},"query-input":{"@type":"PropertyValueSpecification","valueRequired":true,"valueName":"search_term_string"}}],"inLanguage":"es"},{"@type":["Person","Organization"],"@id":"https:\/\/luchonoticias.com\/editor\/#\/schema\/person\/7a7fd911f58561fd056dbac7b55af9cd","name":"admin","image":{"@type":"ImageObject","inLanguage":"es","@id":"https:\/\/luchonoticias.com\/editor\/#\/schema\/person\/image\/","url":"https:\/\/luchonoticias.com\/editor\/wp-content\/uploads\/2024\/02\/cropped-cropped-logolu.webp","contentUrl":"https:\/\/luchonoticias.com\/editor\/wp-content\/uploads\/2024\/02\/cropped-cropped-logolu.webp","width":382,"height":170,"caption":"admin"},"logo":{"@id":"https:\/\/luchonoticias.com\/editor\/#\/schema\/person\/image\/"},"sameAs":["https:\/\/www.facebook.com\/luchonoticiasneiva"]},{"@type":"Person","@id":"https:\/\/luchonoticias.com\/editor\/#\/schema\/person\/29217990ddf6f14e35912b2866d591fb","name":"Editor General","image":{"@type":"ImageObject","inLanguage":"es","@id":"https:\/\/luchonoticias.com\/editor\/#\/schema\/person\/image\/","url":"https:\/\/luchonoticias.com\/editor\/wp-content\/uploads\/2024\/02\/cropped-cropped-logolu-150x150.webp","contentUrl":"https:\/\/luchonoticias.com\/editor\/wp-content\/uploads\/2024\/02\/cropped-cropped-logolu-150x150.webp","caption":"Editor General"},"sameAs":["https:\/\/luchonoticias.com\/"],"url":"https:\/\/luchonoticias.com\/editor\/author\/editor-general\/"}]}},"_links":{"self":[{"href":"https:\/\/luchonoticias.com\/editor\/wp-json\/wp\/v2\/posts\/54088","targetHints":{"allow":["GET"]}}],"collection":[{"href":"https:\/\/luchonoticias.com\/editor\/wp-json\/wp\/v2\/posts"}],"about":[{"href":"https:\/\/luchonoticias.com\/editor\/wp-json\/wp\/v2\/types\/post"}],"author":[{"embeddable":true,"href":"https:\/\/luchonoticias.com\/editor\/wp-json\/wp\/v2\/users\/2"}],"replies":[{"embeddable":true,"href":"https:\/\/luchonoticias.com\/editor\/wp-json\/wp\/v2\/comments?post=54088"}],"version-history":[{"count":0,"href":"https:\/\/luchonoticias.com\/editor\/wp-json\/wp\/v2\/posts\/54088\/revisions"}],"wp:attachment":[{"href":"https:\/\/luchonoticias.com\/editor\/wp-json\/wp\/v2\/media?parent=54088"}],"wp:term":[{"taxonomy":"category","embeddable":true,"href":"https:\/\/luchonoticias.com\/editor\/wp-json\/wp\/v2\/categories?post=54088"},{"taxonomy":"post_tag","embeddable":true,"href":"https:\/\/luchonoticias.com\/editor\/wp-json\/wp\/v2\/tags?post=54088"}],"curies":[{"name":"wp","href":"https:\/\/api.w.org\/{rel}","templated":true}]}}