{"id":54091,"date":"2023-06-08T07:25:17","date_gmt":"2023-06-08T12:25:17","guid":{"rendered":"https:\/\/luchonoticias.com\/?p=54091"},"modified":"2023-06-08T07:25:18","modified_gmt":"2023-06-08T12:25:18","slug":"condenados-a-mas-de-20-anos-de-prision-por-homicidio-en-el-huila","status":"publish","type":"post","link":"https:\/\/luchonoticias.com\/editor\/condenados-a-mas-de-20-anos-de-prision-por-homicidio-en-el-huila\/","title":{"rendered":"Condenados a m\u00e1s de 20 a\u00f1os de prisi\u00f3n por homicidio en el Huila"},"content":{"rendered":"\n<p>El material de prueba aportado por fiscales de la Seccional Huila, permiti\u00f3 que jueces de conocimiento condenaran a dos hombres responsables de homicidios ocurridos en Tarqui y Neiva (Huila).<\/p>\n\n\n\n<p>Juan Sebasti\u00e1n Cardoso Rodr\u00edguez fue sentenciado a 21 a\u00f1os y 4 meses de prisi\u00f3n por su responsabilidad en los delitos de homicidio agravado y violencia intrafamiliar. Los hechos investigados ocurrieron el 6 de octubre de 2022 cuando el procesado irrumpi\u00f3 en el inmueble de su compa\u00f1era sentimental, en el poblado de Maito en Tarqui (Huila) donde agredi\u00f3 a su pareja.<\/p>\n\n\n\n<p>El hermano de la v\u00edctima intervino en favor de la mujer, y fue herido en ocho oportunidades con arma de fuego accionada por el condenado. Luego dispar\u00f3 en siete oportunidades contra la puerta de la habitaci\u00f3n donde se resguardaban la mujer y su hijo.<\/p>\n\n\n\n<p>La segunda condena cobija a Byron Steeven Aparicio Isaza, responsable de herir de gravedad a dos personas, el 1 de enero de 2022, en el barrio San Carlos de Neiva (Huila). El ataque con arma de fuego se dio por problemas personales con una de las v\u00edctimas, quienes fallecieron en el centro asistencial a donde fueron trasladadas gravemente heridas.<\/p>\n\n\n\n<p>Aparicio Isaza fue condenado a 21 a\u00f1os de prisi\u00f3n como responsable de doble homicidio agravado y fabricaci\u00f3n, tr\u00e1fico y porte de armas de fuego.<\/p>\n","protected":false},"excerpt":{"rendered":"<p>El material de prueba aportado por fiscales de la Seccional Huila, permiti\u00f3 que jueces de conocimiento condenaran a dos hombres responsables de homicidios ocurridos en Tarqui y Neiva (Huila). Juan Sebasti\u00e1n Cardoso Rodr\u00edguez fue sentenciado a 21 a\u00f1os y 4 meses de prisi\u00f3n por su responsabilidad en los delitos de homicidio agravado y violencia intrafamiliar. [&hellip;]<\/p>\n","protected":false},"author":2,"featured_media":0,"comment_status":"open","ping_status":"open","sticky":false,"template":"","format":"standard","meta":{"footnotes":""},"categories":[36,29],"tags":[],"class_list":["post-54091","post","type-post","status-publish","format-standard","hentry","category-destacado","category-judicial"],"yoast_head":"<!-- This site is optimized with the Yoast SEO plugin v26.6 - https:\/\/yoast.com\/wordpress\/plugins\/seo\/ -->\n<title>Condenados a m\u00e1s de 20 a\u00f1os de prisi\u00f3n por homicidio en el Huila -<\/title>\n<meta name=\"robots\" content=\"index, follow, max-snippet:-1, max-image-preview:large, max-video-preview:-1\" \/>\n<link rel=\"canonical\" href=\"https:\/\/luchonoticias.com\/editor\/condenados-a-mas-de-20-anos-de-prision-por-homicidio-en-el-huila\/\" \/>\n<meta property=\"og:locale\" content=\"es_ES\" \/>\n<meta property=\"og:type\" content=\"article\" \/>\n<meta property=\"og:title\" content=\"Condenados a m\u00e1s de 20 a\u00f1os de prisi\u00f3n por homicidio en el Huila -\" \/>\n<meta property=\"og:url\" content=\"https:\/\/luchonoticias.com\/editor\/condenados-a-mas-de-20-anos-de-prision-por-homicidio-en-el-huila\/\" \/>\n<meta property=\"article:publisher\" content=\"https:\/\/www.facebook.com\/luchonoticiasneiva\" \/>\n<meta property=\"article:published_time\" content=\"2023-06-08T12:25:17+00:00\" \/>\n<meta property=\"article:modified_time\" content=\"2023-06-08T12:25:18+00:00\" \/>\n<meta name=\"author\" content=\"Editor General\" \/>\n<meta name=\"twitter:card\" content=\"summary_large_image\" \/>\n<meta name=\"twitter:label1\" content=\"Escrito por\" \/>\n\t<meta name=\"twitter:data1\" content=\"Editor General\" \/>\n\t<meta name=\"twitter:label2\" content=\"Tiempo de lectura\" \/>\n\t<meta name=\"twitter:data2\" content=\"1 minuto\" \/>\n<script type=\"application\/ld+json\" class=\"yoast-schema-graph\">{\"@context\":\"https:\/\/schema.org\",\"@graph\":[{\"@type\":\"Article\",\"@id\":\"https:\/\/luchonoticias.com\/editor\/condenados-a-mas-de-20-anos-de-prision-por-homicidio-en-el-huila\/#article\",\"isPartOf\":{\"@id\":\"https:\/\/luchonoticias.com\/editor\/condenados-a-mas-de-20-anos-de-prision-por-homicidio-en-el-huila\/\"},\"author\":{\"name\":\"Editor General\",\"@id\":\"https:\/\/luchonoticias.com\/editor\/#\/schema\/person\/29217990ddf6f14e35912b2866d591fb\"},\"headline\":\"Condenados a m\u00e1s de 20 a\u00f1os de prisi\u00f3n por homicidio en el Huila\",\"datePublished\":\"2023-06-08T12:25:17+00:00\",\"dateModified\":\"2023-06-08T12:25:18+00:00\",\"mainEntityOfPage\":{\"@id\":\"https:\/\/luchonoticias.com\/editor\/condenados-a-mas-de-20-anos-de-prision-por-homicidio-en-el-huila\/\"},\"wordCount\":236,\"commentCount\":0,\"publisher\":{\"@id\":\"https:\/\/luchonoticias.com\/editor\/#\/schema\/person\/7a7fd911f58561fd056dbac7b55af9cd\"},\"articleSection\":[\"Destacado\",\"Judicial\"],\"inLanguage\":\"es\",\"potentialAction\":[{\"@type\":\"CommentAction\",\"name\":\"Comment\",\"target\":[\"https:\/\/luchonoticias.com\/editor\/condenados-a-mas-de-20-anos-de-prision-por-homicidio-en-el-huila\/#respond\"]}]},{\"@type\":\"WebPage\",\"@id\":\"https:\/\/luchonoticias.com\/editor\/condenados-a-mas-de-20-anos-de-prision-por-homicidio-en-el-huila\/\",\"url\":\"https:\/\/luchonoticias.com\/editor\/condenados-a-mas-de-20-anos-de-prision-por-homicidio-en-el-huila\/\",\"name\":\"Condenados a m\u00e1s de 20 a\u00f1os de prisi\u00f3n por homicidio en el Huila -\",\"isPartOf\":{\"@id\":\"https:\/\/luchonoticias.com\/editor\/#website\"},\"datePublished\":\"2023-06-08T12:25:17+00:00\",\"dateModified\":\"2023-06-08T12:25:18+00:00\",\"breadcrumb\":{\"@id\":\"https:\/\/luchonoticias.com\/editor\/condenados-a-mas-de-20-anos-de-prision-por-homicidio-en-el-huila\/#breadcrumb\"},\"inLanguage\":\"es\",\"potentialAction\":[{\"@type\":\"ReadAction\",\"target\":[\"https:\/\/luchonoticias.com\/editor\/condenados-a-mas-de-20-anos-de-prision-por-homicidio-en-el-huila\/\"]}]},{\"@type\":\"BreadcrumbList\",\"@id\":\"https:\/\/luchonoticias.com\/editor\/condenados-a-mas-de-20-anos-de-prision-por-homicidio-en-el-huila\/#breadcrumb\",\"itemListElement\":[{\"@type\":\"ListItem\",\"position\":1,\"name\":\"Portada\",\"item\":\"https:\/\/luchonoticias.com\/editor\/\"},{\"@type\":\"ListItem\",\"position\":2,\"name\":\"Condenados a m\u00e1s de 20 a\u00f1os de prisi\u00f3n por homicidio en el Huila\"}]},{\"@type\":\"WebSite\",\"@id\":\"https:\/\/luchonoticias.com\/editor\/#website\",\"url\":\"https:\/\/luchonoticias.com\/editor\/\",\"name\":\"\",\"description\":\"\",\"publisher\":{\"@id\":\"https:\/\/luchonoticias.com\/editor\/#\/schema\/person\/7a7fd911f58561fd056dbac7b55af9cd\"},\"potentialAction\":[{\"@type\":\"SearchAction\",\"target\":{\"@type\":\"EntryPoint\",\"urlTemplate\":\"https:\/\/luchonoticias.com\/editor\/?s={search_term_string}\"},\"query-input\":{\"@type\":\"PropertyValueSpecification\",\"valueRequired\":true,\"valueName\":\"search_term_string\"}}],\"inLanguage\":\"es\"},{\"@type\":[\"Person\",\"Organization\"],\"@id\":\"https:\/\/luchonoticias.com\/editor\/#\/schema\/person\/7a7fd911f58561fd056dbac7b55af9cd\",\"name\":\"admin\",\"image\":{\"@type\":\"ImageObject\",\"inLanguage\":\"es\",\"@id\":\"https:\/\/luchonoticias.com\/editor\/#\/schema\/person\/image\/\",\"url\":\"https:\/\/luchonoticias.com\/editor\/wp-content\/uploads\/2024\/02\/cropped-cropped-logolu.webp\",\"contentUrl\":\"https:\/\/luchonoticias.com\/editor\/wp-content\/uploads\/2024\/02\/cropped-cropped-logolu.webp\",\"width\":382,\"height\":170,\"caption\":\"admin\"},\"logo\":{\"@id\":\"https:\/\/luchonoticias.com\/editor\/#\/schema\/person\/image\/\"},\"sameAs\":[\"https:\/\/www.facebook.com\/luchonoticiasneiva\"]},{\"@type\":\"Person\",\"@id\":\"https:\/\/luchonoticias.com\/editor\/#\/schema\/person\/29217990ddf6f14e35912b2866d591fb\",\"name\":\"Editor General\",\"image\":{\"@type\":\"ImageObject\",\"inLanguage\":\"es\",\"@id\":\"https:\/\/luchonoticias.com\/editor\/#\/schema\/person\/image\/\",\"url\":\"https:\/\/luchonoticias.com\/editor\/wp-content\/uploads\/2024\/02\/cropped-cropped-logolu-150x150.webp\",\"contentUrl\":\"https:\/\/luchonoticias.com\/editor\/wp-content\/uploads\/2024\/02\/cropped-cropped-logolu-150x150.webp\",\"caption\":\"Editor General\"},\"sameAs\":[\"https:\/\/luchonoticias.com\/\"],\"url\":\"https:\/\/luchonoticias.com\/editor\/author\/editor-general\/\"}]}<\/script>\n<!-- \/ Yoast SEO plugin. -->","yoast_head_json":{"title":"Condenados a m\u00e1s de 20 a\u00f1os de prisi\u00f3n por homicidio en el Huila -","robots":{"index":"index","follow":"follow","max-snippet":"max-snippet:-1","max-image-preview":"max-image-preview:large","max-video-preview":"max-video-preview:-1"},"canonical":"https:\/\/luchonoticias.com\/editor\/condenados-a-mas-de-20-anos-de-prision-por-homicidio-en-el-huila\/","og_locale":"es_ES","og_type":"article","og_title":"Condenados a m\u00e1s de 20 a\u00f1os de prisi\u00f3n por homicidio en el Huila -","og_url":"https:\/\/luchonoticias.com\/editor\/condenados-a-mas-de-20-anos-de-prision-por-homicidio-en-el-huila\/","article_publisher":"https:\/\/www.facebook.com\/luchonoticiasneiva","article_published_time":"2023-06-08T12:25:17+00:00","article_modified_time":"2023-06-08T12:25:18+00:00","author":"Editor General","twitter_card":"summary_large_image","twitter_misc":{"Escrito por":"Editor General","Tiempo de lectura":"1 minuto"},"schema":{"@context":"https:\/\/schema.org","@graph":[{"@type":"Article","@id":"https:\/\/luchonoticias.com\/editor\/condenados-a-mas-de-20-anos-de-prision-por-homicidio-en-el-huila\/#article","isPartOf":{"@id":"https:\/\/luchonoticias.com\/editor\/condenados-a-mas-de-20-anos-de-prision-por-homicidio-en-el-huila\/"},"author":{"name":"Editor General","@id":"https:\/\/luchonoticias.com\/editor\/#\/schema\/person\/29217990ddf6f14e35912b2866d591fb"},"headline":"Condenados a m\u00e1s de 20 a\u00f1os de prisi\u00f3n por homicidio en el Huila","datePublished":"2023-06-08T12:25:17+00:00","dateModified":"2023-06-08T12:25:18+00:00","mainEntityOfPage":{"@id":"https:\/\/luchonoticias.com\/editor\/condenados-a-mas-de-20-anos-de-prision-por-homicidio-en-el-huila\/"},"wordCount":236,"commentCount":0,"publisher":{"@id":"https:\/\/luchonoticias.com\/editor\/#\/schema\/person\/7a7fd911f58561fd056dbac7b55af9cd"},"articleSection":["Destacado","Judicial"],"inLanguage":"es","potentialAction":[{"@type":"CommentAction","name":"Comment","target":["https:\/\/luchonoticias.com\/editor\/condenados-a-mas-de-20-anos-de-prision-por-homicidio-en-el-huila\/#respond"]}]},{"@type":"WebPage","@id":"https:\/\/luchonoticias.com\/editor\/condenados-a-mas-de-20-anos-de-prision-por-homicidio-en-el-huila\/","url":"https:\/\/luchonoticias.com\/editor\/condenados-a-mas-de-20-anos-de-prision-por-homicidio-en-el-huila\/","name":"Condenados a m\u00e1s de 20 a\u00f1os de prisi\u00f3n por homicidio en el Huila -","isPartOf":{"@id":"https:\/\/luchonoticias.com\/editor\/#website"},"datePublished":"2023-06-08T12:25:17+00:00","dateModified":"2023-06-08T12:25:18+00:00","breadcrumb":{"@id":"https:\/\/luchonoticias.com\/editor\/condenados-a-mas-de-20-anos-de-prision-por-homicidio-en-el-huila\/#breadcrumb"},"inLanguage":"es","potentialAction":[{"@type":"ReadAction","target":["https:\/\/luchonoticias.com\/editor\/condenados-a-mas-de-20-anos-de-prision-por-homicidio-en-el-huila\/"]}]},{"@type":"BreadcrumbList","@id":"https:\/\/luchonoticias.com\/editor\/condenados-a-mas-de-20-anos-de-prision-por-homicidio-en-el-huila\/#breadcrumb","itemListElement":[{"@type":"ListItem","position":1,"name":"Portada","item":"https:\/\/luchonoticias.com\/editor\/"},{"@type":"ListItem","position":2,"name":"Condenados a m\u00e1s de 20 a\u00f1os de prisi\u00f3n por homicidio en el Huila"}]},{"@type":"WebSite","@id":"https:\/\/luchonoticias.com\/editor\/#website","url":"https:\/\/luchonoticias.com\/editor\/","name":"","description":"","publisher":{"@id":"https:\/\/luchonoticias.com\/editor\/#\/schema\/person\/7a7fd911f58561fd056dbac7b55af9cd"},"potentialAction":[{"@type":"SearchAction","target":{"@type":"EntryPoint","urlTemplate":"https:\/\/luchonoticias.com\/editor\/?s={search_term_string}"},"query-input":{"@type":"PropertyValueSpecification","valueRequired":true,"valueName":"search_term_string"}}],"inLanguage":"es"},{"@type":["Person","Organization"],"@id":"https:\/\/luchonoticias.com\/editor\/#\/schema\/person\/7a7fd911f58561fd056dbac7b55af9cd","name":"admin","image":{"@type":"ImageObject","inLanguage":"es","@id":"https:\/\/luchonoticias.com\/editor\/#\/schema\/person\/image\/","url":"https:\/\/luchonoticias.com\/editor\/wp-content\/uploads\/2024\/02\/cropped-cropped-logolu.webp","contentUrl":"https:\/\/luchonoticias.com\/editor\/wp-content\/uploads\/2024\/02\/cropped-cropped-logolu.webp","width":382,"height":170,"caption":"admin"},"logo":{"@id":"https:\/\/luchonoticias.com\/editor\/#\/schema\/person\/image\/"},"sameAs":["https:\/\/www.facebook.com\/luchonoticiasneiva"]},{"@type":"Person","@id":"https:\/\/luchonoticias.com\/editor\/#\/schema\/person\/29217990ddf6f14e35912b2866d591fb","name":"Editor General","image":{"@type":"ImageObject","inLanguage":"es","@id":"https:\/\/luchonoticias.com\/editor\/#\/schema\/person\/image\/","url":"https:\/\/luchonoticias.com\/editor\/wp-content\/uploads\/2024\/02\/cropped-cropped-logolu-150x150.webp","contentUrl":"https:\/\/luchonoticias.com\/editor\/wp-content\/uploads\/2024\/02\/cropped-cropped-logolu-150x150.webp","caption":"Editor General"},"sameAs":["https:\/\/luchonoticias.com\/"],"url":"https:\/\/luchonoticias.com\/editor\/author\/editor-general\/"}]}},"_links":{"self":[{"href":"https:\/\/luchonoticias.com\/editor\/wp-json\/wp\/v2\/posts\/54091","targetHints":{"allow":["GET"]}}],"collection":[{"href":"https:\/\/luchonoticias.com\/editor\/wp-json\/wp\/v2\/posts"}],"about":[{"href":"https:\/\/luchonoticias.com\/editor\/wp-json\/wp\/v2\/types\/post"}],"author":[{"embeddable":true,"href":"https:\/\/luchonoticias.com\/editor\/wp-json\/wp\/v2\/users\/2"}],"replies":[{"embeddable":true,"href":"https:\/\/luchonoticias.com\/editor\/wp-json\/wp\/v2\/comments?post=54091"}],"version-history":[{"count":0,"href":"https:\/\/luchonoticias.com\/editor\/wp-json\/wp\/v2\/posts\/54091\/revisions"}],"wp:attachment":[{"href":"https:\/\/luchonoticias.com\/editor\/wp-json\/wp\/v2\/media?parent=54091"}],"wp:term":[{"taxonomy":"category","embeddable":true,"href":"https:\/\/luchonoticias.com\/editor\/wp-json\/wp\/v2\/categories?post=54091"},{"taxonomy":"post_tag","embeddable":true,"href":"https:\/\/luchonoticias.com\/editor\/wp-json\/wp\/v2\/tags?post=54091"}],"curies":[{"name":"wp","href":"https:\/\/api.w.org\/{rel}","templated":true}]}}