{"id":54094,"date":"2023-06-08T07:27:41","date_gmt":"2023-06-08T12:27:41","guid":{"rendered":"https:\/\/luchonoticias.com\/?p=54094"},"modified":"2023-06-08T07:27:42","modified_gmt":"2023-06-08T12:27:42","slug":"petro-reitera-que-su-gobierno-no-intercepta-comunicaciones-y-garantiza-los-derechos-ciudadanos","status":"publish","type":"post","link":"https:\/\/luchonoticias.com\/editor\/petro-reitera-que-su-gobierno-no-intercepta-comunicaciones-y-garantiza-los-derechos-ciudadanos\/","title":{"rendered":"Petro reitera que su Gobierno no intercepta comunicaciones y garantiza los derechos ciudadanos"},"content":{"rendered":"\n<p>Al intervenir en la Marcha Nacional de Apoyo a las Reformas Sociales, el Presidente Gustavo Petro reiter\u00f3 este mi\u00e9rcoles que su Gobierno no intercepta comunicaciones y que su compromiso y responsabilidad est\u00e1 con la garant\u00eda de los derechos de los colombianos y colombianas.<\/p>\n\n\n\n<p>\u201cNos han acusado, han dicho, casi que sin \u00e9tica, que nosotros chuzamos tel\u00e9fonos. Acaban de allanar otras oficinas de la Presidencia. Abrimos las puertas, no tenemos nada que ocultar. All\u00e1 entraron y all\u00e1 vieron las ara\u00f1as y hasta las telara\u00f1as de unas oficinas que ni nosotros pusimos, sino los gobiernos de Santos y de Duque. No encontraron ni una sola m\u00e1quina de interceptaci\u00f3n, porque este Gobierno no intercepta a nadie; no mientan\u201d, afirm\u00f3 el Jefe de Estado en medio de miles de ciudadanos en la Plaza de Bol\u00edvar.<\/p>\n\n\n\n<p>Asimismo, el Mandatario dijo que su campa\u00f1a a la Presidencia fue objeto de interceptaciones y que sobre esto no ha habido investigaciones.<\/p>\n\n\n\n<p>\u201cLa m\u00e1quina de interceptaciones, que estaba en la Presidencia de la Rep\u00fablica, con la cual s\u00ed interceptaron durante meses toda la campa\u00f1a del Pacto Hist\u00f3rico, esa la sacaron antes de que yo entrara. Se la entregaron al Gaula de la Polic\u00eda y a\u00fan la Fiscal\u00eda no ha ido a recogerla para encontrar las pruebas de una interceptaci\u00f3n ilegal y masiva contra un partido pol\u00edtico, al cual desde la Presidencia de Colombia, en ese momento, se le quer\u00eda detener para que no ganara las elecciones\u201d, manifest\u00f3.<\/p>\n\n\n\n<p>Y agreg\u00f3: \u201cLos chuzadores son ellos, no nosotros, no vengan aqu\u00ed a insultarnos. Ocultaron que era un delito y un crimen; no se ha investigado un metro cuadrado\u201d.<\/p>\n\n\n\n<p>El Presidente Petro, quien estuvo acompa\u00f1ado de su esposa, la Primera Dama de la Naci\u00f3n, Ver\u00f3nica Alcocer, de la Vicepresidenta Francia M\u00e1rquez, y de los ministros de su gabinete, fue enf\u00e1tico en decir que en su Gobierno no se violan los derechos de la humanidad.<\/p>\n\n\n\n<p>\u201cNosotros no chuzamos, no golpeamos a las personas humildes, las queremos; no destruimos los ojos de la juventud, no torturamos en las mazmorras, no chuzamos magistrados, no chuzamos periodistas, no chuzamos gente de la oposici\u00f3n, no violamos los derechos de la humanidad en el territorio colombiano. No encontraron ninguna prueba\u201d, concluy\u00f3 el Mandatario.<\/p>\n","protected":false},"excerpt":{"rendered":"<p>Al intervenir en la Marcha Nacional de Apoyo a las Reformas Sociales, el Presidente Gustavo Petro reiter\u00f3 este mi\u00e9rcoles que su Gobierno no intercepta comunicaciones y que su compromiso y responsabilidad est\u00e1 con la garant\u00eda de los derechos de los colombianos y colombianas. \u201cNos han acusado, han dicho, casi que sin \u00e9tica, que nosotros chuzamos [&hellip;]<\/p>\n","protected":false},"author":2,"featured_media":0,"comment_status":"open","ping_status":"open","sticky":false,"template":"","format":"standard","meta":{"footnotes":""},"categories":[36,32],"tags":[],"class_list":["post-54094","post","type-post","status-publish","format-standard","hentry","category-destacado","category-nacional"],"yoast_head":"<!-- This site is optimized with the Yoast SEO plugin v26.6 - https:\/\/yoast.com\/wordpress\/plugins\/seo\/ -->\n<title>Petro reitera que su Gobierno no intercepta comunicaciones y garantiza los derechos ciudadanos -<\/title>\n<meta name=\"robots\" content=\"index, follow, max-snippet:-1, max-image-preview:large, max-video-preview:-1\" \/>\n<link rel=\"canonical\" href=\"https:\/\/luchonoticias.com\/editor\/petro-reitera-que-su-gobierno-no-intercepta-comunicaciones-y-garantiza-los-derechos-ciudadanos\/\" \/>\n<meta property=\"og:locale\" content=\"es_ES\" \/>\n<meta property=\"og:type\" content=\"article\" \/>\n<meta property=\"og:title\" content=\"Petro reitera que su Gobierno no intercepta comunicaciones y garantiza los derechos ciudadanos -\" \/>\n<meta property=\"og:url\" content=\"https:\/\/luchonoticias.com\/editor\/petro-reitera-que-su-gobierno-no-intercepta-comunicaciones-y-garantiza-los-derechos-ciudadanos\/\" \/>\n<meta property=\"article:publisher\" content=\"https:\/\/www.facebook.com\/luchonoticiasneiva\" \/>\n<meta property=\"article:published_time\" content=\"2023-06-08T12:27:41+00:00\" \/>\n<meta property=\"article:modified_time\" content=\"2023-06-08T12:27:42+00:00\" \/>\n<meta name=\"author\" content=\"Editor General\" \/>\n<meta name=\"twitter:card\" content=\"summary_large_image\" \/>\n<meta name=\"twitter:label1\" content=\"Escrito por\" \/>\n\t<meta name=\"twitter:data1\" content=\"Editor General\" \/>\n\t<meta name=\"twitter:label2\" content=\"Tiempo de lectura\" \/>\n\t<meta name=\"twitter:data2\" content=\"2 minutos\" \/>\n<script type=\"application\/ld+json\" class=\"yoast-schema-graph\">{\"@context\":\"https:\/\/schema.org\",\"@graph\":[{\"@type\":\"Article\",\"@id\":\"https:\/\/luchonoticias.com\/editor\/petro-reitera-que-su-gobierno-no-intercepta-comunicaciones-y-garantiza-los-derechos-ciudadanos\/#article\",\"isPartOf\":{\"@id\":\"https:\/\/luchonoticias.com\/editor\/petro-reitera-que-su-gobierno-no-intercepta-comunicaciones-y-garantiza-los-derechos-ciudadanos\/\"},\"author\":{\"name\":\"Editor General\",\"@id\":\"https:\/\/luchonoticias.com\/editor\/#\/schema\/person\/29217990ddf6f14e35912b2866d591fb\"},\"headline\":\"Petro reitera que su Gobierno no intercepta comunicaciones y garantiza los derechos ciudadanos\",\"datePublished\":\"2023-06-08T12:27:41+00:00\",\"dateModified\":\"2023-06-08T12:27:42+00:00\",\"mainEntityOfPage\":{\"@id\":\"https:\/\/luchonoticias.com\/editor\/petro-reitera-que-su-gobierno-no-intercepta-comunicaciones-y-garantiza-los-derechos-ciudadanos\/\"},\"wordCount\":402,\"commentCount\":0,\"publisher\":{\"@id\":\"https:\/\/luchonoticias.com\/editor\/#\/schema\/person\/7a7fd911f58561fd056dbac7b55af9cd\"},\"articleSection\":[\"Destacado\",\"Nacional\"],\"inLanguage\":\"es\",\"potentialAction\":[{\"@type\":\"CommentAction\",\"name\":\"Comment\",\"target\":[\"https:\/\/luchonoticias.com\/editor\/petro-reitera-que-su-gobierno-no-intercepta-comunicaciones-y-garantiza-los-derechos-ciudadanos\/#respond\"]}]},{\"@type\":\"WebPage\",\"@id\":\"https:\/\/luchonoticias.com\/editor\/petro-reitera-que-su-gobierno-no-intercepta-comunicaciones-y-garantiza-los-derechos-ciudadanos\/\",\"url\":\"https:\/\/luchonoticias.com\/editor\/petro-reitera-que-su-gobierno-no-intercepta-comunicaciones-y-garantiza-los-derechos-ciudadanos\/\",\"name\":\"Petro reitera que su Gobierno no intercepta comunicaciones y garantiza los derechos ciudadanos -\",\"isPartOf\":{\"@id\":\"https:\/\/luchonoticias.com\/editor\/#website\"},\"datePublished\":\"2023-06-08T12:27:41+00:00\",\"dateModified\":\"2023-06-08T12:27:42+00:00\",\"breadcrumb\":{\"@id\":\"https:\/\/luchonoticias.com\/editor\/petro-reitera-que-su-gobierno-no-intercepta-comunicaciones-y-garantiza-los-derechos-ciudadanos\/#breadcrumb\"},\"inLanguage\":\"es\",\"potentialAction\":[{\"@type\":\"ReadAction\",\"target\":[\"https:\/\/luchonoticias.com\/editor\/petro-reitera-que-su-gobierno-no-intercepta-comunicaciones-y-garantiza-los-derechos-ciudadanos\/\"]}]},{\"@type\":\"BreadcrumbList\",\"@id\":\"https:\/\/luchonoticias.com\/editor\/petro-reitera-que-su-gobierno-no-intercepta-comunicaciones-y-garantiza-los-derechos-ciudadanos\/#breadcrumb\",\"itemListElement\":[{\"@type\":\"ListItem\",\"position\":1,\"name\":\"Portada\",\"item\":\"https:\/\/luchonoticias.com\/editor\/\"},{\"@type\":\"ListItem\",\"position\":2,\"name\":\"Petro reitera que su Gobierno no intercepta comunicaciones y garantiza los derechos ciudadanos\"}]},{\"@type\":\"WebSite\",\"@id\":\"https:\/\/luchonoticias.com\/editor\/#website\",\"url\":\"https:\/\/luchonoticias.com\/editor\/\",\"name\":\"\",\"description\":\"\",\"publisher\":{\"@id\":\"https:\/\/luchonoticias.com\/editor\/#\/schema\/person\/7a7fd911f58561fd056dbac7b55af9cd\"},\"potentialAction\":[{\"@type\":\"SearchAction\",\"target\":{\"@type\":\"EntryPoint\",\"urlTemplate\":\"https:\/\/luchonoticias.com\/editor\/?s={search_term_string}\"},\"query-input\":{\"@type\":\"PropertyValueSpecification\",\"valueRequired\":true,\"valueName\":\"search_term_string\"}}],\"inLanguage\":\"es\"},{\"@type\":[\"Person\",\"Organization\"],\"@id\":\"https:\/\/luchonoticias.com\/editor\/#\/schema\/person\/7a7fd911f58561fd056dbac7b55af9cd\",\"name\":\"admin\",\"image\":{\"@type\":\"ImageObject\",\"inLanguage\":\"es\",\"@id\":\"https:\/\/luchonoticias.com\/editor\/#\/schema\/person\/image\/\",\"url\":\"https:\/\/luchonoticias.com\/editor\/wp-content\/uploads\/2024\/02\/cropped-cropped-logolu.webp\",\"contentUrl\":\"https:\/\/luchonoticias.com\/editor\/wp-content\/uploads\/2024\/02\/cropped-cropped-logolu.webp\",\"width\":382,\"height\":170,\"caption\":\"admin\"},\"logo\":{\"@id\":\"https:\/\/luchonoticias.com\/editor\/#\/schema\/person\/image\/\"},\"sameAs\":[\"https:\/\/www.facebook.com\/luchonoticiasneiva\"]},{\"@type\":\"Person\",\"@id\":\"https:\/\/luchonoticias.com\/editor\/#\/schema\/person\/29217990ddf6f14e35912b2866d591fb\",\"name\":\"Editor General\",\"image\":{\"@type\":\"ImageObject\",\"inLanguage\":\"es\",\"@id\":\"https:\/\/luchonoticias.com\/editor\/#\/schema\/person\/image\/\",\"url\":\"https:\/\/luchonoticias.com\/editor\/wp-content\/uploads\/2024\/02\/cropped-cropped-logolu-150x150.webp\",\"contentUrl\":\"https:\/\/luchonoticias.com\/editor\/wp-content\/uploads\/2024\/02\/cropped-cropped-logolu-150x150.webp\",\"caption\":\"Editor General\"},\"sameAs\":[\"https:\/\/luchonoticias.com\/\"],\"url\":\"https:\/\/luchonoticias.com\/editor\/author\/editor-general\/\"}]}<\/script>\n<!-- \/ Yoast SEO plugin. -->","yoast_head_json":{"title":"Petro reitera que su Gobierno no intercepta comunicaciones y garantiza los derechos ciudadanos -","robots":{"index":"index","follow":"follow","max-snippet":"max-snippet:-1","max-image-preview":"max-image-preview:large","max-video-preview":"max-video-preview:-1"},"canonical":"https:\/\/luchonoticias.com\/editor\/petro-reitera-que-su-gobierno-no-intercepta-comunicaciones-y-garantiza-los-derechos-ciudadanos\/","og_locale":"es_ES","og_type":"article","og_title":"Petro reitera que su Gobierno no intercepta comunicaciones y garantiza los derechos ciudadanos -","og_url":"https:\/\/luchonoticias.com\/editor\/petro-reitera-que-su-gobierno-no-intercepta-comunicaciones-y-garantiza-los-derechos-ciudadanos\/","article_publisher":"https:\/\/www.facebook.com\/luchonoticiasneiva","article_published_time":"2023-06-08T12:27:41+00:00","article_modified_time":"2023-06-08T12:27:42+00:00","author":"Editor General","twitter_card":"summary_large_image","twitter_misc":{"Escrito por":"Editor General","Tiempo de lectura":"2 minutos"},"schema":{"@context":"https:\/\/schema.org","@graph":[{"@type":"Article","@id":"https:\/\/luchonoticias.com\/editor\/petro-reitera-que-su-gobierno-no-intercepta-comunicaciones-y-garantiza-los-derechos-ciudadanos\/#article","isPartOf":{"@id":"https:\/\/luchonoticias.com\/editor\/petro-reitera-que-su-gobierno-no-intercepta-comunicaciones-y-garantiza-los-derechos-ciudadanos\/"},"author":{"name":"Editor General","@id":"https:\/\/luchonoticias.com\/editor\/#\/schema\/person\/29217990ddf6f14e35912b2866d591fb"},"headline":"Petro reitera que su Gobierno no intercepta comunicaciones y garantiza los derechos ciudadanos","datePublished":"2023-06-08T12:27:41+00:00","dateModified":"2023-06-08T12:27:42+00:00","mainEntityOfPage":{"@id":"https:\/\/luchonoticias.com\/editor\/petro-reitera-que-su-gobierno-no-intercepta-comunicaciones-y-garantiza-los-derechos-ciudadanos\/"},"wordCount":402,"commentCount":0,"publisher":{"@id":"https:\/\/luchonoticias.com\/editor\/#\/schema\/person\/7a7fd911f58561fd056dbac7b55af9cd"},"articleSection":["Destacado","Nacional"],"inLanguage":"es","potentialAction":[{"@type":"CommentAction","name":"Comment","target":["https:\/\/luchonoticias.com\/editor\/petro-reitera-que-su-gobierno-no-intercepta-comunicaciones-y-garantiza-los-derechos-ciudadanos\/#respond"]}]},{"@type":"WebPage","@id":"https:\/\/luchonoticias.com\/editor\/petro-reitera-que-su-gobierno-no-intercepta-comunicaciones-y-garantiza-los-derechos-ciudadanos\/","url":"https:\/\/luchonoticias.com\/editor\/petro-reitera-que-su-gobierno-no-intercepta-comunicaciones-y-garantiza-los-derechos-ciudadanos\/","name":"Petro reitera que su Gobierno no intercepta comunicaciones y garantiza los derechos ciudadanos -","isPartOf":{"@id":"https:\/\/luchonoticias.com\/editor\/#website"},"datePublished":"2023-06-08T12:27:41+00:00","dateModified":"2023-06-08T12:27:42+00:00","breadcrumb":{"@id":"https:\/\/luchonoticias.com\/editor\/petro-reitera-que-su-gobierno-no-intercepta-comunicaciones-y-garantiza-los-derechos-ciudadanos\/#breadcrumb"},"inLanguage":"es","potentialAction":[{"@type":"ReadAction","target":["https:\/\/luchonoticias.com\/editor\/petro-reitera-que-su-gobierno-no-intercepta-comunicaciones-y-garantiza-los-derechos-ciudadanos\/"]}]},{"@type":"BreadcrumbList","@id":"https:\/\/luchonoticias.com\/editor\/petro-reitera-que-su-gobierno-no-intercepta-comunicaciones-y-garantiza-los-derechos-ciudadanos\/#breadcrumb","itemListElement":[{"@type":"ListItem","position":1,"name":"Portada","item":"https:\/\/luchonoticias.com\/editor\/"},{"@type":"ListItem","position":2,"name":"Petro reitera que su Gobierno no intercepta comunicaciones y garantiza los derechos ciudadanos"}]},{"@type":"WebSite","@id":"https:\/\/luchonoticias.com\/editor\/#website","url":"https:\/\/luchonoticias.com\/editor\/","name":"","description":"","publisher":{"@id":"https:\/\/luchonoticias.com\/editor\/#\/schema\/person\/7a7fd911f58561fd056dbac7b55af9cd"},"potentialAction":[{"@type":"SearchAction","target":{"@type":"EntryPoint","urlTemplate":"https:\/\/luchonoticias.com\/editor\/?s={search_term_string}"},"query-input":{"@type":"PropertyValueSpecification","valueRequired":true,"valueName":"search_term_string"}}],"inLanguage":"es"},{"@type":["Person","Organization"],"@id":"https:\/\/luchonoticias.com\/editor\/#\/schema\/person\/7a7fd911f58561fd056dbac7b55af9cd","name":"admin","image":{"@type":"ImageObject","inLanguage":"es","@id":"https:\/\/luchonoticias.com\/editor\/#\/schema\/person\/image\/","url":"https:\/\/luchonoticias.com\/editor\/wp-content\/uploads\/2024\/02\/cropped-cropped-logolu.webp","contentUrl":"https:\/\/luchonoticias.com\/editor\/wp-content\/uploads\/2024\/02\/cropped-cropped-logolu.webp","width":382,"height":170,"caption":"admin"},"logo":{"@id":"https:\/\/luchonoticias.com\/editor\/#\/schema\/person\/image\/"},"sameAs":["https:\/\/www.facebook.com\/luchonoticiasneiva"]},{"@type":"Person","@id":"https:\/\/luchonoticias.com\/editor\/#\/schema\/person\/29217990ddf6f14e35912b2866d591fb","name":"Editor General","image":{"@type":"ImageObject","inLanguage":"es","@id":"https:\/\/luchonoticias.com\/editor\/#\/schema\/person\/image\/","url":"https:\/\/luchonoticias.com\/editor\/wp-content\/uploads\/2024\/02\/cropped-cropped-logolu-150x150.webp","contentUrl":"https:\/\/luchonoticias.com\/editor\/wp-content\/uploads\/2024\/02\/cropped-cropped-logolu-150x150.webp","caption":"Editor General"},"sameAs":["https:\/\/luchonoticias.com\/"],"url":"https:\/\/luchonoticias.com\/editor\/author\/editor-general\/"}]}},"_links":{"self":[{"href":"https:\/\/luchonoticias.com\/editor\/wp-json\/wp\/v2\/posts\/54094","targetHints":{"allow":["GET"]}}],"collection":[{"href":"https:\/\/luchonoticias.com\/editor\/wp-json\/wp\/v2\/posts"}],"about":[{"href":"https:\/\/luchonoticias.com\/editor\/wp-json\/wp\/v2\/types\/post"}],"author":[{"embeddable":true,"href":"https:\/\/luchonoticias.com\/editor\/wp-json\/wp\/v2\/users\/2"}],"replies":[{"embeddable":true,"href":"https:\/\/luchonoticias.com\/editor\/wp-json\/wp\/v2\/comments?post=54094"}],"version-history":[{"count":0,"href":"https:\/\/luchonoticias.com\/editor\/wp-json\/wp\/v2\/posts\/54094\/revisions"}],"wp:attachment":[{"href":"https:\/\/luchonoticias.com\/editor\/wp-json\/wp\/v2\/media?parent=54094"}],"wp:term":[{"taxonomy":"category","embeddable":true,"href":"https:\/\/luchonoticias.com\/editor\/wp-json\/wp\/v2\/categories?post=54094"},{"taxonomy":"post_tag","embeddable":true,"href":"https:\/\/luchonoticias.com\/editor\/wp-json\/wp\/v2\/tags?post=54094"}],"curies":[{"name":"wp","href":"https:\/\/api.w.org\/{rel}","templated":true}]}}