{"id":54097,"date":"2023-06-08T07:59:15","date_gmt":"2023-06-08T12:59:15","guid":{"rendered":"https:\/\/luchonoticias.com\/?p=54097"},"modified":"2023-06-08T07:59:22","modified_gmt":"2023-06-08T12:59:22","slug":"estas-son-las-candidatas-del-reinado-popular-y-herederos-de-la-tradicion","status":"publish","type":"post","link":"https:\/\/luchonoticias.com\/editor\/estas-son-las-candidatas-del-reinado-popular-y-herederos-de-la-tradicion\/","title":{"rendered":"Estas son las candidatas del Reinado Popular y Herederos de La Tradici\u00f3n"},"content":{"rendered":"\n<p>Fueron 10 Rondas Sampedrinas desarrolladas por la Secretar\u00eda de Cultura de la Alcald\u00eda de Neiva, en cada una de las comunas del municipio.<\/p>\n\n\n\n<p>En el despliegue de estos encuentros culturales con la comunidad, fueron elegidas las candidatas al Reinado Popular y Herederos de la Tradici\u00f3n, quienes participan en esta versi\u00f3n&nbsp; 62 del Festival del Bambuco en&nbsp; San Juan y San Pedro.<\/p>\n\n\n\n<p>Son 28 candidatas jovencitas quienes se disputar\u00e1n la corona popular y 20 ni\u00f1as quienes concursan por la corona ni\u00f1a neiva o herederos de la tradici\u00f3n.<\/p>\n\n\n\n<p>\u201cLuego de haber finalizado con \u00e9xito&nbsp; nuestras Rondas Sampedrina, nos complace presentar a nuestras jovencitas y ni\u00f1as, que con un arduo trabajo se han preparado para representar a sus comunidades en este Festival 2023. Ellas demuestran el amor y sentido de pertenencia por nuestra cultura y tradiciones\u201d, expres\u00f3 Marieta Trujillo, secretaria de cultura municipal.<\/p>\n\n\n\n<p>Estas son las candidatas al Reinado Popular:<\/p>\n\n\n\n<p><strong>COMUNA 1<\/strong><\/p>\n\n\n\n<figure class=\"wp-block-gallery has-nested-images columns-default is-cropped wp-block-gallery-1 is-layout-flex wp-block-gallery-is-layout-flex\">\n<figure class=\"wp-block-image size-large\"><img decoding=\"async\" data-id=\"54098\" src=\"https:\/\/luchonoticias.com\/wp-content\/uploads\/2023\/06\/COMUNA-1-Maria-Camila-Arias--682x1024.jpg\" alt=\"1. Maria Camila Arias Rojas\" class=\"wp-image-54098\"\/><\/figure>\n\n\n\n<figure class=\"wp-block-image size-large\"><img decoding=\"async\" data-id=\"54099\" src=\"https:\/\/luchonoticias.com\/wp-content\/uploads\/2023\/06\/COMUNA-1-Isabela-Gaviria-Chala--768x1024.jpg\" alt=\"2. Isabella Gaviria Chala\" class=\"wp-image-54099\" title=\"2. Isabella Gaviria Chala\"\/><\/figure>\n<\/figure>\n\n\n\n<p><strong>COMUNA 2<\/strong><\/p>\n\n\n\n<figure class=\"wp-block-gallery has-nested-images columns-default is-cropped wp-block-gallery-2 is-layout-flex wp-block-gallery-is-layout-flex\">\n<figure class=\"wp-block-image size-large\"><img decoding=\"async\" data-id=\"54103\" src=\"https:\/\/luchonoticias.com\/wp-content\/uploads\/2023\/06\/COMUNA-2-Maria-Camila-Lozano-768x1024.jpg\" alt=\"\" class=\"wp-image-54103\"\/><\/figure>\n\n\n\n<figure class=\"wp-block-image size-large\"><img decoding=\"async\" data-id=\"54102\" src=\"https:\/\/luchonoticias.com\/wp-content\/uploads\/2023\/06\/COMUNA-2-Ana-Sofia-Vargas--684x1024.jpeg\" alt=\"\" class=\"wp-image-54102\"\/><\/figure>\n<\/figure>\n\n\n\n<p><strong>\u00a0\u00a0COMUNA 3<\/strong><\/p>\n\n\n\n<figure class=\"wp-block-gallery has-nested-images columns-default is-cropped wp-block-gallery-3 is-layout-flex wp-block-gallery-is-layout-flex\">\n<figure class=\"wp-block-image size-large\"><img decoding=\"async\" data-id=\"54104\" src=\"https:\/\/luchonoticias.com\/wp-content\/uploads\/2023\/06\/COMUNA-3-Laura-Maria-Perdomo.jpg\" alt=\"\" class=\"wp-image-54104\"\/><\/figure>\n\n\n\n<figure class=\"wp-block-image size-large\"><img decoding=\"async\" data-id=\"54105\" src=\"https:\/\/luchonoticias.com\/wp-content\/uploads\/2023\/06\/COMUNA-3-Yesica-Lorena-Martinez--683x1024.jpg\" alt=\"\" class=\"wp-image-54105\"\/><\/figure>\n<\/figure>\n\n\n\n<p><strong>COMUNA 4<\/strong><\/p>\n\n\n\n<figure class=\"wp-block-gallery has-nested-images columns-default is-cropped wp-block-gallery-4 is-layout-flex wp-block-gallery-is-layout-flex\">\n<figure class=\"wp-block-image size-large\"><img decoding=\"async\" data-id=\"54108\" src=\"https:\/\/luchonoticias.com\/wp-content\/uploads\/2023\/06\/COMUNA-4-Laura-Daniela-Perez-768x1024.jpeg\" alt=\"\" class=\"wp-image-54108\"\/><\/figure>\n\n\n\n<figure class=\"wp-block-image size-large\"><img decoding=\"async\" data-id=\"54109\" src=\"https:\/\/luchonoticias.com\/wp-content\/uploads\/2023\/06\/COMUNA-4-Maria-Camila-Hidalgo--682x1024.jpg\" alt=\"\" class=\"wp-image-54109\"\/><\/figure>\n<\/figure>\n\n\n\n<p><strong>COMUNA 5<\/strong><\/p>\n\n\n\n<figure class=\"wp-block-gallery has-nested-images columns-default is-cropped wp-block-gallery-5 is-layout-flex wp-block-gallery-is-layout-flex\">\n<figure class=\"wp-block-image size-large\"><img decoding=\"async\" data-id=\"54110\" src=\"https:\/\/luchonoticias.com\/wp-content\/uploads\/2023\/06\/COMUNA-5-Karol-Julieth-Hernandez--684x1024.jpeg\" alt=\"\" class=\"wp-image-54110\"\/><\/figure>\n\n\n\n<figure class=\"wp-block-image size-large\"><img decoding=\"async\" data-id=\"54111\" src=\"https:\/\/luchonoticias.com\/wp-content\/uploads\/2023\/06\/COMUNA-5-Maria-Oliva-Ramos-768x1024.jpeg\" alt=\"\" class=\"wp-image-54111\"\/><\/figure>\n<\/figure>\n\n\n\n<p>\u00a0\u00a0\u00a0\u00a0\u00a0\u00a0\u00a0\u00a0\u00a0\u00a0\u00a0\u00a0\u00a0\u00a0<\/p>\n\n\n\n<p>COMUNA 6<\/p>\n\n\n\n<figure class=\"wp-block-image size-large is-resized\"><img loading=\"lazy\" decoding=\"async\" src=\"https:\/\/luchonoticias.com\/wp-content\/uploads\/2023\/06\/COMUNA-6-Laiyi-Alexandra-Chen-683x1024.jpg\" alt=\"\" class=\"wp-image-54112\" width=\"352\" height=\"527\"\/><\/figure>\n\n\n\n<p><strong>COMUNA 7<\/strong><\/p>\n\n\n\n<figure class=\"wp-block-gallery has-nested-images columns-default is-cropped wp-block-gallery-6 is-layout-flex wp-block-gallery-is-layout-flex\">\n<figure class=\"wp-block-image size-large\"><img decoding=\"async\" data-id=\"54116\" src=\"https:\/\/luchonoticias.com\/wp-content\/uploads\/2023\/06\/COMUNA-7-Laura-Daniela-Palomar-.jpg\" alt=\"\" class=\"wp-image-54116\"\/><\/figure>\n\n\n\n<figure class=\"wp-block-image size-large\"><img decoding=\"async\" data-id=\"54117\" src=\"https:\/\/luchonoticias.com\/wp-content\/uploads\/2023\/06\/COMUNA-7-Lizeth-Barrera-1-768x1024.jpeg\" alt=\"\" class=\"wp-image-54117\"\/><\/figure>\n<\/figure>\n\n\n\n<p><strong>COMUNA 8<\/strong><\/p>\n\n\n\n<figure class=\"wp-block-gallery has-nested-images columns-default is-cropped wp-block-gallery-7 is-layout-flex wp-block-gallery-is-layout-flex\">\n<figure class=\"wp-block-image size-large\"><img decoding=\"async\" data-id=\"54122\" src=\"https:\/\/luchonoticias.com\/wp-content\/uploads\/2023\/06\/COMUNA-8-Sihara-Rodriguez-1-rotated.jpg\" alt=\"\" class=\"wp-image-54122\"\/><\/figure>\n\n\n\n<figure class=\"wp-block-image size-large\"><img decoding=\"async\" data-id=\"54123\" src=\"https:\/\/luchonoticias.com\/wp-content\/uploads\/2023\/06\/COMUNA-8-Karla-Vanesa-Chavarro-1-2-768x1024.png\" alt=\"\" class=\"wp-image-54123\"\/><\/figure>\n<\/figure>\n\n\n\n<p><strong>COMUNA 9<\/strong><\/p>\n\n\n\n<figure class=\"wp-block-gallery has-nested-images columns-default is-cropped wp-block-gallery-8 is-layout-flex wp-block-gallery-is-layout-flex\">\n<figure class=\"wp-block-image size-large\"><img decoding=\"async\" data-id=\"54124\" src=\"https:\/\/luchonoticias.com\/wp-content\/uploads\/2023\/06\/COMUNA-9-Tifanny-Alejandra-Chavez.webp\" alt=\"\" class=\"wp-image-54124\"\/><\/figure>\n\n\n\n<figure class=\"wp-block-image size-large\"><img decoding=\"async\" data-id=\"54125\" src=\"https:\/\/luchonoticias.com\/wp-content\/uploads\/2023\/06\/COMUNA-9-Laura-Nataly-Florez-768x1024.jpg\" alt=\"\" class=\"wp-image-54125\"\/><\/figure>\n<\/figure>\n\n\n\n<p><strong>COMUNA 10<\/strong><\/p>\n\n\n\n<figure class=\"wp-block-gallery has-nested-images columns-default is-cropped wp-block-gallery-9 is-layout-flex wp-block-gallery-is-layout-flex\">\n<figure class=\"wp-block-image size-large\"><img decoding=\"async\" data-id=\"54127\" src=\"https:\/\/luchonoticias.com\/wp-content\/uploads\/2023\/06\/COMUNA-10-Tania-Perdomo-682x1024.jpg\" alt=\"\" class=\"wp-image-54127\"\/><\/figure>\n\n\n\n<figure class=\"wp-block-image size-large\"><img decoding=\"async\" data-id=\"54128\" src=\"https:\/\/luchonoticias.com\/wp-content\/uploads\/2023\/06\/Comuna-10-Michell-Dayana-Ramos-683x1024.jpeg\" alt=\"\" class=\"wp-image-54128\"\/><\/figure>\n<\/figure>\n\n\n\n<p><strong>Corregimiento Guacirco<\/strong><\/p>\n\n\n\n<figure class=\"wp-block-image size-large is-resized\"><img loading=\"lazy\" decoding=\"async\" src=\"https:\/\/luchonoticias.com\/wp-content\/uploads\/2023\/06\/GUACIRCO-Danna-Valentina-Ramirez-1-752x1024.jpg\" alt=\"\" class=\"wp-image-54132\" width=\"421\" height=\"573\"\/><\/figure>\n\n\n\n<p>Danna Valentina Ramirez<\/p>\n\n\n\n<p><strong>Corregimiento el Cagu\u00e1n<\/strong><\/p>\n\n\n\n<figure class=\"wp-block-image size-large is-resized\"><img loading=\"lazy\" decoding=\"async\" src=\"https:\/\/luchonoticias.com\/wp-content\/uploads\/2023\/06\/EL-CAGUAN-Darly-Xiomara-Rodriguez-683x1024.jpg\" alt=\"\" class=\"wp-image-54133\" width=\"408\" height=\"612\"\/><\/figure>\n\n\n\n<p>Darly Xiomara Rodriguez<\/p>\n\n\n\n<p><strong>Corregimiento Vegalarga<\/strong><\/p>\n\n\n\n<figure class=\"wp-block-image size-large is-resized\"><img loading=\"lazy\" decoding=\"async\" src=\"https:\/\/luchonoticias.com\/wp-content\/uploads\/2023\/06\/VEGALARGA-Maria-Fernanda-Morales-677x1024.jpeg\" alt=\"\" class=\"wp-image-54134\" width=\"392\" height=\"593\"\/><\/figure>\n\n\n\n<p>Maria Fernanda Morales<\/p>\n\n\n\n<p><strong>Corregimiento Rio las Ceibas<\/strong><\/p>\n\n\n\n<figure class=\"wp-block-image size-full is-resized\"><img loading=\"lazy\" decoding=\"async\" src=\"https:\/\/luchonoticias.com\/wp-content\/uploads\/2023\/06\/RIO-LAS-CEIBAS-Carol-Liseth-Pastrana-.jpeg\" alt=\"\" class=\"wp-image-54135\" width=\"409\" height=\"512\"\/><\/figure>\n\n\n\n<p>Carol Pastrana Hern\u00e1ndez<\/p>\n\n\n\n<p><strong>Corregimiento Chapinero<\/strong><\/p>\n\n\n\n<figure class=\"wp-block-image size-large is-resized\"><img loading=\"lazy\" decoding=\"async\" src=\"https:\/\/luchonoticias.com\/wp-content\/uploads\/2023\/06\/CHAPINERO-Karen-Liseth-Rivera-684x1024.jpg\" alt=\"\" class=\"wp-image-54136\" width=\"408\" height=\"610\"\/><\/figure>\n\n\n\n<p>Karen Lizeth Barrera<\/p>\n\n\n\n<p><strong>Corregimiento San Luis<\/strong><\/p>\n\n\n\n<figure class=\"wp-block-image size-large is-resized\"><img loading=\"lazy\" decoding=\"async\" src=\"https:\/\/luchonoticias.com\/wp-content\/uploads\/2023\/06\/SAN-LUIS-Anyi-Catalina-Ipuz-1024x699.jpg\" alt=\"\" class=\"wp-image-54137\" width=\"439\" height=\"299\"\/><\/figure>\n\n\n\n<p>Anyi Catalina Ipuz<\/p>\n\n\n\n<p><strong>Corregimiento Fortalecillas<\/strong><\/p>\n\n\n\n<figure class=\"wp-block-image size-large is-resized\"><img loading=\"lazy\" decoding=\"async\" src=\"https:\/\/luchonoticias.com\/wp-content\/uploads\/2023\/06\/FORTALECILLAS-Laura-Daniela-Aroca-682x1024.jpg\" alt=\"\" class=\"wp-image-54138\" width=\"390\" height=\"586\"\/><\/figure>\n\n\n\n<p>Laura Daniela Aroca<\/p>\n\n\n\n<p><strong>Corregimiento Aipecito<\/strong><\/p>\n\n\n\n<figure class=\"wp-block-image size-large is-resized\"><img loading=\"lazy\" decoding=\"async\" src=\"https:\/\/luchonoticias.com\/wp-content\/uploads\/2023\/06\/AIPECITO-Dayana-Quintero-768x1024.jpg\" alt=\"\" class=\"wp-image-54139\" width=\"328\" height=\"437\"\/><\/figure>\n\n\n\n<p>Dayana Quintero Losada<\/p>\n\n\n\n<p><strong><em>Estas son las candidatas a Herederos de la tradici\u00f3n:<\/em><\/strong><\/p>\n\n\n\n<figure class=\"wp-block-gallery has-nested-images columns-default is-cropped wp-block-gallery-10 is-layout-flex wp-block-gallery-is-layout-flex\">\n<figure class=\"wp-block-image size-large\"><img decoding=\"async\" data-id=\"54156\" src=\"https:\/\/luchonoticias.com\/wp-content\/uploads\/2023\/06\/herederos-6.jpg\" alt=\"\" class=\"wp-image-54156\"\/><\/figure>\n\n\n\n<figure class=\"wp-block-image size-large\"><img decoding=\"async\" data-id=\"54157\" src=\"https:\/\/luchonoticias.com\/wp-content\/uploads\/2023\/06\/herederos-7.jpg\" alt=\"\" class=\"wp-image-54157\"\/><\/figure>\n\n\n\n<figure class=\"wp-block-image size-large\"><img decoding=\"async\" data-id=\"54161\" src=\"https:\/\/luchonoticias.com\/wp-content\/uploads\/2023\/06\/herederos-8.jpg\" alt=\"\" class=\"wp-image-54161\"\/><\/figure>\n\n\n\n<figure class=\"wp-block-image size-large\"><img decoding=\"async\" data-id=\"54158\" src=\"https:\/\/luchonoticias.com\/wp-content\/uploads\/2023\/06\/herederos-9.jpg\" alt=\"\" class=\"wp-image-54158\"\/><\/figure>\n\n\n\n<figure class=\"wp-block-image size-large\"><img decoding=\"async\" data-id=\"54159\" src=\"https:\/\/luchonoticias.com\/wp-content\/uploads\/2023\/06\/herederos-2.jpeg\" alt=\"\" class=\"wp-image-54159\"\/><\/figure>\n\n\n\n<figure class=\"wp-block-image size-large\"><img decoding=\"async\" data-id=\"54160\" src=\"https:\/\/luchonoticias.com\/wp-content\/uploads\/2023\/06\/herederos-2.jpg\" alt=\"\" class=\"wp-image-54160\"\/><\/figure>\n\n\n\n<figure class=\"wp-block-image size-large\"><img decoding=\"async\" data-id=\"54167\" src=\"https:\/\/luchonoticias.com\/wp-content\/uploads\/2023\/06\/herederos-3.jpeg\" alt=\"\" class=\"wp-image-54167\"\/><\/figure>\n\n\n\n<figure class=\"wp-block-image size-large\"><img decoding=\"async\" data-id=\"54162\" src=\"https:\/\/luchonoticias.com\/wp-content\/uploads\/2023\/06\/herederos-3.jpg\" alt=\"\" class=\"wp-image-54162\"\/><\/figure>\n\n\n\n<figure class=\"wp-block-image size-large\"><img decoding=\"async\" data-id=\"54166\" src=\"https:\/\/luchonoticias.com\/wp-content\/uploads\/2023\/06\/herederos-4.jpeg\" alt=\"\" class=\"wp-image-54166\"\/><\/figure>\n\n\n\n<figure class=\"wp-block-image size-large\"><img decoding=\"async\" data-id=\"54163\" src=\"https:\/\/luchonoticias.com\/wp-content\/uploads\/2023\/06\/herederos-4.jpg\" alt=\"\" class=\"wp-image-54163\"\/><\/figure>\n\n\n\n<figure class=\"wp-block-image size-large\"><img decoding=\"async\" data-id=\"54164\" src=\"https:\/\/luchonoticias.com\/wp-content\/uploads\/2023\/06\/herederos-5.jpg\" alt=\"\" class=\"wp-image-54164\"\/><\/figure>\n\n\n\n<figure class=\"wp-block-image size-large\"><img decoding=\"async\" data-id=\"54165\" src=\"https:\/\/luchonoticias.com\/wp-content\/uploads\/2023\/06\/herederos-13-rotated.jpg\" alt=\"\" class=\"wp-image-54165\"\/><\/figure>\n\n\n\n<figure class=\"wp-block-image size-large\"><img decoding=\"async\" data-id=\"54169\" src=\"https:\/\/luchonoticias.com\/wp-content\/uploads\/2023\/06\/herederos-10.jpg\" alt=\"\" class=\"wp-image-54169\"\/><\/figure>\n\n\n\n<figure class=\"wp-block-image size-large\"><img decoding=\"async\" data-id=\"54168\" src=\"https:\/\/luchonoticias.com\/wp-content\/uploads\/2023\/06\/herederos-11.jpg\" alt=\"\" class=\"wp-image-54168\"\/><\/figure>\n\n\n\n<figure class=\"wp-block-image size-large\"><img decoding=\"async\" data-id=\"54170\" src=\"https:\/\/luchonoticias.com\/wp-content\/uploads\/2023\/06\/herederos-12.jpg\" alt=\"\" class=\"wp-image-54170\"\/><\/figure>\n\n\n\n<figure class=\"wp-block-image size-large\"><img decoding=\"async\" data-id=\"54171\" src=\"https:\/\/luchonoticias.com\/wp-content\/uploads\/2023\/06\/herederos-1.jpeg\" alt=\"\" class=\"wp-image-54171\"\/><\/figure>\n\n\n\n<figure class=\"wp-block-image size-large\"><img decoding=\"async\" data-id=\"54172\" src=\"https:\/\/luchonoticias.com\/wp-content\/uploads\/2023\/06\/herederos-1.jpg\" alt=\"\" class=\"wp-image-54172\"\/><\/figure>\n<\/figure>\n\n\n\n<p><\/p>\n","protected":false},"excerpt":{"rendered":"<p>Fueron 10 Rondas Sampedrinas desarrolladas por la Secretar\u00eda de Cultura de la Alcald\u00eda de Neiva, en cada una de las comunas del municipio. En el despliegue de estos encuentros culturales con la comunidad, fueron elegidas las candidatas al Reinado Popular y Herederos de la Tradici\u00f3n, quienes participan en esta versi\u00f3n&nbsp; 62 del Festival del Bambuco [&hellip;]<\/p>\n","protected":false},"author":2,"featured_media":0,"comment_status":"open","ping_status":"open","sticky":false,"template":"","format":"standard","meta":{"footnotes":""},"categories":[36,31],"tags":[],"class_list":["post-54097","post","type-post","status-publish","format-standard","hentry","category-destacado","category-local"],"yoast_head":"<!-- This site is optimized with the Yoast SEO plugin v26.6 - https:\/\/yoast.com\/wordpress\/plugins\/seo\/ -->\n<title>Estas son las candidatas del Reinado Popular y Herederos de La Tradici\u00f3n -<\/title>\n<meta name=\"robots\" content=\"index, follow, max-snippet:-1, max-image-preview:large, max-video-preview:-1\" \/>\n<link rel=\"canonical\" href=\"https:\/\/luchonoticias.com\/editor\/estas-son-las-candidatas-del-reinado-popular-y-herederos-de-la-tradicion\/\" \/>\n<meta property=\"og:locale\" content=\"es_ES\" \/>\n<meta property=\"og:type\" content=\"article\" \/>\n<meta property=\"og:title\" content=\"Estas son las candidatas del Reinado Popular y Herederos de La Tradici\u00f3n -\" \/>\n<meta property=\"og:url\" content=\"https:\/\/luchonoticias.com\/editor\/estas-son-las-candidatas-del-reinado-popular-y-herederos-de-la-tradicion\/\" \/>\n<meta property=\"article:publisher\" content=\"https:\/\/www.facebook.com\/luchonoticiasneiva\" \/>\n<meta property=\"article:published_time\" content=\"2023-06-08T12:59:15+00:00\" \/>\n<meta property=\"article:modified_time\" content=\"2023-06-08T12:59:22+00:00\" \/>\n<meta property=\"og:image\" content=\"https:\/\/luchonoticias.com\/wp-content\/uploads\/2023\/06\/COMUNA-1-Maria-Camila-Arias--682x1024.jpg\" \/>\n<meta name=\"author\" content=\"Editor General\" \/>\n<meta name=\"twitter:card\" content=\"summary_large_image\" \/>\n<meta name=\"twitter:label1\" content=\"Escrito por\" \/>\n\t<meta name=\"twitter:data1\" content=\"Editor General\" \/>\n\t<meta name=\"twitter:label2\" content=\"Tiempo de lectura\" \/>\n\t<meta name=\"twitter:data2\" content=\"1 minuto\" \/>\n<script type=\"application\/ld+json\" class=\"yoast-schema-graph\">{\"@context\":\"https:\/\/schema.org\",\"@graph\":[{\"@type\":\"Article\",\"@id\":\"https:\/\/luchonoticias.com\/editor\/estas-son-las-candidatas-del-reinado-popular-y-herederos-de-la-tradicion\/#article\",\"isPartOf\":{\"@id\":\"https:\/\/luchonoticias.com\/editor\/estas-son-las-candidatas-del-reinado-popular-y-herederos-de-la-tradicion\/\"},\"author\":{\"name\":\"Editor General\",\"@id\":\"https:\/\/luchonoticias.com\/editor\/#\/schema\/person\/29217990ddf6f14e35912b2866d591fb\"},\"headline\":\"Estas son las candidatas del Reinado Popular y Herederos de La Tradici\u00f3n\",\"datePublished\":\"2023-06-08T12:59:15+00:00\",\"dateModified\":\"2023-06-08T12:59:22+00:00\",\"mainEntityOfPage\":{\"@id\":\"https:\/\/luchonoticias.com\/editor\/estas-son-las-candidatas-del-reinado-popular-y-herederos-de-la-tradicion\/\"},\"wordCount\":233,\"commentCount\":0,\"publisher\":{\"@id\":\"https:\/\/luchonoticias.com\/editor\/#\/schema\/person\/7a7fd911f58561fd056dbac7b55af9cd\"},\"image\":{\"@id\":\"https:\/\/luchonoticias.com\/editor\/estas-son-las-candidatas-del-reinado-popular-y-herederos-de-la-tradicion\/#primaryimage\"},\"thumbnailUrl\":\"https:\/\/luchonoticias.com\/wp-content\/uploads\/2023\/06\/COMUNA-1-Maria-Camila-Arias--682x1024.jpg\",\"articleSection\":[\"Destacado\",\"Local\"],\"inLanguage\":\"es\",\"potentialAction\":[{\"@type\":\"CommentAction\",\"name\":\"Comment\",\"target\":[\"https:\/\/luchonoticias.com\/editor\/estas-son-las-candidatas-del-reinado-popular-y-herederos-de-la-tradicion\/#respond\"]}]},{\"@type\":\"WebPage\",\"@id\":\"https:\/\/luchonoticias.com\/editor\/estas-son-las-candidatas-del-reinado-popular-y-herederos-de-la-tradicion\/\",\"url\":\"https:\/\/luchonoticias.com\/editor\/estas-son-las-candidatas-del-reinado-popular-y-herederos-de-la-tradicion\/\",\"name\":\"Estas son las candidatas del Reinado Popular y Herederos de La Tradici\u00f3n -\",\"isPartOf\":{\"@id\":\"https:\/\/luchonoticias.com\/editor\/#website\"},\"primaryImageOfPage\":{\"@id\":\"https:\/\/luchonoticias.com\/editor\/estas-son-las-candidatas-del-reinado-popular-y-herederos-de-la-tradicion\/#primaryimage\"},\"image\":{\"@id\":\"https:\/\/luchonoticias.com\/editor\/estas-son-las-candidatas-del-reinado-popular-y-herederos-de-la-tradicion\/#primaryimage\"},\"thumbnailUrl\":\"https:\/\/luchonoticias.com\/wp-content\/uploads\/2023\/06\/COMUNA-1-Maria-Camila-Arias--682x1024.jpg\",\"datePublished\":\"2023-06-08T12:59:15+00:00\",\"dateModified\":\"2023-06-08T12:59:22+00:00\",\"breadcrumb\":{\"@id\":\"https:\/\/luchonoticias.com\/editor\/estas-son-las-candidatas-del-reinado-popular-y-herederos-de-la-tradicion\/#breadcrumb\"},\"inLanguage\":\"es\",\"potentialAction\":[{\"@type\":\"ReadAction\",\"target\":[\"https:\/\/luchonoticias.com\/editor\/estas-son-las-candidatas-del-reinado-popular-y-herederos-de-la-tradicion\/\"]}]},{\"@type\":\"ImageObject\",\"inLanguage\":\"es\",\"@id\":\"https:\/\/luchonoticias.com\/editor\/estas-son-las-candidatas-del-reinado-popular-y-herederos-de-la-tradicion\/#primaryimage\",\"url\":\"https:\/\/luchonoticias.com\/wp-content\/uploads\/2023\/06\/COMUNA-1-Maria-Camila-Arias--682x1024.jpg\",\"contentUrl\":\"https:\/\/luchonoticias.com\/wp-content\/uploads\/2023\/06\/COMUNA-1-Maria-Camila-Arias--682x1024.jpg\"},{\"@type\":\"BreadcrumbList\",\"@id\":\"https:\/\/luchonoticias.com\/editor\/estas-son-las-candidatas-del-reinado-popular-y-herederos-de-la-tradicion\/#breadcrumb\",\"itemListElement\":[{\"@type\":\"ListItem\",\"position\":1,\"name\":\"Portada\",\"item\":\"https:\/\/luchonoticias.com\/editor\/\"},{\"@type\":\"ListItem\",\"position\":2,\"name\":\"Estas son las candidatas del Reinado Popular y Herederos de La Tradici\u00f3n\"}]},{\"@type\":\"WebSite\",\"@id\":\"https:\/\/luchonoticias.com\/editor\/#website\",\"url\":\"https:\/\/luchonoticias.com\/editor\/\",\"name\":\"\",\"description\":\"\",\"publisher\":{\"@id\":\"https:\/\/luchonoticias.com\/editor\/#\/schema\/person\/7a7fd911f58561fd056dbac7b55af9cd\"},\"potentialAction\":[{\"@type\":\"SearchAction\",\"target\":{\"@type\":\"EntryPoint\",\"urlTemplate\":\"https:\/\/luchonoticias.com\/editor\/?s={search_term_string}\"},\"query-input\":{\"@type\":\"PropertyValueSpecification\",\"valueRequired\":true,\"valueName\":\"search_term_string\"}}],\"inLanguage\":\"es\"},{\"@type\":[\"Person\",\"Organization\"],\"@id\":\"https:\/\/luchonoticias.com\/editor\/#\/schema\/person\/7a7fd911f58561fd056dbac7b55af9cd\",\"name\":\"admin\",\"image\":{\"@type\":\"ImageObject\",\"inLanguage\":\"es\",\"@id\":\"https:\/\/luchonoticias.com\/editor\/#\/schema\/person\/image\/\",\"url\":\"https:\/\/luchonoticias.com\/editor\/wp-content\/uploads\/2024\/02\/cropped-cropped-logolu.webp\",\"contentUrl\":\"https:\/\/luchonoticias.com\/editor\/wp-content\/uploads\/2024\/02\/cropped-cropped-logolu.webp\",\"width\":382,\"height\":170,\"caption\":\"admin\"},\"logo\":{\"@id\":\"https:\/\/luchonoticias.com\/editor\/#\/schema\/person\/image\/\"},\"sameAs\":[\"https:\/\/www.facebook.com\/luchonoticiasneiva\"]},{\"@type\":\"Person\",\"@id\":\"https:\/\/luchonoticias.com\/editor\/#\/schema\/person\/29217990ddf6f14e35912b2866d591fb\",\"name\":\"Editor General\",\"image\":{\"@type\":\"ImageObject\",\"inLanguage\":\"es\",\"@id\":\"https:\/\/luchonoticias.com\/editor\/#\/schema\/person\/image\/\",\"url\":\"https:\/\/luchonoticias.com\/editor\/wp-content\/uploads\/2024\/02\/cropped-cropped-logolu-150x150.webp\",\"contentUrl\":\"https:\/\/luchonoticias.com\/editor\/wp-content\/uploads\/2024\/02\/cropped-cropped-logolu-150x150.webp\",\"caption\":\"Editor General\"},\"sameAs\":[\"https:\/\/luchonoticias.com\/\"],\"url\":\"https:\/\/luchonoticias.com\/editor\/author\/editor-general\/\"}]}<\/script>\n<!-- \/ Yoast SEO plugin. -->","yoast_head_json":{"title":"Estas son las candidatas del Reinado Popular y Herederos de La Tradici\u00f3n -","robots":{"index":"index","follow":"follow","max-snippet":"max-snippet:-1","max-image-preview":"max-image-preview:large","max-video-preview":"max-video-preview:-1"},"canonical":"https:\/\/luchonoticias.com\/editor\/estas-son-las-candidatas-del-reinado-popular-y-herederos-de-la-tradicion\/","og_locale":"es_ES","og_type":"article","og_title":"Estas son las candidatas del Reinado Popular y Herederos de La Tradici\u00f3n -","og_url":"https:\/\/luchonoticias.com\/editor\/estas-son-las-candidatas-del-reinado-popular-y-herederos-de-la-tradicion\/","article_publisher":"https:\/\/www.facebook.com\/luchonoticiasneiva","article_published_time":"2023-06-08T12:59:15+00:00","article_modified_time":"2023-06-08T12:59:22+00:00","og_image":[{"url":"https:\/\/luchonoticias.com\/wp-content\/uploads\/2023\/06\/COMUNA-1-Maria-Camila-Arias--682x1024.jpg","type":"","width":"","height":""}],"author":"Editor General","twitter_card":"summary_large_image","twitter_misc":{"Escrito por":"Editor General","Tiempo de lectura":"1 minuto"},"schema":{"@context":"https:\/\/schema.org","@graph":[{"@type":"Article","@id":"https:\/\/luchonoticias.com\/editor\/estas-son-las-candidatas-del-reinado-popular-y-herederos-de-la-tradicion\/#article","isPartOf":{"@id":"https:\/\/luchonoticias.com\/editor\/estas-son-las-candidatas-del-reinado-popular-y-herederos-de-la-tradicion\/"},"author":{"name":"Editor General","@id":"https:\/\/luchonoticias.com\/editor\/#\/schema\/person\/29217990ddf6f14e35912b2866d591fb"},"headline":"Estas son las candidatas del Reinado Popular y Herederos de La Tradici\u00f3n","datePublished":"2023-06-08T12:59:15+00:00","dateModified":"2023-06-08T12:59:22+00:00","mainEntityOfPage":{"@id":"https:\/\/luchonoticias.com\/editor\/estas-son-las-candidatas-del-reinado-popular-y-herederos-de-la-tradicion\/"},"wordCount":233,"commentCount":0,"publisher":{"@id":"https:\/\/luchonoticias.com\/editor\/#\/schema\/person\/7a7fd911f58561fd056dbac7b55af9cd"},"image":{"@id":"https:\/\/luchonoticias.com\/editor\/estas-son-las-candidatas-del-reinado-popular-y-herederos-de-la-tradicion\/#primaryimage"},"thumbnailUrl":"https:\/\/luchonoticias.com\/wp-content\/uploads\/2023\/06\/COMUNA-1-Maria-Camila-Arias--682x1024.jpg","articleSection":["Destacado","Local"],"inLanguage":"es","potentialAction":[{"@type":"CommentAction","name":"Comment","target":["https:\/\/luchonoticias.com\/editor\/estas-son-las-candidatas-del-reinado-popular-y-herederos-de-la-tradicion\/#respond"]}]},{"@type":"WebPage","@id":"https:\/\/luchonoticias.com\/editor\/estas-son-las-candidatas-del-reinado-popular-y-herederos-de-la-tradicion\/","url":"https:\/\/luchonoticias.com\/editor\/estas-son-las-candidatas-del-reinado-popular-y-herederos-de-la-tradicion\/","name":"Estas son las candidatas del Reinado Popular y Herederos de La Tradici\u00f3n -","isPartOf":{"@id":"https:\/\/luchonoticias.com\/editor\/#website"},"primaryImageOfPage":{"@id":"https:\/\/luchonoticias.com\/editor\/estas-son-las-candidatas-del-reinado-popular-y-herederos-de-la-tradicion\/#primaryimage"},"image":{"@id":"https:\/\/luchonoticias.com\/editor\/estas-son-las-candidatas-del-reinado-popular-y-herederos-de-la-tradicion\/#primaryimage"},"thumbnailUrl":"https:\/\/luchonoticias.com\/wp-content\/uploads\/2023\/06\/COMUNA-1-Maria-Camila-Arias--682x1024.jpg","datePublished":"2023-06-08T12:59:15+00:00","dateModified":"2023-06-08T12:59:22+00:00","breadcrumb":{"@id":"https:\/\/luchonoticias.com\/editor\/estas-son-las-candidatas-del-reinado-popular-y-herederos-de-la-tradicion\/#breadcrumb"},"inLanguage":"es","potentialAction":[{"@type":"ReadAction","target":["https:\/\/luchonoticias.com\/editor\/estas-son-las-candidatas-del-reinado-popular-y-herederos-de-la-tradicion\/"]}]},{"@type":"ImageObject","inLanguage":"es","@id":"https:\/\/luchonoticias.com\/editor\/estas-son-las-candidatas-del-reinado-popular-y-herederos-de-la-tradicion\/#primaryimage","url":"https:\/\/luchonoticias.com\/wp-content\/uploads\/2023\/06\/COMUNA-1-Maria-Camila-Arias--682x1024.jpg","contentUrl":"https:\/\/luchonoticias.com\/wp-content\/uploads\/2023\/06\/COMUNA-1-Maria-Camila-Arias--682x1024.jpg"},{"@type":"BreadcrumbList","@id":"https:\/\/luchonoticias.com\/editor\/estas-son-las-candidatas-del-reinado-popular-y-herederos-de-la-tradicion\/#breadcrumb","itemListElement":[{"@type":"ListItem","position":1,"name":"Portada","item":"https:\/\/luchonoticias.com\/editor\/"},{"@type":"ListItem","position":2,"name":"Estas son las candidatas del Reinado Popular y Herederos de La Tradici\u00f3n"}]},{"@type":"WebSite","@id":"https:\/\/luchonoticias.com\/editor\/#website","url":"https:\/\/luchonoticias.com\/editor\/","name":"","description":"","publisher":{"@id":"https:\/\/luchonoticias.com\/editor\/#\/schema\/person\/7a7fd911f58561fd056dbac7b55af9cd"},"potentialAction":[{"@type":"SearchAction","target":{"@type":"EntryPoint","urlTemplate":"https:\/\/luchonoticias.com\/editor\/?s={search_term_string}"},"query-input":{"@type":"PropertyValueSpecification","valueRequired":true,"valueName":"search_term_string"}}],"inLanguage":"es"},{"@type":["Person","Organization"],"@id":"https:\/\/luchonoticias.com\/editor\/#\/schema\/person\/7a7fd911f58561fd056dbac7b55af9cd","name":"admin","image":{"@type":"ImageObject","inLanguage":"es","@id":"https:\/\/luchonoticias.com\/editor\/#\/schema\/person\/image\/","url":"https:\/\/luchonoticias.com\/editor\/wp-content\/uploads\/2024\/02\/cropped-cropped-logolu.webp","contentUrl":"https:\/\/luchonoticias.com\/editor\/wp-content\/uploads\/2024\/02\/cropped-cropped-logolu.webp","width":382,"height":170,"caption":"admin"},"logo":{"@id":"https:\/\/luchonoticias.com\/editor\/#\/schema\/person\/image\/"},"sameAs":["https:\/\/www.facebook.com\/luchonoticiasneiva"]},{"@type":"Person","@id":"https:\/\/luchonoticias.com\/editor\/#\/schema\/person\/29217990ddf6f14e35912b2866d591fb","name":"Editor General","image":{"@type":"ImageObject","inLanguage":"es","@id":"https:\/\/luchonoticias.com\/editor\/#\/schema\/person\/image\/","url":"https:\/\/luchonoticias.com\/editor\/wp-content\/uploads\/2024\/02\/cropped-cropped-logolu-150x150.webp","contentUrl":"https:\/\/luchonoticias.com\/editor\/wp-content\/uploads\/2024\/02\/cropped-cropped-logolu-150x150.webp","caption":"Editor General"},"sameAs":["https:\/\/luchonoticias.com\/"],"url":"https:\/\/luchonoticias.com\/editor\/author\/editor-general\/"}]}},"_links":{"self":[{"href":"https:\/\/luchonoticias.com\/editor\/wp-json\/wp\/v2\/posts\/54097","targetHints":{"allow":["GET"]}}],"collection":[{"href":"https:\/\/luchonoticias.com\/editor\/wp-json\/wp\/v2\/posts"}],"about":[{"href":"https:\/\/luchonoticias.com\/editor\/wp-json\/wp\/v2\/types\/post"}],"author":[{"embeddable":true,"href":"https:\/\/luchonoticias.com\/editor\/wp-json\/wp\/v2\/users\/2"}],"replies":[{"embeddable":true,"href":"https:\/\/luchonoticias.com\/editor\/wp-json\/wp\/v2\/comments?post=54097"}],"version-history":[{"count":0,"href":"https:\/\/luchonoticias.com\/editor\/wp-json\/wp\/v2\/posts\/54097\/revisions"}],"wp:attachment":[{"href":"https:\/\/luchonoticias.com\/editor\/wp-json\/wp\/v2\/media?parent=54097"}],"wp:term":[{"taxonomy":"category","embeddable":true,"href":"https:\/\/luchonoticias.com\/editor\/wp-json\/wp\/v2\/categories?post=54097"},{"taxonomy":"post_tag","embeddable":true,"href":"https:\/\/luchonoticias.com\/editor\/wp-json\/wp\/v2\/tags?post=54097"}],"curies":[{"name":"wp","href":"https:\/\/api.w.org\/{rel}","templated":true}]}}