{"id":54100,"date":"2023-06-08T07:38:11","date_gmt":"2023-06-08T12:38:11","guid":{"rendered":"https:\/\/luchonoticias.com\/?p=54100"},"modified":"2023-06-08T07:38:12","modified_gmt":"2023-06-08T12:38:12","slug":"huila-establece-plan-para-el-control-del-dengue","status":"publish","type":"post","link":"https:\/\/luchonoticias.com\/editor\/huila-establece-plan-para-el-control-del-dengue\/","title":{"rendered":"Huila establece plan para el control del dengue"},"content":{"rendered":"\n<p>En el marco del Consejo Territorial de Salud Ambiental \u2013 COTSA, se llev\u00f3 a cabo la socializaci\u00f3n de la circular conjunta del Ministerio de Salud y Protecci\u00f3n Social, el Instituto Nacional de Salud y la Supersalud, No. 0013 del 30 de mayo de 2023 que orienta acciones intersectoriales para que desde cada una de las instituciones y entes territoriales se adelanten&nbsp;<strong>campa\u00f1as preventivas y educativas para garantizar un control efectivo del dengue.<\/strong><\/p>\n\n\n\n<p>\u201cA nivel nacional existe brote de dengue, y desde ese orden se hace&nbsp;<strong>un llamado a unirnos para trabajar en la prevenci\u00f3n de aumento de casos y evitar las muertes<\/strong>&nbsp;por causa de esta enfermedad, desde las actividades que cada uno pueda desarrollar en su sector de competencia\u201d inform\u00f3 Paola Garz\u00f3n, profesional de apoyo del programa de Enfermedades Transmitidas por Vectores de la Secretar\u00eda de Salud Departamental.<\/p>\n\n\n\n<p>A semana epidemiol\u00f3gica No. 21&nbsp;<strong>se acumulan en el Huila 1.328 casos de dengue,&nbsp;<\/strong>de los cuales<strong>&nbsp;419 presentan signos de alarma y 47 se han tipificado como dengue grave;<\/strong>&nbsp;325 de los casos han requerido atenci\u00f3n intrahospitalaria y 47 atenci\u00f3n en cuidados intensivos.<\/p>\n\n\n\n<p>Para lograr un impacto positivo en la disminuci\u00f3n de casos&nbsp;<strong>es necesario aplicar las medidas de control<\/strong>&nbsp;de criaderos como el lavado de albercas, tanques, cambio frecuente de agua en los recipientes como floreros, bebederos de los animales, eliminar los recipientes inservibles que acumulan agua limpia y que solo representan riesgo de proliferaci\u00f3n del zancudo Aedes Aegipty.<\/p>\n\n\n\n<p>La forma m\u00e1s segura de tratamiento para el dengue es acudir al servicio m\u00e9dico para que verificar signos y s\u00edntomas,&nbsp;<strong>es de alto riesgo automedicarse,<\/strong>&nbsp;ya que la ingesta de un producto farmac\u00e9utico inadecuado puede generar complicaciones.<\/p>\n","protected":false},"excerpt":{"rendered":"<p>En el marco del Consejo Territorial de Salud Ambiental \u2013 COTSA, se llev\u00f3 a cabo la socializaci\u00f3n de la circular conjunta del Ministerio de Salud y Protecci\u00f3n Social, el Instituto Nacional de Salud y la Supersalud, No. 0013 del 30 de mayo de 2023 que orienta acciones intersectoriales para que desde cada una de las [&hellip;]<\/p>\n","protected":false},"author":2,"featured_media":0,"comment_status":"open","ping_status":"open","sticky":false,"template":"","format":"standard","meta":{"footnotes":""},"categories":[33],"tags":[],"class_list":["post-54100","post","type-post","status-publish","format-standard","hentry","category-huila"],"yoast_head":"<!-- This site is optimized with the Yoast SEO plugin v26.6 - https:\/\/yoast.com\/wordpress\/plugins\/seo\/ -->\n<title>Huila establece plan para el control del dengue -<\/title>\n<meta name=\"robots\" content=\"index, follow, max-snippet:-1, max-image-preview:large, max-video-preview:-1\" \/>\n<link rel=\"canonical\" href=\"https:\/\/luchonoticias.com\/editor\/huila-establece-plan-para-el-control-del-dengue\/\" \/>\n<meta property=\"og:locale\" content=\"es_ES\" \/>\n<meta property=\"og:type\" content=\"article\" \/>\n<meta property=\"og:title\" content=\"Huila establece plan para el control del dengue -\" \/>\n<meta property=\"og:url\" content=\"https:\/\/luchonoticias.com\/editor\/huila-establece-plan-para-el-control-del-dengue\/\" \/>\n<meta property=\"article:publisher\" content=\"https:\/\/www.facebook.com\/luchonoticiasneiva\" \/>\n<meta property=\"article:published_time\" content=\"2023-06-08T12:38:11+00:00\" \/>\n<meta property=\"article:modified_time\" content=\"2023-06-08T12:38:12+00:00\" \/>\n<meta name=\"author\" content=\"Editor General\" \/>\n<meta name=\"twitter:card\" content=\"summary_large_image\" \/>\n<meta name=\"twitter:label1\" content=\"Escrito por\" \/>\n\t<meta name=\"twitter:data1\" content=\"Editor General\" \/>\n\t<meta name=\"twitter:label2\" content=\"Tiempo de lectura\" \/>\n\t<meta name=\"twitter:data2\" content=\"1 minuto\" \/>\n<script type=\"application\/ld+json\" class=\"yoast-schema-graph\">{\"@context\":\"https:\/\/schema.org\",\"@graph\":[{\"@type\":\"Article\",\"@id\":\"https:\/\/luchonoticias.com\/editor\/huila-establece-plan-para-el-control-del-dengue\/#article\",\"isPartOf\":{\"@id\":\"https:\/\/luchonoticias.com\/editor\/huila-establece-plan-para-el-control-del-dengue\/\"},\"author\":{\"name\":\"Editor General\",\"@id\":\"https:\/\/luchonoticias.com\/editor\/#\/schema\/person\/29217990ddf6f14e35912b2866d591fb\"},\"headline\":\"Huila establece plan para el control del dengue\",\"datePublished\":\"2023-06-08T12:38:11+00:00\",\"dateModified\":\"2023-06-08T12:38:12+00:00\",\"mainEntityOfPage\":{\"@id\":\"https:\/\/luchonoticias.com\/editor\/huila-establece-plan-para-el-control-del-dengue\/\"},\"wordCount\":301,\"commentCount\":0,\"publisher\":{\"@id\":\"https:\/\/luchonoticias.com\/editor\/#\/schema\/person\/7a7fd911f58561fd056dbac7b55af9cd\"},\"articleSection\":[\"Huila\"],\"inLanguage\":\"es\",\"potentialAction\":[{\"@type\":\"CommentAction\",\"name\":\"Comment\",\"target\":[\"https:\/\/luchonoticias.com\/editor\/huila-establece-plan-para-el-control-del-dengue\/#respond\"]}]},{\"@type\":\"WebPage\",\"@id\":\"https:\/\/luchonoticias.com\/editor\/huila-establece-plan-para-el-control-del-dengue\/\",\"url\":\"https:\/\/luchonoticias.com\/editor\/huila-establece-plan-para-el-control-del-dengue\/\",\"name\":\"Huila establece plan para el control del dengue -\",\"isPartOf\":{\"@id\":\"https:\/\/luchonoticias.com\/editor\/#website\"},\"datePublished\":\"2023-06-08T12:38:11+00:00\",\"dateModified\":\"2023-06-08T12:38:12+00:00\",\"breadcrumb\":{\"@id\":\"https:\/\/luchonoticias.com\/editor\/huila-establece-plan-para-el-control-del-dengue\/#breadcrumb\"},\"inLanguage\":\"es\",\"potentialAction\":[{\"@type\":\"ReadAction\",\"target\":[\"https:\/\/luchonoticias.com\/editor\/huila-establece-plan-para-el-control-del-dengue\/\"]}]},{\"@type\":\"BreadcrumbList\",\"@id\":\"https:\/\/luchonoticias.com\/editor\/huila-establece-plan-para-el-control-del-dengue\/#breadcrumb\",\"itemListElement\":[{\"@type\":\"ListItem\",\"position\":1,\"name\":\"Portada\",\"item\":\"https:\/\/luchonoticias.com\/editor\/\"},{\"@type\":\"ListItem\",\"position\":2,\"name\":\"Huila establece plan para el control del dengue\"}]},{\"@type\":\"WebSite\",\"@id\":\"https:\/\/luchonoticias.com\/editor\/#website\",\"url\":\"https:\/\/luchonoticias.com\/editor\/\",\"name\":\"\",\"description\":\"\",\"publisher\":{\"@id\":\"https:\/\/luchonoticias.com\/editor\/#\/schema\/person\/7a7fd911f58561fd056dbac7b55af9cd\"},\"potentialAction\":[{\"@type\":\"SearchAction\",\"target\":{\"@type\":\"EntryPoint\",\"urlTemplate\":\"https:\/\/luchonoticias.com\/editor\/?s={search_term_string}\"},\"query-input\":{\"@type\":\"PropertyValueSpecification\",\"valueRequired\":true,\"valueName\":\"search_term_string\"}}],\"inLanguage\":\"es\"},{\"@type\":[\"Person\",\"Organization\"],\"@id\":\"https:\/\/luchonoticias.com\/editor\/#\/schema\/person\/7a7fd911f58561fd056dbac7b55af9cd\",\"name\":\"admin\",\"image\":{\"@type\":\"ImageObject\",\"inLanguage\":\"es\",\"@id\":\"https:\/\/luchonoticias.com\/editor\/#\/schema\/person\/image\/\",\"url\":\"https:\/\/luchonoticias.com\/editor\/wp-content\/uploads\/2024\/02\/cropped-cropped-logolu.webp\",\"contentUrl\":\"https:\/\/luchonoticias.com\/editor\/wp-content\/uploads\/2024\/02\/cropped-cropped-logolu.webp\",\"width\":382,\"height\":170,\"caption\":\"admin\"},\"logo\":{\"@id\":\"https:\/\/luchonoticias.com\/editor\/#\/schema\/person\/image\/\"},\"sameAs\":[\"https:\/\/www.facebook.com\/luchonoticiasneiva\"]},{\"@type\":\"Person\",\"@id\":\"https:\/\/luchonoticias.com\/editor\/#\/schema\/person\/29217990ddf6f14e35912b2866d591fb\",\"name\":\"Editor General\",\"image\":{\"@type\":\"ImageObject\",\"inLanguage\":\"es\",\"@id\":\"https:\/\/luchonoticias.com\/editor\/#\/schema\/person\/image\/\",\"url\":\"https:\/\/luchonoticias.com\/editor\/wp-content\/uploads\/2024\/02\/cropped-cropped-logolu-150x150.webp\",\"contentUrl\":\"https:\/\/luchonoticias.com\/editor\/wp-content\/uploads\/2024\/02\/cropped-cropped-logolu-150x150.webp\",\"caption\":\"Editor General\"},\"sameAs\":[\"https:\/\/luchonoticias.com\/\"],\"url\":\"https:\/\/luchonoticias.com\/editor\/author\/editor-general\/\"}]}<\/script>\n<!-- \/ Yoast SEO plugin. -->","yoast_head_json":{"title":"Huila establece plan para el control del dengue -","robots":{"index":"index","follow":"follow","max-snippet":"max-snippet:-1","max-image-preview":"max-image-preview:large","max-video-preview":"max-video-preview:-1"},"canonical":"https:\/\/luchonoticias.com\/editor\/huila-establece-plan-para-el-control-del-dengue\/","og_locale":"es_ES","og_type":"article","og_title":"Huila establece plan para el control del dengue -","og_url":"https:\/\/luchonoticias.com\/editor\/huila-establece-plan-para-el-control-del-dengue\/","article_publisher":"https:\/\/www.facebook.com\/luchonoticiasneiva","article_published_time":"2023-06-08T12:38:11+00:00","article_modified_time":"2023-06-08T12:38:12+00:00","author":"Editor General","twitter_card":"summary_large_image","twitter_misc":{"Escrito por":"Editor General","Tiempo de lectura":"1 minuto"},"schema":{"@context":"https:\/\/schema.org","@graph":[{"@type":"Article","@id":"https:\/\/luchonoticias.com\/editor\/huila-establece-plan-para-el-control-del-dengue\/#article","isPartOf":{"@id":"https:\/\/luchonoticias.com\/editor\/huila-establece-plan-para-el-control-del-dengue\/"},"author":{"name":"Editor General","@id":"https:\/\/luchonoticias.com\/editor\/#\/schema\/person\/29217990ddf6f14e35912b2866d591fb"},"headline":"Huila establece plan para el control del dengue","datePublished":"2023-06-08T12:38:11+00:00","dateModified":"2023-06-08T12:38:12+00:00","mainEntityOfPage":{"@id":"https:\/\/luchonoticias.com\/editor\/huila-establece-plan-para-el-control-del-dengue\/"},"wordCount":301,"commentCount":0,"publisher":{"@id":"https:\/\/luchonoticias.com\/editor\/#\/schema\/person\/7a7fd911f58561fd056dbac7b55af9cd"},"articleSection":["Huila"],"inLanguage":"es","potentialAction":[{"@type":"CommentAction","name":"Comment","target":["https:\/\/luchonoticias.com\/editor\/huila-establece-plan-para-el-control-del-dengue\/#respond"]}]},{"@type":"WebPage","@id":"https:\/\/luchonoticias.com\/editor\/huila-establece-plan-para-el-control-del-dengue\/","url":"https:\/\/luchonoticias.com\/editor\/huila-establece-plan-para-el-control-del-dengue\/","name":"Huila establece plan para el control del dengue -","isPartOf":{"@id":"https:\/\/luchonoticias.com\/editor\/#website"},"datePublished":"2023-06-08T12:38:11+00:00","dateModified":"2023-06-08T12:38:12+00:00","breadcrumb":{"@id":"https:\/\/luchonoticias.com\/editor\/huila-establece-plan-para-el-control-del-dengue\/#breadcrumb"},"inLanguage":"es","potentialAction":[{"@type":"ReadAction","target":["https:\/\/luchonoticias.com\/editor\/huila-establece-plan-para-el-control-del-dengue\/"]}]},{"@type":"BreadcrumbList","@id":"https:\/\/luchonoticias.com\/editor\/huila-establece-plan-para-el-control-del-dengue\/#breadcrumb","itemListElement":[{"@type":"ListItem","position":1,"name":"Portada","item":"https:\/\/luchonoticias.com\/editor\/"},{"@type":"ListItem","position":2,"name":"Huila establece plan para el control del dengue"}]},{"@type":"WebSite","@id":"https:\/\/luchonoticias.com\/editor\/#website","url":"https:\/\/luchonoticias.com\/editor\/","name":"","description":"","publisher":{"@id":"https:\/\/luchonoticias.com\/editor\/#\/schema\/person\/7a7fd911f58561fd056dbac7b55af9cd"},"potentialAction":[{"@type":"SearchAction","target":{"@type":"EntryPoint","urlTemplate":"https:\/\/luchonoticias.com\/editor\/?s={search_term_string}"},"query-input":{"@type":"PropertyValueSpecification","valueRequired":true,"valueName":"search_term_string"}}],"inLanguage":"es"},{"@type":["Person","Organization"],"@id":"https:\/\/luchonoticias.com\/editor\/#\/schema\/person\/7a7fd911f58561fd056dbac7b55af9cd","name":"admin","image":{"@type":"ImageObject","inLanguage":"es","@id":"https:\/\/luchonoticias.com\/editor\/#\/schema\/person\/image\/","url":"https:\/\/luchonoticias.com\/editor\/wp-content\/uploads\/2024\/02\/cropped-cropped-logolu.webp","contentUrl":"https:\/\/luchonoticias.com\/editor\/wp-content\/uploads\/2024\/02\/cropped-cropped-logolu.webp","width":382,"height":170,"caption":"admin"},"logo":{"@id":"https:\/\/luchonoticias.com\/editor\/#\/schema\/person\/image\/"},"sameAs":["https:\/\/www.facebook.com\/luchonoticiasneiva"]},{"@type":"Person","@id":"https:\/\/luchonoticias.com\/editor\/#\/schema\/person\/29217990ddf6f14e35912b2866d591fb","name":"Editor General","image":{"@type":"ImageObject","inLanguage":"es","@id":"https:\/\/luchonoticias.com\/editor\/#\/schema\/person\/image\/","url":"https:\/\/luchonoticias.com\/editor\/wp-content\/uploads\/2024\/02\/cropped-cropped-logolu-150x150.webp","contentUrl":"https:\/\/luchonoticias.com\/editor\/wp-content\/uploads\/2024\/02\/cropped-cropped-logolu-150x150.webp","caption":"Editor General"},"sameAs":["https:\/\/luchonoticias.com\/"],"url":"https:\/\/luchonoticias.com\/editor\/author\/editor-general\/"}]}},"_links":{"self":[{"href":"https:\/\/luchonoticias.com\/editor\/wp-json\/wp\/v2\/posts\/54100","targetHints":{"allow":["GET"]}}],"collection":[{"href":"https:\/\/luchonoticias.com\/editor\/wp-json\/wp\/v2\/posts"}],"about":[{"href":"https:\/\/luchonoticias.com\/editor\/wp-json\/wp\/v2\/types\/post"}],"author":[{"embeddable":true,"href":"https:\/\/luchonoticias.com\/editor\/wp-json\/wp\/v2\/users\/2"}],"replies":[{"embeddable":true,"href":"https:\/\/luchonoticias.com\/editor\/wp-json\/wp\/v2\/comments?post=54100"}],"version-history":[{"count":0,"href":"https:\/\/luchonoticias.com\/editor\/wp-json\/wp\/v2\/posts\/54100\/revisions"}],"wp:attachment":[{"href":"https:\/\/luchonoticias.com\/editor\/wp-json\/wp\/v2\/media?parent=54100"}],"wp:term":[{"taxonomy":"category","embeddable":true,"href":"https:\/\/luchonoticias.com\/editor\/wp-json\/wp\/v2\/categories?post=54100"},{"taxonomy":"post_tag","embeddable":true,"href":"https:\/\/luchonoticias.com\/editor\/wp-json\/wp\/v2\/tags?post=54100"}],"curies":[{"name":"wp","href":"https:\/\/api.w.org\/{rel}","templated":true}]}}