{"id":54175,"date":"2023-06-08T09:37:00","date_gmt":"2023-06-08T14:37:00","guid":{"rendered":"https:\/\/luchonoticias.com\/?p=54175"},"modified":"2023-06-08T09:37:55","modified_gmt":"2023-06-08T14:37:55","slug":"senado-frena-suplantacion-de-identidad-en-colombia","status":"publish","type":"post","link":"https:\/\/luchonoticias.com\/editor\/senado-frena-suplantacion-de-identidad-en-colombia\/","title":{"rendered":"Senado frena suplantaci\u00f3n de identidad en Colombia"},"content":{"rendered":"\n<p>En plenaria de senado, se aprob\u00f3 por unanimidad en \u00faltimo debate el proyecto de ley estatutaria \u201cPor medio del cual se establecen medidas para proteger a las personas del reporte negativo ante centrales de riesgo y el cobro de obligaciones en casos de suplantaci\u00f3n de identidad\u201d, presentado por el Representante&nbsp;<strong>Duvalier S\u00e1nchez Arango<\/strong>,&nbsp;<strong>Partido Alianza Verde<\/strong>.<\/p>\n\n\n\n<p>Los colombianos v\u00edctimas de suplantaci\u00f3n, solo con informar y notificar a la empresa operadora de telecomunicaciones, entidades financieras-crediticias y dem\u00e1s establecimientos comerciales, adquieren el derecho a que se les suspenda la deuda, conforme a lo aprobado por el senado.<\/p>\n\n\n\n<p>Esta iniciativa, a la que solo le falta la conciliaci\u00f3n y revisi\u00f3n de la Corte Constitucional, por tratarse de un proyecto de ley estatutaria, pretende acabar con las suplantaciones digitales, seg\u00fan el senador y coordinador ponente del proyecto,&nbsp;<strong>Jonathan Ferney Pulido Hern\u00e1ndez<\/strong>,<strong>&nbsp;Partido Alianza Verde<\/strong>, \u201cdichos fraudes crecen todos los d\u00edas, hasta el punto que se han incrementado de una manera exponencial e impresionante en un 859 %\u201d, precis\u00f3.<\/p>\n\n\n\n<p>El congresista&nbsp;<strong>Pulido Hern\u00e1ndez<\/strong>&nbsp;enfatiz\u00f3 que se trata de \u201cimplementar unas obligaciones de verificaci\u00f3n de identidad, creando protocolos de seguridad, en el sentido que cuando una persona vaya a adquirir un producto, las empresas que lo vendan verifiquen de manera correcta y rigurosa la identidad del ciudadano que adquiere el producto\u2026 Si a una persona que ha sido suplantada digitalmente, la incluyen en las centrales de riesgo, al momento de verificarse que no fue quien lo compr\u00f3, de inmediato se les debe retirar de esas centrales de riesgo\u201d.<\/p>\n\n\n\n<p>De otra parte, la plenaria aprob\u00f3 conciliaciones de los proyectos que tienen que ver con la correcci\u00f3n en la legislaci\u00f3n que limitaba presupuestalmente a 10 hospitales del pa\u00eds, para que puedan ejecutar los recursos. Se aprob\u00f3 tambi\u00e9n la iniciativa que establece lineamientos para pol\u00edticas p\u00fablicas en nutrici\u00f3n prenatal y seguridad alimentaria gestacional, as\u00ed como prevenci\u00f3n, diagn\u00f3stico temprano y tratamiento integral de la endometriosis, y el que adopta medidas para garantizar la defensa e integridad territorial, en el \u00e1mbito espacial.<\/p>\n","protected":false},"excerpt":{"rendered":"<p>En plenaria de senado, se aprob\u00f3 por unanimidad en \u00faltimo debate el proyecto de ley estatutaria \u201cPor medio del cual se establecen medidas para proteger a las personas del reporte negativo ante centrales de riesgo y el cobro de obligaciones en casos de suplantaci\u00f3n de identidad\u201d, presentado por el Representante&nbsp;Duvalier S\u00e1nchez Arango,&nbsp;Partido Alianza Verde. Los [&hellip;]<\/p>\n","protected":false},"author":2,"featured_media":0,"comment_status":"open","ping_status":"open","sticky":false,"template":"","format":"standard","meta":{"footnotes":""},"categories":[36,617],"tags":[],"class_list":["post-54175","post","type-post","status-publish","format-standard","hentry","category-destacado","category-politica"],"yoast_head":"<!-- This site is optimized with the Yoast SEO plugin v26.6 - https:\/\/yoast.com\/wordpress\/plugins\/seo\/ -->\n<title>Senado frena suplantaci\u00f3n de identidad en Colombia -<\/title>\n<meta name=\"robots\" content=\"index, follow, max-snippet:-1, max-image-preview:large, max-video-preview:-1\" \/>\n<link rel=\"canonical\" href=\"https:\/\/luchonoticias.com\/editor\/senado-frena-suplantacion-de-identidad-en-colombia\/\" \/>\n<meta property=\"og:locale\" content=\"es_ES\" \/>\n<meta property=\"og:type\" content=\"article\" \/>\n<meta property=\"og:title\" content=\"Senado frena suplantaci\u00f3n de identidad en Colombia -\" \/>\n<meta property=\"og:url\" content=\"https:\/\/luchonoticias.com\/editor\/senado-frena-suplantacion-de-identidad-en-colombia\/\" \/>\n<meta property=\"article:publisher\" content=\"https:\/\/www.facebook.com\/luchonoticiasneiva\" \/>\n<meta property=\"article:published_time\" content=\"2023-06-08T14:37:00+00:00\" \/>\n<meta property=\"article:modified_time\" content=\"2023-06-08T14:37:55+00:00\" \/>\n<meta name=\"author\" content=\"Editor General\" \/>\n<meta name=\"twitter:card\" content=\"summary_large_image\" \/>\n<meta name=\"twitter:label1\" content=\"Escrito por\" \/>\n\t<meta name=\"twitter:data1\" content=\"Editor General\" \/>\n\t<meta name=\"twitter:label2\" content=\"Tiempo de lectura\" \/>\n\t<meta name=\"twitter:data2\" content=\"2 minutos\" \/>\n<script type=\"application\/ld+json\" class=\"yoast-schema-graph\">{\"@context\":\"https:\/\/schema.org\",\"@graph\":[{\"@type\":\"Article\",\"@id\":\"https:\/\/luchonoticias.com\/editor\/senado-frena-suplantacion-de-identidad-en-colombia\/#article\",\"isPartOf\":{\"@id\":\"https:\/\/luchonoticias.com\/editor\/senado-frena-suplantacion-de-identidad-en-colombia\/\"},\"author\":{\"name\":\"Editor General\",\"@id\":\"https:\/\/luchonoticias.com\/editor\/#\/schema\/person\/29217990ddf6f14e35912b2866d591fb\"},\"headline\":\"Senado frena suplantaci\u00f3n de identidad en Colombia\",\"datePublished\":\"2023-06-08T14:37:00+00:00\",\"dateModified\":\"2023-06-08T14:37:55+00:00\",\"mainEntityOfPage\":{\"@id\":\"https:\/\/luchonoticias.com\/editor\/senado-frena-suplantacion-de-identidad-en-colombia\/\"},\"wordCount\":363,\"commentCount\":0,\"publisher\":{\"@id\":\"https:\/\/luchonoticias.com\/editor\/#\/schema\/person\/7a7fd911f58561fd056dbac7b55af9cd\"},\"articleSection\":[\"Destacado\",\"Pol\u00edtica\"],\"inLanguage\":\"es\",\"potentialAction\":[{\"@type\":\"CommentAction\",\"name\":\"Comment\",\"target\":[\"https:\/\/luchonoticias.com\/editor\/senado-frena-suplantacion-de-identidad-en-colombia\/#respond\"]}]},{\"@type\":\"WebPage\",\"@id\":\"https:\/\/luchonoticias.com\/editor\/senado-frena-suplantacion-de-identidad-en-colombia\/\",\"url\":\"https:\/\/luchonoticias.com\/editor\/senado-frena-suplantacion-de-identidad-en-colombia\/\",\"name\":\"Senado frena suplantaci\u00f3n de identidad en Colombia -\",\"isPartOf\":{\"@id\":\"https:\/\/luchonoticias.com\/editor\/#website\"},\"datePublished\":\"2023-06-08T14:37:00+00:00\",\"dateModified\":\"2023-06-08T14:37:55+00:00\",\"breadcrumb\":{\"@id\":\"https:\/\/luchonoticias.com\/editor\/senado-frena-suplantacion-de-identidad-en-colombia\/#breadcrumb\"},\"inLanguage\":\"es\",\"potentialAction\":[{\"@type\":\"ReadAction\",\"target\":[\"https:\/\/luchonoticias.com\/editor\/senado-frena-suplantacion-de-identidad-en-colombia\/\"]}]},{\"@type\":\"BreadcrumbList\",\"@id\":\"https:\/\/luchonoticias.com\/editor\/senado-frena-suplantacion-de-identidad-en-colombia\/#breadcrumb\",\"itemListElement\":[{\"@type\":\"ListItem\",\"position\":1,\"name\":\"Portada\",\"item\":\"https:\/\/luchonoticias.com\/editor\/\"},{\"@type\":\"ListItem\",\"position\":2,\"name\":\"Senado frena suplantaci\u00f3n de identidad en Colombia\"}]},{\"@type\":\"WebSite\",\"@id\":\"https:\/\/luchonoticias.com\/editor\/#website\",\"url\":\"https:\/\/luchonoticias.com\/editor\/\",\"name\":\"\",\"description\":\"\",\"publisher\":{\"@id\":\"https:\/\/luchonoticias.com\/editor\/#\/schema\/person\/7a7fd911f58561fd056dbac7b55af9cd\"},\"potentialAction\":[{\"@type\":\"SearchAction\",\"target\":{\"@type\":\"EntryPoint\",\"urlTemplate\":\"https:\/\/luchonoticias.com\/editor\/?s={search_term_string}\"},\"query-input\":{\"@type\":\"PropertyValueSpecification\",\"valueRequired\":true,\"valueName\":\"search_term_string\"}}],\"inLanguage\":\"es\"},{\"@type\":[\"Person\",\"Organization\"],\"@id\":\"https:\/\/luchonoticias.com\/editor\/#\/schema\/person\/7a7fd911f58561fd056dbac7b55af9cd\",\"name\":\"admin\",\"image\":{\"@type\":\"ImageObject\",\"inLanguage\":\"es\",\"@id\":\"https:\/\/luchonoticias.com\/editor\/#\/schema\/person\/image\/\",\"url\":\"https:\/\/luchonoticias.com\/editor\/wp-content\/uploads\/2024\/02\/cropped-cropped-logolu.webp\",\"contentUrl\":\"https:\/\/luchonoticias.com\/editor\/wp-content\/uploads\/2024\/02\/cropped-cropped-logolu.webp\",\"width\":382,\"height\":170,\"caption\":\"admin\"},\"logo\":{\"@id\":\"https:\/\/luchonoticias.com\/editor\/#\/schema\/person\/image\/\"},\"sameAs\":[\"https:\/\/www.facebook.com\/luchonoticiasneiva\"]},{\"@type\":\"Person\",\"@id\":\"https:\/\/luchonoticias.com\/editor\/#\/schema\/person\/29217990ddf6f14e35912b2866d591fb\",\"name\":\"Editor General\",\"image\":{\"@type\":\"ImageObject\",\"inLanguage\":\"es\",\"@id\":\"https:\/\/luchonoticias.com\/editor\/#\/schema\/person\/image\/\",\"url\":\"https:\/\/luchonoticias.com\/editor\/wp-content\/uploads\/2024\/02\/cropped-cropped-logolu-150x150.webp\",\"contentUrl\":\"https:\/\/luchonoticias.com\/editor\/wp-content\/uploads\/2024\/02\/cropped-cropped-logolu-150x150.webp\",\"caption\":\"Editor General\"},\"sameAs\":[\"https:\/\/luchonoticias.com\/\"],\"url\":\"https:\/\/luchonoticias.com\/editor\/author\/editor-general\/\"}]}<\/script>\n<!-- \/ Yoast SEO plugin. -->","yoast_head_json":{"title":"Senado frena suplantaci\u00f3n de identidad en Colombia -","robots":{"index":"index","follow":"follow","max-snippet":"max-snippet:-1","max-image-preview":"max-image-preview:large","max-video-preview":"max-video-preview:-1"},"canonical":"https:\/\/luchonoticias.com\/editor\/senado-frena-suplantacion-de-identidad-en-colombia\/","og_locale":"es_ES","og_type":"article","og_title":"Senado frena suplantaci\u00f3n de identidad en Colombia -","og_url":"https:\/\/luchonoticias.com\/editor\/senado-frena-suplantacion-de-identidad-en-colombia\/","article_publisher":"https:\/\/www.facebook.com\/luchonoticiasneiva","article_published_time":"2023-06-08T14:37:00+00:00","article_modified_time":"2023-06-08T14:37:55+00:00","author":"Editor General","twitter_card":"summary_large_image","twitter_misc":{"Escrito por":"Editor General","Tiempo de lectura":"2 minutos"},"schema":{"@context":"https:\/\/schema.org","@graph":[{"@type":"Article","@id":"https:\/\/luchonoticias.com\/editor\/senado-frena-suplantacion-de-identidad-en-colombia\/#article","isPartOf":{"@id":"https:\/\/luchonoticias.com\/editor\/senado-frena-suplantacion-de-identidad-en-colombia\/"},"author":{"name":"Editor General","@id":"https:\/\/luchonoticias.com\/editor\/#\/schema\/person\/29217990ddf6f14e35912b2866d591fb"},"headline":"Senado frena suplantaci\u00f3n de identidad en Colombia","datePublished":"2023-06-08T14:37:00+00:00","dateModified":"2023-06-08T14:37:55+00:00","mainEntityOfPage":{"@id":"https:\/\/luchonoticias.com\/editor\/senado-frena-suplantacion-de-identidad-en-colombia\/"},"wordCount":363,"commentCount":0,"publisher":{"@id":"https:\/\/luchonoticias.com\/editor\/#\/schema\/person\/7a7fd911f58561fd056dbac7b55af9cd"},"articleSection":["Destacado","Pol\u00edtica"],"inLanguage":"es","potentialAction":[{"@type":"CommentAction","name":"Comment","target":["https:\/\/luchonoticias.com\/editor\/senado-frena-suplantacion-de-identidad-en-colombia\/#respond"]}]},{"@type":"WebPage","@id":"https:\/\/luchonoticias.com\/editor\/senado-frena-suplantacion-de-identidad-en-colombia\/","url":"https:\/\/luchonoticias.com\/editor\/senado-frena-suplantacion-de-identidad-en-colombia\/","name":"Senado frena suplantaci\u00f3n de identidad en Colombia -","isPartOf":{"@id":"https:\/\/luchonoticias.com\/editor\/#website"},"datePublished":"2023-06-08T14:37:00+00:00","dateModified":"2023-06-08T14:37:55+00:00","breadcrumb":{"@id":"https:\/\/luchonoticias.com\/editor\/senado-frena-suplantacion-de-identidad-en-colombia\/#breadcrumb"},"inLanguage":"es","potentialAction":[{"@type":"ReadAction","target":["https:\/\/luchonoticias.com\/editor\/senado-frena-suplantacion-de-identidad-en-colombia\/"]}]},{"@type":"BreadcrumbList","@id":"https:\/\/luchonoticias.com\/editor\/senado-frena-suplantacion-de-identidad-en-colombia\/#breadcrumb","itemListElement":[{"@type":"ListItem","position":1,"name":"Portada","item":"https:\/\/luchonoticias.com\/editor\/"},{"@type":"ListItem","position":2,"name":"Senado frena suplantaci\u00f3n de identidad en Colombia"}]},{"@type":"WebSite","@id":"https:\/\/luchonoticias.com\/editor\/#website","url":"https:\/\/luchonoticias.com\/editor\/","name":"","description":"","publisher":{"@id":"https:\/\/luchonoticias.com\/editor\/#\/schema\/person\/7a7fd911f58561fd056dbac7b55af9cd"},"potentialAction":[{"@type":"SearchAction","target":{"@type":"EntryPoint","urlTemplate":"https:\/\/luchonoticias.com\/editor\/?s={search_term_string}"},"query-input":{"@type":"PropertyValueSpecification","valueRequired":true,"valueName":"search_term_string"}}],"inLanguage":"es"},{"@type":["Person","Organization"],"@id":"https:\/\/luchonoticias.com\/editor\/#\/schema\/person\/7a7fd911f58561fd056dbac7b55af9cd","name":"admin","image":{"@type":"ImageObject","inLanguage":"es","@id":"https:\/\/luchonoticias.com\/editor\/#\/schema\/person\/image\/","url":"https:\/\/luchonoticias.com\/editor\/wp-content\/uploads\/2024\/02\/cropped-cropped-logolu.webp","contentUrl":"https:\/\/luchonoticias.com\/editor\/wp-content\/uploads\/2024\/02\/cropped-cropped-logolu.webp","width":382,"height":170,"caption":"admin"},"logo":{"@id":"https:\/\/luchonoticias.com\/editor\/#\/schema\/person\/image\/"},"sameAs":["https:\/\/www.facebook.com\/luchonoticiasneiva"]},{"@type":"Person","@id":"https:\/\/luchonoticias.com\/editor\/#\/schema\/person\/29217990ddf6f14e35912b2866d591fb","name":"Editor General","image":{"@type":"ImageObject","inLanguage":"es","@id":"https:\/\/luchonoticias.com\/editor\/#\/schema\/person\/image\/","url":"https:\/\/luchonoticias.com\/editor\/wp-content\/uploads\/2024\/02\/cropped-cropped-logolu-150x150.webp","contentUrl":"https:\/\/luchonoticias.com\/editor\/wp-content\/uploads\/2024\/02\/cropped-cropped-logolu-150x150.webp","caption":"Editor General"},"sameAs":["https:\/\/luchonoticias.com\/"],"url":"https:\/\/luchonoticias.com\/editor\/author\/editor-general\/"}]}},"_links":{"self":[{"href":"https:\/\/luchonoticias.com\/editor\/wp-json\/wp\/v2\/posts\/54175","targetHints":{"allow":["GET"]}}],"collection":[{"href":"https:\/\/luchonoticias.com\/editor\/wp-json\/wp\/v2\/posts"}],"about":[{"href":"https:\/\/luchonoticias.com\/editor\/wp-json\/wp\/v2\/types\/post"}],"author":[{"embeddable":true,"href":"https:\/\/luchonoticias.com\/editor\/wp-json\/wp\/v2\/users\/2"}],"replies":[{"embeddable":true,"href":"https:\/\/luchonoticias.com\/editor\/wp-json\/wp\/v2\/comments?post=54175"}],"version-history":[{"count":0,"href":"https:\/\/luchonoticias.com\/editor\/wp-json\/wp\/v2\/posts\/54175\/revisions"}],"wp:attachment":[{"href":"https:\/\/luchonoticias.com\/editor\/wp-json\/wp\/v2\/media?parent=54175"}],"wp:term":[{"taxonomy":"category","embeddable":true,"href":"https:\/\/luchonoticias.com\/editor\/wp-json\/wp\/v2\/categories?post=54175"},{"taxonomy":"post_tag","embeddable":true,"href":"https:\/\/luchonoticias.com\/editor\/wp-json\/wp\/v2\/tags?post=54175"}],"curies":[{"name":"wp","href":"https:\/\/api.w.org\/{rel}","templated":true}]}}