{"id":54179,"date":"2023-06-08T09:39:14","date_gmt":"2023-06-08T14:39:14","guid":{"rendered":"https:\/\/luchonoticias.com\/?p=54179"},"modified":"2023-06-08T09:39:15","modified_gmt":"2023-06-08T14:39:15","slug":"comision-segunda-busca-soluciones-a-las-problematicas-de-inseguridad-en-colombia","status":"publish","type":"post","link":"https:\/\/luchonoticias.com\/editor\/comision-segunda-busca-soluciones-a-las-problematicas-de-inseguridad-en-colombia\/","title":{"rendered":"Comisi\u00f3n Segunda busca soluciones a las problem\u00e1ticas de inseguridad en Colombia."},"content":{"rendered":"\n<p>El Representante a la C\u00e1mara,&nbsp;<strong>Fernando Ni\u00f1o<\/strong>&nbsp;de la bancada conservadora por el departamento de Bol\u00edvar, abri\u00f3 el debate refiri\u00e9ndose a la inseguridad que se vive en la ciudad de Cartagena en donde se ha notado un incremento en el homicidio, la prostituci\u00f3n y la estafa a los turistas, por lo anterior, realiz\u00f3 un llamado al Ministerio del Comercio, de suerte que se observa un incremento de delitos frente al turismo, de la misma manera enfatiz\u00f3 en que los ingresos de los cartageneros se deben en gran medida al turismo y por ende es necesario lograr que haya un nivel estricto de seguridad tanto para sus habitantes como para los turistas.<\/p>\n\n\n\n<p>La Congresista&nbsp;<strong>Elizabeth Jay-Pang,&nbsp;<\/strong>de la bancada liberal, le solicit\u00f3 al general mayor apoyo en temas de seguridad con respecto a los entornos que rodean la de la Isla de San Andr\u00e9s, as\u00ed mismo, la legisladora se refiri\u00f3 sobre la inseguridad en el comercio, los altos costos de los productos y la falta de educaci\u00f3n en la isla, entre otras problem\u00e1ticas.<\/p>\n\n\n\n<p>Entre tanto, la discusi\u00f3n permiti\u00f3 que varios representantes tambi\u00e9n mencionaran sus problem\u00e1ticas de manera similar en todos sus territorios; se identific\u00f3 el patr\u00f3n de inseguridad creciente en las diferentes regiones del pa\u00eds y se discuti\u00f3 que las cifras de mejor\u00eda no son palpables en contraste con la realidad y as\u00ed fue la conclusi\u00f3n de varios de los legisladores como:&nbsp;<strong>Gersel P\u00e9rez&nbsp;<\/strong>y<strong>&nbsp;Rodrigo Tovar.<\/strong><\/p>\n\n\n\n<p>Por su parte, el Ministro de justicia y<strong>&nbsp;<\/strong>del derecho,&nbsp;<strong>N\u00e9stor Iv\u00e1n Osuna,<\/strong>&nbsp;hizo claridad al expresar que desde el sector justicia no se increment\u00f3 la partida presupuestal para esta cartera, ya que, el objetivo fundamental es aumentar el n\u00famero de funcionarios p\u00fablicos como jueces y despachos judiciales para as\u00ed poder combatir el incremento de la criminalidad. Igualmente, resalt\u00f3 que entre el a\u00f1o 2023 y 2024, la rama judicial tendr\u00e1 una adici\u00f3n entre&nbsp;<strong>750 y 780 mil millones de pesos<\/strong>, debido a que el mapa judicial est\u00e1 debilitado para distribuir la cantidad de jueces por todo el pa\u00eds, especialmente en el caribe.<\/p>\n\n\n\n<p>Sin quedarse atr\u00e1s, el Ministro de la defensa,&nbsp;<strong>Iv\u00e1n Vel\u00e1squez,<\/strong>&nbsp;se refiri\u00f3 acerca de los m\u00faltiples hechos ocurridos en los \u00faltimos d\u00edas en las distintas regiones del pa\u00eds, mencion\u00f3 algunos de ellos tales como: la quema de buses, el incremento de la extorsi\u00f3n, el hurto y las denuncias al respecto de la Unidad Nacional de Protecci\u00f3n, enfatizando en que las acciones por parte de la Fuerza P\u00fablica, se siguen manteniendo y que la causa fundamental de todo el panorama es el narcotr\u00e1fico. Por tanto, se ratificaron nuevamente los acuerdos ya suscritos desde tiempo atr\u00e1s con el Ministerio para lograr la cooperaci\u00f3n interinstitucional y as\u00ed combatir las organizaciones armadas ilegales concluy\u00f3 el alto funcionario en la Comisi\u00f3n Segunda de la C\u00e1mara de Representantes.<\/p>\n","protected":false},"excerpt":{"rendered":"<p>El Representante a la C\u00e1mara,&nbsp;Fernando Ni\u00f1o&nbsp;de la bancada conservadora por el departamento de Bol\u00edvar, abri\u00f3 el debate refiri\u00e9ndose a la inseguridad que se vive en la ciudad de Cartagena en donde se ha notado un incremento en el homicidio, la prostituci\u00f3n y la estafa a los turistas, por lo anterior, realiz\u00f3 un llamado al Ministerio [&hellip;]<\/p>\n","protected":false},"author":2,"featured_media":0,"comment_status":"open","ping_status":"open","sticky":false,"template":"","format":"standard","meta":{"footnotes":""},"categories":[36,617],"tags":[],"class_list":["post-54179","post","type-post","status-publish","format-standard","hentry","category-destacado","category-politica"],"yoast_head":"<!-- This site is optimized with the Yoast SEO plugin v26.6 - https:\/\/yoast.com\/wordpress\/plugins\/seo\/ -->\n<title>Comisi\u00f3n Segunda busca soluciones a las problem\u00e1ticas de inseguridad en Colombia. -<\/title>\n<meta name=\"robots\" content=\"index, follow, max-snippet:-1, max-image-preview:large, max-video-preview:-1\" \/>\n<link rel=\"canonical\" href=\"https:\/\/luchonoticias.com\/editor\/comision-segunda-busca-soluciones-a-las-problematicas-de-inseguridad-en-colombia\/\" \/>\n<meta property=\"og:locale\" content=\"es_ES\" \/>\n<meta property=\"og:type\" content=\"article\" \/>\n<meta property=\"og:title\" content=\"Comisi\u00f3n Segunda busca soluciones a las problem\u00e1ticas de inseguridad en Colombia. -\" \/>\n<meta property=\"og:url\" content=\"https:\/\/luchonoticias.com\/editor\/comision-segunda-busca-soluciones-a-las-problematicas-de-inseguridad-en-colombia\/\" \/>\n<meta property=\"article:publisher\" content=\"https:\/\/www.facebook.com\/luchonoticiasneiva\" \/>\n<meta property=\"article:published_time\" content=\"2023-06-08T14:39:14+00:00\" \/>\n<meta property=\"article:modified_time\" content=\"2023-06-08T14:39:15+00:00\" \/>\n<meta name=\"author\" content=\"Editor General\" \/>\n<meta name=\"twitter:card\" content=\"summary_large_image\" \/>\n<meta name=\"twitter:label1\" content=\"Escrito por\" \/>\n\t<meta name=\"twitter:data1\" content=\"Editor General\" \/>\n\t<meta name=\"twitter:label2\" content=\"Tiempo de lectura\" \/>\n\t<meta name=\"twitter:data2\" content=\"3 minutos\" \/>\n<script type=\"application\/ld+json\" class=\"yoast-schema-graph\">{\"@context\":\"https:\/\/schema.org\",\"@graph\":[{\"@type\":\"Article\",\"@id\":\"https:\/\/luchonoticias.com\/editor\/comision-segunda-busca-soluciones-a-las-problematicas-de-inseguridad-en-colombia\/#article\",\"isPartOf\":{\"@id\":\"https:\/\/luchonoticias.com\/editor\/comision-segunda-busca-soluciones-a-las-problematicas-de-inseguridad-en-colombia\/\"},\"author\":{\"name\":\"Editor General\",\"@id\":\"https:\/\/luchonoticias.com\/editor\/#\/schema\/person\/29217990ddf6f14e35912b2866d591fb\"},\"headline\":\"Comisi\u00f3n Segunda busca soluciones a las problem\u00e1ticas de inseguridad en Colombia.\",\"datePublished\":\"2023-06-08T14:39:14+00:00\",\"dateModified\":\"2023-06-08T14:39:15+00:00\",\"mainEntityOfPage\":{\"@id\":\"https:\/\/luchonoticias.com\/editor\/comision-segunda-busca-soluciones-a-las-problematicas-de-inseguridad-en-colombia\/\"},\"wordCount\":519,\"commentCount\":0,\"publisher\":{\"@id\":\"https:\/\/luchonoticias.com\/editor\/#\/schema\/person\/7a7fd911f58561fd056dbac7b55af9cd\"},\"articleSection\":[\"Destacado\",\"Pol\u00edtica\"],\"inLanguage\":\"es\",\"potentialAction\":[{\"@type\":\"CommentAction\",\"name\":\"Comment\",\"target\":[\"https:\/\/luchonoticias.com\/editor\/comision-segunda-busca-soluciones-a-las-problematicas-de-inseguridad-en-colombia\/#respond\"]}]},{\"@type\":\"WebPage\",\"@id\":\"https:\/\/luchonoticias.com\/editor\/comision-segunda-busca-soluciones-a-las-problematicas-de-inseguridad-en-colombia\/\",\"url\":\"https:\/\/luchonoticias.com\/editor\/comision-segunda-busca-soluciones-a-las-problematicas-de-inseguridad-en-colombia\/\",\"name\":\"Comisi\u00f3n Segunda busca soluciones a las problem\u00e1ticas de inseguridad en Colombia. -\",\"isPartOf\":{\"@id\":\"https:\/\/luchonoticias.com\/editor\/#website\"},\"datePublished\":\"2023-06-08T14:39:14+00:00\",\"dateModified\":\"2023-06-08T14:39:15+00:00\",\"breadcrumb\":{\"@id\":\"https:\/\/luchonoticias.com\/editor\/comision-segunda-busca-soluciones-a-las-problematicas-de-inseguridad-en-colombia\/#breadcrumb\"},\"inLanguage\":\"es\",\"potentialAction\":[{\"@type\":\"ReadAction\",\"target\":[\"https:\/\/luchonoticias.com\/editor\/comision-segunda-busca-soluciones-a-las-problematicas-de-inseguridad-en-colombia\/\"]}]},{\"@type\":\"BreadcrumbList\",\"@id\":\"https:\/\/luchonoticias.com\/editor\/comision-segunda-busca-soluciones-a-las-problematicas-de-inseguridad-en-colombia\/#breadcrumb\",\"itemListElement\":[{\"@type\":\"ListItem\",\"position\":1,\"name\":\"Portada\",\"item\":\"https:\/\/luchonoticias.com\/editor\/\"},{\"@type\":\"ListItem\",\"position\":2,\"name\":\"Comisi\u00f3n Segunda busca soluciones a las problem\u00e1ticas de inseguridad en Colombia.\"}]},{\"@type\":\"WebSite\",\"@id\":\"https:\/\/luchonoticias.com\/editor\/#website\",\"url\":\"https:\/\/luchonoticias.com\/editor\/\",\"name\":\"\",\"description\":\"\",\"publisher\":{\"@id\":\"https:\/\/luchonoticias.com\/editor\/#\/schema\/person\/7a7fd911f58561fd056dbac7b55af9cd\"},\"potentialAction\":[{\"@type\":\"SearchAction\",\"target\":{\"@type\":\"EntryPoint\",\"urlTemplate\":\"https:\/\/luchonoticias.com\/editor\/?s={search_term_string}\"},\"query-input\":{\"@type\":\"PropertyValueSpecification\",\"valueRequired\":true,\"valueName\":\"search_term_string\"}}],\"inLanguage\":\"es\"},{\"@type\":[\"Person\",\"Organization\"],\"@id\":\"https:\/\/luchonoticias.com\/editor\/#\/schema\/person\/7a7fd911f58561fd056dbac7b55af9cd\",\"name\":\"admin\",\"image\":{\"@type\":\"ImageObject\",\"inLanguage\":\"es\",\"@id\":\"https:\/\/luchonoticias.com\/editor\/#\/schema\/person\/image\/\",\"url\":\"https:\/\/luchonoticias.com\/editor\/wp-content\/uploads\/2024\/02\/cropped-cropped-logolu.webp\",\"contentUrl\":\"https:\/\/luchonoticias.com\/editor\/wp-content\/uploads\/2024\/02\/cropped-cropped-logolu.webp\",\"width\":382,\"height\":170,\"caption\":\"admin\"},\"logo\":{\"@id\":\"https:\/\/luchonoticias.com\/editor\/#\/schema\/person\/image\/\"},\"sameAs\":[\"https:\/\/www.facebook.com\/luchonoticiasneiva\"]},{\"@type\":\"Person\",\"@id\":\"https:\/\/luchonoticias.com\/editor\/#\/schema\/person\/29217990ddf6f14e35912b2866d591fb\",\"name\":\"Editor General\",\"image\":{\"@type\":\"ImageObject\",\"inLanguage\":\"es\",\"@id\":\"https:\/\/luchonoticias.com\/editor\/#\/schema\/person\/image\/\",\"url\":\"https:\/\/luchonoticias.com\/editor\/wp-content\/uploads\/2024\/02\/cropped-cropped-logolu-150x150.webp\",\"contentUrl\":\"https:\/\/luchonoticias.com\/editor\/wp-content\/uploads\/2024\/02\/cropped-cropped-logolu-150x150.webp\",\"caption\":\"Editor General\"},\"sameAs\":[\"https:\/\/luchonoticias.com\/\"],\"url\":\"https:\/\/luchonoticias.com\/editor\/author\/editor-general\/\"}]}<\/script>\n<!-- \/ Yoast SEO plugin. -->","yoast_head_json":{"title":"Comisi\u00f3n Segunda busca soluciones a las problem\u00e1ticas de inseguridad en Colombia. -","robots":{"index":"index","follow":"follow","max-snippet":"max-snippet:-1","max-image-preview":"max-image-preview:large","max-video-preview":"max-video-preview:-1"},"canonical":"https:\/\/luchonoticias.com\/editor\/comision-segunda-busca-soluciones-a-las-problematicas-de-inseguridad-en-colombia\/","og_locale":"es_ES","og_type":"article","og_title":"Comisi\u00f3n Segunda busca soluciones a las problem\u00e1ticas de inseguridad en Colombia. -","og_url":"https:\/\/luchonoticias.com\/editor\/comision-segunda-busca-soluciones-a-las-problematicas-de-inseguridad-en-colombia\/","article_publisher":"https:\/\/www.facebook.com\/luchonoticiasneiva","article_published_time":"2023-06-08T14:39:14+00:00","article_modified_time":"2023-06-08T14:39:15+00:00","author":"Editor General","twitter_card":"summary_large_image","twitter_misc":{"Escrito por":"Editor General","Tiempo de lectura":"3 minutos"},"schema":{"@context":"https:\/\/schema.org","@graph":[{"@type":"Article","@id":"https:\/\/luchonoticias.com\/editor\/comision-segunda-busca-soluciones-a-las-problematicas-de-inseguridad-en-colombia\/#article","isPartOf":{"@id":"https:\/\/luchonoticias.com\/editor\/comision-segunda-busca-soluciones-a-las-problematicas-de-inseguridad-en-colombia\/"},"author":{"name":"Editor General","@id":"https:\/\/luchonoticias.com\/editor\/#\/schema\/person\/29217990ddf6f14e35912b2866d591fb"},"headline":"Comisi\u00f3n Segunda busca soluciones a las problem\u00e1ticas de inseguridad en Colombia.","datePublished":"2023-06-08T14:39:14+00:00","dateModified":"2023-06-08T14:39:15+00:00","mainEntityOfPage":{"@id":"https:\/\/luchonoticias.com\/editor\/comision-segunda-busca-soluciones-a-las-problematicas-de-inseguridad-en-colombia\/"},"wordCount":519,"commentCount":0,"publisher":{"@id":"https:\/\/luchonoticias.com\/editor\/#\/schema\/person\/7a7fd911f58561fd056dbac7b55af9cd"},"articleSection":["Destacado","Pol\u00edtica"],"inLanguage":"es","potentialAction":[{"@type":"CommentAction","name":"Comment","target":["https:\/\/luchonoticias.com\/editor\/comision-segunda-busca-soluciones-a-las-problematicas-de-inseguridad-en-colombia\/#respond"]}]},{"@type":"WebPage","@id":"https:\/\/luchonoticias.com\/editor\/comision-segunda-busca-soluciones-a-las-problematicas-de-inseguridad-en-colombia\/","url":"https:\/\/luchonoticias.com\/editor\/comision-segunda-busca-soluciones-a-las-problematicas-de-inseguridad-en-colombia\/","name":"Comisi\u00f3n Segunda busca soluciones a las problem\u00e1ticas de inseguridad en Colombia. -","isPartOf":{"@id":"https:\/\/luchonoticias.com\/editor\/#website"},"datePublished":"2023-06-08T14:39:14+00:00","dateModified":"2023-06-08T14:39:15+00:00","breadcrumb":{"@id":"https:\/\/luchonoticias.com\/editor\/comision-segunda-busca-soluciones-a-las-problematicas-de-inseguridad-en-colombia\/#breadcrumb"},"inLanguage":"es","potentialAction":[{"@type":"ReadAction","target":["https:\/\/luchonoticias.com\/editor\/comision-segunda-busca-soluciones-a-las-problematicas-de-inseguridad-en-colombia\/"]}]},{"@type":"BreadcrumbList","@id":"https:\/\/luchonoticias.com\/editor\/comision-segunda-busca-soluciones-a-las-problematicas-de-inseguridad-en-colombia\/#breadcrumb","itemListElement":[{"@type":"ListItem","position":1,"name":"Portada","item":"https:\/\/luchonoticias.com\/editor\/"},{"@type":"ListItem","position":2,"name":"Comisi\u00f3n Segunda busca soluciones a las problem\u00e1ticas de inseguridad en Colombia."}]},{"@type":"WebSite","@id":"https:\/\/luchonoticias.com\/editor\/#website","url":"https:\/\/luchonoticias.com\/editor\/","name":"","description":"","publisher":{"@id":"https:\/\/luchonoticias.com\/editor\/#\/schema\/person\/7a7fd911f58561fd056dbac7b55af9cd"},"potentialAction":[{"@type":"SearchAction","target":{"@type":"EntryPoint","urlTemplate":"https:\/\/luchonoticias.com\/editor\/?s={search_term_string}"},"query-input":{"@type":"PropertyValueSpecification","valueRequired":true,"valueName":"search_term_string"}}],"inLanguage":"es"},{"@type":["Person","Organization"],"@id":"https:\/\/luchonoticias.com\/editor\/#\/schema\/person\/7a7fd911f58561fd056dbac7b55af9cd","name":"admin","image":{"@type":"ImageObject","inLanguage":"es","@id":"https:\/\/luchonoticias.com\/editor\/#\/schema\/person\/image\/","url":"https:\/\/luchonoticias.com\/editor\/wp-content\/uploads\/2024\/02\/cropped-cropped-logolu.webp","contentUrl":"https:\/\/luchonoticias.com\/editor\/wp-content\/uploads\/2024\/02\/cropped-cropped-logolu.webp","width":382,"height":170,"caption":"admin"},"logo":{"@id":"https:\/\/luchonoticias.com\/editor\/#\/schema\/person\/image\/"},"sameAs":["https:\/\/www.facebook.com\/luchonoticiasneiva"]},{"@type":"Person","@id":"https:\/\/luchonoticias.com\/editor\/#\/schema\/person\/29217990ddf6f14e35912b2866d591fb","name":"Editor General","image":{"@type":"ImageObject","inLanguage":"es","@id":"https:\/\/luchonoticias.com\/editor\/#\/schema\/person\/image\/","url":"https:\/\/luchonoticias.com\/editor\/wp-content\/uploads\/2024\/02\/cropped-cropped-logolu-150x150.webp","contentUrl":"https:\/\/luchonoticias.com\/editor\/wp-content\/uploads\/2024\/02\/cropped-cropped-logolu-150x150.webp","caption":"Editor General"},"sameAs":["https:\/\/luchonoticias.com\/"],"url":"https:\/\/luchonoticias.com\/editor\/author\/editor-general\/"}]}},"_links":{"self":[{"href":"https:\/\/luchonoticias.com\/editor\/wp-json\/wp\/v2\/posts\/54179","targetHints":{"allow":["GET"]}}],"collection":[{"href":"https:\/\/luchonoticias.com\/editor\/wp-json\/wp\/v2\/posts"}],"about":[{"href":"https:\/\/luchonoticias.com\/editor\/wp-json\/wp\/v2\/types\/post"}],"author":[{"embeddable":true,"href":"https:\/\/luchonoticias.com\/editor\/wp-json\/wp\/v2\/users\/2"}],"replies":[{"embeddable":true,"href":"https:\/\/luchonoticias.com\/editor\/wp-json\/wp\/v2\/comments?post=54179"}],"version-history":[{"count":0,"href":"https:\/\/luchonoticias.com\/editor\/wp-json\/wp\/v2\/posts\/54179\/revisions"}],"wp:attachment":[{"href":"https:\/\/luchonoticias.com\/editor\/wp-json\/wp\/v2\/media?parent=54179"}],"wp:term":[{"taxonomy":"category","embeddable":true,"href":"https:\/\/luchonoticias.com\/editor\/wp-json\/wp\/v2\/categories?post=54179"},{"taxonomy":"post_tag","embeddable":true,"href":"https:\/\/luchonoticias.com\/editor\/wp-json\/wp\/v2\/tags?post=54179"}],"curies":[{"name":"wp","href":"https:\/\/api.w.org\/{rel}","templated":true}]}}