{"id":54191,"date":"2023-06-08T15:59:05","date_gmt":"2023-06-08T20:59:05","guid":{"rendered":"https:\/\/luchonoticias.com\/?p=54191"},"modified":"2023-06-08T15:59:06","modified_gmt":"2023-06-08T20:59:06","slug":"con-mas-de-media-libra-de-cocaina-fue-capturado-un-sujeto-conocido-como-juancho","status":"publish","type":"post","link":"https:\/\/luchonoticias.com\/editor\/con-mas-de-media-libra-de-cocaina-fue-capturado-un-sujeto-conocido-como-juancho\/","title":{"rendered":"Con m\u00e1s de media libra de coca\u00edna fue capturado un sujeto conocido como \u2018Juancho\u2019"},"content":{"rendered":"\n<p>Esta acci\u00f3n policial la desarrollaron los uniformados del cuadrante 28 adscritos al CAI Alpes, quienes mediante labores de patrullaje en la calle 1h con carrera 30 del barrio Las Acacias de la comuna 08, logran la captura en flagrancia de Juan Sebasti\u00e1n Tovar M\u00e9ndez de 21 a\u00f1os de edad conocido como \u00abJuancho\u00bb, residente en el barrio San Carlos de la comuna 8 de Neiva.<\/p>\n\n\n\n<p>Es de resaltar que esta persona se movilizaba por el sector y al notar la presencia de los uniformados emprende la huida, siendo alcanzado metros m\u00e1s adelante, hallando en su poder 350 gramos aproximadamente, de base de coca.<\/p>\n\n\n\n<p>Es de anotar que \u00abJuancho\u00bb adicionalmente registra una orden de captura vigente por el delito de violencia intrafamiliar y est\u00e1 siendo indiciado por el delito de tentativa de homicidio.<\/p>\n\n\n\n<p>Este individuo fue dejado a disposici\u00f3n de autoridad competente por el delito de tr\u00e1fico, fabricaci\u00f3n y porte de estupefacientes, donde un juez de control de garant\u00edas decidi\u00f3 cobijarlo con medida de aseguramiento en establecimiento carcelario.<\/p>\n\n\n\n<p>El se\u00f1or Coronel Domingo Alfredo L\u00f3pez Dales, Comandante de la Polic\u00eda Metropolitana de Neiva, hace el llamado a la ciudadan\u00eda para que denuncie cualquier situaci\u00f3n a trav\u00e9s de la l\u00ednea de emergencia 123 o con la patrulla del cuadrante m\u00e1s cercana.<\/p>\n","protected":false},"excerpt":{"rendered":"<p>Esta acci\u00f3n policial la desarrollaron los uniformados del cuadrante 28 adscritos al CAI Alpes, quienes mediante labores de patrullaje en la calle 1h con carrera 30 del barrio Las Acacias de la comuna 08, logran la captura en flagrancia de Juan Sebasti\u00e1n Tovar M\u00e9ndez de 21 a\u00f1os de edad conocido como \u00abJuancho\u00bb, residente en el [&hellip;]<\/p>\n","protected":false},"author":2,"featured_media":0,"comment_status":"open","ping_status":"open","sticky":false,"template":"","format":"standard","meta":{"footnotes":""},"categories":[36,29],"tags":[],"class_list":["post-54191","post","type-post","status-publish","format-standard","hentry","category-destacado","category-judicial"],"yoast_head":"<!-- This site is optimized with the Yoast SEO plugin v26.6 - https:\/\/yoast.com\/wordpress\/plugins\/seo\/ -->\n<title>Con m\u00e1s de media libra de coca\u00edna fue capturado un sujeto conocido como \u2018Juancho\u2019 -<\/title>\n<meta name=\"robots\" content=\"index, follow, max-snippet:-1, max-image-preview:large, max-video-preview:-1\" \/>\n<link rel=\"canonical\" href=\"https:\/\/luchonoticias.com\/editor\/con-mas-de-media-libra-de-cocaina-fue-capturado-un-sujeto-conocido-como-juancho\/\" \/>\n<meta property=\"og:locale\" content=\"es_ES\" \/>\n<meta property=\"og:type\" content=\"article\" \/>\n<meta property=\"og:title\" content=\"Con m\u00e1s de media libra de coca\u00edna fue capturado un sujeto conocido como \u2018Juancho\u2019 -\" \/>\n<meta property=\"og:url\" content=\"https:\/\/luchonoticias.com\/editor\/con-mas-de-media-libra-de-cocaina-fue-capturado-un-sujeto-conocido-como-juancho\/\" \/>\n<meta property=\"article:publisher\" content=\"https:\/\/www.facebook.com\/luchonoticiasneiva\" \/>\n<meta property=\"article:published_time\" content=\"2023-06-08T20:59:05+00:00\" \/>\n<meta property=\"article:modified_time\" content=\"2023-06-08T20:59:06+00:00\" \/>\n<meta name=\"author\" content=\"Editor General\" \/>\n<meta name=\"twitter:card\" content=\"summary_large_image\" \/>\n<meta name=\"twitter:label1\" content=\"Escrito por\" \/>\n\t<meta name=\"twitter:data1\" content=\"Editor General\" \/>\n\t<meta name=\"twitter:label2\" content=\"Tiempo de lectura\" \/>\n\t<meta name=\"twitter:data2\" content=\"1 minuto\" \/>\n<script type=\"application\/ld+json\" class=\"yoast-schema-graph\">{\"@context\":\"https:\/\/schema.org\",\"@graph\":[{\"@type\":\"Article\",\"@id\":\"https:\/\/luchonoticias.com\/editor\/con-mas-de-media-libra-de-cocaina-fue-capturado-un-sujeto-conocido-como-juancho\/#article\",\"isPartOf\":{\"@id\":\"https:\/\/luchonoticias.com\/editor\/con-mas-de-media-libra-de-cocaina-fue-capturado-un-sujeto-conocido-como-juancho\/\"},\"author\":{\"name\":\"Editor General\",\"@id\":\"https:\/\/luchonoticias.com\/editor\/#\/schema\/person\/29217990ddf6f14e35912b2866d591fb\"},\"headline\":\"Con m\u00e1s de media libra de coca\u00edna fue capturado un sujeto conocido como \u2018Juancho\u2019\",\"datePublished\":\"2023-06-08T20:59:05+00:00\",\"dateModified\":\"2023-06-08T20:59:06+00:00\",\"mainEntityOfPage\":{\"@id\":\"https:\/\/luchonoticias.com\/editor\/con-mas-de-media-libra-de-cocaina-fue-capturado-un-sujeto-conocido-como-juancho\/\"},\"wordCount\":233,\"commentCount\":0,\"publisher\":{\"@id\":\"https:\/\/luchonoticias.com\/editor\/#\/schema\/person\/7a7fd911f58561fd056dbac7b55af9cd\"},\"articleSection\":[\"Destacado\",\"Judicial\"],\"inLanguage\":\"es\",\"potentialAction\":[{\"@type\":\"CommentAction\",\"name\":\"Comment\",\"target\":[\"https:\/\/luchonoticias.com\/editor\/con-mas-de-media-libra-de-cocaina-fue-capturado-un-sujeto-conocido-como-juancho\/#respond\"]}]},{\"@type\":\"WebPage\",\"@id\":\"https:\/\/luchonoticias.com\/editor\/con-mas-de-media-libra-de-cocaina-fue-capturado-un-sujeto-conocido-como-juancho\/\",\"url\":\"https:\/\/luchonoticias.com\/editor\/con-mas-de-media-libra-de-cocaina-fue-capturado-un-sujeto-conocido-como-juancho\/\",\"name\":\"Con m\u00e1s de media libra de coca\u00edna fue capturado un sujeto conocido como \u2018Juancho\u2019 -\",\"isPartOf\":{\"@id\":\"https:\/\/luchonoticias.com\/editor\/#website\"},\"datePublished\":\"2023-06-08T20:59:05+00:00\",\"dateModified\":\"2023-06-08T20:59:06+00:00\",\"breadcrumb\":{\"@id\":\"https:\/\/luchonoticias.com\/editor\/con-mas-de-media-libra-de-cocaina-fue-capturado-un-sujeto-conocido-como-juancho\/#breadcrumb\"},\"inLanguage\":\"es\",\"potentialAction\":[{\"@type\":\"ReadAction\",\"target\":[\"https:\/\/luchonoticias.com\/editor\/con-mas-de-media-libra-de-cocaina-fue-capturado-un-sujeto-conocido-como-juancho\/\"]}]},{\"@type\":\"BreadcrumbList\",\"@id\":\"https:\/\/luchonoticias.com\/editor\/con-mas-de-media-libra-de-cocaina-fue-capturado-un-sujeto-conocido-como-juancho\/#breadcrumb\",\"itemListElement\":[{\"@type\":\"ListItem\",\"position\":1,\"name\":\"Portada\",\"item\":\"https:\/\/luchonoticias.com\/editor\/\"},{\"@type\":\"ListItem\",\"position\":2,\"name\":\"Con m\u00e1s de media libra de coca\u00edna fue capturado un sujeto conocido como \u2018Juancho\u2019\"}]},{\"@type\":\"WebSite\",\"@id\":\"https:\/\/luchonoticias.com\/editor\/#website\",\"url\":\"https:\/\/luchonoticias.com\/editor\/\",\"name\":\"\",\"description\":\"\",\"publisher\":{\"@id\":\"https:\/\/luchonoticias.com\/editor\/#\/schema\/person\/7a7fd911f58561fd056dbac7b55af9cd\"},\"potentialAction\":[{\"@type\":\"SearchAction\",\"target\":{\"@type\":\"EntryPoint\",\"urlTemplate\":\"https:\/\/luchonoticias.com\/editor\/?s={search_term_string}\"},\"query-input\":{\"@type\":\"PropertyValueSpecification\",\"valueRequired\":true,\"valueName\":\"search_term_string\"}}],\"inLanguage\":\"es\"},{\"@type\":[\"Person\",\"Organization\"],\"@id\":\"https:\/\/luchonoticias.com\/editor\/#\/schema\/person\/7a7fd911f58561fd056dbac7b55af9cd\",\"name\":\"admin\",\"image\":{\"@type\":\"ImageObject\",\"inLanguage\":\"es\",\"@id\":\"https:\/\/luchonoticias.com\/editor\/#\/schema\/person\/image\/\",\"url\":\"https:\/\/luchonoticias.com\/editor\/wp-content\/uploads\/2024\/02\/cropped-cropped-logolu.webp\",\"contentUrl\":\"https:\/\/luchonoticias.com\/editor\/wp-content\/uploads\/2024\/02\/cropped-cropped-logolu.webp\",\"width\":382,\"height\":170,\"caption\":\"admin\"},\"logo\":{\"@id\":\"https:\/\/luchonoticias.com\/editor\/#\/schema\/person\/image\/\"},\"sameAs\":[\"https:\/\/www.facebook.com\/luchonoticiasneiva\"]},{\"@type\":\"Person\",\"@id\":\"https:\/\/luchonoticias.com\/editor\/#\/schema\/person\/29217990ddf6f14e35912b2866d591fb\",\"name\":\"Editor General\",\"image\":{\"@type\":\"ImageObject\",\"inLanguage\":\"es\",\"@id\":\"https:\/\/luchonoticias.com\/editor\/#\/schema\/person\/image\/\",\"url\":\"https:\/\/luchonoticias.com\/editor\/wp-content\/uploads\/2024\/02\/cropped-cropped-logolu-150x150.webp\",\"contentUrl\":\"https:\/\/luchonoticias.com\/editor\/wp-content\/uploads\/2024\/02\/cropped-cropped-logolu-150x150.webp\",\"caption\":\"Editor General\"},\"sameAs\":[\"https:\/\/luchonoticias.com\/\"],\"url\":\"https:\/\/luchonoticias.com\/editor\/author\/editor-general\/\"}]}<\/script>\n<!-- \/ Yoast SEO plugin. -->","yoast_head_json":{"title":"Con m\u00e1s de media libra de coca\u00edna fue capturado un sujeto conocido como \u2018Juancho\u2019 -","robots":{"index":"index","follow":"follow","max-snippet":"max-snippet:-1","max-image-preview":"max-image-preview:large","max-video-preview":"max-video-preview:-1"},"canonical":"https:\/\/luchonoticias.com\/editor\/con-mas-de-media-libra-de-cocaina-fue-capturado-un-sujeto-conocido-como-juancho\/","og_locale":"es_ES","og_type":"article","og_title":"Con m\u00e1s de media libra de coca\u00edna fue capturado un sujeto conocido como \u2018Juancho\u2019 -","og_url":"https:\/\/luchonoticias.com\/editor\/con-mas-de-media-libra-de-cocaina-fue-capturado-un-sujeto-conocido-como-juancho\/","article_publisher":"https:\/\/www.facebook.com\/luchonoticiasneiva","article_published_time":"2023-06-08T20:59:05+00:00","article_modified_time":"2023-06-08T20:59:06+00:00","author":"Editor General","twitter_card":"summary_large_image","twitter_misc":{"Escrito por":"Editor General","Tiempo de lectura":"1 minuto"},"schema":{"@context":"https:\/\/schema.org","@graph":[{"@type":"Article","@id":"https:\/\/luchonoticias.com\/editor\/con-mas-de-media-libra-de-cocaina-fue-capturado-un-sujeto-conocido-como-juancho\/#article","isPartOf":{"@id":"https:\/\/luchonoticias.com\/editor\/con-mas-de-media-libra-de-cocaina-fue-capturado-un-sujeto-conocido-como-juancho\/"},"author":{"name":"Editor General","@id":"https:\/\/luchonoticias.com\/editor\/#\/schema\/person\/29217990ddf6f14e35912b2866d591fb"},"headline":"Con m\u00e1s de media libra de coca\u00edna fue capturado un sujeto conocido como \u2018Juancho\u2019","datePublished":"2023-06-08T20:59:05+00:00","dateModified":"2023-06-08T20:59:06+00:00","mainEntityOfPage":{"@id":"https:\/\/luchonoticias.com\/editor\/con-mas-de-media-libra-de-cocaina-fue-capturado-un-sujeto-conocido-como-juancho\/"},"wordCount":233,"commentCount":0,"publisher":{"@id":"https:\/\/luchonoticias.com\/editor\/#\/schema\/person\/7a7fd911f58561fd056dbac7b55af9cd"},"articleSection":["Destacado","Judicial"],"inLanguage":"es","potentialAction":[{"@type":"CommentAction","name":"Comment","target":["https:\/\/luchonoticias.com\/editor\/con-mas-de-media-libra-de-cocaina-fue-capturado-un-sujeto-conocido-como-juancho\/#respond"]}]},{"@type":"WebPage","@id":"https:\/\/luchonoticias.com\/editor\/con-mas-de-media-libra-de-cocaina-fue-capturado-un-sujeto-conocido-como-juancho\/","url":"https:\/\/luchonoticias.com\/editor\/con-mas-de-media-libra-de-cocaina-fue-capturado-un-sujeto-conocido-como-juancho\/","name":"Con m\u00e1s de media libra de coca\u00edna fue capturado un sujeto conocido como \u2018Juancho\u2019 -","isPartOf":{"@id":"https:\/\/luchonoticias.com\/editor\/#website"},"datePublished":"2023-06-08T20:59:05+00:00","dateModified":"2023-06-08T20:59:06+00:00","breadcrumb":{"@id":"https:\/\/luchonoticias.com\/editor\/con-mas-de-media-libra-de-cocaina-fue-capturado-un-sujeto-conocido-como-juancho\/#breadcrumb"},"inLanguage":"es","potentialAction":[{"@type":"ReadAction","target":["https:\/\/luchonoticias.com\/editor\/con-mas-de-media-libra-de-cocaina-fue-capturado-un-sujeto-conocido-como-juancho\/"]}]},{"@type":"BreadcrumbList","@id":"https:\/\/luchonoticias.com\/editor\/con-mas-de-media-libra-de-cocaina-fue-capturado-un-sujeto-conocido-como-juancho\/#breadcrumb","itemListElement":[{"@type":"ListItem","position":1,"name":"Portada","item":"https:\/\/luchonoticias.com\/editor\/"},{"@type":"ListItem","position":2,"name":"Con m\u00e1s de media libra de coca\u00edna fue capturado un sujeto conocido como \u2018Juancho\u2019"}]},{"@type":"WebSite","@id":"https:\/\/luchonoticias.com\/editor\/#website","url":"https:\/\/luchonoticias.com\/editor\/","name":"","description":"","publisher":{"@id":"https:\/\/luchonoticias.com\/editor\/#\/schema\/person\/7a7fd911f58561fd056dbac7b55af9cd"},"potentialAction":[{"@type":"SearchAction","target":{"@type":"EntryPoint","urlTemplate":"https:\/\/luchonoticias.com\/editor\/?s={search_term_string}"},"query-input":{"@type":"PropertyValueSpecification","valueRequired":true,"valueName":"search_term_string"}}],"inLanguage":"es"},{"@type":["Person","Organization"],"@id":"https:\/\/luchonoticias.com\/editor\/#\/schema\/person\/7a7fd911f58561fd056dbac7b55af9cd","name":"admin","image":{"@type":"ImageObject","inLanguage":"es","@id":"https:\/\/luchonoticias.com\/editor\/#\/schema\/person\/image\/","url":"https:\/\/luchonoticias.com\/editor\/wp-content\/uploads\/2024\/02\/cropped-cropped-logolu.webp","contentUrl":"https:\/\/luchonoticias.com\/editor\/wp-content\/uploads\/2024\/02\/cropped-cropped-logolu.webp","width":382,"height":170,"caption":"admin"},"logo":{"@id":"https:\/\/luchonoticias.com\/editor\/#\/schema\/person\/image\/"},"sameAs":["https:\/\/www.facebook.com\/luchonoticiasneiva"]},{"@type":"Person","@id":"https:\/\/luchonoticias.com\/editor\/#\/schema\/person\/29217990ddf6f14e35912b2866d591fb","name":"Editor General","image":{"@type":"ImageObject","inLanguage":"es","@id":"https:\/\/luchonoticias.com\/editor\/#\/schema\/person\/image\/","url":"https:\/\/luchonoticias.com\/editor\/wp-content\/uploads\/2024\/02\/cropped-cropped-logolu-150x150.webp","contentUrl":"https:\/\/luchonoticias.com\/editor\/wp-content\/uploads\/2024\/02\/cropped-cropped-logolu-150x150.webp","caption":"Editor General"},"sameAs":["https:\/\/luchonoticias.com\/"],"url":"https:\/\/luchonoticias.com\/editor\/author\/editor-general\/"}]}},"_links":{"self":[{"href":"https:\/\/luchonoticias.com\/editor\/wp-json\/wp\/v2\/posts\/54191","targetHints":{"allow":["GET"]}}],"collection":[{"href":"https:\/\/luchonoticias.com\/editor\/wp-json\/wp\/v2\/posts"}],"about":[{"href":"https:\/\/luchonoticias.com\/editor\/wp-json\/wp\/v2\/types\/post"}],"author":[{"embeddable":true,"href":"https:\/\/luchonoticias.com\/editor\/wp-json\/wp\/v2\/users\/2"}],"replies":[{"embeddable":true,"href":"https:\/\/luchonoticias.com\/editor\/wp-json\/wp\/v2\/comments?post=54191"}],"version-history":[{"count":0,"href":"https:\/\/luchonoticias.com\/editor\/wp-json\/wp\/v2\/posts\/54191\/revisions"}],"wp:attachment":[{"href":"https:\/\/luchonoticias.com\/editor\/wp-json\/wp\/v2\/media?parent=54191"}],"wp:term":[{"taxonomy":"category","embeddable":true,"href":"https:\/\/luchonoticias.com\/editor\/wp-json\/wp\/v2\/categories?post=54191"},{"taxonomy":"post_tag","embeddable":true,"href":"https:\/\/luchonoticias.com\/editor\/wp-json\/wp\/v2\/tags?post=54191"}],"curies":[{"name":"wp","href":"https:\/\/api.w.org\/{rel}","templated":true}]}}