{"id":54343,"date":"2023-06-10T15:16:18","date_gmt":"2023-06-10T20:16:18","guid":{"rendered":"https:\/\/luchonoticias.com\/?p=54343"},"modified":"2023-06-10T15:16:18","modified_gmt":"2023-06-10T20:16:18","slug":"recuperan-una-motocicleta-en-una-rapida-reaccion-de-la-policia-de-neiva","status":"publish","type":"post","link":"https:\/\/luchonoticias.com\/editor\/recuperan-una-motocicleta-en-una-rapida-reaccion-de-la-policia-de-neiva\/","title":{"rendered":"Recuperan una motocicleta en una r\u00e1pida reacci\u00f3n de la Polic\u00eda de Neiva"},"content":{"rendered":"\n<p>Esta una acci\u00f3n Policial unidades adscritas al Grupo de Gesti\u00f3n Comunitaria, mediante actividades de control y antecedentes, lograr\u00e1n la recuperaci\u00f3n de una motocicleta Suzuki Best, en el barrio Panorama de Neiva.<\/p>\n\n\n\n<p>\u201cEs de anotar que esta motocicleta, se encontraba en v\u00eda p\u00fablica sobre la carrera 29 con diagonal 1 c, cuando los uniformados solicitan antecedentes, reporta por los delitos de hurto agravado y abuso de confianza\u201d, indicaron las fuentes oficiales.<\/p>\n\n\n\n<p>Finalmente, las autoridades neivanas revelaron que la motocicleta recuperada fue devuelta a su propietaria, quien feliz agradece la oportuna y efectiva acci\u00f3n de la Polic\u00eda Nacional al devolverle su herramienta de trabajo.<\/p>\n","protected":false},"excerpt":{"rendered":"<p>Esta una acci\u00f3n Policial unidades adscritas al Grupo de Gesti\u00f3n Comunitaria, mediante actividades de control y antecedentes, lograr\u00e1n la recuperaci\u00f3n de una motocicleta Suzuki Best, en el barrio Panorama de Neiva. \u201cEs de anotar que esta motocicleta, se encontraba en v\u00eda p\u00fablica sobre la carrera 29 con diagonal 1 c, cuando los uniformados solicitan antecedentes, [&hellip;]<\/p>\n","protected":false},"author":2,"featured_media":0,"comment_status":"open","ping_status":"open","sticky":false,"template":"","format":"standard","meta":{"footnotes":""},"categories":[36,29],"tags":[],"class_list":["post-54343","post","type-post","status-publish","format-standard","hentry","category-destacado","category-judicial"],"yoast_head":"<!-- This site is optimized with the Yoast SEO plugin v26.6 - https:\/\/yoast.com\/wordpress\/plugins\/seo\/ -->\n<title>Recuperan una motocicleta en una r\u00e1pida reacci\u00f3n de la Polic\u00eda de Neiva -<\/title>\n<meta name=\"robots\" content=\"index, follow, max-snippet:-1, max-image-preview:large, max-video-preview:-1\" \/>\n<link rel=\"canonical\" href=\"https:\/\/luchonoticias.com\/editor\/recuperan-una-motocicleta-en-una-rapida-reaccion-de-la-policia-de-neiva\/\" \/>\n<meta property=\"og:locale\" content=\"es_ES\" \/>\n<meta property=\"og:type\" content=\"article\" \/>\n<meta property=\"og:title\" content=\"Recuperan una motocicleta en una r\u00e1pida reacci\u00f3n de la Polic\u00eda de Neiva -\" \/>\n<meta property=\"og:url\" content=\"https:\/\/luchonoticias.com\/editor\/recuperan-una-motocicleta-en-una-rapida-reaccion-de-la-policia-de-neiva\/\" \/>\n<meta property=\"article:publisher\" content=\"https:\/\/www.facebook.com\/luchonoticiasneiva\" \/>\n<meta property=\"article:published_time\" content=\"2023-06-10T20:16:18+00:00\" \/>\n<meta name=\"author\" content=\"Editor General\" \/>\n<meta name=\"twitter:card\" content=\"summary_large_image\" \/>\n<meta name=\"twitter:label1\" content=\"Escrito por\" \/>\n\t<meta name=\"twitter:data1\" content=\"Editor General\" \/>\n\t<meta name=\"twitter:label2\" content=\"Tiempo de lectura\" \/>\n\t<meta name=\"twitter:data2\" content=\"1 minuto\" \/>\n<script type=\"application\/ld+json\" class=\"yoast-schema-graph\">{\"@context\":\"https:\/\/schema.org\",\"@graph\":[{\"@type\":\"Article\",\"@id\":\"https:\/\/luchonoticias.com\/editor\/recuperan-una-motocicleta-en-una-rapida-reaccion-de-la-policia-de-neiva\/#article\",\"isPartOf\":{\"@id\":\"https:\/\/luchonoticias.com\/editor\/recuperan-una-motocicleta-en-una-rapida-reaccion-de-la-policia-de-neiva\/\"},\"author\":{\"name\":\"Editor General\",\"@id\":\"https:\/\/luchonoticias.com\/editor\/#\/schema\/person\/29217990ddf6f14e35912b2866d591fb\"},\"headline\":\"Recuperan una motocicleta en una r\u00e1pida reacci\u00f3n de la Polic\u00eda de Neiva\",\"datePublished\":\"2023-06-10T20:16:18+00:00\",\"mainEntityOfPage\":{\"@id\":\"https:\/\/luchonoticias.com\/editor\/recuperan-una-motocicleta-en-una-rapida-reaccion-de-la-policia-de-neiva\/\"},\"wordCount\":123,\"commentCount\":0,\"publisher\":{\"@id\":\"https:\/\/luchonoticias.com\/editor\/#\/schema\/person\/7a7fd911f58561fd056dbac7b55af9cd\"},\"articleSection\":[\"Destacado\",\"Judicial\"],\"inLanguage\":\"es\",\"potentialAction\":[{\"@type\":\"CommentAction\",\"name\":\"Comment\",\"target\":[\"https:\/\/luchonoticias.com\/editor\/recuperan-una-motocicleta-en-una-rapida-reaccion-de-la-policia-de-neiva\/#respond\"]}]},{\"@type\":\"WebPage\",\"@id\":\"https:\/\/luchonoticias.com\/editor\/recuperan-una-motocicleta-en-una-rapida-reaccion-de-la-policia-de-neiva\/\",\"url\":\"https:\/\/luchonoticias.com\/editor\/recuperan-una-motocicleta-en-una-rapida-reaccion-de-la-policia-de-neiva\/\",\"name\":\"Recuperan una motocicleta en una r\u00e1pida reacci\u00f3n de la Polic\u00eda de Neiva -\",\"isPartOf\":{\"@id\":\"https:\/\/luchonoticias.com\/editor\/#website\"},\"datePublished\":\"2023-06-10T20:16:18+00:00\",\"breadcrumb\":{\"@id\":\"https:\/\/luchonoticias.com\/editor\/recuperan-una-motocicleta-en-una-rapida-reaccion-de-la-policia-de-neiva\/#breadcrumb\"},\"inLanguage\":\"es\",\"potentialAction\":[{\"@type\":\"ReadAction\",\"target\":[\"https:\/\/luchonoticias.com\/editor\/recuperan-una-motocicleta-en-una-rapida-reaccion-de-la-policia-de-neiva\/\"]}]},{\"@type\":\"BreadcrumbList\",\"@id\":\"https:\/\/luchonoticias.com\/editor\/recuperan-una-motocicleta-en-una-rapida-reaccion-de-la-policia-de-neiva\/#breadcrumb\",\"itemListElement\":[{\"@type\":\"ListItem\",\"position\":1,\"name\":\"Portada\",\"item\":\"https:\/\/luchonoticias.com\/editor\/\"},{\"@type\":\"ListItem\",\"position\":2,\"name\":\"Recuperan una motocicleta en una r\u00e1pida reacci\u00f3n de la Polic\u00eda de Neiva\"}]},{\"@type\":\"WebSite\",\"@id\":\"https:\/\/luchonoticias.com\/editor\/#website\",\"url\":\"https:\/\/luchonoticias.com\/editor\/\",\"name\":\"\",\"description\":\"\",\"publisher\":{\"@id\":\"https:\/\/luchonoticias.com\/editor\/#\/schema\/person\/7a7fd911f58561fd056dbac7b55af9cd\"},\"potentialAction\":[{\"@type\":\"SearchAction\",\"target\":{\"@type\":\"EntryPoint\",\"urlTemplate\":\"https:\/\/luchonoticias.com\/editor\/?s={search_term_string}\"},\"query-input\":{\"@type\":\"PropertyValueSpecification\",\"valueRequired\":true,\"valueName\":\"search_term_string\"}}],\"inLanguage\":\"es\"},{\"@type\":[\"Person\",\"Organization\"],\"@id\":\"https:\/\/luchonoticias.com\/editor\/#\/schema\/person\/7a7fd911f58561fd056dbac7b55af9cd\",\"name\":\"admin\",\"image\":{\"@type\":\"ImageObject\",\"inLanguage\":\"es\",\"@id\":\"https:\/\/luchonoticias.com\/editor\/#\/schema\/person\/image\/\",\"url\":\"https:\/\/luchonoticias.com\/editor\/wp-content\/uploads\/2024\/02\/cropped-cropped-logolu.webp\",\"contentUrl\":\"https:\/\/luchonoticias.com\/editor\/wp-content\/uploads\/2024\/02\/cropped-cropped-logolu.webp\",\"width\":382,\"height\":170,\"caption\":\"admin\"},\"logo\":{\"@id\":\"https:\/\/luchonoticias.com\/editor\/#\/schema\/person\/image\/\"},\"sameAs\":[\"https:\/\/www.facebook.com\/luchonoticiasneiva\"]},{\"@type\":\"Person\",\"@id\":\"https:\/\/luchonoticias.com\/editor\/#\/schema\/person\/29217990ddf6f14e35912b2866d591fb\",\"name\":\"Editor General\",\"image\":{\"@type\":\"ImageObject\",\"inLanguage\":\"es\",\"@id\":\"https:\/\/luchonoticias.com\/editor\/#\/schema\/person\/image\/\",\"url\":\"https:\/\/luchonoticias.com\/editor\/wp-content\/uploads\/2024\/02\/cropped-cropped-logolu-150x150.webp\",\"contentUrl\":\"https:\/\/luchonoticias.com\/editor\/wp-content\/uploads\/2024\/02\/cropped-cropped-logolu-150x150.webp\",\"caption\":\"Editor General\"},\"sameAs\":[\"https:\/\/luchonoticias.com\/\"],\"url\":\"https:\/\/luchonoticias.com\/editor\/author\/editor-general\/\"}]}<\/script>\n<!-- \/ Yoast SEO plugin. -->","yoast_head_json":{"title":"Recuperan una motocicleta en una r\u00e1pida reacci\u00f3n de la Polic\u00eda de Neiva -","robots":{"index":"index","follow":"follow","max-snippet":"max-snippet:-1","max-image-preview":"max-image-preview:large","max-video-preview":"max-video-preview:-1"},"canonical":"https:\/\/luchonoticias.com\/editor\/recuperan-una-motocicleta-en-una-rapida-reaccion-de-la-policia-de-neiva\/","og_locale":"es_ES","og_type":"article","og_title":"Recuperan una motocicleta en una r\u00e1pida reacci\u00f3n de la Polic\u00eda de Neiva -","og_url":"https:\/\/luchonoticias.com\/editor\/recuperan-una-motocicleta-en-una-rapida-reaccion-de-la-policia-de-neiva\/","article_publisher":"https:\/\/www.facebook.com\/luchonoticiasneiva","article_published_time":"2023-06-10T20:16:18+00:00","author":"Editor General","twitter_card":"summary_large_image","twitter_misc":{"Escrito por":"Editor General","Tiempo de lectura":"1 minuto"},"schema":{"@context":"https:\/\/schema.org","@graph":[{"@type":"Article","@id":"https:\/\/luchonoticias.com\/editor\/recuperan-una-motocicleta-en-una-rapida-reaccion-de-la-policia-de-neiva\/#article","isPartOf":{"@id":"https:\/\/luchonoticias.com\/editor\/recuperan-una-motocicleta-en-una-rapida-reaccion-de-la-policia-de-neiva\/"},"author":{"name":"Editor General","@id":"https:\/\/luchonoticias.com\/editor\/#\/schema\/person\/29217990ddf6f14e35912b2866d591fb"},"headline":"Recuperan una motocicleta en una r\u00e1pida reacci\u00f3n de la Polic\u00eda de Neiva","datePublished":"2023-06-10T20:16:18+00:00","mainEntityOfPage":{"@id":"https:\/\/luchonoticias.com\/editor\/recuperan-una-motocicleta-en-una-rapida-reaccion-de-la-policia-de-neiva\/"},"wordCount":123,"commentCount":0,"publisher":{"@id":"https:\/\/luchonoticias.com\/editor\/#\/schema\/person\/7a7fd911f58561fd056dbac7b55af9cd"},"articleSection":["Destacado","Judicial"],"inLanguage":"es","potentialAction":[{"@type":"CommentAction","name":"Comment","target":["https:\/\/luchonoticias.com\/editor\/recuperan-una-motocicleta-en-una-rapida-reaccion-de-la-policia-de-neiva\/#respond"]}]},{"@type":"WebPage","@id":"https:\/\/luchonoticias.com\/editor\/recuperan-una-motocicleta-en-una-rapida-reaccion-de-la-policia-de-neiva\/","url":"https:\/\/luchonoticias.com\/editor\/recuperan-una-motocicleta-en-una-rapida-reaccion-de-la-policia-de-neiva\/","name":"Recuperan una motocicleta en una r\u00e1pida reacci\u00f3n de la Polic\u00eda de Neiva -","isPartOf":{"@id":"https:\/\/luchonoticias.com\/editor\/#website"},"datePublished":"2023-06-10T20:16:18+00:00","breadcrumb":{"@id":"https:\/\/luchonoticias.com\/editor\/recuperan-una-motocicleta-en-una-rapida-reaccion-de-la-policia-de-neiva\/#breadcrumb"},"inLanguage":"es","potentialAction":[{"@type":"ReadAction","target":["https:\/\/luchonoticias.com\/editor\/recuperan-una-motocicleta-en-una-rapida-reaccion-de-la-policia-de-neiva\/"]}]},{"@type":"BreadcrumbList","@id":"https:\/\/luchonoticias.com\/editor\/recuperan-una-motocicleta-en-una-rapida-reaccion-de-la-policia-de-neiva\/#breadcrumb","itemListElement":[{"@type":"ListItem","position":1,"name":"Portada","item":"https:\/\/luchonoticias.com\/editor\/"},{"@type":"ListItem","position":2,"name":"Recuperan una motocicleta en una r\u00e1pida reacci\u00f3n de la Polic\u00eda de Neiva"}]},{"@type":"WebSite","@id":"https:\/\/luchonoticias.com\/editor\/#website","url":"https:\/\/luchonoticias.com\/editor\/","name":"","description":"","publisher":{"@id":"https:\/\/luchonoticias.com\/editor\/#\/schema\/person\/7a7fd911f58561fd056dbac7b55af9cd"},"potentialAction":[{"@type":"SearchAction","target":{"@type":"EntryPoint","urlTemplate":"https:\/\/luchonoticias.com\/editor\/?s={search_term_string}"},"query-input":{"@type":"PropertyValueSpecification","valueRequired":true,"valueName":"search_term_string"}}],"inLanguage":"es"},{"@type":["Person","Organization"],"@id":"https:\/\/luchonoticias.com\/editor\/#\/schema\/person\/7a7fd911f58561fd056dbac7b55af9cd","name":"admin","image":{"@type":"ImageObject","inLanguage":"es","@id":"https:\/\/luchonoticias.com\/editor\/#\/schema\/person\/image\/","url":"https:\/\/luchonoticias.com\/editor\/wp-content\/uploads\/2024\/02\/cropped-cropped-logolu.webp","contentUrl":"https:\/\/luchonoticias.com\/editor\/wp-content\/uploads\/2024\/02\/cropped-cropped-logolu.webp","width":382,"height":170,"caption":"admin"},"logo":{"@id":"https:\/\/luchonoticias.com\/editor\/#\/schema\/person\/image\/"},"sameAs":["https:\/\/www.facebook.com\/luchonoticiasneiva"]},{"@type":"Person","@id":"https:\/\/luchonoticias.com\/editor\/#\/schema\/person\/29217990ddf6f14e35912b2866d591fb","name":"Editor General","image":{"@type":"ImageObject","inLanguage":"es","@id":"https:\/\/luchonoticias.com\/editor\/#\/schema\/person\/image\/","url":"https:\/\/luchonoticias.com\/editor\/wp-content\/uploads\/2024\/02\/cropped-cropped-logolu-150x150.webp","contentUrl":"https:\/\/luchonoticias.com\/editor\/wp-content\/uploads\/2024\/02\/cropped-cropped-logolu-150x150.webp","caption":"Editor General"},"sameAs":["https:\/\/luchonoticias.com\/"],"url":"https:\/\/luchonoticias.com\/editor\/author\/editor-general\/"}]}},"_links":{"self":[{"href":"https:\/\/luchonoticias.com\/editor\/wp-json\/wp\/v2\/posts\/54343","targetHints":{"allow":["GET"]}}],"collection":[{"href":"https:\/\/luchonoticias.com\/editor\/wp-json\/wp\/v2\/posts"}],"about":[{"href":"https:\/\/luchonoticias.com\/editor\/wp-json\/wp\/v2\/types\/post"}],"author":[{"embeddable":true,"href":"https:\/\/luchonoticias.com\/editor\/wp-json\/wp\/v2\/users\/2"}],"replies":[{"embeddable":true,"href":"https:\/\/luchonoticias.com\/editor\/wp-json\/wp\/v2\/comments?post=54343"}],"version-history":[{"count":0,"href":"https:\/\/luchonoticias.com\/editor\/wp-json\/wp\/v2\/posts\/54343\/revisions"}],"wp:attachment":[{"href":"https:\/\/luchonoticias.com\/editor\/wp-json\/wp\/v2\/media?parent=54343"}],"wp:term":[{"taxonomy":"category","embeddable":true,"href":"https:\/\/luchonoticias.com\/editor\/wp-json\/wp\/v2\/categories?post=54343"},{"taxonomy":"post_tag","embeddable":true,"href":"https:\/\/luchonoticias.com\/editor\/wp-json\/wp\/v2\/tags?post=54343"}],"curies":[{"name":"wp","href":"https:\/\/api.w.org\/{rel}","templated":true}]}}