{"id":54346,"date":"2023-06-10T15:20:29","date_gmt":"2023-06-10T20:20:29","guid":{"rendered":"https:\/\/luchonoticias.com\/?p=54346"},"modified":"2023-06-10T15:20:30","modified_gmt":"2023-06-10T20:20:30","slug":"familia-presidencial-visito-a-los-cuatro-ninos-que-por-40-dias-deambularon-en-la-selva","status":"publish","type":"post","link":"https:\/\/luchonoticias.com\/editor\/familia-presidencial-visito-a-los-cuatro-ninos-que-por-40-dias-deambularon-en-la-selva\/","title":{"rendered":"Familia presidencial visit\u00f3 a los cuatro ni\u00f1os que por 40 d\u00edas deambularon en la selva"},"content":{"rendered":"\n<p>El Presidente de la Rep\u00fablica, Gustavo Petro; su esposa, Ver\u00f3nica Alcocer; y, sus hijas Sof\u00eda y Antonella, constataron el s\u00e1bado que los cuatro ni\u00f1os que deambularon por la selva durante 40 d\u00edas y encontrados la v\u00edspera se encuentran fuera de peligro y reciben atenci\u00f3n m\u00e9dica y psicol\u00f3gica.<\/p>\n\n\n\n<p>La familia presidencial arrib\u00f3 a las instalaciones del Hospital Militar Central de Bogot\u00e1 a las 11:00 a.m. y de inmediato se dirigi\u00f3 hacia las habitaciones del noveno piso donde se recuperan los cuatro menores que llegaron procedentes de San Jos\u00e9 del Guaviare.<\/p>\n\n\n\n<p>All\u00ed, seg\u00fan inform\u00f3 el ministro de Defensa, Iv\u00e1n Vel\u00e1squez, durante varias horas el Jefe del Estado y su familia conversaron con los menores, les entregaron regalos y recibieron un pormenorizado reporte sobre el estado de salud de cada uno de ellos, despu\u00e9s de deambular por 40 d\u00edas en territorio selv\u00e1tico.<\/p>\n\n\n\n<p>\u201cEs una gran alegr\u00eda poder expresarles a ustedes, no solo esta noticia tan grandiosa del retorno de los menores, sino tambi\u00e9n las condiciones en las que los vimos ahora que fueron visitados por el se\u00f1or Presidente de la Rep\u00fablica, por su esposa, sus hijas, acompa\u00f1ados todos ellos por los mandos militares\u201d, asegur\u00f3 el Ministro.<\/p>\n\n\n\n<p>\u201cDe acuerdo con los informes m\u00e9dicos, est\u00e1n fuera de peligro, lo que se requiere es estabilizarlos\u201d, a\u00f1adi\u00f3 el funcionario tras destacar el trabajo mancomunado entre las comunidades ind\u00edgenas y su \u201cconocimiento, sabidur\u00eda y el dominio del territorio\u201d y los integrantes del Comando Conjunto de las Fuerzas Militares para hallar con vida a los menores.<\/p>\n\n\n\n<figure class=\"wp-block-image size-large\"><img decoding=\"async\" src=\"https:\/\/luchonoticias.com\/wp-content\/uploads\/2023\/06\/WhatsApp-Image-2023-06-10-at-12.13.16-PM-1024x682.jpeg\" alt=\"\" class=\"wp-image-54348\"\/><\/figure>\n\n\n\n<p>A&nbsp; su turno, el mayor general Carlos Rinc\u00f3n Arango, director del Hospital Militar, asegur\u00f3 a los medios de comunicaci\u00f3n que \u201cdespu\u00e9s de haber hecho una valoraci\u00f3n inicial multidisciplinaria\u201d de los cuatro menores \u00e9stos se encuentran en \u201ccondiciones cl\u00ednicas aceptables\u201d.<\/p>\n\n\n\n<p>\u201cEn este momento el servicio de pediatr\u00eda aplica el protocolo de ex\u00e1menes diagn\u00f3sticos e iniciaron tambi\u00e9n un tratamiento de recuperaci\u00f3n y soporte nutricional y psicol\u00f3gico para que ellos puedan adecuarse a estas nuevas condiciones\u201d, asever\u00f3.<\/p>\n\n\n\n<p>El general Pedro S\u00e1nchez Su\u00e1rez, l\u00edder del Comando Conjunto de Operaciones Especiales, l\u00edder de la \u2018Operaci\u00f3n Esperanza\u2019 opin\u00f3: \u201cel haberlos encontrado demuestra que todo es posible cuando uno tiene fe y persiste, insiste y nunca desiste y que lo m\u00e1s cercano a crear una vida es salvarla\u201d.<\/p>\n\n\n\n<figure class=\"wp-block-image size-large\"><img decoding=\"async\" src=\"https:\/\/luchonoticias.com\/wp-content\/uploads\/2023\/06\/WhatsApp-Image-2023-06-10-at-12.13.17-PM-1024x682.jpeg\" alt=\"\" class=\"wp-image-54349\"\/><\/figure>\n\n\n\n<p>La v\u00edspera, en la noche, el Jefe de Estado confirm\u00f3 la noticia, por medio de su cuenta de Twitter, al llegar a Bogot\u00e1 procedente de La Habana, Cuba, donde asisti\u00f3 al cierre del tercer ciclo de conversaciones con la guerrilla del Ej\u00e9rcito de Liberaci\u00f3n Nacional (Eln).&nbsp;<\/p>\n\n\n\n<p>Los cuatro ind\u00edgenas menores de edad desaparecieron el pasado 1\u00b0 de mayo, tras el accidente de la avioneta en la que viajaban con varios adultos que fallecieron, en inmediaciones de Solano (Caquet\u00e1).<\/p>\n","protected":false},"excerpt":{"rendered":"<p>El Presidente de la Rep\u00fablica, Gustavo Petro; su esposa, Ver\u00f3nica Alcocer; y, sus hijas Sof\u00eda y Antonella, constataron el s\u00e1bado que los cuatro ni\u00f1os que deambularon por la selva durante 40 d\u00edas y encontrados la v\u00edspera se encuentran fuera de peligro y reciben atenci\u00f3n m\u00e9dica y psicol\u00f3gica. La familia presidencial arrib\u00f3 a las instalaciones del [&hellip;]<\/p>\n","protected":false},"author":2,"featured_media":0,"comment_status":"open","ping_status":"open","sticky":false,"template":"","format":"standard","meta":{"footnotes":""},"categories":[36,32],"tags":[],"class_list":["post-54346","post","type-post","status-publish","format-standard","hentry","category-destacado","category-nacional"],"yoast_head":"<!-- This site is optimized with the Yoast SEO plugin v26.6 - https:\/\/yoast.com\/wordpress\/plugins\/seo\/ -->\n<title>Familia presidencial visit\u00f3 a los cuatro ni\u00f1os que por 40 d\u00edas deambularon en la selva -<\/title>\n<meta name=\"robots\" content=\"index, follow, max-snippet:-1, max-image-preview:large, max-video-preview:-1\" \/>\n<link rel=\"canonical\" href=\"https:\/\/luchonoticias.com\/editor\/familia-presidencial-visito-a-los-cuatro-ninos-que-por-40-dias-deambularon-en-la-selva\/\" \/>\n<meta property=\"og:locale\" content=\"es_ES\" \/>\n<meta property=\"og:type\" content=\"article\" \/>\n<meta property=\"og:title\" content=\"Familia presidencial visit\u00f3 a los cuatro ni\u00f1os que por 40 d\u00edas deambularon en la selva -\" \/>\n<meta property=\"og:url\" content=\"https:\/\/luchonoticias.com\/editor\/familia-presidencial-visito-a-los-cuatro-ninos-que-por-40-dias-deambularon-en-la-selva\/\" \/>\n<meta property=\"article:publisher\" content=\"https:\/\/www.facebook.com\/luchonoticiasneiva\" \/>\n<meta property=\"article:published_time\" content=\"2023-06-10T20:20:29+00:00\" \/>\n<meta property=\"article:modified_time\" content=\"2023-06-10T20:20:30+00:00\" \/>\n<meta property=\"og:image\" content=\"https:\/\/luchonoticias.com\/wp-content\/uploads\/2023\/06\/WhatsApp-Image-2023-06-10-at-12.13.16-PM-1024x682.jpeg\" \/>\n<meta name=\"author\" content=\"Editor General\" \/>\n<meta name=\"twitter:card\" content=\"summary_large_image\" \/>\n<meta name=\"twitter:label1\" content=\"Escrito por\" \/>\n\t<meta name=\"twitter:data1\" content=\"Editor General\" \/>\n\t<meta name=\"twitter:label2\" content=\"Tiempo de lectura\" \/>\n\t<meta name=\"twitter:data2\" content=\"2 minutos\" \/>\n<script type=\"application\/ld+json\" class=\"yoast-schema-graph\">{\"@context\":\"https:\/\/schema.org\",\"@graph\":[{\"@type\":\"Article\",\"@id\":\"https:\/\/luchonoticias.com\/editor\/familia-presidencial-visito-a-los-cuatro-ninos-que-por-40-dias-deambularon-en-la-selva\/#article\",\"isPartOf\":{\"@id\":\"https:\/\/luchonoticias.com\/editor\/familia-presidencial-visito-a-los-cuatro-ninos-que-por-40-dias-deambularon-en-la-selva\/\"},\"author\":{\"name\":\"Editor General\",\"@id\":\"https:\/\/luchonoticias.com\/editor\/#\/schema\/person\/29217990ddf6f14e35912b2866d591fb\"},\"headline\":\"Familia presidencial visit\u00f3 a los cuatro ni\u00f1os que por 40 d\u00edas deambularon en la selva\",\"datePublished\":\"2023-06-10T20:20:29+00:00\",\"dateModified\":\"2023-06-10T20:20:30+00:00\",\"mainEntityOfPage\":{\"@id\":\"https:\/\/luchonoticias.com\/editor\/familia-presidencial-visito-a-los-cuatro-ninos-que-por-40-dias-deambularon-en-la-selva\/\"},\"wordCount\":508,\"commentCount\":0,\"publisher\":{\"@id\":\"https:\/\/luchonoticias.com\/editor\/#\/schema\/person\/7a7fd911f58561fd056dbac7b55af9cd\"},\"image\":{\"@id\":\"https:\/\/luchonoticias.com\/editor\/familia-presidencial-visito-a-los-cuatro-ninos-que-por-40-dias-deambularon-en-la-selva\/#primaryimage\"},\"thumbnailUrl\":\"https:\/\/luchonoticias.com\/wp-content\/uploads\/2023\/06\/WhatsApp-Image-2023-06-10-at-12.13.16-PM-1024x682.jpeg\",\"articleSection\":[\"Destacado\",\"Nacional\"],\"inLanguage\":\"es\",\"potentialAction\":[{\"@type\":\"CommentAction\",\"name\":\"Comment\",\"target\":[\"https:\/\/luchonoticias.com\/editor\/familia-presidencial-visito-a-los-cuatro-ninos-que-por-40-dias-deambularon-en-la-selva\/#respond\"]}]},{\"@type\":\"WebPage\",\"@id\":\"https:\/\/luchonoticias.com\/editor\/familia-presidencial-visito-a-los-cuatro-ninos-que-por-40-dias-deambularon-en-la-selva\/\",\"url\":\"https:\/\/luchonoticias.com\/editor\/familia-presidencial-visito-a-los-cuatro-ninos-que-por-40-dias-deambularon-en-la-selva\/\",\"name\":\"Familia presidencial visit\u00f3 a los cuatro ni\u00f1os que por 40 d\u00edas deambularon en la selva -\",\"isPartOf\":{\"@id\":\"https:\/\/luchonoticias.com\/editor\/#website\"},\"primaryImageOfPage\":{\"@id\":\"https:\/\/luchonoticias.com\/editor\/familia-presidencial-visito-a-los-cuatro-ninos-que-por-40-dias-deambularon-en-la-selva\/#primaryimage\"},\"image\":{\"@id\":\"https:\/\/luchonoticias.com\/editor\/familia-presidencial-visito-a-los-cuatro-ninos-que-por-40-dias-deambularon-en-la-selva\/#primaryimage\"},\"thumbnailUrl\":\"https:\/\/luchonoticias.com\/wp-content\/uploads\/2023\/06\/WhatsApp-Image-2023-06-10-at-12.13.16-PM-1024x682.jpeg\",\"datePublished\":\"2023-06-10T20:20:29+00:00\",\"dateModified\":\"2023-06-10T20:20:30+00:00\",\"breadcrumb\":{\"@id\":\"https:\/\/luchonoticias.com\/editor\/familia-presidencial-visito-a-los-cuatro-ninos-que-por-40-dias-deambularon-en-la-selva\/#breadcrumb\"},\"inLanguage\":\"es\",\"potentialAction\":[{\"@type\":\"ReadAction\",\"target\":[\"https:\/\/luchonoticias.com\/editor\/familia-presidencial-visito-a-los-cuatro-ninos-que-por-40-dias-deambularon-en-la-selva\/\"]}]},{\"@type\":\"ImageObject\",\"inLanguage\":\"es\",\"@id\":\"https:\/\/luchonoticias.com\/editor\/familia-presidencial-visito-a-los-cuatro-ninos-que-por-40-dias-deambularon-en-la-selva\/#primaryimage\",\"url\":\"https:\/\/luchonoticias.com\/wp-content\/uploads\/2023\/06\/WhatsApp-Image-2023-06-10-at-12.13.16-PM-1024x682.jpeg\",\"contentUrl\":\"https:\/\/luchonoticias.com\/wp-content\/uploads\/2023\/06\/WhatsApp-Image-2023-06-10-at-12.13.16-PM-1024x682.jpeg\"},{\"@type\":\"BreadcrumbList\",\"@id\":\"https:\/\/luchonoticias.com\/editor\/familia-presidencial-visito-a-los-cuatro-ninos-que-por-40-dias-deambularon-en-la-selva\/#breadcrumb\",\"itemListElement\":[{\"@type\":\"ListItem\",\"position\":1,\"name\":\"Portada\",\"item\":\"https:\/\/luchonoticias.com\/editor\/\"},{\"@type\":\"ListItem\",\"position\":2,\"name\":\"Familia presidencial visit\u00f3 a los cuatro ni\u00f1os que por 40 d\u00edas deambularon en la selva\"}]},{\"@type\":\"WebSite\",\"@id\":\"https:\/\/luchonoticias.com\/editor\/#website\",\"url\":\"https:\/\/luchonoticias.com\/editor\/\",\"name\":\"\",\"description\":\"\",\"publisher\":{\"@id\":\"https:\/\/luchonoticias.com\/editor\/#\/schema\/person\/7a7fd911f58561fd056dbac7b55af9cd\"},\"potentialAction\":[{\"@type\":\"SearchAction\",\"target\":{\"@type\":\"EntryPoint\",\"urlTemplate\":\"https:\/\/luchonoticias.com\/editor\/?s={search_term_string}\"},\"query-input\":{\"@type\":\"PropertyValueSpecification\",\"valueRequired\":true,\"valueName\":\"search_term_string\"}}],\"inLanguage\":\"es\"},{\"@type\":[\"Person\",\"Organization\"],\"@id\":\"https:\/\/luchonoticias.com\/editor\/#\/schema\/person\/7a7fd911f58561fd056dbac7b55af9cd\",\"name\":\"admin\",\"image\":{\"@type\":\"ImageObject\",\"inLanguage\":\"es\",\"@id\":\"https:\/\/luchonoticias.com\/editor\/#\/schema\/person\/image\/\",\"url\":\"https:\/\/luchonoticias.com\/editor\/wp-content\/uploads\/2024\/02\/cropped-cropped-logolu.webp\",\"contentUrl\":\"https:\/\/luchonoticias.com\/editor\/wp-content\/uploads\/2024\/02\/cropped-cropped-logolu.webp\",\"width\":382,\"height\":170,\"caption\":\"admin\"},\"logo\":{\"@id\":\"https:\/\/luchonoticias.com\/editor\/#\/schema\/person\/image\/\"},\"sameAs\":[\"https:\/\/www.facebook.com\/luchonoticiasneiva\"]},{\"@type\":\"Person\",\"@id\":\"https:\/\/luchonoticias.com\/editor\/#\/schema\/person\/29217990ddf6f14e35912b2866d591fb\",\"name\":\"Editor General\",\"image\":{\"@type\":\"ImageObject\",\"inLanguage\":\"es\",\"@id\":\"https:\/\/luchonoticias.com\/editor\/#\/schema\/person\/image\/\",\"url\":\"https:\/\/luchonoticias.com\/editor\/wp-content\/uploads\/2024\/02\/cropped-cropped-logolu-150x150.webp\",\"contentUrl\":\"https:\/\/luchonoticias.com\/editor\/wp-content\/uploads\/2024\/02\/cropped-cropped-logolu-150x150.webp\",\"caption\":\"Editor General\"},\"sameAs\":[\"https:\/\/luchonoticias.com\/\"],\"url\":\"https:\/\/luchonoticias.com\/editor\/author\/editor-general\/\"}]}<\/script>\n<!-- \/ Yoast SEO plugin. -->","yoast_head_json":{"title":"Familia presidencial visit\u00f3 a los cuatro ni\u00f1os que por 40 d\u00edas deambularon en la selva -","robots":{"index":"index","follow":"follow","max-snippet":"max-snippet:-1","max-image-preview":"max-image-preview:large","max-video-preview":"max-video-preview:-1"},"canonical":"https:\/\/luchonoticias.com\/editor\/familia-presidencial-visito-a-los-cuatro-ninos-que-por-40-dias-deambularon-en-la-selva\/","og_locale":"es_ES","og_type":"article","og_title":"Familia presidencial visit\u00f3 a los cuatro ni\u00f1os que por 40 d\u00edas deambularon en la selva -","og_url":"https:\/\/luchonoticias.com\/editor\/familia-presidencial-visito-a-los-cuatro-ninos-que-por-40-dias-deambularon-en-la-selva\/","article_publisher":"https:\/\/www.facebook.com\/luchonoticiasneiva","article_published_time":"2023-06-10T20:20:29+00:00","article_modified_time":"2023-06-10T20:20:30+00:00","og_image":[{"url":"https:\/\/luchonoticias.com\/wp-content\/uploads\/2023\/06\/WhatsApp-Image-2023-06-10-at-12.13.16-PM-1024x682.jpeg","type":"","width":"","height":""}],"author":"Editor General","twitter_card":"summary_large_image","twitter_misc":{"Escrito por":"Editor General","Tiempo de lectura":"2 minutos"},"schema":{"@context":"https:\/\/schema.org","@graph":[{"@type":"Article","@id":"https:\/\/luchonoticias.com\/editor\/familia-presidencial-visito-a-los-cuatro-ninos-que-por-40-dias-deambularon-en-la-selva\/#article","isPartOf":{"@id":"https:\/\/luchonoticias.com\/editor\/familia-presidencial-visito-a-los-cuatro-ninos-que-por-40-dias-deambularon-en-la-selva\/"},"author":{"name":"Editor General","@id":"https:\/\/luchonoticias.com\/editor\/#\/schema\/person\/29217990ddf6f14e35912b2866d591fb"},"headline":"Familia presidencial visit\u00f3 a los cuatro ni\u00f1os que por 40 d\u00edas deambularon en la selva","datePublished":"2023-06-10T20:20:29+00:00","dateModified":"2023-06-10T20:20:30+00:00","mainEntityOfPage":{"@id":"https:\/\/luchonoticias.com\/editor\/familia-presidencial-visito-a-los-cuatro-ninos-que-por-40-dias-deambularon-en-la-selva\/"},"wordCount":508,"commentCount":0,"publisher":{"@id":"https:\/\/luchonoticias.com\/editor\/#\/schema\/person\/7a7fd911f58561fd056dbac7b55af9cd"},"image":{"@id":"https:\/\/luchonoticias.com\/editor\/familia-presidencial-visito-a-los-cuatro-ninos-que-por-40-dias-deambularon-en-la-selva\/#primaryimage"},"thumbnailUrl":"https:\/\/luchonoticias.com\/wp-content\/uploads\/2023\/06\/WhatsApp-Image-2023-06-10-at-12.13.16-PM-1024x682.jpeg","articleSection":["Destacado","Nacional"],"inLanguage":"es","potentialAction":[{"@type":"CommentAction","name":"Comment","target":["https:\/\/luchonoticias.com\/editor\/familia-presidencial-visito-a-los-cuatro-ninos-que-por-40-dias-deambularon-en-la-selva\/#respond"]}]},{"@type":"WebPage","@id":"https:\/\/luchonoticias.com\/editor\/familia-presidencial-visito-a-los-cuatro-ninos-que-por-40-dias-deambularon-en-la-selva\/","url":"https:\/\/luchonoticias.com\/editor\/familia-presidencial-visito-a-los-cuatro-ninos-que-por-40-dias-deambularon-en-la-selva\/","name":"Familia presidencial visit\u00f3 a los cuatro ni\u00f1os que por 40 d\u00edas deambularon en la selva -","isPartOf":{"@id":"https:\/\/luchonoticias.com\/editor\/#website"},"primaryImageOfPage":{"@id":"https:\/\/luchonoticias.com\/editor\/familia-presidencial-visito-a-los-cuatro-ninos-que-por-40-dias-deambularon-en-la-selva\/#primaryimage"},"image":{"@id":"https:\/\/luchonoticias.com\/editor\/familia-presidencial-visito-a-los-cuatro-ninos-que-por-40-dias-deambularon-en-la-selva\/#primaryimage"},"thumbnailUrl":"https:\/\/luchonoticias.com\/wp-content\/uploads\/2023\/06\/WhatsApp-Image-2023-06-10-at-12.13.16-PM-1024x682.jpeg","datePublished":"2023-06-10T20:20:29+00:00","dateModified":"2023-06-10T20:20:30+00:00","breadcrumb":{"@id":"https:\/\/luchonoticias.com\/editor\/familia-presidencial-visito-a-los-cuatro-ninos-que-por-40-dias-deambularon-en-la-selva\/#breadcrumb"},"inLanguage":"es","potentialAction":[{"@type":"ReadAction","target":["https:\/\/luchonoticias.com\/editor\/familia-presidencial-visito-a-los-cuatro-ninos-que-por-40-dias-deambularon-en-la-selva\/"]}]},{"@type":"ImageObject","inLanguage":"es","@id":"https:\/\/luchonoticias.com\/editor\/familia-presidencial-visito-a-los-cuatro-ninos-que-por-40-dias-deambularon-en-la-selva\/#primaryimage","url":"https:\/\/luchonoticias.com\/wp-content\/uploads\/2023\/06\/WhatsApp-Image-2023-06-10-at-12.13.16-PM-1024x682.jpeg","contentUrl":"https:\/\/luchonoticias.com\/wp-content\/uploads\/2023\/06\/WhatsApp-Image-2023-06-10-at-12.13.16-PM-1024x682.jpeg"},{"@type":"BreadcrumbList","@id":"https:\/\/luchonoticias.com\/editor\/familia-presidencial-visito-a-los-cuatro-ninos-que-por-40-dias-deambularon-en-la-selva\/#breadcrumb","itemListElement":[{"@type":"ListItem","position":1,"name":"Portada","item":"https:\/\/luchonoticias.com\/editor\/"},{"@type":"ListItem","position":2,"name":"Familia presidencial visit\u00f3 a los cuatro ni\u00f1os que por 40 d\u00edas deambularon en la selva"}]},{"@type":"WebSite","@id":"https:\/\/luchonoticias.com\/editor\/#website","url":"https:\/\/luchonoticias.com\/editor\/","name":"","description":"","publisher":{"@id":"https:\/\/luchonoticias.com\/editor\/#\/schema\/person\/7a7fd911f58561fd056dbac7b55af9cd"},"potentialAction":[{"@type":"SearchAction","target":{"@type":"EntryPoint","urlTemplate":"https:\/\/luchonoticias.com\/editor\/?s={search_term_string}"},"query-input":{"@type":"PropertyValueSpecification","valueRequired":true,"valueName":"search_term_string"}}],"inLanguage":"es"},{"@type":["Person","Organization"],"@id":"https:\/\/luchonoticias.com\/editor\/#\/schema\/person\/7a7fd911f58561fd056dbac7b55af9cd","name":"admin","image":{"@type":"ImageObject","inLanguage":"es","@id":"https:\/\/luchonoticias.com\/editor\/#\/schema\/person\/image\/","url":"https:\/\/luchonoticias.com\/editor\/wp-content\/uploads\/2024\/02\/cropped-cropped-logolu.webp","contentUrl":"https:\/\/luchonoticias.com\/editor\/wp-content\/uploads\/2024\/02\/cropped-cropped-logolu.webp","width":382,"height":170,"caption":"admin"},"logo":{"@id":"https:\/\/luchonoticias.com\/editor\/#\/schema\/person\/image\/"},"sameAs":["https:\/\/www.facebook.com\/luchonoticiasneiva"]},{"@type":"Person","@id":"https:\/\/luchonoticias.com\/editor\/#\/schema\/person\/29217990ddf6f14e35912b2866d591fb","name":"Editor General","image":{"@type":"ImageObject","inLanguage":"es","@id":"https:\/\/luchonoticias.com\/editor\/#\/schema\/person\/image\/","url":"https:\/\/luchonoticias.com\/editor\/wp-content\/uploads\/2024\/02\/cropped-cropped-logolu-150x150.webp","contentUrl":"https:\/\/luchonoticias.com\/editor\/wp-content\/uploads\/2024\/02\/cropped-cropped-logolu-150x150.webp","caption":"Editor General"},"sameAs":["https:\/\/luchonoticias.com\/"],"url":"https:\/\/luchonoticias.com\/editor\/author\/editor-general\/"}]}},"_links":{"self":[{"href":"https:\/\/luchonoticias.com\/editor\/wp-json\/wp\/v2\/posts\/54346","targetHints":{"allow":["GET"]}}],"collection":[{"href":"https:\/\/luchonoticias.com\/editor\/wp-json\/wp\/v2\/posts"}],"about":[{"href":"https:\/\/luchonoticias.com\/editor\/wp-json\/wp\/v2\/types\/post"}],"author":[{"embeddable":true,"href":"https:\/\/luchonoticias.com\/editor\/wp-json\/wp\/v2\/users\/2"}],"replies":[{"embeddable":true,"href":"https:\/\/luchonoticias.com\/editor\/wp-json\/wp\/v2\/comments?post=54346"}],"version-history":[{"count":0,"href":"https:\/\/luchonoticias.com\/editor\/wp-json\/wp\/v2\/posts\/54346\/revisions"}],"wp:attachment":[{"href":"https:\/\/luchonoticias.com\/editor\/wp-json\/wp\/v2\/media?parent=54346"}],"wp:term":[{"taxonomy":"category","embeddable":true,"href":"https:\/\/luchonoticias.com\/editor\/wp-json\/wp\/v2\/categories?post=54346"},{"taxonomy":"post_tag","embeddable":true,"href":"https:\/\/luchonoticias.com\/editor\/wp-json\/wp\/v2\/tags?post=54346"}],"curies":[{"name":"wp","href":"https:\/\/api.w.org\/{rel}","templated":true}]}}