{"id":54351,"date":"2023-06-10T15:23:42","date_gmt":"2023-06-10T20:23:42","guid":{"rendered":"https:\/\/luchonoticias.com\/?p=54351"},"modified":"2023-06-10T15:23:42","modified_gmt":"2023-06-10T20:23:42","slug":"presunto-lider-de-la-banda-delincuencia-los-jordan-fue-capturado-en-la-plata-huila","status":"publish","type":"post","link":"https:\/\/luchonoticias.com\/editor\/presunto-lider-de-la-banda-delincuencia-los-jordan-fue-capturado-en-la-plata-huila\/","title":{"rendered":"Presunto l\u00edder de la banda delincuencia \u2018Los Jord\u00e1n\u00b4 fue capturado en La Plata, Huila"},"content":{"rendered":"\n<p>En la b\u00fasqueda de delincuentes que evaden la justicias luego del proceso de judicializaci\u00f3n, el Departamento de Polic\u00eda Huila a trav\u00e9s de la Seccional de Investigaci\u00f3n Criminal en el municipio de La Plata, logr\u00f3 hacer efectiva en el barrio el Nogal la captura por orden judicial de un hombre conocido como \u2018Yhordan\u2019, el cual, era requerido por el Juzgado primero penal de ese mismo municipio por los delitos de concierto para delinquir con fines de tr\u00e1fico, fabricaci\u00f3n y porte de estupefacientes.<\/p>\n\n\n\n<p>Seg\u00fan los investigadores, este sujeto de 23 a\u00f1os de edad, es familiar de varios integrantes del grupo delincuencial, con quienes coordinaba toda la acci\u00f3n delictiva tanto para la adquisici\u00f3n de los estupefacientes, como para su distribuci\u00f3n y comercializaci\u00f3n.&nbsp;&nbsp;&nbsp;&nbsp;<\/p>\n\n\n\n<p>Alias \u2018Yhordan\u2019 quien cuenta con una sentencia condenatoria de 32 meses por este mismo delito y con anotaciones en el sistema SPOA por os delitos de lesiones personales y da\u00f1o en bien ajeno, fue puesto a disposici\u00f3n de la Fiscal\u00eda 2 especializada de la ciudad de Neiva, l\u00edderes de la investigaci\u00f3n, a esperas de ser presentado ante un juez de control de garant\u00eda para que avale el procedimiento y defina su situaci\u00f3n judicial.<\/p>\n","protected":false},"excerpt":{"rendered":"<p>En la b\u00fasqueda de delincuentes que evaden la justicias luego del proceso de judicializaci\u00f3n, el Departamento de Polic\u00eda Huila a trav\u00e9s de la Seccional de Investigaci\u00f3n Criminal en el municipio de La Plata, logr\u00f3 hacer efectiva en el barrio el Nogal la captura por orden judicial de un hombre conocido como \u2018Yhordan\u2019, el cual, era [&hellip;]<\/p>\n","protected":false},"author":2,"featured_media":0,"comment_status":"open","ping_status":"open","sticky":false,"template":"","format":"standard","meta":{"footnotes":""},"categories":[36,29],"tags":[],"class_list":["post-54351","post","type-post","status-publish","format-standard","hentry","category-destacado","category-judicial"],"yoast_head":"<!-- This site is optimized with the Yoast SEO plugin v26.6 - https:\/\/yoast.com\/wordpress\/plugins\/seo\/ -->\n<title>Presunto l\u00edder de la banda delincuencia \u2018Los Jord\u00e1n\u00b4 fue capturado en La Plata, Huila -<\/title>\n<meta name=\"robots\" content=\"index, follow, max-snippet:-1, max-image-preview:large, max-video-preview:-1\" \/>\n<link rel=\"canonical\" href=\"https:\/\/luchonoticias.com\/editor\/presunto-lider-de-la-banda-delincuencia-los-jordan-fue-capturado-en-la-plata-huila\/\" \/>\n<meta property=\"og:locale\" content=\"es_ES\" \/>\n<meta property=\"og:type\" content=\"article\" \/>\n<meta property=\"og:title\" content=\"Presunto l\u00edder de la banda delincuencia \u2018Los Jord\u00e1n\u00b4 fue capturado en La Plata, Huila -\" \/>\n<meta property=\"og:url\" content=\"https:\/\/luchonoticias.com\/editor\/presunto-lider-de-la-banda-delincuencia-los-jordan-fue-capturado-en-la-plata-huila\/\" \/>\n<meta property=\"article:publisher\" content=\"https:\/\/www.facebook.com\/luchonoticiasneiva\" \/>\n<meta property=\"article:published_time\" content=\"2023-06-10T20:23:42+00:00\" \/>\n<meta name=\"author\" content=\"Editor General\" \/>\n<meta name=\"twitter:card\" content=\"summary_large_image\" \/>\n<meta name=\"twitter:label1\" content=\"Escrito por\" \/>\n\t<meta name=\"twitter:data1\" content=\"Editor General\" \/>\n\t<meta name=\"twitter:label2\" content=\"Tiempo de lectura\" \/>\n\t<meta name=\"twitter:data2\" content=\"1 minuto\" \/>\n<script type=\"application\/ld+json\" class=\"yoast-schema-graph\">{\"@context\":\"https:\/\/schema.org\",\"@graph\":[{\"@type\":\"Article\",\"@id\":\"https:\/\/luchonoticias.com\/editor\/presunto-lider-de-la-banda-delincuencia-los-jordan-fue-capturado-en-la-plata-huila\/#article\",\"isPartOf\":{\"@id\":\"https:\/\/luchonoticias.com\/editor\/presunto-lider-de-la-banda-delincuencia-los-jordan-fue-capturado-en-la-plata-huila\/\"},\"author\":{\"name\":\"Editor General\",\"@id\":\"https:\/\/luchonoticias.com\/editor\/#\/schema\/person\/29217990ddf6f14e35912b2866d591fb\"},\"headline\":\"Presunto l\u00edder de la banda delincuencia \u2018Los Jord\u00e1n\u00b4 fue capturado en La Plata, Huila\",\"datePublished\":\"2023-06-10T20:23:42+00:00\",\"mainEntityOfPage\":{\"@id\":\"https:\/\/luchonoticias.com\/editor\/presunto-lider-de-la-banda-delincuencia-los-jordan-fue-capturado-en-la-plata-huila\/\"},\"wordCount\":229,\"commentCount\":0,\"publisher\":{\"@id\":\"https:\/\/luchonoticias.com\/editor\/#\/schema\/person\/7a7fd911f58561fd056dbac7b55af9cd\"},\"articleSection\":[\"Destacado\",\"Judicial\"],\"inLanguage\":\"es\",\"potentialAction\":[{\"@type\":\"CommentAction\",\"name\":\"Comment\",\"target\":[\"https:\/\/luchonoticias.com\/editor\/presunto-lider-de-la-banda-delincuencia-los-jordan-fue-capturado-en-la-plata-huila\/#respond\"]}]},{\"@type\":\"WebPage\",\"@id\":\"https:\/\/luchonoticias.com\/editor\/presunto-lider-de-la-banda-delincuencia-los-jordan-fue-capturado-en-la-plata-huila\/\",\"url\":\"https:\/\/luchonoticias.com\/editor\/presunto-lider-de-la-banda-delincuencia-los-jordan-fue-capturado-en-la-plata-huila\/\",\"name\":\"Presunto l\u00edder de la banda delincuencia \u2018Los Jord\u00e1n\u00b4 fue capturado en La Plata, Huila -\",\"isPartOf\":{\"@id\":\"https:\/\/luchonoticias.com\/editor\/#website\"},\"datePublished\":\"2023-06-10T20:23:42+00:00\",\"breadcrumb\":{\"@id\":\"https:\/\/luchonoticias.com\/editor\/presunto-lider-de-la-banda-delincuencia-los-jordan-fue-capturado-en-la-plata-huila\/#breadcrumb\"},\"inLanguage\":\"es\",\"potentialAction\":[{\"@type\":\"ReadAction\",\"target\":[\"https:\/\/luchonoticias.com\/editor\/presunto-lider-de-la-banda-delincuencia-los-jordan-fue-capturado-en-la-plata-huila\/\"]}]},{\"@type\":\"BreadcrumbList\",\"@id\":\"https:\/\/luchonoticias.com\/editor\/presunto-lider-de-la-banda-delincuencia-los-jordan-fue-capturado-en-la-plata-huila\/#breadcrumb\",\"itemListElement\":[{\"@type\":\"ListItem\",\"position\":1,\"name\":\"Portada\",\"item\":\"https:\/\/luchonoticias.com\/editor\/\"},{\"@type\":\"ListItem\",\"position\":2,\"name\":\"Presunto l\u00edder de la banda delincuencia \u2018Los Jord\u00e1n\u00b4 fue capturado en La Plata, Huila\"}]},{\"@type\":\"WebSite\",\"@id\":\"https:\/\/luchonoticias.com\/editor\/#website\",\"url\":\"https:\/\/luchonoticias.com\/editor\/\",\"name\":\"\",\"description\":\"\",\"publisher\":{\"@id\":\"https:\/\/luchonoticias.com\/editor\/#\/schema\/person\/7a7fd911f58561fd056dbac7b55af9cd\"},\"potentialAction\":[{\"@type\":\"SearchAction\",\"target\":{\"@type\":\"EntryPoint\",\"urlTemplate\":\"https:\/\/luchonoticias.com\/editor\/?s={search_term_string}\"},\"query-input\":{\"@type\":\"PropertyValueSpecification\",\"valueRequired\":true,\"valueName\":\"search_term_string\"}}],\"inLanguage\":\"es\"},{\"@type\":[\"Person\",\"Organization\"],\"@id\":\"https:\/\/luchonoticias.com\/editor\/#\/schema\/person\/7a7fd911f58561fd056dbac7b55af9cd\",\"name\":\"admin\",\"image\":{\"@type\":\"ImageObject\",\"inLanguage\":\"es\",\"@id\":\"https:\/\/luchonoticias.com\/editor\/#\/schema\/person\/image\/\",\"url\":\"https:\/\/luchonoticias.com\/editor\/wp-content\/uploads\/2024\/02\/cropped-cropped-logolu.webp\",\"contentUrl\":\"https:\/\/luchonoticias.com\/editor\/wp-content\/uploads\/2024\/02\/cropped-cropped-logolu.webp\",\"width\":382,\"height\":170,\"caption\":\"admin\"},\"logo\":{\"@id\":\"https:\/\/luchonoticias.com\/editor\/#\/schema\/person\/image\/\"},\"sameAs\":[\"https:\/\/www.facebook.com\/luchonoticiasneiva\"]},{\"@type\":\"Person\",\"@id\":\"https:\/\/luchonoticias.com\/editor\/#\/schema\/person\/29217990ddf6f14e35912b2866d591fb\",\"name\":\"Editor General\",\"image\":{\"@type\":\"ImageObject\",\"inLanguage\":\"es\",\"@id\":\"https:\/\/luchonoticias.com\/editor\/#\/schema\/person\/image\/\",\"url\":\"https:\/\/luchonoticias.com\/editor\/wp-content\/uploads\/2024\/02\/cropped-cropped-logolu-150x150.webp\",\"contentUrl\":\"https:\/\/luchonoticias.com\/editor\/wp-content\/uploads\/2024\/02\/cropped-cropped-logolu-150x150.webp\",\"caption\":\"Editor General\"},\"sameAs\":[\"https:\/\/luchonoticias.com\/\"],\"url\":\"https:\/\/luchonoticias.com\/editor\/author\/editor-general\/\"}]}<\/script>\n<!-- \/ Yoast SEO plugin. -->","yoast_head_json":{"title":"Presunto l\u00edder de la banda delincuencia \u2018Los Jord\u00e1n\u00b4 fue capturado en La Plata, Huila -","robots":{"index":"index","follow":"follow","max-snippet":"max-snippet:-1","max-image-preview":"max-image-preview:large","max-video-preview":"max-video-preview:-1"},"canonical":"https:\/\/luchonoticias.com\/editor\/presunto-lider-de-la-banda-delincuencia-los-jordan-fue-capturado-en-la-plata-huila\/","og_locale":"es_ES","og_type":"article","og_title":"Presunto l\u00edder de la banda delincuencia \u2018Los Jord\u00e1n\u00b4 fue capturado en La Plata, Huila -","og_url":"https:\/\/luchonoticias.com\/editor\/presunto-lider-de-la-banda-delincuencia-los-jordan-fue-capturado-en-la-plata-huila\/","article_publisher":"https:\/\/www.facebook.com\/luchonoticiasneiva","article_published_time":"2023-06-10T20:23:42+00:00","author":"Editor General","twitter_card":"summary_large_image","twitter_misc":{"Escrito por":"Editor General","Tiempo de lectura":"1 minuto"},"schema":{"@context":"https:\/\/schema.org","@graph":[{"@type":"Article","@id":"https:\/\/luchonoticias.com\/editor\/presunto-lider-de-la-banda-delincuencia-los-jordan-fue-capturado-en-la-plata-huila\/#article","isPartOf":{"@id":"https:\/\/luchonoticias.com\/editor\/presunto-lider-de-la-banda-delincuencia-los-jordan-fue-capturado-en-la-plata-huila\/"},"author":{"name":"Editor General","@id":"https:\/\/luchonoticias.com\/editor\/#\/schema\/person\/29217990ddf6f14e35912b2866d591fb"},"headline":"Presunto l\u00edder de la banda delincuencia \u2018Los Jord\u00e1n\u00b4 fue capturado en La Plata, Huila","datePublished":"2023-06-10T20:23:42+00:00","mainEntityOfPage":{"@id":"https:\/\/luchonoticias.com\/editor\/presunto-lider-de-la-banda-delincuencia-los-jordan-fue-capturado-en-la-plata-huila\/"},"wordCount":229,"commentCount":0,"publisher":{"@id":"https:\/\/luchonoticias.com\/editor\/#\/schema\/person\/7a7fd911f58561fd056dbac7b55af9cd"},"articleSection":["Destacado","Judicial"],"inLanguage":"es","potentialAction":[{"@type":"CommentAction","name":"Comment","target":["https:\/\/luchonoticias.com\/editor\/presunto-lider-de-la-banda-delincuencia-los-jordan-fue-capturado-en-la-plata-huila\/#respond"]}]},{"@type":"WebPage","@id":"https:\/\/luchonoticias.com\/editor\/presunto-lider-de-la-banda-delincuencia-los-jordan-fue-capturado-en-la-plata-huila\/","url":"https:\/\/luchonoticias.com\/editor\/presunto-lider-de-la-banda-delincuencia-los-jordan-fue-capturado-en-la-plata-huila\/","name":"Presunto l\u00edder de la banda delincuencia \u2018Los Jord\u00e1n\u00b4 fue capturado en La Plata, Huila -","isPartOf":{"@id":"https:\/\/luchonoticias.com\/editor\/#website"},"datePublished":"2023-06-10T20:23:42+00:00","breadcrumb":{"@id":"https:\/\/luchonoticias.com\/editor\/presunto-lider-de-la-banda-delincuencia-los-jordan-fue-capturado-en-la-plata-huila\/#breadcrumb"},"inLanguage":"es","potentialAction":[{"@type":"ReadAction","target":["https:\/\/luchonoticias.com\/editor\/presunto-lider-de-la-banda-delincuencia-los-jordan-fue-capturado-en-la-plata-huila\/"]}]},{"@type":"BreadcrumbList","@id":"https:\/\/luchonoticias.com\/editor\/presunto-lider-de-la-banda-delincuencia-los-jordan-fue-capturado-en-la-plata-huila\/#breadcrumb","itemListElement":[{"@type":"ListItem","position":1,"name":"Portada","item":"https:\/\/luchonoticias.com\/editor\/"},{"@type":"ListItem","position":2,"name":"Presunto l\u00edder de la banda delincuencia \u2018Los Jord\u00e1n\u00b4 fue capturado en La Plata, Huila"}]},{"@type":"WebSite","@id":"https:\/\/luchonoticias.com\/editor\/#website","url":"https:\/\/luchonoticias.com\/editor\/","name":"","description":"","publisher":{"@id":"https:\/\/luchonoticias.com\/editor\/#\/schema\/person\/7a7fd911f58561fd056dbac7b55af9cd"},"potentialAction":[{"@type":"SearchAction","target":{"@type":"EntryPoint","urlTemplate":"https:\/\/luchonoticias.com\/editor\/?s={search_term_string}"},"query-input":{"@type":"PropertyValueSpecification","valueRequired":true,"valueName":"search_term_string"}}],"inLanguage":"es"},{"@type":["Person","Organization"],"@id":"https:\/\/luchonoticias.com\/editor\/#\/schema\/person\/7a7fd911f58561fd056dbac7b55af9cd","name":"admin","image":{"@type":"ImageObject","inLanguage":"es","@id":"https:\/\/luchonoticias.com\/editor\/#\/schema\/person\/image\/","url":"https:\/\/luchonoticias.com\/editor\/wp-content\/uploads\/2024\/02\/cropped-cropped-logolu.webp","contentUrl":"https:\/\/luchonoticias.com\/editor\/wp-content\/uploads\/2024\/02\/cropped-cropped-logolu.webp","width":382,"height":170,"caption":"admin"},"logo":{"@id":"https:\/\/luchonoticias.com\/editor\/#\/schema\/person\/image\/"},"sameAs":["https:\/\/www.facebook.com\/luchonoticiasneiva"]},{"@type":"Person","@id":"https:\/\/luchonoticias.com\/editor\/#\/schema\/person\/29217990ddf6f14e35912b2866d591fb","name":"Editor General","image":{"@type":"ImageObject","inLanguage":"es","@id":"https:\/\/luchonoticias.com\/editor\/#\/schema\/person\/image\/","url":"https:\/\/luchonoticias.com\/editor\/wp-content\/uploads\/2024\/02\/cropped-cropped-logolu-150x150.webp","contentUrl":"https:\/\/luchonoticias.com\/editor\/wp-content\/uploads\/2024\/02\/cropped-cropped-logolu-150x150.webp","caption":"Editor General"},"sameAs":["https:\/\/luchonoticias.com\/"],"url":"https:\/\/luchonoticias.com\/editor\/author\/editor-general\/"}]}},"_links":{"self":[{"href":"https:\/\/luchonoticias.com\/editor\/wp-json\/wp\/v2\/posts\/54351","targetHints":{"allow":["GET"]}}],"collection":[{"href":"https:\/\/luchonoticias.com\/editor\/wp-json\/wp\/v2\/posts"}],"about":[{"href":"https:\/\/luchonoticias.com\/editor\/wp-json\/wp\/v2\/types\/post"}],"author":[{"embeddable":true,"href":"https:\/\/luchonoticias.com\/editor\/wp-json\/wp\/v2\/users\/2"}],"replies":[{"embeddable":true,"href":"https:\/\/luchonoticias.com\/editor\/wp-json\/wp\/v2\/comments?post=54351"}],"version-history":[{"count":0,"href":"https:\/\/luchonoticias.com\/editor\/wp-json\/wp\/v2\/posts\/54351\/revisions"}],"wp:attachment":[{"href":"https:\/\/luchonoticias.com\/editor\/wp-json\/wp\/v2\/media?parent=54351"}],"wp:term":[{"taxonomy":"category","embeddable":true,"href":"https:\/\/luchonoticias.com\/editor\/wp-json\/wp\/v2\/categories?post=54351"},{"taxonomy":"post_tag","embeddable":true,"href":"https:\/\/luchonoticias.com\/editor\/wp-json\/wp\/v2\/tags?post=54351"}],"curies":[{"name":"wp","href":"https:\/\/api.w.org\/{rel}","templated":true}]}}