{"id":54354,"date":"2023-06-10T15:34:21","date_gmt":"2023-06-10T20:34:21","guid":{"rendered":"https:\/\/luchonoticias.com\/?p=54354"},"modified":"2023-06-10T15:34:22","modified_gmt":"2023-06-10T20:34:22","slug":"confirma-el-hallazgo-del-cuerpo-de-hamilton-samboni-chicangana","status":"publish","type":"post","link":"https:\/\/luchonoticias.com\/editor\/confirma-el-hallazgo-del-cuerpo-de-hamilton-samboni-chicangana\/","title":{"rendered":"Confirma el hallazgo del cuerpo de Hamilton Samboni Chicangana"},"content":{"rendered":"\n<p>La oficina de Gesti\u00f3n del Riesgo de Desastres del departamento del Huila, dieron a conocer que en las \u00faltimas horas en aguas del r\u00edo Magdalena jurisdicci\u00f3n de la Vereda El Carmen de San Agust\u00edn, fue hallado el cuerpo de Hamilton Samboni Chicangana, el cual se encontraba desaparecido junto a otra persona, por motivo al deslizamiento ocurrido en el sector Remolinos, el pasado mi\u00e9rcoles 7 de junio.<\/p>\n\n\n\n<p>\u201cEste resultado se dio gracias a labores de b\u00fasqueda, orientaci\u00f3n y seguimiento a la emergencia en el municipio de San Agust\u00edn: El deslizamiento que hab\u00eda dejado la desaparici\u00f3n de \u00e9stas 2 personas en la vereda\u00a0 La Magdalena &#8211; sector Remolinos\u201d, indicaron las fuentes oficiales.<\/p>\n\n\n\n<figure class=\"wp-block-image size-large is-style-rounded\"><img decoding=\"async\" src=\"https:\/\/luchonoticias.com\/wp-content\/uploads\/2023\/06\/353045755_585902143721929_4267452666175783207_n-1024x768.jpg\" alt=\"\" class=\"wp-image-54356\"\/><\/figure>\n\n\n\n<p><strong>Una llamada fue la clave para el hallazgo del cuerpo<\/strong><\/p>\n\n\n\n<p>Asimismo, la oficina de Gesti\u00f3n del Riesgo de Desastres del Huila, se refirieron que el hallazgo de los cuerpos de las victimas, se logr\u00f3 gracias a una llamada que fue recibida por la comunidad, quienes reportaron la visualizaci\u00f3n de otro cuerpo en aguas del r\u00edo,<\/p>\n\n\n\n<p>\u201cMetros m\u00e1s abajo de donde se encontr\u00f3 el primer cuerpo, en la misma vereda El Carmen. Ya se est\u00e1n desplazando unidades a verificar la situaci\u00f3n y tratar de asegurar el cad\u00e1ver para que el caudal no lo siga arrastrando.\u00a0 Se mantuvo el apoyo de dos grupos de avanzada, con organismos de Socorro, uno de la Defensa Civil y otro de Bomberos Voluntarios, con apoyo de la comunidad. Se estableci\u00f3 priorizar la labor en el sitio del deslizamiento realizando barrido en la zona mediante la remoci\u00f3n de tierra de manera manual dada la imposibilidad de acceso de maquinaria.<\/p>\n\n\n\n<figure class=\"wp-block-gallery has-nested-images columns-default is-cropped wp-block-gallery-1 is-layout-flex wp-block-gallery-is-layout-flex\">\n<figure class=\"wp-block-image size-large\"><img decoding=\"async\" data-id=\"54357\" src=\"https:\/\/luchonoticias.com\/wp-content\/uploads\/2023\/06\/352058655_585902277055249_1043941449896725982_n-768x1024.jpg\" alt=\"\" class=\"wp-image-54357\"\/><\/figure>\n\n\n\n<figure class=\"wp-block-image size-large\"><img decoding=\"async\" data-id=\"54358\" src=\"https:\/\/luchonoticias.com\/wp-content\/uploads\/2023\/06\/353440507_585902247055252_8684382938374673310_n-768x1024.jpg\" alt=\"\" class=\"wp-image-54358\"\/><\/figure>\n<\/figure>\n\n\n\n<p>Finalmente, las autoridades huilenses dieron a conocer que se encuentran pendientes de la confirmaci\u00f3n definitiva de si este \u00faltimo reporte corresponde al del se\u00f1or Juan Carlos Samboni Delgado.<\/p>\n","protected":false},"excerpt":{"rendered":"<p>La oficina de Gesti\u00f3n del Riesgo de Desastres del departamento del Huila, dieron a conocer que en las \u00faltimas horas en aguas del r\u00edo Magdalena jurisdicci\u00f3n de la Vereda El Carmen de San Agust\u00edn, fue hallado el cuerpo de Hamilton Samboni Chicangana, el cual se encontraba desaparecido junto a otra persona, por motivo al deslizamiento [&hellip;]<\/p>\n","protected":false},"author":2,"featured_media":0,"comment_status":"open","ping_status":"open","sticky":false,"template":"","format":"standard","meta":{"footnotes":""},"categories":[36,29],"tags":[],"class_list":["post-54354","post","type-post","status-publish","format-standard","hentry","category-destacado","category-judicial"],"yoast_head":"<!-- This site is optimized with the Yoast SEO plugin v26.6 - https:\/\/yoast.com\/wordpress\/plugins\/seo\/ -->\n<title>Confirma el hallazgo del cuerpo de Hamilton Samboni Chicangana -<\/title>\n<meta name=\"robots\" content=\"index, follow, max-snippet:-1, max-image-preview:large, max-video-preview:-1\" \/>\n<link rel=\"canonical\" href=\"https:\/\/luchonoticias.com\/editor\/confirma-el-hallazgo-del-cuerpo-de-hamilton-samboni-chicangana\/\" \/>\n<meta property=\"og:locale\" content=\"es_ES\" \/>\n<meta property=\"og:type\" content=\"article\" \/>\n<meta property=\"og:title\" content=\"Confirma el hallazgo del cuerpo de Hamilton Samboni Chicangana -\" \/>\n<meta property=\"og:url\" content=\"https:\/\/luchonoticias.com\/editor\/confirma-el-hallazgo-del-cuerpo-de-hamilton-samboni-chicangana\/\" \/>\n<meta property=\"article:publisher\" content=\"https:\/\/www.facebook.com\/luchonoticiasneiva\" \/>\n<meta property=\"article:published_time\" content=\"2023-06-10T20:34:21+00:00\" \/>\n<meta property=\"article:modified_time\" content=\"2023-06-10T20:34:22+00:00\" \/>\n<meta property=\"og:image\" content=\"https:\/\/luchonoticias.com\/wp-content\/uploads\/2023\/06\/353045755_585902143721929_4267452666175783207_n-1024x768.jpg\" \/>\n<meta name=\"author\" content=\"Editor General\" \/>\n<meta name=\"twitter:card\" content=\"summary_large_image\" \/>\n<meta name=\"twitter:label1\" content=\"Escrito por\" \/>\n\t<meta name=\"twitter:data1\" content=\"Editor General\" \/>\n\t<meta name=\"twitter:label2\" content=\"Tiempo de lectura\" \/>\n\t<meta name=\"twitter:data2\" content=\"2 minutos\" \/>\n<script type=\"application\/ld+json\" class=\"yoast-schema-graph\">{\"@context\":\"https:\/\/schema.org\",\"@graph\":[{\"@type\":\"Article\",\"@id\":\"https:\/\/luchonoticias.com\/editor\/confirma-el-hallazgo-del-cuerpo-de-hamilton-samboni-chicangana\/#article\",\"isPartOf\":{\"@id\":\"https:\/\/luchonoticias.com\/editor\/confirma-el-hallazgo-del-cuerpo-de-hamilton-samboni-chicangana\/\"},\"author\":{\"name\":\"Editor General\",\"@id\":\"https:\/\/luchonoticias.com\/editor\/#\/schema\/person\/29217990ddf6f14e35912b2866d591fb\"},\"headline\":\"Confirma el hallazgo del cuerpo de Hamilton Samboni Chicangana\",\"datePublished\":\"2023-06-10T20:34:21+00:00\",\"dateModified\":\"2023-06-10T20:34:22+00:00\",\"mainEntityOfPage\":{\"@id\":\"https:\/\/luchonoticias.com\/editor\/confirma-el-hallazgo-del-cuerpo-de-hamilton-samboni-chicangana\/\"},\"wordCount\":317,\"commentCount\":0,\"publisher\":{\"@id\":\"https:\/\/luchonoticias.com\/editor\/#\/schema\/person\/7a7fd911f58561fd056dbac7b55af9cd\"},\"image\":{\"@id\":\"https:\/\/luchonoticias.com\/editor\/confirma-el-hallazgo-del-cuerpo-de-hamilton-samboni-chicangana\/#primaryimage\"},\"thumbnailUrl\":\"https:\/\/luchonoticias.com\/wp-content\/uploads\/2023\/06\/353045755_585902143721929_4267452666175783207_n-1024x768.jpg\",\"articleSection\":[\"Destacado\",\"Judicial\"],\"inLanguage\":\"es\",\"potentialAction\":[{\"@type\":\"CommentAction\",\"name\":\"Comment\",\"target\":[\"https:\/\/luchonoticias.com\/editor\/confirma-el-hallazgo-del-cuerpo-de-hamilton-samboni-chicangana\/#respond\"]}]},{\"@type\":\"WebPage\",\"@id\":\"https:\/\/luchonoticias.com\/editor\/confirma-el-hallazgo-del-cuerpo-de-hamilton-samboni-chicangana\/\",\"url\":\"https:\/\/luchonoticias.com\/editor\/confirma-el-hallazgo-del-cuerpo-de-hamilton-samboni-chicangana\/\",\"name\":\"Confirma el hallazgo del cuerpo de Hamilton Samboni Chicangana -\",\"isPartOf\":{\"@id\":\"https:\/\/luchonoticias.com\/editor\/#website\"},\"primaryImageOfPage\":{\"@id\":\"https:\/\/luchonoticias.com\/editor\/confirma-el-hallazgo-del-cuerpo-de-hamilton-samboni-chicangana\/#primaryimage\"},\"image\":{\"@id\":\"https:\/\/luchonoticias.com\/editor\/confirma-el-hallazgo-del-cuerpo-de-hamilton-samboni-chicangana\/#primaryimage\"},\"thumbnailUrl\":\"https:\/\/luchonoticias.com\/wp-content\/uploads\/2023\/06\/353045755_585902143721929_4267452666175783207_n-1024x768.jpg\",\"datePublished\":\"2023-06-10T20:34:21+00:00\",\"dateModified\":\"2023-06-10T20:34:22+00:00\",\"breadcrumb\":{\"@id\":\"https:\/\/luchonoticias.com\/editor\/confirma-el-hallazgo-del-cuerpo-de-hamilton-samboni-chicangana\/#breadcrumb\"},\"inLanguage\":\"es\",\"potentialAction\":[{\"@type\":\"ReadAction\",\"target\":[\"https:\/\/luchonoticias.com\/editor\/confirma-el-hallazgo-del-cuerpo-de-hamilton-samboni-chicangana\/\"]}]},{\"@type\":\"ImageObject\",\"inLanguage\":\"es\",\"@id\":\"https:\/\/luchonoticias.com\/editor\/confirma-el-hallazgo-del-cuerpo-de-hamilton-samboni-chicangana\/#primaryimage\",\"url\":\"https:\/\/luchonoticias.com\/wp-content\/uploads\/2023\/06\/353045755_585902143721929_4267452666175783207_n-1024x768.jpg\",\"contentUrl\":\"https:\/\/luchonoticias.com\/wp-content\/uploads\/2023\/06\/353045755_585902143721929_4267452666175783207_n-1024x768.jpg\"},{\"@type\":\"BreadcrumbList\",\"@id\":\"https:\/\/luchonoticias.com\/editor\/confirma-el-hallazgo-del-cuerpo-de-hamilton-samboni-chicangana\/#breadcrumb\",\"itemListElement\":[{\"@type\":\"ListItem\",\"position\":1,\"name\":\"Portada\",\"item\":\"https:\/\/luchonoticias.com\/editor\/\"},{\"@type\":\"ListItem\",\"position\":2,\"name\":\"Confirma el hallazgo del cuerpo de Hamilton Samboni Chicangana\"}]},{\"@type\":\"WebSite\",\"@id\":\"https:\/\/luchonoticias.com\/editor\/#website\",\"url\":\"https:\/\/luchonoticias.com\/editor\/\",\"name\":\"\",\"description\":\"\",\"publisher\":{\"@id\":\"https:\/\/luchonoticias.com\/editor\/#\/schema\/person\/7a7fd911f58561fd056dbac7b55af9cd\"},\"potentialAction\":[{\"@type\":\"SearchAction\",\"target\":{\"@type\":\"EntryPoint\",\"urlTemplate\":\"https:\/\/luchonoticias.com\/editor\/?s={search_term_string}\"},\"query-input\":{\"@type\":\"PropertyValueSpecification\",\"valueRequired\":true,\"valueName\":\"search_term_string\"}}],\"inLanguage\":\"es\"},{\"@type\":[\"Person\",\"Organization\"],\"@id\":\"https:\/\/luchonoticias.com\/editor\/#\/schema\/person\/7a7fd911f58561fd056dbac7b55af9cd\",\"name\":\"admin\",\"image\":{\"@type\":\"ImageObject\",\"inLanguage\":\"es\",\"@id\":\"https:\/\/luchonoticias.com\/editor\/#\/schema\/person\/image\/\",\"url\":\"https:\/\/luchonoticias.com\/editor\/wp-content\/uploads\/2024\/02\/cropped-cropped-logolu.webp\",\"contentUrl\":\"https:\/\/luchonoticias.com\/editor\/wp-content\/uploads\/2024\/02\/cropped-cropped-logolu.webp\",\"width\":382,\"height\":170,\"caption\":\"admin\"},\"logo\":{\"@id\":\"https:\/\/luchonoticias.com\/editor\/#\/schema\/person\/image\/\"},\"sameAs\":[\"https:\/\/www.facebook.com\/luchonoticiasneiva\"]},{\"@type\":\"Person\",\"@id\":\"https:\/\/luchonoticias.com\/editor\/#\/schema\/person\/29217990ddf6f14e35912b2866d591fb\",\"name\":\"Editor General\",\"image\":{\"@type\":\"ImageObject\",\"inLanguage\":\"es\",\"@id\":\"https:\/\/luchonoticias.com\/editor\/#\/schema\/person\/image\/\",\"url\":\"https:\/\/luchonoticias.com\/editor\/wp-content\/uploads\/2024\/02\/cropped-cropped-logolu-150x150.webp\",\"contentUrl\":\"https:\/\/luchonoticias.com\/editor\/wp-content\/uploads\/2024\/02\/cropped-cropped-logolu-150x150.webp\",\"caption\":\"Editor General\"},\"sameAs\":[\"https:\/\/luchonoticias.com\/\"],\"url\":\"https:\/\/luchonoticias.com\/editor\/author\/editor-general\/\"}]}<\/script>\n<!-- \/ Yoast SEO plugin. -->","yoast_head_json":{"title":"Confirma el hallazgo del cuerpo de Hamilton Samboni Chicangana -","robots":{"index":"index","follow":"follow","max-snippet":"max-snippet:-1","max-image-preview":"max-image-preview:large","max-video-preview":"max-video-preview:-1"},"canonical":"https:\/\/luchonoticias.com\/editor\/confirma-el-hallazgo-del-cuerpo-de-hamilton-samboni-chicangana\/","og_locale":"es_ES","og_type":"article","og_title":"Confirma el hallazgo del cuerpo de Hamilton Samboni Chicangana -","og_url":"https:\/\/luchonoticias.com\/editor\/confirma-el-hallazgo-del-cuerpo-de-hamilton-samboni-chicangana\/","article_publisher":"https:\/\/www.facebook.com\/luchonoticiasneiva","article_published_time":"2023-06-10T20:34:21+00:00","article_modified_time":"2023-06-10T20:34:22+00:00","og_image":[{"url":"https:\/\/luchonoticias.com\/wp-content\/uploads\/2023\/06\/353045755_585902143721929_4267452666175783207_n-1024x768.jpg","type":"","width":"","height":""}],"author":"Editor General","twitter_card":"summary_large_image","twitter_misc":{"Escrito por":"Editor General","Tiempo de lectura":"2 minutos"},"schema":{"@context":"https:\/\/schema.org","@graph":[{"@type":"Article","@id":"https:\/\/luchonoticias.com\/editor\/confirma-el-hallazgo-del-cuerpo-de-hamilton-samboni-chicangana\/#article","isPartOf":{"@id":"https:\/\/luchonoticias.com\/editor\/confirma-el-hallazgo-del-cuerpo-de-hamilton-samboni-chicangana\/"},"author":{"name":"Editor General","@id":"https:\/\/luchonoticias.com\/editor\/#\/schema\/person\/29217990ddf6f14e35912b2866d591fb"},"headline":"Confirma el hallazgo del cuerpo de Hamilton Samboni Chicangana","datePublished":"2023-06-10T20:34:21+00:00","dateModified":"2023-06-10T20:34:22+00:00","mainEntityOfPage":{"@id":"https:\/\/luchonoticias.com\/editor\/confirma-el-hallazgo-del-cuerpo-de-hamilton-samboni-chicangana\/"},"wordCount":317,"commentCount":0,"publisher":{"@id":"https:\/\/luchonoticias.com\/editor\/#\/schema\/person\/7a7fd911f58561fd056dbac7b55af9cd"},"image":{"@id":"https:\/\/luchonoticias.com\/editor\/confirma-el-hallazgo-del-cuerpo-de-hamilton-samboni-chicangana\/#primaryimage"},"thumbnailUrl":"https:\/\/luchonoticias.com\/wp-content\/uploads\/2023\/06\/353045755_585902143721929_4267452666175783207_n-1024x768.jpg","articleSection":["Destacado","Judicial"],"inLanguage":"es","potentialAction":[{"@type":"CommentAction","name":"Comment","target":["https:\/\/luchonoticias.com\/editor\/confirma-el-hallazgo-del-cuerpo-de-hamilton-samboni-chicangana\/#respond"]}]},{"@type":"WebPage","@id":"https:\/\/luchonoticias.com\/editor\/confirma-el-hallazgo-del-cuerpo-de-hamilton-samboni-chicangana\/","url":"https:\/\/luchonoticias.com\/editor\/confirma-el-hallazgo-del-cuerpo-de-hamilton-samboni-chicangana\/","name":"Confirma el hallazgo del cuerpo de Hamilton Samboni Chicangana -","isPartOf":{"@id":"https:\/\/luchonoticias.com\/editor\/#website"},"primaryImageOfPage":{"@id":"https:\/\/luchonoticias.com\/editor\/confirma-el-hallazgo-del-cuerpo-de-hamilton-samboni-chicangana\/#primaryimage"},"image":{"@id":"https:\/\/luchonoticias.com\/editor\/confirma-el-hallazgo-del-cuerpo-de-hamilton-samboni-chicangana\/#primaryimage"},"thumbnailUrl":"https:\/\/luchonoticias.com\/wp-content\/uploads\/2023\/06\/353045755_585902143721929_4267452666175783207_n-1024x768.jpg","datePublished":"2023-06-10T20:34:21+00:00","dateModified":"2023-06-10T20:34:22+00:00","breadcrumb":{"@id":"https:\/\/luchonoticias.com\/editor\/confirma-el-hallazgo-del-cuerpo-de-hamilton-samboni-chicangana\/#breadcrumb"},"inLanguage":"es","potentialAction":[{"@type":"ReadAction","target":["https:\/\/luchonoticias.com\/editor\/confirma-el-hallazgo-del-cuerpo-de-hamilton-samboni-chicangana\/"]}]},{"@type":"ImageObject","inLanguage":"es","@id":"https:\/\/luchonoticias.com\/editor\/confirma-el-hallazgo-del-cuerpo-de-hamilton-samboni-chicangana\/#primaryimage","url":"https:\/\/luchonoticias.com\/wp-content\/uploads\/2023\/06\/353045755_585902143721929_4267452666175783207_n-1024x768.jpg","contentUrl":"https:\/\/luchonoticias.com\/wp-content\/uploads\/2023\/06\/353045755_585902143721929_4267452666175783207_n-1024x768.jpg"},{"@type":"BreadcrumbList","@id":"https:\/\/luchonoticias.com\/editor\/confirma-el-hallazgo-del-cuerpo-de-hamilton-samboni-chicangana\/#breadcrumb","itemListElement":[{"@type":"ListItem","position":1,"name":"Portada","item":"https:\/\/luchonoticias.com\/editor\/"},{"@type":"ListItem","position":2,"name":"Confirma el hallazgo del cuerpo de Hamilton Samboni Chicangana"}]},{"@type":"WebSite","@id":"https:\/\/luchonoticias.com\/editor\/#website","url":"https:\/\/luchonoticias.com\/editor\/","name":"","description":"","publisher":{"@id":"https:\/\/luchonoticias.com\/editor\/#\/schema\/person\/7a7fd911f58561fd056dbac7b55af9cd"},"potentialAction":[{"@type":"SearchAction","target":{"@type":"EntryPoint","urlTemplate":"https:\/\/luchonoticias.com\/editor\/?s={search_term_string}"},"query-input":{"@type":"PropertyValueSpecification","valueRequired":true,"valueName":"search_term_string"}}],"inLanguage":"es"},{"@type":["Person","Organization"],"@id":"https:\/\/luchonoticias.com\/editor\/#\/schema\/person\/7a7fd911f58561fd056dbac7b55af9cd","name":"admin","image":{"@type":"ImageObject","inLanguage":"es","@id":"https:\/\/luchonoticias.com\/editor\/#\/schema\/person\/image\/","url":"https:\/\/luchonoticias.com\/editor\/wp-content\/uploads\/2024\/02\/cropped-cropped-logolu.webp","contentUrl":"https:\/\/luchonoticias.com\/editor\/wp-content\/uploads\/2024\/02\/cropped-cropped-logolu.webp","width":382,"height":170,"caption":"admin"},"logo":{"@id":"https:\/\/luchonoticias.com\/editor\/#\/schema\/person\/image\/"},"sameAs":["https:\/\/www.facebook.com\/luchonoticiasneiva"]},{"@type":"Person","@id":"https:\/\/luchonoticias.com\/editor\/#\/schema\/person\/29217990ddf6f14e35912b2866d591fb","name":"Editor General","image":{"@type":"ImageObject","inLanguage":"es","@id":"https:\/\/luchonoticias.com\/editor\/#\/schema\/person\/image\/","url":"https:\/\/luchonoticias.com\/editor\/wp-content\/uploads\/2024\/02\/cropped-cropped-logolu-150x150.webp","contentUrl":"https:\/\/luchonoticias.com\/editor\/wp-content\/uploads\/2024\/02\/cropped-cropped-logolu-150x150.webp","caption":"Editor General"},"sameAs":["https:\/\/luchonoticias.com\/"],"url":"https:\/\/luchonoticias.com\/editor\/author\/editor-general\/"}]}},"_links":{"self":[{"href":"https:\/\/luchonoticias.com\/editor\/wp-json\/wp\/v2\/posts\/54354","targetHints":{"allow":["GET"]}}],"collection":[{"href":"https:\/\/luchonoticias.com\/editor\/wp-json\/wp\/v2\/posts"}],"about":[{"href":"https:\/\/luchonoticias.com\/editor\/wp-json\/wp\/v2\/types\/post"}],"author":[{"embeddable":true,"href":"https:\/\/luchonoticias.com\/editor\/wp-json\/wp\/v2\/users\/2"}],"replies":[{"embeddable":true,"href":"https:\/\/luchonoticias.com\/editor\/wp-json\/wp\/v2\/comments?post=54354"}],"version-history":[{"count":0,"href":"https:\/\/luchonoticias.com\/editor\/wp-json\/wp\/v2\/posts\/54354\/revisions"}],"wp:attachment":[{"href":"https:\/\/luchonoticias.com\/editor\/wp-json\/wp\/v2\/media?parent=54354"}],"wp:term":[{"taxonomy":"category","embeddable":true,"href":"https:\/\/luchonoticias.com\/editor\/wp-json\/wp\/v2\/categories?post=54354"},{"taxonomy":"post_tag","embeddable":true,"href":"https:\/\/luchonoticias.com\/editor\/wp-json\/wp\/v2\/tags?post=54354"}],"curies":[{"name":"wp","href":"https:\/\/api.w.org\/{rel}","templated":true}]}}