{"id":54400,"date":"2023-06-12T08:07:20","date_gmt":"2023-06-12T13:07:20","guid":{"rendered":"https:\/\/luchonoticias.com\/?p=54400"},"modified":"2023-06-12T08:07:21","modified_gmt":"2023-06-12T13:07:21","slug":"judicializados-presuntos-integrantes-del-eln-responsables-de-acciones-violentas-en-norte-santander","status":"publish","type":"post","link":"https:\/\/luchonoticias.com\/editor\/judicializados-presuntos-integrantes-del-eln-responsables-de-acciones-violentas-en-norte-santander\/","title":{"rendered":"Judicializados presuntos integrantes del ELN responsables de acciones violentas en Norte Santander"},"content":{"rendered":"\n<p>Por petici\u00f3n de un fiscal de la Unidad Especial de Investigaci\u00f3n (UEI), dos se\u00f1alados integrantes del frente de Guerra Nororiental del ELN recibieron medida de aseguramiento privativa de la libertad en centro carcelario por su presunta participaci\u00f3n en varios actos il\u00edcitos contra la infraestructura y la poblaci\u00f3n civil en la regi\u00f3n del Catatumbo.<\/p>\n\n\n\n<p>Los afectados con la decisi\u00f3n son: Albaneris P\u00e9rez Garavis, alias La Mona o La Patrona, una de las presuntas cabecillas del grupo ilegal en los corregimientos Campo Dos, Campo Tres y Petrolea, en Tib\u00fa (Norte de Santander); y Francisco Antonio Camacho Gonz\u00e1lez.<\/p>\n\n\n\n<p>La investigaci\u00f3n permiti\u00f3 establecer que \u2018La Mona\u2019, habr\u00eda liderado una asonada en este corregimiento, para que fuera liberado un integrante de esta estructura que hab\u00eda sido capturado por las autoridades.<\/p>\n\n\n\n<p>Estas personas fueron capturadas en una acci\u00f3n conjunta de la Fiscal\u00eda con la Polic\u00eda y el Ej\u00e9rcito Nacional, en zona rural corregimiento de Campo Tres en Tib\u00fa. En los procedimientos se incautaron escopetas artesanales, m\u00e1s de 100 proyectiles, pasta de base de coca y dispositivos electr\u00f3nicos.<\/p>\n\n\n\n<p>\u2018La Mona\u2019 fue imputada por los delitos de rebeli\u00f3n agravada, apoderamiento de hidrocarburos, sus derivados, biocombustibles o mezclas que los contengan; y asonada agravada. Por su parte, la Fiscal\u00eda imput\u00f3 a Camacho Gonz\u00e1lez los delitos de fabricaci\u00f3n, tr\u00e1fico y porte de armas, municiones de uso restringido, de uso privativo de las Fuerzas Armadas o explosivos agravado; y tr\u00e1fico, fabricaci\u00f3n o porte de estupefacientes.<\/p>\n","protected":false},"excerpt":{"rendered":"<p>Por petici\u00f3n de un fiscal de la Unidad Especial de Investigaci\u00f3n (UEI), dos se\u00f1alados integrantes del frente de Guerra Nororiental del ELN recibieron medida de aseguramiento privativa de la libertad en centro carcelario por su presunta participaci\u00f3n en varios actos il\u00edcitos contra la infraestructura y la poblaci\u00f3n civil en la regi\u00f3n del Catatumbo. Los afectados [&hellip;]<\/p>\n","protected":false},"author":2,"featured_media":0,"comment_status":"open","ping_status":"open","sticky":false,"template":"","format":"standard","meta":{"footnotes":""},"categories":[36,29],"tags":[],"class_list":["post-54400","post","type-post","status-publish","format-standard","hentry","category-destacado","category-judicial"],"yoast_head":"<!-- This site is optimized with the Yoast SEO plugin v26.6 - https:\/\/yoast.com\/wordpress\/plugins\/seo\/ -->\n<title>Judicializados presuntos integrantes del ELN responsables de acciones violentas en Norte Santander -<\/title>\n<meta name=\"robots\" content=\"index, follow, max-snippet:-1, max-image-preview:large, max-video-preview:-1\" \/>\n<link rel=\"canonical\" href=\"https:\/\/luchonoticias.com\/editor\/judicializados-presuntos-integrantes-del-eln-responsables-de-acciones-violentas-en-norte-santander\/\" \/>\n<meta property=\"og:locale\" content=\"es_ES\" \/>\n<meta property=\"og:type\" content=\"article\" \/>\n<meta property=\"og:title\" content=\"Judicializados presuntos integrantes del ELN responsables de acciones violentas en Norte Santander -\" \/>\n<meta property=\"og:url\" content=\"https:\/\/luchonoticias.com\/editor\/judicializados-presuntos-integrantes-del-eln-responsables-de-acciones-violentas-en-norte-santander\/\" \/>\n<meta property=\"article:publisher\" content=\"https:\/\/www.facebook.com\/luchonoticiasneiva\" \/>\n<meta property=\"article:published_time\" content=\"2023-06-12T13:07:20+00:00\" \/>\n<meta property=\"article:modified_time\" content=\"2023-06-12T13:07:21+00:00\" \/>\n<meta name=\"author\" content=\"Editor General\" \/>\n<meta name=\"twitter:card\" content=\"summary_large_image\" \/>\n<meta name=\"twitter:label1\" content=\"Escrito por\" \/>\n\t<meta name=\"twitter:data1\" content=\"Editor General\" \/>\n\t<meta name=\"twitter:label2\" content=\"Tiempo de lectura\" \/>\n\t<meta name=\"twitter:data2\" content=\"1 minuto\" \/>\n<script type=\"application\/ld+json\" class=\"yoast-schema-graph\">{\"@context\":\"https:\/\/schema.org\",\"@graph\":[{\"@type\":\"Article\",\"@id\":\"https:\/\/luchonoticias.com\/editor\/judicializados-presuntos-integrantes-del-eln-responsables-de-acciones-violentas-en-norte-santander\/#article\",\"isPartOf\":{\"@id\":\"https:\/\/luchonoticias.com\/editor\/judicializados-presuntos-integrantes-del-eln-responsables-de-acciones-violentas-en-norte-santander\/\"},\"author\":{\"name\":\"Editor General\",\"@id\":\"https:\/\/luchonoticias.com\/editor\/#\/schema\/person\/29217990ddf6f14e35912b2866d591fb\"},\"headline\":\"Judicializados presuntos integrantes del ELN responsables de acciones violentas en Norte Santander\",\"datePublished\":\"2023-06-12T13:07:20+00:00\",\"dateModified\":\"2023-06-12T13:07:21+00:00\",\"mainEntityOfPage\":{\"@id\":\"https:\/\/luchonoticias.com\/editor\/judicializados-presuntos-integrantes-del-eln-responsables-de-acciones-violentas-en-norte-santander\/\"},\"wordCount\":271,\"commentCount\":0,\"publisher\":{\"@id\":\"https:\/\/luchonoticias.com\/editor\/#\/schema\/person\/7a7fd911f58561fd056dbac7b55af9cd\"},\"articleSection\":[\"Destacado\",\"Judicial\"],\"inLanguage\":\"es\",\"potentialAction\":[{\"@type\":\"CommentAction\",\"name\":\"Comment\",\"target\":[\"https:\/\/luchonoticias.com\/editor\/judicializados-presuntos-integrantes-del-eln-responsables-de-acciones-violentas-en-norte-santander\/#respond\"]}]},{\"@type\":\"WebPage\",\"@id\":\"https:\/\/luchonoticias.com\/editor\/judicializados-presuntos-integrantes-del-eln-responsables-de-acciones-violentas-en-norte-santander\/\",\"url\":\"https:\/\/luchonoticias.com\/editor\/judicializados-presuntos-integrantes-del-eln-responsables-de-acciones-violentas-en-norte-santander\/\",\"name\":\"Judicializados presuntos integrantes del ELN responsables de acciones violentas en Norte Santander -\",\"isPartOf\":{\"@id\":\"https:\/\/luchonoticias.com\/editor\/#website\"},\"datePublished\":\"2023-06-12T13:07:20+00:00\",\"dateModified\":\"2023-06-12T13:07:21+00:00\",\"breadcrumb\":{\"@id\":\"https:\/\/luchonoticias.com\/editor\/judicializados-presuntos-integrantes-del-eln-responsables-de-acciones-violentas-en-norte-santander\/#breadcrumb\"},\"inLanguage\":\"es\",\"potentialAction\":[{\"@type\":\"ReadAction\",\"target\":[\"https:\/\/luchonoticias.com\/editor\/judicializados-presuntos-integrantes-del-eln-responsables-de-acciones-violentas-en-norte-santander\/\"]}]},{\"@type\":\"BreadcrumbList\",\"@id\":\"https:\/\/luchonoticias.com\/editor\/judicializados-presuntos-integrantes-del-eln-responsables-de-acciones-violentas-en-norte-santander\/#breadcrumb\",\"itemListElement\":[{\"@type\":\"ListItem\",\"position\":1,\"name\":\"Portada\",\"item\":\"https:\/\/luchonoticias.com\/editor\/\"},{\"@type\":\"ListItem\",\"position\":2,\"name\":\"Judicializados presuntos integrantes del ELN responsables de acciones violentas en Norte Santander\"}]},{\"@type\":\"WebSite\",\"@id\":\"https:\/\/luchonoticias.com\/editor\/#website\",\"url\":\"https:\/\/luchonoticias.com\/editor\/\",\"name\":\"\",\"description\":\"\",\"publisher\":{\"@id\":\"https:\/\/luchonoticias.com\/editor\/#\/schema\/person\/7a7fd911f58561fd056dbac7b55af9cd\"},\"potentialAction\":[{\"@type\":\"SearchAction\",\"target\":{\"@type\":\"EntryPoint\",\"urlTemplate\":\"https:\/\/luchonoticias.com\/editor\/?s={search_term_string}\"},\"query-input\":{\"@type\":\"PropertyValueSpecification\",\"valueRequired\":true,\"valueName\":\"search_term_string\"}}],\"inLanguage\":\"es\"},{\"@type\":[\"Person\",\"Organization\"],\"@id\":\"https:\/\/luchonoticias.com\/editor\/#\/schema\/person\/7a7fd911f58561fd056dbac7b55af9cd\",\"name\":\"admin\",\"image\":{\"@type\":\"ImageObject\",\"inLanguage\":\"es\",\"@id\":\"https:\/\/luchonoticias.com\/editor\/#\/schema\/person\/image\/\",\"url\":\"https:\/\/luchonoticias.com\/editor\/wp-content\/uploads\/2024\/02\/cropped-cropped-logolu.webp\",\"contentUrl\":\"https:\/\/luchonoticias.com\/editor\/wp-content\/uploads\/2024\/02\/cropped-cropped-logolu.webp\",\"width\":382,\"height\":170,\"caption\":\"admin\"},\"logo\":{\"@id\":\"https:\/\/luchonoticias.com\/editor\/#\/schema\/person\/image\/\"},\"sameAs\":[\"https:\/\/www.facebook.com\/luchonoticiasneiva\"]},{\"@type\":\"Person\",\"@id\":\"https:\/\/luchonoticias.com\/editor\/#\/schema\/person\/29217990ddf6f14e35912b2866d591fb\",\"name\":\"Editor General\",\"image\":{\"@type\":\"ImageObject\",\"inLanguage\":\"es\",\"@id\":\"https:\/\/luchonoticias.com\/editor\/#\/schema\/person\/image\/\",\"url\":\"https:\/\/luchonoticias.com\/editor\/wp-content\/uploads\/2024\/02\/cropped-cropped-logolu-150x150.webp\",\"contentUrl\":\"https:\/\/luchonoticias.com\/editor\/wp-content\/uploads\/2024\/02\/cropped-cropped-logolu-150x150.webp\",\"caption\":\"Editor General\"},\"sameAs\":[\"https:\/\/luchonoticias.com\/\"],\"url\":\"https:\/\/luchonoticias.com\/editor\/author\/editor-general\/\"}]}<\/script>\n<!-- \/ Yoast SEO plugin. -->","yoast_head_json":{"title":"Judicializados presuntos integrantes del ELN responsables de acciones violentas en Norte Santander -","robots":{"index":"index","follow":"follow","max-snippet":"max-snippet:-1","max-image-preview":"max-image-preview:large","max-video-preview":"max-video-preview:-1"},"canonical":"https:\/\/luchonoticias.com\/editor\/judicializados-presuntos-integrantes-del-eln-responsables-de-acciones-violentas-en-norte-santander\/","og_locale":"es_ES","og_type":"article","og_title":"Judicializados presuntos integrantes del ELN responsables de acciones violentas en Norte Santander -","og_url":"https:\/\/luchonoticias.com\/editor\/judicializados-presuntos-integrantes-del-eln-responsables-de-acciones-violentas-en-norte-santander\/","article_publisher":"https:\/\/www.facebook.com\/luchonoticiasneiva","article_published_time":"2023-06-12T13:07:20+00:00","article_modified_time":"2023-06-12T13:07:21+00:00","author":"Editor General","twitter_card":"summary_large_image","twitter_misc":{"Escrito por":"Editor General","Tiempo de lectura":"1 minuto"},"schema":{"@context":"https:\/\/schema.org","@graph":[{"@type":"Article","@id":"https:\/\/luchonoticias.com\/editor\/judicializados-presuntos-integrantes-del-eln-responsables-de-acciones-violentas-en-norte-santander\/#article","isPartOf":{"@id":"https:\/\/luchonoticias.com\/editor\/judicializados-presuntos-integrantes-del-eln-responsables-de-acciones-violentas-en-norte-santander\/"},"author":{"name":"Editor General","@id":"https:\/\/luchonoticias.com\/editor\/#\/schema\/person\/29217990ddf6f14e35912b2866d591fb"},"headline":"Judicializados presuntos integrantes del ELN responsables de acciones violentas en Norte Santander","datePublished":"2023-06-12T13:07:20+00:00","dateModified":"2023-06-12T13:07:21+00:00","mainEntityOfPage":{"@id":"https:\/\/luchonoticias.com\/editor\/judicializados-presuntos-integrantes-del-eln-responsables-de-acciones-violentas-en-norte-santander\/"},"wordCount":271,"commentCount":0,"publisher":{"@id":"https:\/\/luchonoticias.com\/editor\/#\/schema\/person\/7a7fd911f58561fd056dbac7b55af9cd"},"articleSection":["Destacado","Judicial"],"inLanguage":"es","potentialAction":[{"@type":"CommentAction","name":"Comment","target":["https:\/\/luchonoticias.com\/editor\/judicializados-presuntos-integrantes-del-eln-responsables-de-acciones-violentas-en-norte-santander\/#respond"]}]},{"@type":"WebPage","@id":"https:\/\/luchonoticias.com\/editor\/judicializados-presuntos-integrantes-del-eln-responsables-de-acciones-violentas-en-norte-santander\/","url":"https:\/\/luchonoticias.com\/editor\/judicializados-presuntos-integrantes-del-eln-responsables-de-acciones-violentas-en-norte-santander\/","name":"Judicializados presuntos integrantes del ELN responsables de acciones violentas en Norte Santander -","isPartOf":{"@id":"https:\/\/luchonoticias.com\/editor\/#website"},"datePublished":"2023-06-12T13:07:20+00:00","dateModified":"2023-06-12T13:07:21+00:00","breadcrumb":{"@id":"https:\/\/luchonoticias.com\/editor\/judicializados-presuntos-integrantes-del-eln-responsables-de-acciones-violentas-en-norte-santander\/#breadcrumb"},"inLanguage":"es","potentialAction":[{"@type":"ReadAction","target":["https:\/\/luchonoticias.com\/editor\/judicializados-presuntos-integrantes-del-eln-responsables-de-acciones-violentas-en-norte-santander\/"]}]},{"@type":"BreadcrumbList","@id":"https:\/\/luchonoticias.com\/editor\/judicializados-presuntos-integrantes-del-eln-responsables-de-acciones-violentas-en-norte-santander\/#breadcrumb","itemListElement":[{"@type":"ListItem","position":1,"name":"Portada","item":"https:\/\/luchonoticias.com\/editor\/"},{"@type":"ListItem","position":2,"name":"Judicializados presuntos integrantes del ELN responsables de acciones violentas en Norte Santander"}]},{"@type":"WebSite","@id":"https:\/\/luchonoticias.com\/editor\/#website","url":"https:\/\/luchonoticias.com\/editor\/","name":"","description":"","publisher":{"@id":"https:\/\/luchonoticias.com\/editor\/#\/schema\/person\/7a7fd911f58561fd056dbac7b55af9cd"},"potentialAction":[{"@type":"SearchAction","target":{"@type":"EntryPoint","urlTemplate":"https:\/\/luchonoticias.com\/editor\/?s={search_term_string}"},"query-input":{"@type":"PropertyValueSpecification","valueRequired":true,"valueName":"search_term_string"}}],"inLanguage":"es"},{"@type":["Person","Organization"],"@id":"https:\/\/luchonoticias.com\/editor\/#\/schema\/person\/7a7fd911f58561fd056dbac7b55af9cd","name":"admin","image":{"@type":"ImageObject","inLanguage":"es","@id":"https:\/\/luchonoticias.com\/editor\/#\/schema\/person\/image\/","url":"https:\/\/luchonoticias.com\/editor\/wp-content\/uploads\/2024\/02\/cropped-cropped-logolu.webp","contentUrl":"https:\/\/luchonoticias.com\/editor\/wp-content\/uploads\/2024\/02\/cropped-cropped-logolu.webp","width":382,"height":170,"caption":"admin"},"logo":{"@id":"https:\/\/luchonoticias.com\/editor\/#\/schema\/person\/image\/"},"sameAs":["https:\/\/www.facebook.com\/luchonoticiasneiva"]},{"@type":"Person","@id":"https:\/\/luchonoticias.com\/editor\/#\/schema\/person\/29217990ddf6f14e35912b2866d591fb","name":"Editor General","image":{"@type":"ImageObject","inLanguage":"es","@id":"https:\/\/luchonoticias.com\/editor\/#\/schema\/person\/image\/","url":"https:\/\/luchonoticias.com\/editor\/wp-content\/uploads\/2024\/02\/cropped-cropped-logolu-150x150.webp","contentUrl":"https:\/\/luchonoticias.com\/editor\/wp-content\/uploads\/2024\/02\/cropped-cropped-logolu-150x150.webp","caption":"Editor General"},"sameAs":["https:\/\/luchonoticias.com\/"],"url":"https:\/\/luchonoticias.com\/editor\/author\/editor-general\/"}]}},"_links":{"self":[{"href":"https:\/\/luchonoticias.com\/editor\/wp-json\/wp\/v2\/posts\/54400","targetHints":{"allow":["GET"]}}],"collection":[{"href":"https:\/\/luchonoticias.com\/editor\/wp-json\/wp\/v2\/posts"}],"about":[{"href":"https:\/\/luchonoticias.com\/editor\/wp-json\/wp\/v2\/types\/post"}],"author":[{"embeddable":true,"href":"https:\/\/luchonoticias.com\/editor\/wp-json\/wp\/v2\/users\/2"}],"replies":[{"embeddable":true,"href":"https:\/\/luchonoticias.com\/editor\/wp-json\/wp\/v2\/comments?post=54400"}],"version-history":[{"count":0,"href":"https:\/\/luchonoticias.com\/editor\/wp-json\/wp\/v2\/posts\/54400\/revisions"}],"wp:attachment":[{"href":"https:\/\/luchonoticias.com\/editor\/wp-json\/wp\/v2\/media?parent=54400"}],"wp:term":[{"taxonomy":"category","embeddable":true,"href":"https:\/\/luchonoticias.com\/editor\/wp-json\/wp\/v2\/categories?post=54400"},{"taxonomy":"post_tag","embeddable":true,"href":"https:\/\/luchonoticias.com\/editor\/wp-json\/wp\/v2\/tags?post=54400"}],"curies":[{"name":"wp","href":"https:\/\/api.w.org\/{rel}","templated":true}]}}