{"id":54462,"date":"2023-06-13T05:54:33","date_gmt":"2023-06-13T10:54:33","guid":{"rendered":"https:\/\/luchonoticias.com\/?p=54462"},"modified":"2023-06-13T05:54:39","modified_gmt":"2023-06-13T10:54:39","slug":"capturado-sujeto-requerido-por-orden-judicial-en-neiva","status":"publish","type":"post","link":"https:\/\/luchonoticias.com\/editor\/capturado-sujeto-requerido-por-orden-judicial-en-neiva\/","title":{"rendered":"Capturado sujeto requerido por orden judicial en Neiva"},"content":{"rendered":"\n<p>Es as\u00ed como uniformados d al CAI Estadio mediante solicitud de antecedentes en la calle 19 con carrera 40 del norte de la Capital Huilense, logran la captura por orden judicial de Jos\u00e9 Leonardo Perdomo Fern\u00e1ndez de 43 a\u00f1os de edad.<\/p>\n\n\n\n<p>\u201cEste hombre quien al ingresar su n\u00famero de identidad en el dispositivo PDA es requerido por el delito de fabricaci\u00f3n, tr\u00e1fico y porte de armas de fuego o municiones agravada\u201d, indicaron las fuentes oficiales en un comunicado.<\/p>\n\n\n\n<p>Finalmente, las autoridades revelaron que el hoy capturado, quien al parecer estar\u00eda vinculado a un proceso por los hechos ocurridos el 2 de marzo del a\u00f1o 2016, fue presentado ante autoridad competente, donde fue acogido con medida carcelaria.<\/p>\n","protected":false},"excerpt":{"rendered":"<p>Es as\u00ed como uniformados d al CAI Estadio mediante solicitud de antecedentes en la calle 19 con carrera 40 del norte de la Capital Huilense, logran la captura por orden judicial de Jos\u00e9 Leonardo Perdomo Fern\u00e1ndez de 43 a\u00f1os de edad. \u201cEste hombre quien al ingresar su n\u00famero de identidad en el dispositivo PDA es [&hellip;]<\/p>\n","protected":false},"author":2,"featured_media":0,"comment_status":"open","ping_status":"open","sticky":false,"template":"","format":"standard","meta":{"footnotes":""},"categories":[36,29],"tags":[],"class_list":["post-54462","post","type-post","status-publish","format-standard","hentry","category-destacado","category-judicial"],"yoast_head":"<!-- This site is optimized with the Yoast SEO plugin v26.6 - https:\/\/yoast.com\/wordpress\/plugins\/seo\/ -->\n<title>Capturado sujeto requerido por orden judicial en Neiva -<\/title>\n<meta name=\"robots\" content=\"index, follow, max-snippet:-1, max-image-preview:large, max-video-preview:-1\" \/>\n<link rel=\"canonical\" href=\"https:\/\/luchonoticias.com\/editor\/capturado-sujeto-requerido-por-orden-judicial-en-neiva\/\" \/>\n<meta property=\"og:locale\" content=\"es_ES\" \/>\n<meta property=\"og:type\" content=\"article\" \/>\n<meta property=\"og:title\" content=\"Capturado sujeto requerido por orden judicial en Neiva -\" \/>\n<meta property=\"og:url\" content=\"https:\/\/luchonoticias.com\/editor\/capturado-sujeto-requerido-por-orden-judicial-en-neiva\/\" \/>\n<meta property=\"article:publisher\" content=\"https:\/\/www.facebook.com\/luchonoticiasneiva\" \/>\n<meta property=\"article:published_time\" content=\"2023-06-13T10:54:33+00:00\" \/>\n<meta property=\"article:modified_time\" content=\"2023-06-13T10:54:39+00:00\" \/>\n<meta name=\"author\" content=\"Editor General\" \/>\n<meta name=\"twitter:card\" content=\"summary_large_image\" \/>\n<meta name=\"twitter:label1\" content=\"Escrito por\" \/>\n\t<meta name=\"twitter:data1\" content=\"Editor General\" \/>\n\t<meta name=\"twitter:label2\" content=\"Tiempo de lectura\" \/>\n\t<meta name=\"twitter:data2\" content=\"1 minuto\" \/>\n<script type=\"application\/ld+json\" class=\"yoast-schema-graph\">{\"@context\":\"https:\/\/schema.org\",\"@graph\":[{\"@type\":\"Article\",\"@id\":\"https:\/\/luchonoticias.com\/editor\/capturado-sujeto-requerido-por-orden-judicial-en-neiva\/#article\",\"isPartOf\":{\"@id\":\"https:\/\/luchonoticias.com\/editor\/capturado-sujeto-requerido-por-orden-judicial-en-neiva\/\"},\"author\":{\"name\":\"Editor General\",\"@id\":\"https:\/\/luchonoticias.com\/editor\/#\/schema\/person\/29217990ddf6f14e35912b2866d591fb\"},\"headline\":\"Capturado sujeto requerido por orden judicial en Neiva\",\"datePublished\":\"2023-06-13T10:54:33+00:00\",\"dateModified\":\"2023-06-13T10:54:39+00:00\",\"mainEntityOfPage\":{\"@id\":\"https:\/\/luchonoticias.com\/editor\/capturado-sujeto-requerido-por-orden-judicial-en-neiva\/\"},\"wordCount\":126,\"commentCount\":0,\"publisher\":{\"@id\":\"https:\/\/luchonoticias.com\/editor\/#\/schema\/person\/7a7fd911f58561fd056dbac7b55af9cd\"},\"articleSection\":[\"Destacado\",\"Judicial\"],\"inLanguage\":\"es\",\"potentialAction\":[{\"@type\":\"CommentAction\",\"name\":\"Comment\",\"target\":[\"https:\/\/luchonoticias.com\/editor\/capturado-sujeto-requerido-por-orden-judicial-en-neiva\/#respond\"]}]},{\"@type\":\"WebPage\",\"@id\":\"https:\/\/luchonoticias.com\/editor\/capturado-sujeto-requerido-por-orden-judicial-en-neiva\/\",\"url\":\"https:\/\/luchonoticias.com\/editor\/capturado-sujeto-requerido-por-orden-judicial-en-neiva\/\",\"name\":\"Capturado sujeto requerido por orden judicial en Neiva -\",\"isPartOf\":{\"@id\":\"https:\/\/luchonoticias.com\/editor\/#website\"},\"datePublished\":\"2023-06-13T10:54:33+00:00\",\"dateModified\":\"2023-06-13T10:54:39+00:00\",\"breadcrumb\":{\"@id\":\"https:\/\/luchonoticias.com\/editor\/capturado-sujeto-requerido-por-orden-judicial-en-neiva\/#breadcrumb\"},\"inLanguage\":\"es\",\"potentialAction\":[{\"@type\":\"ReadAction\",\"target\":[\"https:\/\/luchonoticias.com\/editor\/capturado-sujeto-requerido-por-orden-judicial-en-neiva\/\"]}]},{\"@type\":\"BreadcrumbList\",\"@id\":\"https:\/\/luchonoticias.com\/editor\/capturado-sujeto-requerido-por-orden-judicial-en-neiva\/#breadcrumb\",\"itemListElement\":[{\"@type\":\"ListItem\",\"position\":1,\"name\":\"Portada\",\"item\":\"https:\/\/luchonoticias.com\/editor\/\"},{\"@type\":\"ListItem\",\"position\":2,\"name\":\"Capturado sujeto requerido por orden judicial en Neiva\"}]},{\"@type\":\"WebSite\",\"@id\":\"https:\/\/luchonoticias.com\/editor\/#website\",\"url\":\"https:\/\/luchonoticias.com\/editor\/\",\"name\":\"\",\"description\":\"\",\"publisher\":{\"@id\":\"https:\/\/luchonoticias.com\/editor\/#\/schema\/person\/7a7fd911f58561fd056dbac7b55af9cd\"},\"potentialAction\":[{\"@type\":\"SearchAction\",\"target\":{\"@type\":\"EntryPoint\",\"urlTemplate\":\"https:\/\/luchonoticias.com\/editor\/?s={search_term_string}\"},\"query-input\":{\"@type\":\"PropertyValueSpecification\",\"valueRequired\":true,\"valueName\":\"search_term_string\"}}],\"inLanguage\":\"es\"},{\"@type\":[\"Person\",\"Organization\"],\"@id\":\"https:\/\/luchonoticias.com\/editor\/#\/schema\/person\/7a7fd911f58561fd056dbac7b55af9cd\",\"name\":\"admin\",\"image\":{\"@type\":\"ImageObject\",\"inLanguage\":\"es\",\"@id\":\"https:\/\/luchonoticias.com\/editor\/#\/schema\/person\/image\/\",\"url\":\"https:\/\/luchonoticias.com\/editor\/wp-content\/uploads\/2024\/02\/cropped-cropped-logolu.webp\",\"contentUrl\":\"https:\/\/luchonoticias.com\/editor\/wp-content\/uploads\/2024\/02\/cropped-cropped-logolu.webp\",\"width\":382,\"height\":170,\"caption\":\"admin\"},\"logo\":{\"@id\":\"https:\/\/luchonoticias.com\/editor\/#\/schema\/person\/image\/\"},\"sameAs\":[\"https:\/\/www.facebook.com\/luchonoticiasneiva\"]},{\"@type\":\"Person\",\"@id\":\"https:\/\/luchonoticias.com\/editor\/#\/schema\/person\/29217990ddf6f14e35912b2866d591fb\",\"name\":\"Editor General\",\"image\":{\"@type\":\"ImageObject\",\"inLanguage\":\"es\",\"@id\":\"https:\/\/luchonoticias.com\/editor\/#\/schema\/person\/image\/\",\"url\":\"https:\/\/luchonoticias.com\/editor\/wp-content\/uploads\/2024\/02\/cropped-cropped-logolu-150x150.webp\",\"contentUrl\":\"https:\/\/luchonoticias.com\/editor\/wp-content\/uploads\/2024\/02\/cropped-cropped-logolu-150x150.webp\",\"caption\":\"Editor General\"},\"sameAs\":[\"https:\/\/luchonoticias.com\/\"],\"url\":\"https:\/\/luchonoticias.com\/editor\/author\/editor-general\/\"}]}<\/script>\n<!-- \/ Yoast SEO plugin. -->","yoast_head_json":{"title":"Capturado sujeto requerido por orden judicial en Neiva -","robots":{"index":"index","follow":"follow","max-snippet":"max-snippet:-1","max-image-preview":"max-image-preview:large","max-video-preview":"max-video-preview:-1"},"canonical":"https:\/\/luchonoticias.com\/editor\/capturado-sujeto-requerido-por-orden-judicial-en-neiva\/","og_locale":"es_ES","og_type":"article","og_title":"Capturado sujeto requerido por orden judicial en Neiva -","og_url":"https:\/\/luchonoticias.com\/editor\/capturado-sujeto-requerido-por-orden-judicial-en-neiva\/","article_publisher":"https:\/\/www.facebook.com\/luchonoticiasneiva","article_published_time":"2023-06-13T10:54:33+00:00","article_modified_time":"2023-06-13T10:54:39+00:00","author":"Editor General","twitter_card":"summary_large_image","twitter_misc":{"Escrito por":"Editor General","Tiempo de lectura":"1 minuto"},"schema":{"@context":"https:\/\/schema.org","@graph":[{"@type":"Article","@id":"https:\/\/luchonoticias.com\/editor\/capturado-sujeto-requerido-por-orden-judicial-en-neiva\/#article","isPartOf":{"@id":"https:\/\/luchonoticias.com\/editor\/capturado-sujeto-requerido-por-orden-judicial-en-neiva\/"},"author":{"name":"Editor General","@id":"https:\/\/luchonoticias.com\/editor\/#\/schema\/person\/29217990ddf6f14e35912b2866d591fb"},"headline":"Capturado sujeto requerido por orden judicial en Neiva","datePublished":"2023-06-13T10:54:33+00:00","dateModified":"2023-06-13T10:54:39+00:00","mainEntityOfPage":{"@id":"https:\/\/luchonoticias.com\/editor\/capturado-sujeto-requerido-por-orden-judicial-en-neiva\/"},"wordCount":126,"commentCount":0,"publisher":{"@id":"https:\/\/luchonoticias.com\/editor\/#\/schema\/person\/7a7fd911f58561fd056dbac7b55af9cd"},"articleSection":["Destacado","Judicial"],"inLanguage":"es","potentialAction":[{"@type":"CommentAction","name":"Comment","target":["https:\/\/luchonoticias.com\/editor\/capturado-sujeto-requerido-por-orden-judicial-en-neiva\/#respond"]}]},{"@type":"WebPage","@id":"https:\/\/luchonoticias.com\/editor\/capturado-sujeto-requerido-por-orden-judicial-en-neiva\/","url":"https:\/\/luchonoticias.com\/editor\/capturado-sujeto-requerido-por-orden-judicial-en-neiva\/","name":"Capturado sujeto requerido por orden judicial en Neiva -","isPartOf":{"@id":"https:\/\/luchonoticias.com\/editor\/#website"},"datePublished":"2023-06-13T10:54:33+00:00","dateModified":"2023-06-13T10:54:39+00:00","breadcrumb":{"@id":"https:\/\/luchonoticias.com\/editor\/capturado-sujeto-requerido-por-orden-judicial-en-neiva\/#breadcrumb"},"inLanguage":"es","potentialAction":[{"@type":"ReadAction","target":["https:\/\/luchonoticias.com\/editor\/capturado-sujeto-requerido-por-orden-judicial-en-neiva\/"]}]},{"@type":"BreadcrumbList","@id":"https:\/\/luchonoticias.com\/editor\/capturado-sujeto-requerido-por-orden-judicial-en-neiva\/#breadcrumb","itemListElement":[{"@type":"ListItem","position":1,"name":"Portada","item":"https:\/\/luchonoticias.com\/editor\/"},{"@type":"ListItem","position":2,"name":"Capturado sujeto requerido por orden judicial en Neiva"}]},{"@type":"WebSite","@id":"https:\/\/luchonoticias.com\/editor\/#website","url":"https:\/\/luchonoticias.com\/editor\/","name":"","description":"","publisher":{"@id":"https:\/\/luchonoticias.com\/editor\/#\/schema\/person\/7a7fd911f58561fd056dbac7b55af9cd"},"potentialAction":[{"@type":"SearchAction","target":{"@type":"EntryPoint","urlTemplate":"https:\/\/luchonoticias.com\/editor\/?s={search_term_string}"},"query-input":{"@type":"PropertyValueSpecification","valueRequired":true,"valueName":"search_term_string"}}],"inLanguage":"es"},{"@type":["Person","Organization"],"@id":"https:\/\/luchonoticias.com\/editor\/#\/schema\/person\/7a7fd911f58561fd056dbac7b55af9cd","name":"admin","image":{"@type":"ImageObject","inLanguage":"es","@id":"https:\/\/luchonoticias.com\/editor\/#\/schema\/person\/image\/","url":"https:\/\/luchonoticias.com\/editor\/wp-content\/uploads\/2024\/02\/cropped-cropped-logolu.webp","contentUrl":"https:\/\/luchonoticias.com\/editor\/wp-content\/uploads\/2024\/02\/cropped-cropped-logolu.webp","width":382,"height":170,"caption":"admin"},"logo":{"@id":"https:\/\/luchonoticias.com\/editor\/#\/schema\/person\/image\/"},"sameAs":["https:\/\/www.facebook.com\/luchonoticiasneiva"]},{"@type":"Person","@id":"https:\/\/luchonoticias.com\/editor\/#\/schema\/person\/29217990ddf6f14e35912b2866d591fb","name":"Editor General","image":{"@type":"ImageObject","inLanguage":"es","@id":"https:\/\/luchonoticias.com\/editor\/#\/schema\/person\/image\/","url":"https:\/\/luchonoticias.com\/editor\/wp-content\/uploads\/2024\/02\/cropped-cropped-logolu-150x150.webp","contentUrl":"https:\/\/luchonoticias.com\/editor\/wp-content\/uploads\/2024\/02\/cropped-cropped-logolu-150x150.webp","caption":"Editor General"},"sameAs":["https:\/\/luchonoticias.com\/"],"url":"https:\/\/luchonoticias.com\/editor\/author\/editor-general\/"}]}},"_links":{"self":[{"href":"https:\/\/luchonoticias.com\/editor\/wp-json\/wp\/v2\/posts\/54462","targetHints":{"allow":["GET"]}}],"collection":[{"href":"https:\/\/luchonoticias.com\/editor\/wp-json\/wp\/v2\/posts"}],"about":[{"href":"https:\/\/luchonoticias.com\/editor\/wp-json\/wp\/v2\/types\/post"}],"author":[{"embeddable":true,"href":"https:\/\/luchonoticias.com\/editor\/wp-json\/wp\/v2\/users\/2"}],"replies":[{"embeddable":true,"href":"https:\/\/luchonoticias.com\/editor\/wp-json\/wp\/v2\/comments?post=54462"}],"version-history":[{"count":0,"href":"https:\/\/luchonoticias.com\/editor\/wp-json\/wp\/v2\/posts\/54462\/revisions"}],"wp:attachment":[{"href":"https:\/\/luchonoticias.com\/editor\/wp-json\/wp\/v2\/media?parent=54462"}],"wp:term":[{"taxonomy":"category","embeddable":true,"href":"https:\/\/luchonoticias.com\/editor\/wp-json\/wp\/v2\/categories?post=54462"},{"taxonomy":"post_tag","embeddable":true,"href":"https:\/\/luchonoticias.com\/editor\/wp-json\/wp\/v2\/tags?post=54462"}],"curies":[{"name":"wp","href":"https:\/\/api.w.org\/{rel}","templated":true}]}}