{"id":54465,"date":"2023-06-13T06:05:16","date_gmt":"2023-06-13T11:05:16","guid":{"rendered":"https:\/\/luchonoticias.com\/?p=54465"},"modified":"2023-06-13T06:05:26","modified_gmt":"2023-06-13T11:05:26","slug":"positivo-balance-obtiene-la-policia-durante-el-primer-puente-festivo-de-junio-en-el-area-metropolitana","status":"publish","type":"post","link":"https:\/\/luchonoticias.com\/editor\/positivo-balance-obtiene-la-policia-durante-el-primer-puente-festivo-de-junio-en-el-area-metropolitana\/","title":{"rendered":"Positivo balance obtiene la Polic\u00eda durante el primer puente festivo de junio en el \u00e1rea Metropolitana"},"content":{"rendered":"\n<p>La Polic\u00eda Metropolitana, dieron a conocer que, durante el puente festivo, mediante &nbsp;capturas en flagrancia, por orden judicial, incautaciones, inmovilizaciones y el despliegue de diferentes campa\u00f1as; fueron el resultado del trabajo desarrollado por los uniformados a lo largo y ancho de la capital opita y los municipios de Aipe, Rivera y Palermo.<\/p>\n\n\n\n<p>* 4 por hurto.<\/p>\n\n\n\n<p>* 4 por tr\u00e1fico, fabricaci\u00f3n o porte de estupefacientes.<\/p>\n\n\n\n<p>* 2 por falsedad en documento p\u00fablico.&nbsp;<\/p>\n\n\n\n<p>* 2 por porte ilegal de armas de fuego.\u00a0<\/p>\n\n\n\n<figure class=\"wp-block-gallery has-nested-images columns-default is-cropped wp-block-gallery-1 is-layout-flex wp-block-gallery-is-layout-flex\">\n<figure class=\"wp-block-image size-large\"><img decoding=\"async\" data-id=\"54469\" src=\"https:\/\/luchonoticias.com\/wp-content\/uploads\/2023\/06\/WhatsApp-Image-2023-06-12-at-9.10.34-PM-1024x895.jpeg\" alt=\"\" class=\"wp-image-54469\"\/><\/figure>\n\n\n\n<figure class=\"wp-block-image size-large\"><img decoding=\"async\" data-id=\"54468\" src=\"https:\/\/luchonoticias.com\/wp-content\/uploads\/2023\/06\/WhatsApp-Image-2023-06-12-at-9.10.33-PM-3-1024x768.jpeg\" alt=\"\" class=\"wp-image-54468\"\/><\/figure>\n\n\n\n<figure class=\"wp-block-image size-large\"><img decoding=\"async\" data-id=\"54467\" src=\"https:\/\/luchonoticias.com\/wp-content\/uploads\/2023\/06\/WhatsApp-Image-2023-06-12-at-9.10.33-PM-2-1024x426.jpeg\" alt=\"\" class=\"wp-image-54467\"\/><\/figure>\n<\/figure>\n\n\n\n<p><strong>Otras acciones policiales<\/strong><\/p>\n\n\n\n<p>Por otro lado, las autoridades dieron a conocer que del mismo modo, mediante los diferentes operativos, lograron durante el puente festivo, la inmovilizaci\u00f3n de 3 veh\u00edculos por orden judicial; la incautaci\u00f3n de varias cajas de licor avaluadas en m\u00e1s de 4 millones de pesos, por no presentar la documentaci\u00f3n exigida y el desarrollo de campa\u00f1as de prevenci\u00f3n dirigidas a las mujeres, dando a conocer la estrategia Mujer, Familia y G\u00e9nero.<\/p>\n\n\n\n<p><strong>Operativos a resaltar<\/strong><\/p>\n\n\n\n<p>Por otro lado, la Polic\u00eda Metropolitana resalt\u00f3 entre las diferentes acciones policiales, la diligencia de allanamiento y registro a un inmueble en el municipio de Aipe, donde se logra la captura de un hombre conocido como \u201cTotola\u201d de 24 a\u00f1os de edad.<\/p>\n\n\n\n<p>\u201cQuien registra 7 anotaciones como indiciado por los delitos de tr\u00e1fico de estupefacientes, 1 por acceso carnal abusivo con menor de 14 a\u00f1os y 1 por el delito de violencia intrafamiliar y de su compa\u00f1era sentimental conocida como \u201cAlejandra\u201d de 25 a\u00f1os, que presenta anotaciones judiciales por los delitos de lesiones personales y violencia contra servidor p\u00fablico hall\u00e1ndoles en su poder, m\u00e1s de 1.100 gramos de marihuana, listos para su empaque y dosificaci\u00f3n. Igualmente, m\u00e1s de 3 millones de pesos en efectivo, al parecer, producto de la venta del alucin\u00f3geno\u201d, indicaron.<\/p>\n\n\n\n<p>As\u00ed mismo, las autoridades revelaron que el comando situacional realiz\u00f3 en la zona de bares, gastrobares y establecimientos nocturnos abiertos al p\u00fablico, donde con toda la oferta institucional se hizo presencia y acompa\u00f1amiento a la ciudadan\u00eda que participa y asiste a los mismos.<\/p>\n\n\n\n<figure class=\"wp-block-gallery has-nested-images columns-default is-cropped wp-block-gallery-2 is-layout-flex wp-block-gallery-is-layout-flex\">\n<figure class=\"wp-block-image size-large\"><img decoding=\"async\" data-id=\"54470\" src=\"https:\/\/luchonoticias.com\/wp-content\/uploads\/2023\/06\/WhatsApp-Image-2023-06-12-at-9.10.33-PM-1.jpeg\" alt=\"\" class=\"wp-image-54470\"\/><\/figure>\n\n\n\n<figure class=\"wp-block-image size-large\"><img decoding=\"async\" data-id=\"54471\" src=\"https:\/\/luchonoticias.com\/wp-content\/uploads\/2023\/06\/WhatsApp-Image-2023-06-12-at-9.10.32-PM-1-1024x768.jpeg\" alt=\"\" class=\"wp-image-54471\"\/><\/figure>\n<\/figure>\n\n\n\n<p><strong>Atenci\u00f3n l\u00ednea 123<\/strong><\/p>\n\n\n\n<p>Consecutivamente, las fuentes oficiales dieron a conocer que a la l\u00ednea de emergencia 123 ingresaron un total de 2.321 llamadas, de las cuales: \u201c213 fueron relacionadas con casos por ri\u00f1a, 174 por alteraci\u00f3n a la tranquilidad y 43 por la presencia de personas sospechosas\u201d, aseveraron.<\/p>\n\n\n\n<p><strong>Aplicaci\u00f3n del C\u00f3digo Nacional de Seguridad<\/strong><\/p>\n\n\n\n<p>Finalmente, el Comando de la Polic\u00eda Metropolitana, dio a conocer que en la aplicaci\u00f3n del C\u00f3digo Nacional de Seguridad y Convivencia Ciudadana, se impusieron un total de 32 \u00f3rdenes de comparendo por comportamientos contrarios a la convivencia, principalmente relacionados con el porte de armas corto punzantes, ri\u00f1as y consumo de estupefacientes en sitios prohibidos.<\/p>\n","protected":false},"excerpt":{"rendered":"<p>La Polic\u00eda Metropolitana, dieron a conocer que, durante el puente festivo, mediante &nbsp;capturas en flagrancia, por orden judicial, incautaciones, inmovilizaciones y el despliegue de diferentes campa\u00f1as; fueron el resultado del trabajo desarrollado por los uniformados a lo largo y ancho de la capital opita y los municipios de Aipe, Rivera y Palermo. * 4 por [&hellip;]<\/p>\n","protected":false},"author":2,"featured_media":0,"comment_status":"open","ping_status":"open","sticky":false,"template":"","format":"standard","meta":{"footnotes":""},"categories":[36,29],"tags":[],"class_list":["post-54465","post","type-post","status-publish","format-standard","hentry","category-destacado","category-judicial"],"yoast_head":"<!-- This site is optimized with the Yoast SEO plugin v26.6 - https:\/\/yoast.com\/wordpress\/plugins\/seo\/ -->\n<title>Positivo balance obtiene la Polic\u00eda durante el primer puente festivo de junio en el \u00e1rea Metropolitana -<\/title>\n<meta name=\"robots\" content=\"index, follow, max-snippet:-1, max-image-preview:large, max-video-preview:-1\" \/>\n<link rel=\"canonical\" href=\"https:\/\/luchonoticias.com\/editor\/positivo-balance-obtiene-la-policia-durante-el-primer-puente-festivo-de-junio-en-el-area-metropolitana\/\" \/>\n<meta property=\"og:locale\" content=\"es_ES\" \/>\n<meta property=\"og:type\" content=\"article\" \/>\n<meta property=\"og:title\" content=\"Positivo balance obtiene la Polic\u00eda durante el primer puente festivo de junio en el \u00e1rea Metropolitana -\" \/>\n<meta property=\"og:url\" content=\"https:\/\/luchonoticias.com\/editor\/positivo-balance-obtiene-la-policia-durante-el-primer-puente-festivo-de-junio-en-el-area-metropolitana\/\" \/>\n<meta property=\"article:publisher\" content=\"https:\/\/www.facebook.com\/luchonoticiasneiva\" \/>\n<meta property=\"article:published_time\" content=\"2023-06-13T11:05:16+00:00\" \/>\n<meta property=\"article:modified_time\" content=\"2023-06-13T11:05:26+00:00\" \/>\n<meta property=\"og:image\" content=\"https:\/\/luchonoticias.com\/wp-content\/uploads\/2023\/06\/WhatsApp-Image-2023-06-12-at-9.10.34-PM-1024x895.jpeg\" \/>\n<meta name=\"author\" content=\"Editor General\" \/>\n<meta name=\"twitter:card\" content=\"summary_large_image\" \/>\n<meta name=\"twitter:label1\" content=\"Escrito por\" \/>\n\t<meta name=\"twitter:data1\" content=\"Editor General\" \/>\n\t<meta name=\"twitter:label2\" content=\"Tiempo de lectura\" \/>\n\t<meta name=\"twitter:data2\" content=\"2 minutos\" \/>\n<script type=\"application\/ld+json\" class=\"yoast-schema-graph\">{\"@context\":\"https:\/\/schema.org\",\"@graph\":[{\"@type\":\"Article\",\"@id\":\"https:\/\/luchonoticias.com\/editor\/positivo-balance-obtiene-la-policia-durante-el-primer-puente-festivo-de-junio-en-el-area-metropolitana\/#article\",\"isPartOf\":{\"@id\":\"https:\/\/luchonoticias.com\/editor\/positivo-balance-obtiene-la-policia-durante-el-primer-puente-festivo-de-junio-en-el-area-metropolitana\/\"},\"author\":{\"name\":\"Editor General\",\"@id\":\"https:\/\/luchonoticias.com\/editor\/#\/schema\/person\/29217990ddf6f14e35912b2866d591fb\"},\"headline\":\"Positivo balance obtiene la Polic\u00eda durante el primer puente festivo de junio en el \u00e1rea Metropolitana\",\"datePublished\":\"2023-06-13T11:05:16+00:00\",\"dateModified\":\"2023-06-13T11:05:26+00:00\",\"mainEntityOfPage\":{\"@id\":\"https:\/\/luchonoticias.com\/editor\/positivo-balance-obtiene-la-policia-durante-el-primer-puente-festivo-de-junio-en-el-area-metropolitana\/\"},\"wordCount\":474,\"commentCount\":0,\"publisher\":{\"@id\":\"https:\/\/luchonoticias.com\/editor\/#\/schema\/person\/7a7fd911f58561fd056dbac7b55af9cd\"},\"image\":{\"@id\":\"https:\/\/luchonoticias.com\/editor\/positivo-balance-obtiene-la-policia-durante-el-primer-puente-festivo-de-junio-en-el-area-metropolitana\/#primaryimage\"},\"thumbnailUrl\":\"https:\/\/luchonoticias.com\/wp-content\/uploads\/2023\/06\/WhatsApp-Image-2023-06-12-at-9.10.34-PM-1024x895.jpeg\",\"articleSection\":[\"Destacado\",\"Judicial\"],\"inLanguage\":\"es\",\"potentialAction\":[{\"@type\":\"CommentAction\",\"name\":\"Comment\",\"target\":[\"https:\/\/luchonoticias.com\/editor\/positivo-balance-obtiene-la-policia-durante-el-primer-puente-festivo-de-junio-en-el-area-metropolitana\/#respond\"]}]},{\"@type\":\"WebPage\",\"@id\":\"https:\/\/luchonoticias.com\/editor\/positivo-balance-obtiene-la-policia-durante-el-primer-puente-festivo-de-junio-en-el-area-metropolitana\/\",\"url\":\"https:\/\/luchonoticias.com\/editor\/positivo-balance-obtiene-la-policia-durante-el-primer-puente-festivo-de-junio-en-el-area-metropolitana\/\",\"name\":\"Positivo balance obtiene la Polic\u00eda durante el primer puente festivo de junio en el \u00e1rea Metropolitana -\",\"isPartOf\":{\"@id\":\"https:\/\/luchonoticias.com\/editor\/#website\"},\"primaryImageOfPage\":{\"@id\":\"https:\/\/luchonoticias.com\/editor\/positivo-balance-obtiene-la-policia-durante-el-primer-puente-festivo-de-junio-en-el-area-metropolitana\/#primaryimage\"},\"image\":{\"@id\":\"https:\/\/luchonoticias.com\/editor\/positivo-balance-obtiene-la-policia-durante-el-primer-puente-festivo-de-junio-en-el-area-metropolitana\/#primaryimage\"},\"thumbnailUrl\":\"https:\/\/luchonoticias.com\/wp-content\/uploads\/2023\/06\/WhatsApp-Image-2023-06-12-at-9.10.34-PM-1024x895.jpeg\",\"datePublished\":\"2023-06-13T11:05:16+00:00\",\"dateModified\":\"2023-06-13T11:05:26+00:00\",\"breadcrumb\":{\"@id\":\"https:\/\/luchonoticias.com\/editor\/positivo-balance-obtiene-la-policia-durante-el-primer-puente-festivo-de-junio-en-el-area-metropolitana\/#breadcrumb\"},\"inLanguage\":\"es\",\"potentialAction\":[{\"@type\":\"ReadAction\",\"target\":[\"https:\/\/luchonoticias.com\/editor\/positivo-balance-obtiene-la-policia-durante-el-primer-puente-festivo-de-junio-en-el-area-metropolitana\/\"]}]},{\"@type\":\"ImageObject\",\"inLanguage\":\"es\",\"@id\":\"https:\/\/luchonoticias.com\/editor\/positivo-balance-obtiene-la-policia-durante-el-primer-puente-festivo-de-junio-en-el-area-metropolitana\/#primaryimage\",\"url\":\"https:\/\/luchonoticias.com\/wp-content\/uploads\/2023\/06\/WhatsApp-Image-2023-06-12-at-9.10.34-PM-1024x895.jpeg\",\"contentUrl\":\"https:\/\/luchonoticias.com\/wp-content\/uploads\/2023\/06\/WhatsApp-Image-2023-06-12-at-9.10.34-PM-1024x895.jpeg\"},{\"@type\":\"BreadcrumbList\",\"@id\":\"https:\/\/luchonoticias.com\/editor\/positivo-balance-obtiene-la-policia-durante-el-primer-puente-festivo-de-junio-en-el-area-metropolitana\/#breadcrumb\",\"itemListElement\":[{\"@type\":\"ListItem\",\"position\":1,\"name\":\"Portada\",\"item\":\"https:\/\/luchonoticias.com\/editor\/\"},{\"@type\":\"ListItem\",\"position\":2,\"name\":\"Positivo balance obtiene la Polic\u00eda durante el primer puente festivo de junio en el \u00e1rea Metropolitana\"}]},{\"@type\":\"WebSite\",\"@id\":\"https:\/\/luchonoticias.com\/editor\/#website\",\"url\":\"https:\/\/luchonoticias.com\/editor\/\",\"name\":\"\",\"description\":\"\",\"publisher\":{\"@id\":\"https:\/\/luchonoticias.com\/editor\/#\/schema\/person\/7a7fd911f58561fd056dbac7b55af9cd\"},\"potentialAction\":[{\"@type\":\"SearchAction\",\"target\":{\"@type\":\"EntryPoint\",\"urlTemplate\":\"https:\/\/luchonoticias.com\/editor\/?s={search_term_string}\"},\"query-input\":{\"@type\":\"PropertyValueSpecification\",\"valueRequired\":true,\"valueName\":\"search_term_string\"}}],\"inLanguage\":\"es\"},{\"@type\":[\"Person\",\"Organization\"],\"@id\":\"https:\/\/luchonoticias.com\/editor\/#\/schema\/person\/7a7fd911f58561fd056dbac7b55af9cd\",\"name\":\"admin\",\"image\":{\"@type\":\"ImageObject\",\"inLanguage\":\"es\",\"@id\":\"https:\/\/luchonoticias.com\/editor\/#\/schema\/person\/image\/\",\"url\":\"https:\/\/luchonoticias.com\/editor\/wp-content\/uploads\/2024\/02\/cropped-cropped-logolu.webp\",\"contentUrl\":\"https:\/\/luchonoticias.com\/editor\/wp-content\/uploads\/2024\/02\/cropped-cropped-logolu.webp\",\"width\":382,\"height\":170,\"caption\":\"admin\"},\"logo\":{\"@id\":\"https:\/\/luchonoticias.com\/editor\/#\/schema\/person\/image\/\"},\"sameAs\":[\"https:\/\/www.facebook.com\/luchonoticiasneiva\"]},{\"@type\":\"Person\",\"@id\":\"https:\/\/luchonoticias.com\/editor\/#\/schema\/person\/29217990ddf6f14e35912b2866d591fb\",\"name\":\"Editor General\",\"image\":{\"@type\":\"ImageObject\",\"inLanguage\":\"es\",\"@id\":\"https:\/\/luchonoticias.com\/editor\/#\/schema\/person\/image\/\",\"url\":\"https:\/\/luchonoticias.com\/editor\/wp-content\/uploads\/2024\/02\/cropped-cropped-logolu-150x150.webp\",\"contentUrl\":\"https:\/\/luchonoticias.com\/editor\/wp-content\/uploads\/2024\/02\/cropped-cropped-logolu-150x150.webp\",\"caption\":\"Editor General\"},\"sameAs\":[\"https:\/\/luchonoticias.com\/\"],\"url\":\"https:\/\/luchonoticias.com\/editor\/author\/editor-general\/\"}]}<\/script>\n<!-- \/ Yoast SEO plugin. -->","yoast_head_json":{"title":"Positivo balance obtiene la Polic\u00eda durante el primer puente festivo de junio en el \u00e1rea Metropolitana -","robots":{"index":"index","follow":"follow","max-snippet":"max-snippet:-1","max-image-preview":"max-image-preview:large","max-video-preview":"max-video-preview:-1"},"canonical":"https:\/\/luchonoticias.com\/editor\/positivo-balance-obtiene-la-policia-durante-el-primer-puente-festivo-de-junio-en-el-area-metropolitana\/","og_locale":"es_ES","og_type":"article","og_title":"Positivo balance obtiene la Polic\u00eda durante el primer puente festivo de junio en el \u00e1rea Metropolitana -","og_url":"https:\/\/luchonoticias.com\/editor\/positivo-balance-obtiene-la-policia-durante-el-primer-puente-festivo-de-junio-en-el-area-metropolitana\/","article_publisher":"https:\/\/www.facebook.com\/luchonoticiasneiva","article_published_time":"2023-06-13T11:05:16+00:00","article_modified_time":"2023-06-13T11:05:26+00:00","og_image":[{"url":"https:\/\/luchonoticias.com\/wp-content\/uploads\/2023\/06\/WhatsApp-Image-2023-06-12-at-9.10.34-PM-1024x895.jpeg","type":"","width":"","height":""}],"author":"Editor General","twitter_card":"summary_large_image","twitter_misc":{"Escrito por":"Editor General","Tiempo de lectura":"2 minutos"},"schema":{"@context":"https:\/\/schema.org","@graph":[{"@type":"Article","@id":"https:\/\/luchonoticias.com\/editor\/positivo-balance-obtiene-la-policia-durante-el-primer-puente-festivo-de-junio-en-el-area-metropolitana\/#article","isPartOf":{"@id":"https:\/\/luchonoticias.com\/editor\/positivo-balance-obtiene-la-policia-durante-el-primer-puente-festivo-de-junio-en-el-area-metropolitana\/"},"author":{"name":"Editor General","@id":"https:\/\/luchonoticias.com\/editor\/#\/schema\/person\/29217990ddf6f14e35912b2866d591fb"},"headline":"Positivo balance obtiene la Polic\u00eda durante el primer puente festivo de junio en el \u00e1rea Metropolitana","datePublished":"2023-06-13T11:05:16+00:00","dateModified":"2023-06-13T11:05:26+00:00","mainEntityOfPage":{"@id":"https:\/\/luchonoticias.com\/editor\/positivo-balance-obtiene-la-policia-durante-el-primer-puente-festivo-de-junio-en-el-area-metropolitana\/"},"wordCount":474,"commentCount":0,"publisher":{"@id":"https:\/\/luchonoticias.com\/editor\/#\/schema\/person\/7a7fd911f58561fd056dbac7b55af9cd"},"image":{"@id":"https:\/\/luchonoticias.com\/editor\/positivo-balance-obtiene-la-policia-durante-el-primer-puente-festivo-de-junio-en-el-area-metropolitana\/#primaryimage"},"thumbnailUrl":"https:\/\/luchonoticias.com\/wp-content\/uploads\/2023\/06\/WhatsApp-Image-2023-06-12-at-9.10.34-PM-1024x895.jpeg","articleSection":["Destacado","Judicial"],"inLanguage":"es","potentialAction":[{"@type":"CommentAction","name":"Comment","target":["https:\/\/luchonoticias.com\/editor\/positivo-balance-obtiene-la-policia-durante-el-primer-puente-festivo-de-junio-en-el-area-metropolitana\/#respond"]}]},{"@type":"WebPage","@id":"https:\/\/luchonoticias.com\/editor\/positivo-balance-obtiene-la-policia-durante-el-primer-puente-festivo-de-junio-en-el-area-metropolitana\/","url":"https:\/\/luchonoticias.com\/editor\/positivo-balance-obtiene-la-policia-durante-el-primer-puente-festivo-de-junio-en-el-area-metropolitana\/","name":"Positivo balance obtiene la Polic\u00eda durante el primer puente festivo de junio en el \u00e1rea Metropolitana -","isPartOf":{"@id":"https:\/\/luchonoticias.com\/editor\/#website"},"primaryImageOfPage":{"@id":"https:\/\/luchonoticias.com\/editor\/positivo-balance-obtiene-la-policia-durante-el-primer-puente-festivo-de-junio-en-el-area-metropolitana\/#primaryimage"},"image":{"@id":"https:\/\/luchonoticias.com\/editor\/positivo-balance-obtiene-la-policia-durante-el-primer-puente-festivo-de-junio-en-el-area-metropolitana\/#primaryimage"},"thumbnailUrl":"https:\/\/luchonoticias.com\/wp-content\/uploads\/2023\/06\/WhatsApp-Image-2023-06-12-at-9.10.34-PM-1024x895.jpeg","datePublished":"2023-06-13T11:05:16+00:00","dateModified":"2023-06-13T11:05:26+00:00","breadcrumb":{"@id":"https:\/\/luchonoticias.com\/editor\/positivo-balance-obtiene-la-policia-durante-el-primer-puente-festivo-de-junio-en-el-area-metropolitana\/#breadcrumb"},"inLanguage":"es","potentialAction":[{"@type":"ReadAction","target":["https:\/\/luchonoticias.com\/editor\/positivo-balance-obtiene-la-policia-durante-el-primer-puente-festivo-de-junio-en-el-area-metropolitana\/"]}]},{"@type":"ImageObject","inLanguage":"es","@id":"https:\/\/luchonoticias.com\/editor\/positivo-balance-obtiene-la-policia-durante-el-primer-puente-festivo-de-junio-en-el-area-metropolitana\/#primaryimage","url":"https:\/\/luchonoticias.com\/wp-content\/uploads\/2023\/06\/WhatsApp-Image-2023-06-12-at-9.10.34-PM-1024x895.jpeg","contentUrl":"https:\/\/luchonoticias.com\/wp-content\/uploads\/2023\/06\/WhatsApp-Image-2023-06-12-at-9.10.34-PM-1024x895.jpeg"},{"@type":"BreadcrumbList","@id":"https:\/\/luchonoticias.com\/editor\/positivo-balance-obtiene-la-policia-durante-el-primer-puente-festivo-de-junio-en-el-area-metropolitana\/#breadcrumb","itemListElement":[{"@type":"ListItem","position":1,"name":"Portada","item":"https:\/\/luchonoticias.com\/editor\/"},{"@type":"ListItem","position":2,"name":"Positivo balance obtiene la Polic\u00eda durante el primer puente festivo de junio en el \u00e1rea Metropolitana"}]},{"@type":"WebSite","@id":"https:\/\/luchonoticias.com\/editor\/#website","url":"https:\/\/luchonoticias.com\/editor\/","name":"","description":"","publisher":{"@id":"https:\/\/luchonoticias.com\/editor\/#\/schema\/person\/7a7fd911f58561fd056dbac7b55af9cd"},"potentialAction":[{"@type":"SearchAction","target":{"@type":"EntryPoint","urlTemplate":"https:\/\/luchonoticias.com\/editor\/?s={search_term_string}"},"query-input":{"@type":"PropertyValueSpecification","valueRequired":true,"valueName":"search_term_string"}}],"inLanguage":"es"},{"@type":["Person","Organization"],"@id":"https:\/\/luchonoticias.com\/editor\/#\/schema\/person\/7a7fd911f58561fd056dbac7b55af9cd","name":"admin","image":{"@type":"ImageObject","inLanguage":"es","@id":"https:\/\/luchonoticias.com\/editor\/#\/schema\/person\/image\/","url":"https:\/\/luchonoticias.com\/editor\/wp-content\/uploads\/2024\/02\/cropped-cropped-logolu.webp","contentUrl":"https:\/\/luchonoticias.com\/editor\/wp-content\/uploads\/2024\/02\/cropped-cropped-logolu.webp","width":382,"height":170,"caption":"admin"},"logo":{"@id":"https:\/\/luchonoticias.com\/editor\/#\/schema\/person\/image\/"},"sameAs":["https:\/\/www.facebook.com\/luchonoticiasneiva"]},{"@type":"Person","@id":"https:\/\/luchonoticias.com\/editor\/#\/schema\/person\/29217990ddf6f14e35912b2866d591fb","name":"Editor General","image":{"@type":"ImageObject","inLanguage":"es","@id":"https:\/\/luchonoticias.com\/editor\/#\/schema\/person\/image\/","url":"https:\/\/luchonoticias.com\/editor\/wp-content\/uploads\/2024\/02\/cropped-cropped-logolu-150x150.webp","contentUrl":"https:\/\/luchonoticias.com\/editor\/wp-content\/uploads\/2024\/02\/cropped-cropped-logolu-150x150.webp","caption":"Editor General"},"sameAs":["https:\/\/luchonoticias.com\/"],"url":"https:\/\/luchonoticias.com\/editor\/author\/editor-general\/"}]}},"_links":{"self":[{"href":"https:\/\/luchonoticias.com\/editor\/wp-json\/wp\/v2\/posts\/54465","targetHints":{"allow":["GET"]}}],"collection":[{"href":"https:\/\/luchonoticias.com\/editor\/wp-json\/wp\/v2\/posts"}],"about":[{"href":"https:\/\/luchonoticias.com\/editor\/wp-json\/wp\/v2\/types\/post"}],"author":[{"embeddable":true,"href":"https:\/\/luchonoticias.com\/editor\/wp-json\/wp\/v2\/users\/2"}],"replies":[{"embeddable":true,"href":"https:\/\/luchonoticias.com\/editor\/wp-json\/wp\/v2\/comments?post=54465"}],"version-history":[{"count":0,"href":"https:\/\/luchonoticias.com\/editor\/wp-json\/wp\/v2\/posts\/54465\/revisions"}],"wp:attachment":[{"href":"https:\/\/luchonoticias.com\/editor\/wp-json\/wp\/v2\/media?parent=54465"}],"wp:term":[{"taxonomy":"category","embeddable":true,"href":"https:\/\/luchonoticias.com\/editor\/wp-json\/wp\/v2\/categories?post=54465"},{"taxonomy":"post_tag","embeddable":true,"href":"https:\/\/luchonoticias.com\/editor\/wp-json\/wp\/v2\/tags?post=54465"}],"curies":[{"name":"wp","href":"https:\/\/api.w.org\/{rel}","templated":true}]}}