{"id":54489,"date":"2023-06-13T15:39:21","date_gmt":"2023-06-13T20:39:21","guid":{"rendered":"https:\/\/luchonoticias.com\/?p=54489"},"modified":"2023-06-13T15:39:22","modified_gmt":"2023-06-13T20:39:22","slug":"fiscalia-imputara-a-oscar-ivan-zuluaga-a-su-hijo-y-a-la-exministra-cecilia-alvarez","status":"publish","type":"post","link":"https:\/\/luchonoticias.com\/editor\/fiscalia-imputara-a-oscar-ivan-zuluaga-a-su-hijo-y-a-la-exministra-cecilia-alvarez\/","title":{"rendered":"Fiscal\u00eda imputar\u00e1 a Oscar Iv\u00e1n Zuluaga, a su hijo y a la exministra Cecilia \u00c1lvarez"},"content":{"rendered":"\n<p>El ente acusador manifest\u00f3 que ante el abundante material de prueba obtenido, se presentar\u00e1 solicitud de audiencia de imputaci\u00f3n. Adem\u00e1s se\u00f1al\u00f3 que fue archivada una investigaci\u00f3n que se segu\u00eda en contra de la exministra de Educaci\u00f3n, Gina Mar\u00eda Parody D\u2019echeona, por atipicidad de las conductas por las que fue denunciada.<\/p>\n\n\n\n<p><strong>Financiaci\u00f3n de campa\u00f1a con dineros del extranjero<\/strong><\/p>\n\n\n\n<p>Agreg\u00f3 la Fiscal\u00eda que en 2014, el entonces candidato a la Presidencia de la Rep\u00fablica, \u00d3scar Iv\u00e1n Zuluaga Escobar, se habr\u00eda reunido en varias oportunidades, en su apartamento del norte de Bogot\u00e1, con el exdirectivo de Odebrecht en Colombia, Eleuberto Antonio Martorelli. En los encuentros, al parecer, se pact\u00f3 un aporte de la multinacional brasile\u00f1a para pagar parte de los servicios que el publicista Jos\u00e9 Eduardo Cavalcanti de Mendo\u00e7a, conocido como \u2018Duda\u2019 Mendo\u00e7a, prestaba a la campa\u00f1a.<\/p>\n\n\n\n<p>En atenci\u00f3n a lo acordado, entre junio y julio de 2014, Odebrecht gir\u00f3 1\u2019610.000 d\u00f3lares a las cuentas de una empresa que el reconocido publicista ten\u00eda en Panam\u00e1. De esta manera, el aspirante presidencial, presuntamente, termin\u00f3 de cubrir los honorarios de \u2018Duda\u2019 Mendo\u00e7a.<\/p>\n\n\n\n<p>Con esta actuaci\u00f3n se habr\u00eda vulnerado el art\u00edculo 109 de la Constituci\u00f3n Pol\u00edtica de Colombia, el cual proh\u00edbe a los partidos pol\u00edticos, movimientos y grupos significativos de ciudadanos recibir financiaci\u00f3n de personas naturales o jur\u00eddicas extranjeras para campa\u00f1as electorales.<\/p>\n\n\n\n<p>Las evidencias dan cuenta de que \u00d3scar Iv\u00e1n Zuluaga ten\u00eda conocimiento del aporte il\u00edcito y present\u00f3 una contabilidad con tal omisi\u00f3n ante el Consejo Nacional Electoral (CNE), a fin de obtener una reposici\u00f3n de votos por m\u00e1s de 25.000 millones de pesos, como en efecto ocurri\u00f3.<\/p>\n\n\n\n<p>Adem\u00e1s, la Fiscal\u00eda estableci\u00f3 que el candidato y su gerente de campa\u00f1a, en las declaraciones rendidas ante el CNE, ocultaron informaci\u00f3n sobre la colaboraci\u00f3n econ\u00f3mica de Odebrecth.<\/p>\n\n\n\n<p>As\u00ed indujeron a error a la autoridad electoral que cerr\u00f3 una investigaci\u00f3n que adelantada sobre el particular.<\/p>\n\n\n\n<p>Por estos hechos, un fiscal del Grupo de Tareas Especiales imputar\u00e1 a \u00d3scar Iv\u00e1n Zuluaga Escobar los delitos de falsedad en documento privado, fraude procesal y enriquecimiento il\u00edcito de particular; y a David Zuluaga Mart\u00ednez el delito de fraude procesal.<\/p>\n\n\n\n<p>Posible favorecimiento indebido a Odebrecht y a terminal fluvial sobre el r\u00edo Magdalena Cecilia Elvira \u00c1lvarez Correa-Glen, en su condici\u00f3n de ministra de Transporte entre septiembre de 2012 y agosto de 2014, es se\u00f1alada de avalar la celebraci\u00f3n de los otros\u00edes 3 y 6 al contrato \u2018Ruta del Sol II\u2019, los cuales adicionaron al proyecto vial la construcci\u00f3n del tramo Oca\u00f1a (Norte de Santander) \u2013 Gamarra (Cesar).<\/p>\n\n\n\n<p>Para cumplir varias cl\u00e1usulas contenidas en los otros\u00edes y garantizar m\u00e1s fuentes de financiaci\u00f3n a la concesionaria, de la que hac\u00eda parte Odebrecht, la entonces ministra emiti\u00f3 una resoluci\u00f3n el 22 de julio de 2014, que permiti\u00f3 a la concesionaria \u2018Ruta del Sol\u2019 instalar dos nuevas estaciones de peaje y subir el cobro en otras cinco que estaban en funcionamiento.<\/p>\n\n\n\n<p>Los elementos de prueba indican que las adiciones y las dem\u00e1s actuaciones se hicieron sin estudios t\u00e9cnicos que las sustentaran, y sin autorizaci\u00f3n previa del Consejo Superior de Pol\u00edtica Fiscal (CONFIS) y del Consejo Nacional de Pol\u00edtica Econ\u00f3mica y Social (CONPES), como lo exige la ley. Adicionalmente, est\u00e1 acreditado que el tramo Oca\u00f1a \u2013 Gamarra no tendr\u00eda relaci\u00f3n alguna con el objeto principal del contrato \u2018Ruta del Sol II\u2019 y deb\u00eda tramitarse a trav\u00e9s de un nuevo proceso de contrataci\u00f3n por licitaci\u00f3n p\u00fablica.<\/p>\n\n\n\n<p>La Fiscal\u00eda determin\u00f3 que, para intentar subsanar estas irregularidades, la exministra pidi\u00f3 convocar con prioridad al CONPES para declarar importancia estrat\u00e9gica la autopista \u2018Ruta del Sol\u2019 y modificar el plan de inversi\u00f3n.<\/p>\n\n\n\n<p>Con su proceder, la exfuncionaria, al parecer, favoreci\u00f3 a la concesionaria \u2018Ruta del Sol\u2019 y benefici\u00f3 un proyecto fluvial sobre el r\u00edo Magdalena que planeaba poner en funcionamiento una terminal en Gamarra (Cesar), en el entendido de que le garantiz\u00f3 una v\u00eda de acceso principal que ser\u00eda el trayecto Oca\u00f1a \u2013 Gamarra, adicionado a la \u2018Ruta del Sol II\u2019.<\/p>\n\n\n\n<p>Seg\u00fan la investigaci\u00f3n, es evidente el inter\u00e9s particular en el caso que le imped\u00eda a la se\u00f1ora \u00c1lvarez Correa &#8211; Glen participar en la adici\u00f3n del tramo Oca\u00f1a &#8211; Gamarra, pues antes de asumir el Ministerio de Transporte hizo parte de la junta directiva de varias sociedades vinculadas a la construcci\u00f3n del citado proyecto portuario con enfoque multimodal, en donde ten\u00edan intereses econ\u00f3micos familiares de su pareja.<\/p>\n\n\n\n<p>Por todo lo anterior, un fiscal delegado ante la Corte Suprema de Justicia imputar\u00e1 a la exministra Cecilia Elvira \u00c1lvarez Correa-Glen el delito de inter\u00e9s indebido en la celebraci\u00f3n de contratos. La diligencia se realizar\u00e1 ante un magistrado del Tribunal Superior de Bogot\u00e1, con funci\u00f3n de control de garant\u00edas.<\/p>\n\n\n\n<p><strong>Archivo de investigaci\u00f3n<\/strong><\/p>\n\n\n\n<p>La Fiscal\u00eda archiv\u00f3 la investigaci\u00f3n que se segu\u00eda en contra de la exministra de Educaci\u00f3n, Gina Mar\u00eda Parody D\u2019echeona, como posible responsable de los delitos de inter\u00e9s indebido en la celebraci\u00f3n de contratos y contrato sin cumplimiento de requisitos legales.<\/p>\n\n\n\n<p>Un grupo de ciudadanos denunci\u00f3 a la exfuncionaria con el supuesto de que incurri\u00f3 en conductas il\u00edcitas al participar en el CONPES que modific\u00f3 el plan de inversi\u00f3n de la \u2018Ruta del Sol y permiti\u00f3 adicionar la construcci\u00f3n del tramo Oca\u00f1a \u2013 Gamarra. Los denunciantes indicaron que, con esa intervenci\u00f3n, la exfuncionaria favoreci\u00f3 el proyecto fluvial sobre el r\u00edo Magdalena que impulsaban sus familiares y permiti\u00f3 que tuviera una v\u00eda principal de acceso.<\/p>\n\n\n\n<p>Al valorar los elementos de prueba, un fiscal delegado ante la Corte Suprema de Justicia no encontr\u00f3 configurado el delito de contrato sin cumplimiento de requisitos legales, en el entendido de que la exministra no particip\u00f3 en el tr\u00e1mite y celebraci\u00f3n del otros\u00ed cuestionado.<\/p>\n\n\n\n<p>De igual manera descart\u00f3 el delito de inter\u00e9s il\u00edcito en la celebraci\u00f3n de contratos, pues el cargo que desempe\u00f1\u00f3 no tuvo relaci\u00f3n alguna con el objeto contractual.<\/p>\n\n\n\n<p>Se puntualiza que, de la exclusiva participaci\u00f3n en el CONPES que destac\u00f3 la importancia estrat\u00e9gica del proyecto vial \u2018Ruta del Sol II\u2019, no se le puede atribuir compromiso penal porque sus funciones p\u00fablicas no implicaban el conocimiento del proyecto espec\u00edfico ni de los intereses de sus familiares.<\/p>\n\n\n\n<p>Por \u00faltimo, la Fiscal\u00eda no ha encontrado evidencia que demuestre que la exministra Parody D\u2019echeona aport\u00f3 al posible actuar il\u00edcito de su pareja en la comisi\u00f3n de conductas contra la administraci\u00f3n p\u00fablica.<\/p>\n","protected":false},"excerpt":{"rendered":"<p>El ente acusador manifest\u00f3 que ante el abundante material de prueba obtenido, se presentar\u00e1 solicitud de audiencia de imputaci\u00f3n. Adem\u00e1s se\u00f1al\u00f3 que fue archivada una investigaci\u00f3n que se segu\u00eda en contra de la exministra de Educaci\u00f3n, Gina Mar\u00eda Parody D\u2019echeona, por atipicidad de las conductas por las que fue denunciada. Financiaci\u00f3n de campa\u00f1a con dineros [&hellip;]<\/p>\n","protected":false},"author":2,"featured_media":0,"comment_status":"open","ping_status":"open","sticky":false,"template":"","format":"standard","meta":{"footnotes":""},"categories":[28,36],"tags":[],"class_list":["post-54489","post","type-post","status-publish","format-standard","hentry","category-actualidad","category-destacado"],"yoast_head":"<!-- This site is optimized with the Yoast SEO plugin v26.6 - https:\/\/yoast.com\/wordpress\/plugins\/seo\/ -->\n<title>Fiscal\u00eda imputar\u00e1 a Oscar Iv\u00e1n Zuluaga, a su hijo y a la exministra Cecilia \u00c1lvarez -<\/title>\n<meta name=\"robots\" content=\"index, follow, max-snippet:-1, max-image-preview:large, max-video-preview:-1\" \/>\n<link rel=\"canonical\" href=\"https:\/\/luchonoticias.com\/editor\/fiscalia-imputara-a-oscar-ivan-zuluaga-a-su-hijo-y-a-la-exministra-cecilia-alvarez\/\" \/>\n<meta property=\"og:locale\" content=\"es_ES\" \/>\n<meta property=\"og:type\" content=\"article\" \/>\n<meta property=\"og:title\" content=\"Fiscal\u00eda imputar\u00e1 a Oscar Iv\u00e1n Zuluaga, a su hijo y a la exministra Cecilia \u00c1lvarez -\" \/>\n<meta property=\"og:url\" content=\"https:\/\/luchonoticias.com\/editor\/fiscalia-imputara-a-oscar-ivan-zuluaga-a-su-hijo-y-a-la-exministra-cecilia-alvarez\/\" \/>\n<meta property=\"article:publisher\" content=\"https:\/\/www.facebook.com\/luchonoticiasneiva\" \/>\n<meta property=\"article:published_time\" content=\"2023-06-13T20:39:21+00:00\" \/>\n<meta property=\"article:modified_time\" content=\"2023-06-13T20:39:22+00:00\" \/>\n<meta name=\"author\" content=\"Editor General\" \/>\n<meta name=\"twitter:card\" content=\"summary_large_image\" \/>\n<meta name=\"twitter:label1\" content=\"Escrito por\" \/>\n\t<meta name=\"twitter:data1\" content=\"Editor General\" \/>\n\t<meta name=\"twitter:label2\" content=\"Tiempo de lectura\" \/>\n\t<meta name=\"twitter:data2\" content=\"6 minutos\" \/>\n<script type=\"application\/ld+json\" class=\"yoast-schema-graph\">{\"@context\":\"https:\/\/schema.org\",\"@graph\":[{\"@type\":\"Article\",\"@id\":\"https:\/\/luchonoticias.com\/editor\/fiscalia-imputara-a-oscar-ivan-zuluaga-a-su-hijo-y-a-la-exministra-cecilia-alvarez\/#article\",\"isPartOf\":{\"@id\":\"https:\/\/luchonoticias.com\/editor\/fiscalia-imputara-a-oscar-ivan-zuluaga-a-su-hijo-y-a-la-exministra-cecilia-alvarez\/\"},\"author\":{\"name\":\"Editor General\",\"@id\":\"https:\/\/luchonoticias.com\/editor\/#\/schema\/person\/29217990ddf6f14e35912b2866d591fb\"},\"headline\":\"Fiscal\u00eda imputar\u00e1 a Oscar Iv\u00e1n Zuluaga, a su hijo y a la exministra Cecilia \u00c1lvarez\",\"datePublished\":\"2023-06-13T20:39:21+00:00\",\"dateModified\":\"2023-06-13T20:39:22+00:00\",\"mainEntityOfPage\":{\"@id\":\"https:\/\/luchonoticias.com\/editor\/fiscalia-imputara-a-oscar-ivan-zuluaga-a-su-hijo-y-a-la-exministra-cecilia-alvarez\/\"},\"wordCount\":1159,\"commentCount\":0,\"publisher\":{\"@id\":\"https:\/\/luchonoticias.com\/editor\/#\/schema\/person\/7a7fd911f58561fd056dbac7b55af9cd\"},\"articleSection\":[\"Actualidad\",\"Destacado\"],\"inLanguage\":\"es\",\"potentialAction\":[{\"@type\":\"CommentAction\",\"name\":\"Comment\",\"target\":[\"https:\/\/luchonoticias.com\/editor\/fiscalia-imputara-a-oscar-ivan-zuluaga-a-su-hijo-y-a-la-exministra-cecilia-alvarez\/#respond\"]}]},{\"@type\":\"WebPage\",\"@id\":\"https:\/\/luchonoticias.com\/editor\/fiscalia-imputara-a-oscar-ivan-zuluaga-a-su-hijo-y-a-la-exministra-cecilia-alvarez\/\",\"url\":\"https:\/\/luchonoticias.com\/editor\/fiscalia-imputara-a-oscar-ivan-zuluaga-a-su-hijo-y-a-la-exministra-cecilia-alvarez\/\",\"name\":\"Fiscal\u00eda imputar\u00e1 a Oscar Iv\u00e1n Zuluaga, a su hijo y a la exministra Cecilia \u00c1lvarez -\",\"isPartOf\":{\"@id\":\"https:\/\/luchonoticias.com\/editor\/#website\"},\"datePublished\":\"2023-06-13T20:39:21+00:00\",\"dateModified\":\"2023-06-13T20:39:22+00:00\",\"breadcrumb\":{\"@id\":\"https:\/\/luchonoticias.com\/editor\/fiscalia-imputara-a-oscar-ivan-zuluaga-a-su-hijo-y-a-la-exministra-cecilia-alvarez\/#breadcrumb\"},\"inLanguage\":\"es\",\"potentialAction\":[{\"@type\":\"ReadAction\",\"target\":[\"https:\/\/luchonoticias.com\/editor\/fiscalia-imputara-a-oscar-ivan-zuluaga-a-su-hijo-y-a-la-exministra-cecilia-alvarez\/\"]}]},{\"@type\":\"BreadcrumbList\",\"@id\":\"https:\/\/luchonoticias.com\/editor\/fiscalia-imputara-a-oscar-ivan-zuluaga-a-su-hijo-y-a-la-exministra-cecilia-alvarez\/#breadcrumb\",\"itemListElement\":[{\"@type\":\"ListItem\",\"position\":1,\"name\":\"Portada\",\"item\":\"https:\/\/luchonoticias.com\/editor\/\"},{\"@type\":\"ListItem\",\"position\":2,\"name\":\"Fiscal\u00eda imputar\u00e1 a Oscar Iv\u00e1n Zuluaga, a su hijo y a la exministra Cecilia \u00c1lvarez\"}]},{\"@type\":\"WebSite\",\"@id\":\"https:\/\/luchonoticias.com\/editor\/#website\",\"url\":\"https:\/\/luchonoticias.com\/editor\/\",\"name\":\"\",\"description\":\"\",\"publisher\":{\"@id\":\"https:\/\/luchonoticias.com\/editor\/#\/schema\/person\/7a7fd911f58561fd056dbac7b55af9cd\"},\"potentialAction\":[{\"@type\":\"SearchAction\",\"target\":{\"@type\":\"EntryPoint\",\"urlTemplate\":\"https:\/\/luchonoticias.com\/editor\/?s={search_term_string}\"},\"query-input\":{\"@type\":\"PropertyValueSpecification\",\"valueRequired\":true,\"valueName\":\"search_term_string\"}}],\"inLanguage\":\"es\"},{\"@type\":[\"Person\",\"Organization\"],\"@id\":\"https:\/\/luchonoticias.com\/editor\/#\/schema\/person\/7a7fd911f58561fd056dbac7b55af9cd\",\"name\":\"admin\",\"image\":{\"@type\":\"ImageObject\",\"inLanguage\":\"es\",\"@id\":\"https:\/\/luchonoticias.com\/editor\/#\/schema\/person\/image\/\",\"url\":\"https:\/\/luchonoticias.com\/editor\/wp-content\/uploads\/2024\/02\/cropped-cropped-logolu.webp\",\"contentUrl\":\"https:\/\/luchonoticias.com\/editor\/wp-content\/uploads\/2024\/02\/cropped-cropped-logolu.webp\",\"width\":382,\"height\":170,\"caption\":\"admin\"},\"logo\":{\"@id\":\"https:\/\/luchonoticias.com\/editor\/#\/schema\/person\/image\/\"},\"sameAs\":[\"https:\/\/www.facebook.com\/luchonoticiasneiva\"]},{\"@type\":\"Person\",\"@id\":\"https:\/\/luchonoticias.com\/editor\/#\/schema\/person\/29217990ddf6f14e35912b2866d591fb\",\"name\":\"Editor General\",\"image\":{\"@type\":\"ImageObject\",\"inLanguage\":\"es\",\"@id\":\"https:\/\/luchonoticias.com\/editor\/#\/schema\/person\/image\/\",\"url\":\"https:\/\/luchonoticias.com\/editor\/wp-content\/uploads\/2024\/02\/cropped-cropped-logolu-150x150.webp\",\"contentUrl\":\"https:\/\/luchonoticias.com\/editor\/wp-content\/uploads\/2024\/02\/cropped-cropped-logolu-150x150.webp\",\"caption\":\"Editor General\"},\"sameAs\":[\"https:\/\/luchonoticias.com\/\"],\"url\":\"https:\/\/luchonoticias.com\/editor\/author\/editor-general\/\"}]}<\/script>\n<!-- \/ Yoast SEO plugin. -->","yoast_head_json":{"title":"Fiscal\u00eda imputar\u00e1 a Oscar Iv\u00e1n Zuluaga, a su hijo y a la exministra Cecilia \u00c1lvarez -","robots":{"index":"index","follow":"follow","max-snippet":"max-snippet:-1","max-image-preview":"max-image-preview:large","max-video-preview":"max-video-preview:-1"},"canonical":"https:\/\/luchonoticias.com\/editor\/fiscalia-imputara-a-oscar-ivan-zuluaga-a-su-hijo-y-a-la-exministra-cecilia-alvarez\/","og_locale":"es_ES","og_type":"article","og_title":"Fiscal\u00eda imputar\u00e1 a Oscar Iv\u00e1n Zuluaga, a su hijo y a la exministra Cecilia \u00c1lvarez -","og_url":"https:\/\/luchonoticias.com\/editor\/fiscalia-imputara-a-oscar-ivan-zuluaga-a-su-hijo-y-a-la-exministra-cecilia-alvarez\/","article_publisher":"https:\/\/www.facebook.com\/luchonoticiasneiva","article_published_time":"2023-06-13T20:39:21+00:00","article_modified_time":"2023-06-13T20:39:22+00:00","author":"Editor General","twitter_card":"summary_large_image","twitter_misc":{"Escrito por":"Editor General","Tiempo de lectura":"6 minutos"},"schema":{"@context":"https:\/\/schema.org","@graph":[{"@type":"Article","@id":"https:\/\/luchonoticias.com\/editor\/fiscalia-imputara-a-oscar-ivan-zuluaga-a-su-hijo-y-a-la-exministra-cecilia-alvarez\/#article","isPartOf":{"@id":"https:\/\/luchonoticias.com\/editor\/fiscalia-imputara-a-oscar-ivan-zuluaga-a-su-hijo-y-a-la-exministra-cecilia-alvarez\/"},"author":{"name":"Editor General","@id":"https:\/\/luchonoticias.com\/editor\/#\/schema\/person\/29217990ddf6f14e35912b2866d591fb"},"headline":"Fiscal\u00eda imputar\u00e1 a Oscar Iv\u00e1n Zuluaga, a su hijo y a la exministra Cecilia \u00c1lvarez","datePublished":"2023-06-13T20:39:21+00:00","dateModified":"2023-06-13T20:39:22+00:00","mainEntityOfPage":{"@id":"https:\/\/luchonoticias.com\/editor\/fiscalia-imputara-a-oscar-ivan-zuluaga-a-su-hijo-y-a-la-exministra-cecilia-alvarez\/"},"wordCount":1159,"commentCount":0,"publisher":{"@id":"https:\/\/luchonoticias.com\/editor\/#\/schema\/person\/7a7fd911f58561fd056dbac7b55af9cd"},"articleSection":["Actualidad","Destacado"],"inLanguage":"es","potentialAction":[{"@type":"CommentAction","name":"Comment","target":["https:\/\/luchonoticias.com\/editor\/fiscalia-imputara-a-oscar-ivan-zuluaga-a-su-hijo-y-a-la-exministra-cecilia-alvarez\/#respond"]}]},{"@type":"WebPage","@id":"https:\/\/luchonoticias.com\/editor\/fiscalia-imputara-a-oscar-ivan-zuluaga-a-su-hijo-y-a-la-exministra-cecilia-alvarez\/","url":"https:\/\/luchonoticias.com\/editor\/fiscalia-imputara-a-oscar-ivan-zuluaga-a-su-hijo-y-a-la-exministra-cecilia-alvarez\/","name":"Fiscal\u00eda imputar\u00e1 a Oscar Iv\u00e1n Zuluaga, a su hijo y a la exministra Cecilia \u00c1lvarez -","isPartOf":{"@id":"https:\/\/luchonoticias.com\/editor\/#website"},"datePublished":"2023-06-13T20:39:21+00:00","dateModified":"2023-06-13T20:39:22+00:00","breadcrumb":{"@id":"https:\/\/luchonoticias.com\/editor\/fiscalia-imputara-a-oscar-ivan-zuluaga-a-su-hijo-y-a-la-exministra-cecilia-alvarez\/#breadcrumb"},"inLanguage":"es","potentialAction":[{"@type":"ReadAction","target":["https:\/\/luchonoticias.com\/editor\/fiscalia-imputara-a-oscar-ivan-zuluaga-a-su-hijo-y-a-la-exministra-cecilia-alvarez\/"]}]},{"@type":"BreadcrumbList","@id":"https:\/\/luchonoticias.com\/editor\/fiscalia-imputara-a-oscar-ivan-zuluaga-a-su-hijo-y-a-la-exministra-cecilia-alvarez\/#breadcrumb","itemListElement":[{"@type":"ListItem","position":1,"name":"Portada","item":"https:\/\/luchonoticias.com\/editor\/"},{"@type":"ListItem","position":2,"name":"Fiscal\u00eda imputar\u00e1 a Oscar Iv\u00e1n Zuluaga, a su hijo y a la exministra Cecilia \u00c1lvarez"}]},{"@type":"WebSite","@id":"https:\/\/luchonoticias.com\/editor\/#website","url":"https:\/\/luchonoticias.com\/editor\/","name":"","description":"","publisher":{"@id":"https:\/\/luchonoticias.com\/editor\/#\/schema\/person\/7a7fd911f58561fd056dbac7b55af9cd"},"potentialAction":[{"@type":"SearchAction","target":{"@type":"EntryPoint","urlTemplate":"https:\/\/luchonoticias.com\/editor\/?s={search_term_string}"},"query-input":{"@type":"PropertyValueSpecification","valueRequired":true,"valueName":"search_term_string"}}],"inLanguage":"es"},{"@type":["Person","Organization"],"@id":"https:\/\/luchonoticias.com\/editor\/#\/schema\/person\/7a7fd911f58561fd056dbac7b55af9cd","name":"admin","image":{"@type":"ImageObject","inLanguage":"es","@id":"https:\/\/luchonoticias.com\/editor\/#\/schema\/person\/image\/","url":"https:\/\/luchonoticias.com\/editor\/wp-content\/uploads\/2024\/02\/cropped-cropped-logolu.webp","contentUrl":"https:\/\/luchonoticias.com\/editor\/wp-content\/uploads\/2024\/02\/cropped-cropped-logolu.webp","width":382,"height":170,"caption":"admin"},"logo":{"@id":"https:\/\/luchonoticias.com\/editor\/#\/schema\/person\/image\/"},"sameAs":["https:\/\/www.facebook.com\/luchonoticiasneiva"]},{"@type":"Person","@id":"https:\/\/luchonoticias.com\/editor\/#\/schema\/person\/29217990ddf6f14e35912b2866d591fb","name":"Editor General","image":{"@type":"ImageObject","inLanguage":"es","@id":"https:\/\/luchonoticias.com\/editor\/#\/schema\/person\/image\/","url":"https:\/\/luchonoticias.com\/editor\/wp-content\/uploads\/2024\/02\/cropped-cropped-logolu-150x150.webp","contentUrl":"https:\/\/luchonoticias.com\/editor\/wp-content\/uploads\/2024\/02\/cropped-cropped-logolu-150x150.webp","caption":"Editor General"},"sameAs":["https:\/\/luchonoticias.com\/"],"url":"https:\/\/luchonoticias.com\/editor\/author\/editor-general\/"}]}},"_links":{"self":[{"href":"https:\/\/luchonoticias.com\/editor\/wp-json\/wp\/v2\/posts\/54489","targetHints":{"allow":["GET"]}}],"collection":[{"href":"https:\/\/luchonoticias.com\/editor\/wp-json\/wp\/v2\/posts"}],"about":[{"href":"https:\/\/luchonoticias.com\/editor\/wp-json\/wp\/v2\/types\/post"}],"author":[{"embeddable":true,"href":"https:\/\/luchonoticias.com\/editor\/wp-json\/wp\/v2\/users\/2"}],"replies":[{"embeddable":true,"href":"https:\/\/luchonoticias.com\/editor\/wp-json\/wp\/v2\/comments?post=54489"}],"version-history":[{"count":0,"href":"https:\/\/luchonoticias.com\/editor\/wp-json\/wp\/v2\/posts\/54489\/revisions"}],"wp:attachment":[{"href":"https:\/\/luchonoticias.com\/editor\/wp-json\/wp\/v2\/media?parent=54489"}],"wp:term":[{"taxonomy":"category","embeddable":true,"href":"https:\/\/luchonoticias.com\/editor\/wp-json\/wp\/v2\/categories?post=54489"},{"taxonomy":"post_tag","embeddable":true,"href":"https:\/\/luchonoticias.com\/editor\/wp-json\/wp\/v2\/tags?post=54489"}],"curies":[{"name":"wp","href":"https:\/\/api.w.org\/{rel}","templated":true}]}}