{"id":54507,"date":"2023-06-13T15:51:11","date_gmt":"2023-06-13T20:51:11","guid":{"rendered":"https:\/\/luchonoticias.com\/?p=54507"},"modified":"2023-06-13T15:51:12","modified_gmt":"2023-06-13T20:51:12","slug":"firma-de-cese-al-fuego-con-el-eln-alivia-crisis-humanitaria-en-territorios-apartados-e-impulsa-posibilidad-de-paz-con-otros-grupos-analista","status":"publish","type":"post","link":"https:\/\/luchonoticias.com\/editor\/firma-de-cese-al-fuego-con-el-eln-alivia-crisis-humanitaria-en-territorios-apartados-e-impulsa-posibilidad-de-paz-con-otros-grupos-analista\/","title":{"rendered":"Firma de cese al fuego con el ELN alivia crisis humanitaria en territorios apartados e impulsa posibilidad de paz con otros grupos: Analista"},"content":{"rendered":"\n<p>El cese al fuego bilateral pactado el viernes entre el Gobierno del Cambio y el Eln alivia la crisis humanitaria en los territorios, hace renacer la confianza en la soluci\u00f3n negociada al conflicto, da un rol espec\u00edfico a la comunidad internacional y abre la puerta a nuevos procesos, indic\u00f3 el martes el analista Le\u00f3n Valencia.<\/p>\n\n\n\n<p>Valencia, director de la prestigiosa ONG Paz y Reconciliaci\u00f3n, explic\u00f3 en el Informativo Colombia Hoy Radio, los que en su opini\u00f3n son los cuatro impactos positivos que ya trajo para el pa\u00eds la suscripci\u00f3n del cese al fuego que se logr\u00f3 el viernes anterior en La Habana, Cuba, liderado por el Presidente Gustavo Petro.<\/p>\n\n\n\n<p>\u201cEste cese bilateral es una muy buena noticia para Colombia y para la regi\u00f3n. Es el resultado de un acuerdo que se logr\u00f3 muy r\u00e1pidamente. En anteriores gobiernos eso no se hab\u00eda logrado. Y ya tenemos en el horizonte que el doloroso ciclo del conflicto armado con las guerrillas terminar\u00e1, ojal\u00e1, en el 2025\u201d, enfatiz\u00f3.<\/p>\n\n\n\n<p>Seg\u00fan el analista, el pactado cese al fuego bilateral tiene cuatro impactos positivos: \u201cen primer lugar, alivia la situaci\u00f3n humanitaria en apartadas regiones donde act\u00faa este grupo, como son Arauca, Catatumbo, Choc\u00f3, Cauca y Bajo Cauca antioque\u00f1o, que hoy en d\u00eda vienen sufriendo por el tema de las hostilidades\u201d, enfatiz\u00f3.<\/p>\n\n\n\n<p>\u201cAl mismo tiempo, aviva la confianza en muchos sectores sobre las negociaciones, pone a la comunidad internacional a trabajar en la negociaci\u00f3n -como el monitoreo a cargo de Naciones Unidas- y puede arrastrar a otras organizaciones como las disidencias de las Farc o el Clan del Golfo a un cese m\u00e1s amplio\u201d, a\u00f1adi\u00f3.<\/p>\n\n\n\n<p>Finalmente, Valencia destac\u00f3 que lo pactado en La Habana tendr\u00e1 un fuerte impacto en lo regional.<\/p>\n\n\n\n<p>\u201cA diferencia de la negociaci\u00f3n con las Farc, donde las expectativas de ellos eran del orden nacional, aqu\u00ed -por circunstancias de la misma historia del Eln y el \u00e9nfasis que pone el Presidente Petro en lo territorial- hay una negociaci\u00f3n en clave de territorio, un cambio hist\u00f3rico importante\u201d, puntualiz\u00f3.<\/p>\n\n\n\n<p>El viernes, desde la capital cubana, el Presidente Petro lider\u00f3 el acto de clausura de Tercer Ciclo de la Mesa de Di\u00e1logos de Paz entre el Gobierno de Colombia y el Ej\u00e9rcito de Liberaci\u00f3n Nacional (Eln), realizado en el Sal\u00f3n de Protocolo de Cubanac\u00e1n, en La Habana, Cuba.<\/p>\n\n\n\n<p>Durante el evento, las delegaciones del Gobierno Nacional y del Eln oficializaron el acuerdo de cese al fuego bilateral, que durar\u00e1 180 d\u00edas (seis meses), ampl\u00eda las acciones prohibidas y prev\u00e9 un robusto mecanismo de monitoreo y verificaci\u00f3n de la ONU, con acompa\u00f1amiento de la Iglesia Cat\u00f3lica y la veedur\u00eda social, as\u00ed como la participaci\u00f3n de los pa\u00edses garantes y acompa\u00f1antes.<\/p>\n\n\n\n<p>Dicho cese permitir\u00e1 tambi\u00e9n que los territorios tengan las condiciones de tranquilidad que requieren las personas y comunidades en el proceso de participaci\u00f3n de la sociedad en la construcci\u00f3n de la paz que se ha pactado durante este ciclo.<\/p>\n\n\n\n<p>Ese Tercer Ciclo arroj\u00f3 resultados concretos. Por ejemplo, se acort\u00f3 el tiempo para la realizaci\u00f3n de los tres primeros puntos del Acuerdo de M\u00e9xico \u2013a saber, participaci\u00f3n de la sociedad, democracia y transformaciones para la paz\u2013 hasta el mes de mayo de 2025.<\/p>\n\n\n\n<p>Asimismo, dispuso crear el Comit\u00e9 Nacional de Participaci\u00f3n, como mecanismo democr\u00e1tico para la construcci\u00f3n del proceso de paz, con la intervenci\u00f3n de 30 sectores de la sociedad.<\/p>\n\n\n\n<p>El cese de operaciones ofensivas se har\u00e1 vigente desde el pr\u00f3ximo 6 de julio.<\/p>\n\n\n\n<p>El Cuarto Ciclo en la Mesa de Di\u00e1logos de Paz, cuya sede ser\u00e1 Venezuela, se instalar\u00e1 el pr\u00f3ximo 14 de agosto y concluir\u00e1 el 4 de septiembre de 2023.<\/p>\n","protected":false},"excerpt":{"rendered":"<p>El cese al fuego bilateral pactado el viernes entre el Gobierno del Cambio y el Eln alivia la crisis humanitaria en los territorios, hace renacer la confianza en la soluci\u00f3n negociada al conflicto, da un rol espec\u00edfico a la comunidad internacional y abre la puerta a nuevos procesos, indic\u00f3 el martes el analista Le\u00f3n Valencia. [&hellip;]<\/p>\n","protected":false},"author":2,"featured_media":0,"comment_status":"open","ping_status":"open","sticky":false,"template":"","format":"standard","meta":{"footnotes":""},"categories":[36,32],"tags":[],"class_list":["post-54507","post","type-post","status-publish","format-standard","hentry","category-destacado","category-nacional"],"yoast_head":"<!-- This site is optimized with the Yoast SEO plugin v26.6 - https:\/\/yoast.com\/wordpress\/plugins\/seo\/ -->\n<title>Firma de cese al fuego con el ELN alivia crisis humanitaria en territorios apartados e impulsa posibilidad de paz con otros grupos: Analista -<\/title>\n<meta name=\"robots\" content=\"index, follow, max-snippet:-1, max-image-preview:large, max-video-preview:-1\" \/>\n<link rel=\"canonical\" href=\"https:\/\/luchonoticias.com\/editor\/firma-de-cese-al-fuego-con-el-eln-alivia-crisis-humanitaria-en-territorios-apartados-e-impulsa-posibilidad-de-paz-con-otros-grupos-analista\/\" \/>\n<meta property=\"og:locale\" content=\"es_ES\" \/>\n<meta property=\"og:type\" content=\"article\" \/>\n<meta property=\"og:title\" content=\"Firma de cese al fuego con el ELN alivia crisis humanitaria en territorios apartados e impulsa posibilidad de paz con otros grupos: Analista -\" \/>\n<meta property=\"og:url\" content=\"https:\/\/luchonoticias.com\/editor\/firma-de-cese-al-fuego-con-el-eln-alivia-crisis-humanitaria-en-territorios-apartados-e-impulsa-posibilidad-de-paz-con-otros-grupos-analista\/\" \/>\n<meta property=\"article:publisher\" content=\"https:\/\/www.facebook.com\/luchonoticiasneiva\" \/>\n<meta property=\"article:published_time\" content=\"2023-06-13T20:51:11+00:00\" \/>\n<meta property=\"article:modified_time\" content=\"2023-06-13T20:51:12+00:00\" \/>\n<meta name=\"author\" content=\"Editor General\" \/>\n<meta name=\"twitter:card\" content=\"summary_large_image\" \/>\n<meta name=\"twitter:label1\" content=\"Escrito por\" \/>\n\t<meta name=\"twitter:data1\" content=\"Editor General\" \/>\n\t<meta name=\"twitter:label2\" content=\"Tiempo de lectura\" \/>\n\t<meta name=\"twitter:data2\" content=\"3 minutos\" \/>\n<script type=\"application\/ld+json\" class=\"yoast-schema-graph\">{\"@context\":\"https:\/\/schema.org\",\"@graph\":[{\"@type\":\"Article\",\"@id\":\"https:\/\/luchonoticias.com\/editor\/firma-de-cese-al-fuego-con-el-eln-alivia-crisis-humanitaria-en-territorios-apartados-e-impulsa-posibilidad-de-paz-con-otros-grupos-analista\/#article\",\"isPartOf\":{\"@id\":\"https:\/\/luchonoticias.com\/editor\/firma-de-cese-al-fuego-con-el-eln-alivia-crisis-humanitaria-en-territorios-apartados-e-impulsa-posibilidad-de-paz-con-otros-grupos-analista\/\"},\"author\":{\"name\":\"Editor General\",\"@id\":\"https:\/\/luchonoticias.com\/editor\/#\/schema\/person\/29217990ddf6f14e35912b2866d591fb\"},\"headline\":\"Firma de cese al fuego con el ELN alivia crisis humanitaria en territorios apartados e impulsa posibilidad de paz con otros grupos: Analista\",\"datePublished\":\"2023-06-13T20:51:11+00:00\",\"dateModified\":\"2023-06-13T20:51:12+00:00\",\"mainEntityOfPage\":{\"@id\":\"https:\/\/luchonoticias.com\/editor\/firma-de-cese-al-fuego-con-el-eln-alivia-crisis-humanitaria-en-territorios-apartados-e-impulsa-posibilidad-de-paz-con-otros-grupos-analista\/\"},\"wordCount\":656,\"commentCount\":0,\"publisher\":{\"@id\":\"https:\/\/luchonoticias.com\/editor\/#\/schema\/person\/7a7fd911f58561fd056dbac7b55af9cd\"},\"articleSection\":[\"Destacado\",\"Nacional\"],\"inLanguage\":\"es\",\"potentialAction\":[{\"@type\":\"CommentAction\",\"name\":\"Comment\",\"target\":[\"https:\/\/luchonoticias.com\/editor\/firma-de-cese-al-fuego-con-el-eln-alivia-crisis-humanitaria-en-territorios-apartados-e-impulsa-posibilidad-de-paz-con-otros-grupos-analista\/#respond\"]}]},{\"@type\":\"WebPage\",\"@id\":\"https:\/\/luchonoticias.com\/editor\/firma-de-cese-al-fuego-con-el-eln-alivia-crisis-humanitaria-en-territorios-apartados-e-impulsa-posibilidad-de-paz-con-otros-grupos-analista\/\",\"url\":\"https:\/\/luchonoticias.com\/editor\/firma-de-cese-al-fuego-con-el-eln-alivia-crisis-humanitaria-en-territorios-apartados-e-impulsa-posibilidad-de-paz-con-otros-grupos-analista\/\",\"name\":\"Firma de cese al fuego con el ELN alivia crisis humanitaria en territorios apartados e impulsa posibilidad de paz con otros grupos: Analista -\",\"isPartOf\":{\"@id\":\"https:\/\/luchonoticias.com\/editor\/#website\"},\"datePublished\":\"2023-06-13T20:51:11+00:00\",\"dateModified\":\"2023-06-13T20:51:12+00:00\",\"breadcrumb\":{\"@id\":\"https:\/\/luchonoticias.com\/editor\/firma-de-cese-al-fuego-con-el-eln-alivia-crisis-humanitaria-en-territorios-apartados-e-impulsa-posibilidad-de-paz-con-otros-grupos-analista\/#breadcrumb\"},\"inLanguage\":\"es\",\"potentialAction\":[{\"@type\":\"ReadAction\",\"target\":[\"https:\/\/luchonoticias.com\/editor\/firma-de-cese-al-fuego-con-el-eln-alivia-crisis-humanitaria-en-territorios-apartados-e-impulsa-posibilidad-de-paz-con-otros-grupos-analista\/\"]}]},{\"@type\":\"BreadcrumbList\",\"@id\":\"https:\/\/luchonoticias.com\/editor\/firma-de-cese-al-fuego-con-el-eln-alivia-crisis-humanitaria-en-territorios-apartados-e-impulsa-posibilidad-de-paz-con-otros-grupos-analista\/#breadcrumb\",\"itemListElement\":[{\"@type\":\"ListItem\",\"position\":1,\"name\":\"Portada\",\"item\":\"https:\/\/luchonoticias.com\/editor\/\"},{\"@type\":\"ListItem\",\"position\":2,\"name\":\"Firma de cese al fuego con el ELN alivia crisis humanitaria en territorios apartados e impulsa posibilidad de paz con otros grupos: Analista\"}]},{\"@type\":\"WebSite\",\"@id\":\"https:\/\/luchonoticias.com\/editor\/#website\",\"url\":\"https:\/\/luchonoticias.com\/editor\/\",\"name\":\"\",\"description\":\"\",\"publisher\":{\"@id\":\"https:\/\/luchonoticias.com\/editor\/#\/schema\/person\/7a7fd911f58561fd056dbac7b55af9cd\"},\"potentialAction\":[{\"@type\":\"SearchAction\",\"target\":{\"@type\":\"EntryPoint\",\"urlTemplate\":\"https:\/\/luchonoticias.com\/editor\/?s={search_term_string}\"},\"query-input\":{\"@type\":\"PropertyValueSpecification\",\"valueRequired\":true,\"valueName\":\"search_term_string\"}}],\"inLanguage\":\"es\"},{\"@type\":[\"Person\",\"Organization\"],\"@id\":\"https:\/\/luchonoticias.com\/editor\/#\/schema\/person\/7a7fd911f58561fd056dbac7b55af9cd\",\"name\":\"admin\",\"image\":{\"@type\":\"ImageObject\",\"inLanguage\":\"es\",\"@id\":\"https:\/\/luchonoticias.com\/editor\/#\/schema\/person\/image\/\",\"url\":\"https:\/\/luchonoticias.com\/editor\/wp-content\/uploads\/2024\/02\/cropped-cropped-logolu.webp\",\"contentUrl\":\"https:\/\/luchonoticias.com\/editor\/wp-content\/uploads\/2024\/02\/cropped-cropped-logolu.webp\",\"width\":382,\"height\":170,\"caption\":\"admin\"},\"logo\":{\"@id\":\"https:\/\/luchonoticias.com\/editor\/#\/schema\/person\/image\/\"},\"sameAs\":[\"https:\/\/www.facebook.com\/luchonoticiasneiva\"]},{\"@type\":\"Person\",\"@id\":\"https:\/\/luchonoticias.com\/editor\/#\/schema\/person\/29217990ddf6f14e35912b2866d591fb\",\"name\":\"Editor General\",\"image\":{\"@type\":\"ImageObject\",\"inLanguage\":\"es\",\"@id\":\"https:\/\/luchonoticias.com\/editor\/#\/schema\/person\/image\/\",\"url\":\"https:\/\/luchonoticias.com\/editor\/wp-content\/uploads\/2024\/02\/cropped-cropped-logolu-150x150.webp\",\"contentUrl\":\"https:\/\/luchonoticias.com\/editor\/wp-content\/uploads\/2024\/02\/cropped-cropped-logolu-150x150.webp\",\"caption\":\"Editor General\"},\"sameAs\":[\"https:\/\/luchonoticias.com\/\"],\"url\":\"https:\/\/luchonoticias.com\/editor\/author\/editor-general\/\"}]}<\/script>\n<!-- \/ Yoast SEO plugin. -->","yoast_head_json":{"title":"Firma de cese al fuego con el ELN alivia crisis humanitaria en territorios apartados e impulsa posibilidad de paz con otros grupos: Analista -","robots":{"index":"index","follow":"follow","max-snippet":"max-snippet:-1","max-image-preview":"max-image-preview:large","max-video-preview":"max-video-preview:-1"},"canonical":"https:\/\/luchonoticias.com\/editor\/firma-de-cese-al-fuego-con-el-eln-alivia-crisis-humanitaria-en-territorios-apartados-e-impulsa-posibilidad-de-paz-con-otros-grupos-analista\/","og_locale":"es_ES","og_type":"article","og_title":"Firma de cese al fuego con el ELN alivia crisis humanitaria en territorios apartados e impulsa posibilidad de paz con otros grupos: Analista -","og_url":"https:\/\/luchonoticias.com\/editor\/firma-de-cese-al-fuego-con-el-eln-alivia-crisis-humanitaria-en-territorios-apartados-e-impulsa-posibilidad-de-paz-con-otros-grupos-analista\/","article_publisher":"https:\/\/www.facebook.com\/luchonoticiasneiva","article_published_time":"2023-06-13T20:51:11+00:00","article_modified_time":"2023-06-13T20:51:12+00:00","author":"Editor General","twitter_card":"summary_large_image","twitter_misc":{"Escrito por":"Editor General","Tiempo de lectura":"3 minutos"},"schema":{"@context":"https:\/\/schema.org","@graph":[{"@type":"Article","@id":"https:\/\/luchonoticias.com\/editor\/firma-de-cese-al-fuego-con-el-eln-alivia-crisis-humanitaria-en-territorios-apartados-e-impulsa-posibilidad-de-paz-con-otros-grupos-analista\/#article","isPartOf":{"@id":"https:\/\/luchonoticias.com\/editor\/firma-de-cese-al-fuego-con-el-eln-alivia-crisis-humanitaria-en-territorios-apartados-e-impulsa-posibilidad-de-paz-con-otros-grupos-analista\/"},"author":{"name":"Editor General","@id":"https:\/\/luchonoticias.com\/editor\/#\/schema\/person\/29217990ddf6f14e35912b2866d591fb"},"headline":"Firma de cese al fuego con el ELN alivia crisis humanitaria en territorios apartados e impulsa posibilidad de paz con otros grupos: Analista","datePublished":"2023-06-13T20:51:11+00:00","dateModified":"2023-06-13T20:51:12+00:00","mainEntityOfPage":{"@id":"https:\/\/luchonoticias.com\/editor\/firma-de-cese-al-fuego-con-el-eln-alivia-crisis-humanitaria-en-territorios-apartados-e-impulsa-posibilidad-de-paz-con-otros-grupos-analista\/"},"wordCount":656,"commentCount":0,"publisher":{"@id":"https:\/\/luchonoticias.com\/editor\/#\/schema\/person\/7a7fd911f58561fd056dbac7b55af9cd"},"articleSection":["Destacado","Nacional"],"inLanguage":"es","potentialAction":[{"@type":"CommentAction","name":"Comment","target":["https:\/\/luchonoticias.com\/editor\/firma-de-cese-al-fuego-con-el-eln-alivia-crisis-humanitaria-en-territorios-apartados-e-impulsa-posibilidad-de-paz-con-otros-grupos-analista\/#respond"]}]},{"@type":"WebPage","@id":"https:\/\/luchonoticias.com\/editor\/firma-de-cese-al-fuego-con-el-eln-alivia-crisis-humanitaria-en-territorios-apartados-e-impulsa-posibilidad-de-paz-con-otros-grupos-analista\/","url":"https:\/\/luchonoticias.com\/editor\/firma-de-cese-al-fuego-con-el-eln-alivia-crisis-humanitaria-en-territorios-apartados-e-impulsa-posibilidad-de-paz-con-otros-grupos-analista\/","name":"Firma de cese al fuego con el ELN alivia crisis humanitaria en territorios apartados e impulsa posibilidad de paz con otros grupos: Analista -","isPartOf":{"@id":"https:\/\/luchonoticias.com\/editor\/#website"},"datePublished":"2023-06-13T20:51:11+00:00","dateModified":"2023-06-13T20:51:12+00:00","breadcrumb":{"@id":"https:\/\/luchonoticias.com\/editor\/firma-de-cese-al-fuego-con-el-eln-alivia-crisis-humanitaria-en-territorios-apartados-e-impulsa-posibilidad-de-paz-con-otros-grupos-analista\/#breadcrumb"},"inLanguage":"es","potentialAction":[{"@type":"ReadAction","target":["https:\/\/luchonoticias.com\/editor\/firma-de-cese-al-fuego-con-el-eln-alivia-crisis-humanitaria-en-territorios-apartados-e-impulsa-posibilidad-de-paz-con-otros-grupos-analista\/"]}]},{"@type":"BreadcrumbList","@id":"https:\/\/luchonoticias.com\/editor\/firma-de-cese-al-fuego-con-el-eln-alivia-crisis-humanitaria-en-territorios-apartados-e-impulsa-posibilidad-de-paz-con-otros-grupos-analista\/#breadcrumb","itemListElement":[{"@type":"ListItem","position":1,"name":"Portada","item":"https:\/\/luchonoticias.com\/editor\/"},{"@type":"ListItem","position":2,"name":"Firma de cese al fuego con el ELN alivia crisis humanitaria en territorios apartados e impulsa posibilidad de paz con otros grupos: Analista"}]},{"@type":"WebSite","@id":"https:\/\/luchonoticias.com\/editor\/#website","url":"https:\/\/luchonoticias.com\/editor\/","name":"","description":"","publisher":{"@id":"https:\/\/luchonoticias.com\/editor\/#\/schema\/person\/7a7fd911f58561fd056dbac7b55af9cd"},"potentialAction":[{"@type":"SearchAction","target":{"@type":"EntryPoint","urlTemplate":"https:\/\/luchonoticias.com\/editor\/?s={search_term_string}"},"query-input":{"@type":"PropertyValueSpecification","valueRequired":true,"valueName":"search_term_string"}}],"inLanguage":"es"},{"@type":["Person","Organization"],"@id":"https:\/\/luchonoticias.com\/editor\/#\/schema\/person\/7a7fd911f58561fd056dbac7b55af9cd","name":"admin","image":{"@type":"ImageObject","inLanguage":"es","@id":"https:\/\/luchonoticias.com\/editor\/#\/schema\/person\/image\/","url":"https:\/\/luchonoticias.com\/editor\/wp-content\/uploads\/2024\/02\/cropped-cropped-logolu.webp","contentUrl":"https:\/\/luchonoticias.com\/editor\/wp-content\/uploads\/2024\/02\/cropped-cropped-logolu.webp","width":382,"height":170,"caption":"admin"},"logo":{"@id":"https:\/\/luchonoticias.com\/editor\/#\/schema\/person\/image\/"},"sameAs":["https:\/\/www.facebook.com\/luchonoticiasneiva"]},{"@type":"Person","@id":"https:\/\/luchonoticias.com\/editor\/#\/schema\/person\/29217990ddf6f14e35912b2866d591fb","name":"Editor General","image":{"@type":"ImageObject","inLanguage":"es","@id":"https:\/\/luchonoticias.com\/editor\/#\/schema\/person\/image\/","url":"https:\/\/luchonoticias.com\/editor\/wp-content\/uploads\/2024\/02\/cropped-cropped-logolu-150x150.webp","contentUrl":"https:\/\/luchonoticias.com\/editor\/wp-content\/uploads\/2024\/02\/cropped-cropped-logolu-150x150.webp","caption":"Editor General"},"sameAs":["https:\/\/luchonoticias.com\/"],"url":"https:\/\/luchonoticias.com\/editor\/author\/editor-general\/"}]}},"_links":{"self":[{"href":"https:\/\/luchonoticias.com\/editor\/wp-json\/wp\/v2\/posts\/54507","targetHints":{"allow":["GET"]}}],"collection":[{"href":"https:\/\/luchonoticias.com\/editor\/wp-json\/wp\/v2\/posts"}],"about":[{"href":"https:\/\/luchonoticias.com\/editor\/wp-json\/wp\/v2\/types\/post"}],"author":[{"embeddable":true,"href":"https:\/\/luchonoticias.com\/editor\/wp-json\/wp\/v2\/users\/2"}],"replies":[{"embeddable":true,"href":"https:\/\/luchonoticias.com\/editor\/wp-json\/wp\/v2\/comments?post=54507"}],"version-history":[{"count":0,"href":"https:\/\/luchonoticias.com\/editor\/wp-json\/wp\/v2\/posts\/54507\/revisions"}],"wp:attachment":[{"href":"https:\/\/luchonoticias.com\/editor\/wp-json\/wp\/v2\/media?parent=54507"}],"wp:term":[{"taxonomy":"category","embeddable":true,"href":"https:\/\/luchonoticias.com\/editor\/wp-json\/wp\/v2\/categories?post=54507"},{"taxonomy":"post_tag","embeddable":true,"href":"https:\/\/luchonoticias.com\/editor\/wp-json\/wp\/v2\/tags?post=54507"}],"curies":[{"name":"wp","href":"https:\/\/api.w.org\/{rel}","templated":true}]}}