{"id":54543,"date":"2023-06-14T07:27:11","date_gmt":"2023-06-14T12:27:11","guid":{"rendered":"https:\/\/luchonoticias.com\/?p=54543"},"modified":"2023-06-14T14:44:12","modified_gmt":"2023-06-14T19:44:12","slug":"alcaldia-de-neiva-y-asobares-ofertan-300-vacantes-laborales-para-temporada-sampedrina","status":"publish","type":"post","link":"https:\/\/luchonoticias.com\/editor\/alcaldia-de-neiva-y-asobares-ofertan-300-vacantes-laborales-para-temporada-sampedrina\/","title":{"rendered":"Alcald\u00eda de Neiva y ASOBARES ofertan 300 vacantes laborales para temporada sampedrina"},"content":{"rendered":"\n<p>La Alcald\u00eda de Neiva, a trav\u00e9s de la Secretar\u00eda de Competitividad y el Centro de Emprendimiento y Generaci\u00f3n de Oportunidades, CEGO, en articulaci\u00f3n con Asobares, anuncian la disponibilidad de 300 vacantes laborales para la temporada sampedrina.<\/p>\n\n\n\n<p>De acuerdo con Bernardo Andr\u00e9s Acosta Barreiro, l\u00edder del CEGO, la jornada de inscripci\u00f3n y postulaci\u00f3n se llevar\u00e1 a cabo en el Parque de la M\u00fasica \u2018Jorge Villamil Cordovez\u2019, este jueves 15 de junio, en horarios de 8:00 a.m. a 11:30 a.m. y de 2:00 a 4:00 p.m.<\/p>\n\n\n\n<p>\u201cEstamos buscando cinco perfiles para la temporada especial de San Pedro: meseros, personal de seguridad, auxiliares de cocina, cocineros y personal de log\u00edstica, para atender las necesidades del gremio del entretenimiento, bares y gastrobares, as\u00ed como los palcos y grader\u00edas que van a estar durante el recorrido del desfile y tambi\u00e9n algunos conciertos que se van a llevar a cabo en la ciudad\u201d, expres\u00f3 el L\u00edder.<\/p>\n\n\n\n<p>Esta convocatoria est\u00e1 abierta para las personas entre los 18 y 28 a\u00f1os de edad, con o sin experiencia, que cuenten con actitud y responsabilidad para desempe\u00f1ar las labores ofertadas.<\/p>\n\n\n\n<figure class=\"wp-block-gallery has-nested-images columns-default is-cropped wp-block-gallery-1 is-layout-flex wp-block-gallery-is-layout-flex\">\n<figure class=\"wp-block-image size-large\"><img decoding=\"async\" data-id=\"54545\" src=\"https:\/\/luchonoticias.com\/wp-content\/uploads\/2023\/06\/WhatsApp-Image-2023-06-13-at-8.32.38-PM.jpeg\" alt=\"\" class=\"wp-image-54545\"\/><\/figure>\n\n\n\n<figure class=\"wp-block-image size-large\"><img decoding=\"async\" data-id=\"54546\" src=\"https:\/\/luchonoticias.com\/wp-content\/uploads\/2023\/06\/WhatsApp-Image-2023-06-13-at-8.32.37-PM.jpeg\" alt=\"\" class=\"wp-image-54546\"\/><\/figure>\n\n\n\n<figure class=\"wp-block-image size-large\"><img decoding=\"async\" data-id=\"54547\" src=\"https:\/\/luchonoticias.com\/wp-content\/uploads\/2023\/06\/WhatsApp-Image-2023-06-13-at-8.32.36-PM.jpeg\" alt=\"\" class=\"wp-image-54547\"\/><\/figure>\n<\/figure>\n\n\n\n<p><strong>Proceso de selecci\u00f3n<\/strong><\/p>\n\n\n\n<p>Por su parte, Fabio Antonio Guzm\u00e1n Tafur, presidente de Asobares Cap\u00edtulo Huila, resalt\u00f3 la importancia de esta colaboraci\u00f3n entre la Alcald\u00eda de Neiva y el gremio, ya que genera empleo y oportunidades durante las festividades sampedrinas.<\/p>\n\n\n\n<p>Guzm\u00e1n tambi\u00e9n indic\u00f3 que, inicialmente el personal ser\u00e1 perfilado a trav\u00e9s de los profesionales de la Alcald\u00eda de Neiva y finalmente la contrataci\u00f3n ser\u00e1 directa e inmediata a trav\u00e9s de los empresarios que est\u00e1n ofertando las vacantes.<\/p>\n\n\n\n<p>\u201cEstamos agradecidos con el se\u00f1or Alcalde, porque este a\u00f1o, gracias a esta colaboraci\u00f3n, podremos contar con una mayor organizaci\u00f3n y no estaremos buscando personal sin un perfil adecuado casi en la fecha del San Pedro. Con esto, podemos contar con personal que sepa qu\u00e9 es lo que se va a hacer y nosotros tendremos tiempo para capacitarlos\u201d, manifest\u00f3 el presidente de Asobares.<\/p>\n\n\n\n<p>Es as\u00ed como la Alcald\u00eda de Neiva y Asobares se complacen en ofrecer esta oportunidad de empleo y esperan contar con la participaci\u00f3n de j\u00f3venes entusiastas que deseen formar parte de esta microrrueda laboral.<\/p>\n","protected":false},"excerpt":{"rendered":"<p>La Alcald\u00eda de Neiva, a trav\u00e9s de la Secretar\u00eda de Competitividad y el Centro de Emprendimiento y Generaci\u00f3n de Oportunidades, CEGO, en articulaci\u00f3n con Asobares, anuncian la disponibilidad de 300 vacantes laborales para la temporada sampedrina. De acuerdo con Bernardo Andr\u00e9s Acosta Barreiro, l\u00edder del CEGO, la jornada de inscripci\u00f3n y postulaci\u00f3n se llevar\u00e1 a [&hellip;]<\/p>\n","protected":false},"author":2,"featured_media":0,"comment_status":"open","ping_status":"open","sticky":false,"template":"","format":"standard","meta":{"footnotes":""},"categories":[36,31],"tags":[],"class_list":["post-54543","post","type-post","status-publish","format-standard","hentry","category-destacado","category-local"],"yoast_head":"<!-- This site is optimized with the Yoast SEO plugin v26.6 - https:\/\/yoast.com\/wordpress\/plugins\/seo\/ -->\n<title>Alcald\u00eda de Neiva y ASOBARES ofertan 300 vacantes laborales para temporada sampedrina -<\/title>\n<meta name=\"robots\" content=\"index, follow, max-snippet:-1, max-image-preview:large, max-video-preview:-1\" \/>\n<link rel=\"canonical\" href=\"https:\/\/luchonoticias.com\/editor\/alcaldia-de-neiva-y-asobares-ofertan-300-vacantes-laborales-para-temporada-sampedrina\/\" \/>\n<meta property=\"og:locale\" content=\"es_ES\" \/>\n<meta property=\"og:type\" content=\"article\" \/>\n<meta property=\"og:title\" content=\"Alcald\u00eda de Neiva y ASOBARES ofertan 300 vacantes laborales para temporada sampedrina -\" \/>\n<meta property=\"og:url\" content=\"https:\/\/luchonoticias.com\/editor\/alcaldia-de-neiva-y-asobares-ofertan-300-vacantes-laborales-para-temporada-sampedrina\/\" \/>\n<meta property=\"article:publisher\" content=\"https:\/\/www.facebook.com\/luchonoticiasneiva\" \/>\n<meta property=\"article:published_time\" content=\"2023-06-14T12:27:11+00:00\" \/>\n<meta property=\"article:modified_time\" content=\"2023-06-14T19:44:12+00:00\" \/>\n<meta property=\"og:image\" content=\"https:\/\/luchonoticias.com\/wp-content\/uploads\/2023\/06\/WhatsApp-Image-2023-06-13-at-8.32.38-PM.jpeg\" \/>\n<meta name=\"author\" content=\"Editor General\" \/>\n<meta name=\"twitter:card\" content=\"summary_large_image\" \/>\n<meta name=\"twitter:label1\" content=\"Escrito por\" \/>\n\t<meta name=\"twitter:data1\" content=\"Editor General\" \/>\n\t<meta name=\"twitter:label2\" content=\"Tiempo de lectura\" \/>\n\t<meta name=\"twitter:data2\" content=\"2 minutos\" \/>\n<script type=\"application\/ld+json\" class=\"yoast-schema-graph\">{\"@context\":\"https:\/\/schema.org\",\"@graph\":[{\"@type\":\"Article\",\"@id\":\"https:\/\/luchonoticias.com\/editor\/alcaldia-de-neiva-y-asobares-ofertan-300-vacantes-laborales-para-temporada-sampedrina\/#article\",\"isPartOf\":{\"@id\":\"https:\/\/luchonoticias.com\/editor\/alcaldia-de-neiva-y-asobares-ofertan-300-vacantes-laborales-para-temporada-sampedrina\/\"},\"author\":{\"name\":\"Editor General\",\"@id\":\"https:\/\/luchonoticias.com\/editor\/#\/schema\/person\/29217990ddf6f14e35912b2866d591fb\"},\"headline\":\"Alcald\u00eda de Neiva y ASOBARES ofertan 300 vacantes laborales para temporada sampedrina\",\"datePublished\":\"2023-06-14T12:27:11+00:00\",\"dateModified\":\"2023-06-14T19:44:12+00:00\",\"mainEntityOfPage\":{\"@id\":\"https:\/\/luchonoticias.com\/editor\/alcaldia-de-neiva-y-asobares-ofertan-300-vacantes-laborales-para-temporada-sampedrina\/\"},\"wordCount\":394,\"commentCount\":0,\"publisher\":{\"@id\":\"https:\/\/luchonoticias.com\/editor\/#\/schema\/person\/7a7fd911f58561fd056dbac7b55af9cd\"},\"image\":{\"@id\":\"https:\/\/luchonoticias.com\/editor\/alcaldia-de-neiva-y-asobares-ofertan-300-vacantes-laborales-para-temporada-sampedrina\/#primaryimage\"},\"thumbnailUrl\":\"https:\/\/luchonoticias.com\/wp-content\/uploads\/2023\/06\/WhatsApp-Image-2023-06-13-at-8.32.38-PM.jpeg\",\"articleSection\":[\"Destacado\",\"Local\"],\"inLanguage\":\"es\",\"potentialAction\":[{\"@type\":\"CommentAction\",\"name\":\"Comment\",\"target\":[\"https:\/\/luchonoticias.com\/editor\/alcaldia-de-neiva-y-asobares-ofertan-300-vacantes-laborales-para-temporada-sampedrina\/#respond\"]}]},{\"@type\":\"WebPage\",\"@id\":\"https:\/\/luchonoticias.com\/editor\/alcaldia-de-neiva-y-asobares-ofertan-300-vacantes-laborales-para-temporada-sampedrina\/\",\"url\":\"https:\/\/luchonoticias.com\/editor\/alcaldia-de-neiva-y-asobares-ofertan-300-vacantes-laborales-para-temporada-sampedrina\/\",\"name\":\"Alcald\u00eda de Neiva y ASOBARES ofertan 300 vacantes laborales para temporada sampedrina -\",\"isPartOf\":{\"@id\":\"https:\/\/luchonoticias.com\/editor\/#website\"},\"primaryImageOfPage\":{\"@id\":\"https:\/\/luchonoticias.com\/editor\/alcaldia-de-neiva-y-asobares-ofertan-300-vacantes-laborales-para-temporada-sampedrina\/#primaryimage\"},\"image\":{\"@id\":\"https:\/\/luchonoticias.com\/editor\/alcaldia-de-neiva-y-asobares-ofertan-300-vacantes-laborales-para-temporada-sampedrina\/#primaryimage\"},\"thumbnailUrl\":\"https:\/\/luchonoticias.com\/wp-content\/uploads\/2023\/06\/WhatsApp-Image-2023-06-13-at-8.32.38-PM.jpeg\",\"datePublished\":\"2023-06-14T12:27:11+00:00\",\"dateModified\":\"2023-06-14T19:44:12+00:00\",\"breadcrumb\":{\"@id\":\"https:\/\/luchonoticias.com\/editor\/alcaldia-de-neiva-y-asobares-ofertan-300-vacantes-laborales-para-temporada-sampedrina\/#breadcrumb\"},\"inLanguage\":\"es\",\"potentialAction\":[{\"@type\":\"ReadAction\",\"target\":[\"https:\/\/luchonoticias.com\/editor\/alcaldia-de-neiva-y-asobares-ofertan-300-vacantes-laborales-para-temporada-sampedrina\/\"]}]},{\"@type\":\"ImageObject\",\"inLanguage\":\"es\",\"@id\":\"https:\/\/luchonoticias.com\/editor\/alcaldia-de-neiva-y-asobares-ofertan-300-vacantes-laborales-para-temporada-sampedrina\/#primaryimage\",\"url\":\"https:\/\/luchonoticias.com\/wp-content\/uploads\/2023\/06\/WhatsApp-Image-2023-06-13-at-8.32.38-PM.jpeg\",\"contentUrl\":\"https:\/\/luchonoticias.com\/wp-content\/uploads\/2023\/06\/WhatsApp-Image-2023-06-13-at-8.32.38-PM.jpeg\"},{\"@type\":\"BreadcrumbList\",\"@id\":\"https:\/\/luchonoticias.com\/editor\/alcaldia-de-neiva-y-asobares-ofertan-300-vacantes-laborales-para-temporada-sampedrina\/#breadcrumb\",\"itemListElement\":[{\"@type\":\"ListItem\",\"position\":1,\"name\":\"Portada\",\"item\":\"https:\/\/luchonoticias.com\/editor\/\"},{\"@type\":\"ListItem\",\"position\":2,\"name\":\"Alcald\u00eda de Neiva y ASOBARES ofertan 300 vacantes laborales para temporada sampedrina\"}]},{\"@type\":\"WebSite\",\"@id\":\"https:\/\/luchonoticias.com\/editor\/#website\",\"url\":\"https:\/\/luchonoticias.com\/editor\/\",\"name\":\"\",\"description\":\"\",\"publisher\":{\"@id\":\"https:\/\/luchonoticias.com\/editor\/#\/schema\/person\/7a7fd911f58561fd056dbac7b55af9cd\"},\"potentialAction\":[{\"@type\":\"SearchAction\",\"target\":{\"@type\":\"EntryPoint\",\"urlTemplate\":\"https:\/\/luchonoticias.com\/editor\/?s={search_term_string}\"},\"query-input\":{\"@type\":\"PropertyValueSpecification\",\"valueRequired\":true,\"valueName\":\"search_term_string\"}}],\"inLanguage\":\"es\"},{\"@type\":[\"Person\",\"Organization\"],\"@id\":\"https:\/\/luchonoticias.com\/editor\/#\/schema\/person\/7a7fd911f58561fd056dbac7b55af9cd\",\"name\":\"admin\",\"image\":{\"@type\":\"ImageObject\",\"inLanguage\":\"es\",\"@id\":\"https:\/\/luchonoticias.com\/editor\/#\/schema\/person\/image\/\",\"url\":\"https:\/\/luchonoticias.com\/editor\/wp-content\/uploads\/2024\/02\/cropped-cropped-logolu.webp\",\"contentUrl\":\"https:\/\/luchonoticias.com\/editor\/wp-content\/uploads\/2024\/02\/cropped-cropped-logolu.webp\",\"width\":382,\"height\":170,\"caption\":\"admin\"},\"logo\":{\"@id\":\"https:\/\/luchonoticias.com\/editor\/#\/schema\/person\/image\/\"},\"sameAs\":[\"https:\/\/www.facebook.com\/luchonoticiasneiva\"]},{\"@type\":\"Person\",\"@id\":\"https:\/\/luchonoticias.com\/editor\/#\/schema\/person\/29217990ddf6f14e35912b2866d591fb\",\"name\":\"Editor General\",\"image\":{\"@type\":\"ImageObject\",\"inLanguage\":\"es\",\"@id\":\"https:\/\/luchonoticias.com\/editor\/#\/schema\/person\/image\/\",\"url\":\"https:\/\/luchonoticias.com\/editor\/wp-content\/uploads\/2024\/02\/cropped-cropped-logolu-150x150.webp\",\"contentUrl\":\"https:\/\/luchonoticias.com\/editor\/wp-content\/uploads\/2024\/02\/cropped-cropped-logolu-150x150.webp\",\"caption\":\"Editor General\"},\"sameAs\":[\"https:\/\/luchonoticias.com\/\"],\"url\":\"https:\/\/luchonoticias.com\/editor\/author\/editor-general\/\"}]}<\/script>\n<!-- \/ Yoast SEO plugin. -->","yoast_head_json":{"title":"Alcald\u00eda de Neiva y ASOBARES ofertan 300 vacantes laborales para temporada sampedrina -","robots":{"index":"index","follow":"follow","max-snippet":"max-snippet:-1","max-image-preview":"max-image-preview:large","max-video-preview":"max-video-preview:-1"},"canonical":"https:\/\/luchonoticias.com\/editor\/alcaldia-de-neiva-y-asobares-ofertan-300-vacantes-laborales-para-temporada-sampedrina\/","og_locale":"es_ES","og_type":"article","og_title":"Alcald\u00eda de Neiva y ASOBARES ofertan 300 vacantes laborales para temporada sampedrina -","og_url":"https:\/\/luchonoticias.com\/editor\/alcaldia-de-neiva-y-asobares-ofertan-300-vacantes-laborales-para-temporada-sampedrina\/","article_publisher":"https:\/\/www.facebook.com\/luchonoticiasneiva","article_published_time":"2023-06-14T12:27:11+00:00","article_modified_time":"2023-06-14T19:44:12+00:00","og_image":[{"url":"https:\/\/luchonoticias.com\/wp-content\/uploads\/2023\/06\/WhatsApp-Image-2023-06-13-at-8.32.38-PM.jpeg","type":"","width":"","height":""}],"author":"Editor General","twitter_card":"summary_large_image","twitter_misc":{"Escrito por":"Editor General","Tiempo de lectura":"2 minutos"},"schema":{"@context":"https:\/\/schema.org","@graph":[{"@type":"Article","@id":"https:\/\/luchonoticias.com\/editor\/alcaldia-de-neiva-y-asobares-ofertan-300-vacantes-laborales-para-temporada-sampedrina\/#article","isPartOf":{"@id":"https:\/\/luchonoticias.com\/editor\/alcaldia-de-neiva-y-asobares-ofertan-300-vacantes-laborales-para-temporada-sampedrina\/"},"author":{"name":"Editor General","@id":"https:\/\/luchonoticias.com\/editor\/#\/schema\/person\/29217990ddf6f14e35912b2866d591fb"},"headline":"Alcald\u00eda de Neiva y ASOBARES ofertan 300 vacantes laborales para temporada sampedrina","datePublished":"2023-06-14T12:27:11+00:00","dateModified":"2023-06-14T19:44:12+00:00","mainEntityOfPage":{"@id":"https:\/\/luchonoticias.com\/editor\/alcaldia-de-neiva-y-asobares-ofertan-300-vacantes-laborales-para-temporada-sampedrina\/"},"wordCount":394,"commentCount":0,"publisher":{"@id":"https:\/\/luchonoticias.com\/editor\/#\/schema\/person\/7a7fd911f58561fd056dbac7b55af9cd"},"image":{"@id":"https:\/\/luchonoticias.com\/editor\/alcaldia-de-neiva-y-asobares-ofertan-300-vacantes-laborales-para-temporada-sampedrina\/#primaryimage"},"thumbnailUrl":"https:\/\/luchonoticias.com\/wp-content\/uploads\/2023\/06\/WhatsApp-Image-2023-06-13-at-8.32.38-PM.jpeg","articleSection":["Destacado","Local"],"inLanguage":"es","potentialAction":[{"@type":"CommentAction","name":"Comment","target":["https:\/\/luchonoticias.com\/editor\/alcaldia-de-neiva-y-asobares-ofertan-300-vacantes-laborales-para-temporada-sampedrina\/#respond"]}]},{"@type":"WebPage","@id":"https:\/\/luchonoticias.com\/editor\/alcaldia-de-neiva-y-asobares-ofertan-300-vacantes-laborales-para-temporada-sampedrina\/","url":"https:\/\/luchonoticias.com\/editor\/alcaldia-de-neiva-y-asobares-ofertan-300-vacantes-laborales-para-temporada-sampedrina\/","name":"Alcald\u00eda de Neiva y ASOBARES ofertan 300 vacantes laborales para temporada sampedrina -","isPartOf":{"@id":"https:\/\/luchonoticias.com\/editor\/#website"},"primaryImageOfPage":{"@id":"https:\/\/luchonoticias.com\/editor\/alcaldia-de-neiva-y-asobares-ofertan-300-vacantes-laborales-para-temporada-sampedrina\/#primaryimage"},"image":{"@id":"https:\/\/luchonoticias.com\/editor\/alcaldia-de-neiva-y-asobares-ofertan-300-vacantes-laborales-para-temporada-sampedrina\/#primaryimage"},"thumbnailUrl":"https:\/\/luchonoticias.com\/wp-content\/uploads\/2023\/06\/WhatsApp-Image-2023-06-13-at-8.32.38-PM.jpeg","datePublished":"2023-06-14T12:27:11+00:00","dateModified":"2023-06-14T19:44:12+00:00","breadcrumb":{"@id":"https:\/\/luchonoticias.com\/editor\/alcaldia-de-neiva-y-asobares-ofertan-300-vacantes-laborales-para-temporada-sampedrina\/#breadcrumb"},"inLanguage":"es","potentialAction":[{"@type":"ReadAction","target":["https:\/\/luchonoticias.com\/editor\/alcaldia-de-neiva-y-asobares-ofertan-300-vacantes-laborales-para-temporada-sampedrina\/"]}]},{"@type":"ImageObject","inLanguage":"es","@id":"https:\/\/luchonoticias.com\/editor\/alcaldia-de-neiva-y-asobares-ofertan-300-vacantes-laborales-para-temporada-sampedrina\/#primaryimage","url":"https:\/\/luchonoticias.com\/wp-content\/uploads\/2023\/06\/WhatsApp-Image-2023-06-13-at-8.32.38-PM.jpeg","contentUrl":"https:\/\/luchonoticias.com\/wp-content\/uploads\/2023\/06\/WhatsApp-Image-2023-06-13-at-8.32.38-PM.jpeg"},{"@type":"BreadcrumbList","@id":"https:\/\/luchonoticias.com\/editor\/alcaldia-de-neiva-y-asobares-ofertan-300-vacantes-laborales-para-temporada-sampedrina\/#breadcrumb","itemListElement":[{"@type":"ListItem","position":1,"name":"Portada","item":"https:\/\/luchonoticias.com\/editor\/"},{"@type":"ListItem","position":2,"name":"Alcald\u00eda de Neiva y ASOBARES ofertan 300 vacantes laborales para temporada sampedrina"}]},{"@type":"WebSite","@id":"https:\/\/luchonoticias.com\/editor\/#website","url":"https:\/\/luchonoticias.com\/editor\/","name":"","description":"","publisher":{"@id":"https:\/\/luchonoticias.com\/editor\/#\/schema\/person\/7a7fd911f58561fd056dbac7b55af9cd"},"potentialAction":[{"@type":"SearchAction","target":{"@type":"EntryPoint","urlTemplate":"https:\/\/luchonoticias.com\/editor\/?s={search_term_string}"},"query-input":{"@type":"PropertyValueSpecification","valueRequired":true,"valueName":"search_term_string"}}],"inLanguage":"es"},{"@type":["Person","Organization"],"@id":"https:\/\/luchonoticias.com\/editor\/#\/schema\/person\/7a7fd911f58561fd056dbac7b55af9cd","name":"admin","image":{"@type":"ImageObject","inLanguage":"es","@id":"https:\/\/luchonoticias.com\/editor\/#\/schema\/person\/image\/","url":"https:\/\/luchonoticias.com\/editor\/wp-content\/uploads\/2024\/02\/cropped-cropped-logolu.webp","contentUrl":"https:\/\/luchonoticias.com\/editor\/wp-content\/uploads\/2024\/02\/cropped-cropped-logolu.webp","width":382,"height":170,"caption":"admin"},"logo":{"@id":"https:\/\/luchonoticias.com\/editor\/#\/schema\/person\/image\/"},"sameAs":["https:\/\/www.facebook.com\/luchonoticiasneiva"]},{"@type":"Person","@id":"https:\/\/luchonoticias.com\/editor\/#\/schema\/person\/29217990ddf6f14e35912b2866d591fb","name":"Editor General","image":{"@type":"ImageObject","inLanguage":"es","@id":"https:\/\/luchonoticias.com\/editor\/#\/schema\/person\/image\/","url":"https:\/\/luchonoticias.com\/editor\/wp-content\/uploads\/2024\/02\/cropped-cropped-logolu-150x150.webp","contentUrl":"https:\/\/luchonoticias.com\/editor\/wp-content\/uploads\/2024\/02\/cropped-cropped-logolu-150x150.webp","caption":"Editor General"},"sameAs":["https:\/\/luchonoticias.com\/"],"url":"https:\/\/luchonoticias.com\/editor\/author\/editor-general\/"}]}},"_links":{"self":[{"href":"https:\/\/luchonoticias.com\/editor\/wp-json\/wp\/v2\/posts\/54543","targetHints":{"allow":["GET"]}}],"collection":[{"href":"https:\/\/luchonoticias.com\/editor\/wp-json\/wp\/v2\/posts"}],"about":[{"href":"https:\/\/luchonoticias.com\/editor\/wp-json\/wp\/v2\/types\/post"}],"author":[{"embeddable":true,"href":"https:\/\/luchonoticias.com\/editor\/wp-json\/wp\/v2\/users\/2"}],"replies":[{"embeddable":true,"href":"https:\/\/luchonoticias.com\/editor\/wp-json\/wp\/v2\/comments?post=54543"}],"version-history":[{"count":0,"href":"https:\/\/luchonoticias.com\/editor\/wp-json\/wp\/v2\/posts\/54543\/revisions"}],"wp:attachment":[{"href":"https:\/\/luchonoticias.com\/editor\/wp-json\/wp\/v2\/media?parent=54543"}],"wp:term":[{"taxonomy":"category","embeddable":true,"href":"https:\/\/luchonoticias.com\/editor\/wp-json\/wp\/v2\/categories?post=54543"},{"taxonomy":"post_tag","embeddable":true,"href":"https:\/\/luchonoticias.com\/editor\/wp-json\/wp\/v2\/tags?post=54543"}],"curies":[{"name":"wp","href":"https:\/\/api.w.org\/{rel}","templated":true}]}}