{"id":54549,"date":"2023-06-14T07:29:17","date_gmt":"2023-06-14T12:29:17","guid":{"rendered":"https:\/\/luchonoticias.com\/?p=54549"},"modified":"2023-06-14T14:43:40","modified_gmt":"2023-06-14T19:43:40","slug":"aprobado-en-ultimo-debate-proyecto-de-acto-legislativo-que-reconoce-a-los-campesinos-como-sujetos-de-derechos","status":"publish","type":"post","link":"https:\/\/luchonoticias.com\/editor\/aprobado-en-ultimo-debate-proyecto-de-acto-legislativo-que-reconoce-a-los-campesinos-como-sujetos-de-derechos\/","title":{"rendered":"Aprobado en \u00faltimo debate proyecto de acto legislativo que reconoce a los campesinos como sujetos de derechos"},"content":{"rendered":"\n<p>La plenaria de la C\u00e1mara de Representantes aprob\u00f3 este martes el proyecto de acto legislativo que reconoce a los campesinos del pa\u00eds como sujetos de derechos y de especial protecci\u00f3n. Este era el \u00faltimo de ocho debates que necesitaba esta reforma constitucional para ser una realidad.<\/p>\n\n\n\n<p>Con 149 votos por el s\u00ed y ninguno por el no, la plenaria le dio un respaldo un\u00e1nime a este proyecto que hab\u00eda radicado el Ministerio de Agricultura desde agosto de 2022.<\/p>\n\n\n\n<p>Para la Ministra de Agricultura, Jhenifer Mojica, esta es una victoria del campesinado colombiano. \u201cGracias a las organizaciones, al movimiento campesino y a la resistencia campesina que dieron este resultado despu\u00e9s de mucho trajinar y de tanto trabajar por esto. Es un reconocimiento a los l\u00edderes y lideresas\u201d, dijo.<\/p>\n\n\n\n<p>El proyecto de acto legislativo modifica el art\u00edculo 64 de la Constituci\u00f3n Pol\u00edtica para que se reconozca expl\u00edcitamente que el campesinado es sujeto de derechos y de especial protecci\u00f3n. Adem\u00e1s, en el texto que qued\u00f3 finalmente aprobado se reconoci\u00f3 al campesinado como sujeto pol\u00edtico.<\/p>\n\n\n\n<p>\u201cDesde el primer momento del Gobierno de Gustavo Petro se dijo que se le iba a reconocer al campesinado sus derechos y hoy aqu\u00ed lo hemos cumplido\u201d, afirm\u00f3 la Ministra.<\/p>\n\n\n\n<p>Lo que hoy aprob\u00f3 el Congreso de la Rep\u00fablica era una deuda con el campesinado colombiano que hab\u00eda reclamado ese reconocimiento desde que se promulg\u00f3 la Constituci\u00f3n del 91. Esta iniciativa corrige esa exclusi\u00f3n hist\u00f3rica y por eso su aprobaci\u00f3n fue celebrada por representantes del movimiento campesino que acudieron al Congreso desde diferentes lugares del pa\u00eds.<\/p>\n","protected":false},"excerpt":{"rendered":"<p>La plenaria de la C\u00e1mara de Representantes aprob\u00f3 este martes el proyecto de acto legislativo que reconoce a los campesinos del pa\u00eds como sujetos de derechos y de especial protecci\u00f3n. Este era el \u00faltimo de ocho debates que necesitaba esta reforma constitucional para ser una realidad. Con 149 votos por el s\u00ed y ninguno por [&hellip;]<\/p>\n","protected":false},"author":2,"featured_media":0,"comment_status":"open","ping_status":"open","sticky":false,"template":"","format":"standard","meta":{"footnotes":""},"categories":[36,617],"tags":[],"class_list":["post-54549","post","type-post","status-publish","format-standard","hentry","category-destacado","category-politica"],"yoast_head":"<!-- This site is optimized with the Yoast SEO plugin v26.6 - https:\/\/yoast.com\/wordpress\/plugins\/seo\/ -->\n<title>Aprobado en \u00faltimo debate proyecto de acto legislativo que reconoce a los campesinos como sujetos de derechos -<\/title>\n<meta name=\"robots\" content=\"index, follow, max-snippet:-1, max-image-preview:large, max-video-preview:-1\" \/>\n<link rel=\"canonical\" href=\"https:\/\/luchonoticias.com\/editor\/aprobado-en-ultimo-debate-proyecto-de-acto-legislativo-que-reconoce-a-los-campesinos-como-sujetos-de-derechos\/\" \/>\n<meta property=\"og:locale\" content=\"es_ES\" \/>\n<meta property=\"og:type\" content=\"article\" \/>\n<meta property=\"og:title\" content=\"Aprobado en \u00faltimo debate proyecto de acto legislativo que reconoce a los campesinos como sujetos de derechos -\" \/>\n<meta property=\"og:url\" content=\"https:\/\/luchonoticias.com\/editor\/aprobado-en-ultimo-debate-proyecto-de-acto-legislativo-que-reconoce-a-los-campesinos-como-sujetos-de-derechos\/\" \/>\n<meta property=\"article:publisher\" content=\"https:\/\/www.facebook.com\/luchonoticiasneiva\" \/>\n<meta property=\"article:published_time\" content=\"2023-06-14T12:29:17+00:00\" \/>\n<meta property=\"article:modified_time\" content=\"2023-06-14T19:43:40+00:00\" \/>\n<meta name=\"author\" content=\"Editor General\" \/>\n<meta name=\"twitter:card\" content=\"summary_large_image\" \/>\n<meta name=\"twitter:label1\" content=\"Escrito por\" \/>\n\t<meta name=\"twitter:data1\" content=\"Editor General\" \/>\n\t<meta name=\"twitter:label2\" content=\"Tiempo de lectura\" \/>\n\t<meta name=\"twitter:data2\" content=\"1 minuto\" \/>\n<script type=\"application\/ld+json\" class=\"yoast-schema-graph\">{\"@context\":\"https:\/\/schema.org\",\"@graph\":[{\"@type\":\"Article\",\"@id\":\"https:\/\/luchonoticias.com\/editor\/aprobado-en-ultimo-debate-proyecto-de-acto-legislativo-que-reconoce-a-los-campesinos-como-sujetos-de-derechos\/#article\",\"isPartOf\":{\"@id\":\"https:\/\/luchonoticias.com\/editor\/aprobado-en-ultimo-debate-proyecto-de-acto-legislativo-que-reconoce-a-los-campesinos-como-sujetos-de-derechos\/\"},\"author\":{\"name\":\"Editor General\",\"@id\":\"https:\/\/luchonoticias.com\/editor\/#\/schema\/person\/29217990ddf6f14e35912b2866d591fb\"},\"headline\":\"Aprobado en \u00faltimo debate proyecto de acto legislativo que reconoce a los campesinos como sujetos de derechos\",\"datePublished\":\"2023-06-14T12:29:17+00:00\",\"dateModified\":\"2023-06-14T19:43:40+00:00\",\"mainEntityOfPage\":{\"@id\":\"https:\/\/luchonoticias.com\/editor\/aprobado-en-ultimo-debate-proyecto-de-acto-legislativo-que-reconoce-a-los-campesinos-como-sujetos-de-derechos\/\"},\"wordCount\":291,\"commentCount\":0,\"publisher\":{\"@id\":\"https:\/\/luchonoticias.com\/editor\/#\/schema\/person\/7a7fd911f58561fd056dbac7b55af9cd\"},\"articleSection\":[\"Destacado\",\"Pol\u00edtica\"],\"inLanguage\":\"es\",\"potentialAction\":[{\"@type\":\"CommentAction\",\"name\":\"Comment\",\"target\":[\"https:\/\/luchonoticias.com\/editor\/aprobado-en-ultimo-debate-proyecto-de-acto-legislativo-que-reconoce-a-los-campesinos-como-sujetos-de-derechos\/#respond\"]}]},{\"@type\":\"WebPage\",\"@id\":\"https:\/\/luchonoticias.com\/editor\/aprobado-en-ultimo-debate-proyecto-de-acto-legislativo-que-reconoce-a-los-campesinos-como-sujetos-de-derechos\/\",\"url\":\"https:\/\/luchonoticias.com\/editor\/aprobado-en-ultimo-debate-proyecto-de-acto-legislativo-que-reconoce-a-los-campesinos-como-sujetos-de-derechos\/\",\"name\":\"Aprobado en \u00faltimo debate proyecto de acto legislativo que reconoce a los campesinos como sujetos de derechos -\",\"isPartOf\":{\"@id\":\"https:\/\/luchonoticias.com\/editor\/#website\"},\"datePublished\":\"2023-06-14T12:29:17+00:00\",\"dateModified\":\"2023-06-14T19:43:40+00:00\",\"breadcrumb\":{\"@id\":\"https:\/\/luchonoticias.com\/editor\/aprobado-en-ultimo-debate-proyecto-de-acto-legislativo-que-reconoce-a-los-campesinos-como-sujetos-de-derechos\/#breadcrumb\"},\"inLanguage\":\"es\",\"potentialAction\":[{\"@type\":\"ReadAction\",\"target\":[\"https:\/\/luchonoticias.com\/editor\/aprobado-en-ultimo-debate-proyecto-de-acto-legislativo-que-reconoce-a-los-campesinos-como-sujetos-de-derechos\/\"]}]},{\"@type\":\"BreadcrumbList\",\"@id\":\"https:\/\/luchonoticias.com\/editor\/aprobado-en-ultimo-debate-proyecto-de-acto-legislativo-que-reconoce-a-los-campesinos-como-sujetos-de-derechos\/#breadcrumb\",\"itemListElement\":[{\"@type\":\"ListItem\",\"position\":1,\"name\":\"Portada\",\"item\":\"https:\/\/luchonoticias.com\/editor\/\"},{\"@type\":\"ListItem\",\"position\":2,\"name\":\"Aprobado en \u00faltimo debate proyecto de acto legislativo que reconoce a los campesinos como sujetos de derechos\"}]},{\"@type\":\"WebSite\",\"@id\":\"https:\/\/luchonoticias.com\/editor\/#website\",\"url\":\"https:\/\/luchonoticias.com\/editor\/\",\"name\":\"\",\"description\":\"\",\"publisher\":{\"@id\":\"https:\/\/luchonoticias.com\/editor\/#\/schema\/person\/7a7fd911f58561fd056dbac7b55af9cd\"},\"potentialAction\":[{\"@type\":\"SearchAction\",\"target\":{\"@type\":\"EntryPoint\",\"urlTemplate\":\"https:\/\/luchonoticias.com\/editor\/?s={search_term_string}\"},\"query-input\":{\"@type\":\"PropertyValueSpecification\",\"valueRequired\":true,\"valueName\":\"search_term_string\"}}],\"inLanguage\":\"es\"},{\"@type\":[\"Person\",\"Organization\"],\"@id\":\"https:\/\/luchonoticias.com\/editor\/#\/schema\/person\/7a7fd911f58561fd056dbac7b55af9cd\",\"name\":\"admin\",\"image\":{\"@type\":\"ImageObject\",\"inLanguage\":\"es\",\"@id\":\"https:\/\/luchonoticias.com\/editor\/#\/schema\/person\/image\/\",\"url\":\"https:\/\/luchonoticias.com\/editor\/wp-content\/uploads\/2024\/02\/cropped-cropped-logolu.webp\",\"contentUrl\":\"https:\/\/luchonoticias.com\/editor\/wp-content\/uploads\/2024\/02\/cropped-cropped-logolu.webp\",\"width\":382,\"height\":170,\"caption\":\"admin\"},\"logo\":{\"@id\":\"https:\/\/luchonoticias.com\/editor\/#\/schema\/person\/image\/\"},\"sameAs\":[\"https:\/\/www.facebook.com\/luchonoticiasneiva\"]},{\"@type\":\"Person\",\"@id\":\"https:\/\/luchonoticias.com\/editor\/#\/schema\/person\/29217990ddf6f14e35912b2866d591fb\",\"name\":\"Editor General\",\"image\":{\"@type\":\"ImageObject\",\"inLanguage\":\"es\",\"@id\":\"https:\/\/luchonoticias.com\/editor\/#\/schema\/person\/image\/\",\"url\":\"https:\/\/luchonoticias.com\/editor\/wp-content\/uploads\/2024\/02\/cropped-cropped-logolu-150x150.webp\",\"contentUrl\":\"https:\/\/luchonoticias.com\/editor\/wp-content\/uploads\/2024\/02\/cropped-cropped-logolu-150x150.webp\",\"caption\":\"Editor General\"},\"sameAs\":[\"https:\/\/luchonoticias.com\/\"],\"url\":\"https:\/\/luchonoticias.com\/editor\/author\/editor-general\/\"}]}<\/script>\n<!-- \/ Yoast SEO plugin. -->","yoast_head_json":{"title":"Aprobado en \u00faltimo debate proyecto de acto legislativo que reconoce a los campesinos como sujetos de derechos -","robots":{"index":"index","follow":"follow","max-snippet":"max-snippet:-1","max-image-preview":"max-image-preview:large","max-video-preview":"max-video-preview:-1"},"canonical":"https:\/\/luchonoticias.com\/editor\/aprobado-en-ultimo-debate-proyecto-de-acto-legislativo-que-reconoce-a-los-campesinos-como-sujetos-de-derechos\/","og_locale":"es_ES","og_type":"article","og_title":"Aprobado en \u00faltimo debate proyecto de acto legislativo que reconoce a los campesinos como sujetos de derechos -","og_url":"https:\/\/luchonoticias.com\/editor\/aprobado-en-ultimo-debate-proyecto-de-acto-legislativo-que-reconoce-a-los-campesinos-como-sujetos-de-derechos\/","article_publisher":"https:\/\/www.facebook.com\/luchonoticiasneiva","article_published_time":"2023-06-14T12:29:17+00:00","article_modified_time":"2023-06-14T19:43:40+00:00","author":"Editor General","twitter_card":"summary_large_image","twitter_misc":{"Escrito por":"Editor General","Tiempo de lectura":"1 minuto"},"schema":{"@context":"https:\/\/schema.org","@graph":[{"@type":"Article","@id":"https:\/\/luchonoticias.com\/editor\/aprobado-en-ultimo-debate-proyecto-de-acto-legislativo-que-reconoce-a-los-campesinos-como-sujetos-de-derechos\/#article","isPartOf":{"@id":"https:\/\/luchonoticias.com\/editor\/aprobado-en-ultimo-debate-proyecto-de-acto-legislativo-que-reconoce-a-los-campesinos-como-sujetos-de-derechos\/"},"author":{"name":"Editor General","@id":"https:\/\/luchonoticias.com\/editor\/#\/schema\/person\/29217990ddf6f14e35912b2866d591fb"},"headline":"Aprobado en \u00faltimo debate proyecto de acto legislativo que reconoce a los campesinos como sujetos de derechos","datePublished":"2023-06-14T12:29:17+00:00","dateModified":"2023-06-14T19:43:40+00:00","mainEntityOfPage":{"@id":"https:\/\/luchonoticias.com\/editor\/aprobado-en-ultimo-debate-proyecto-de-acto-legislativo-que-reconoce-a-los-campesinos-como-sujetos-de-derechos\/"},"wordCount":291,"commentCount":0,"publisher":{"@id":"https:\/\/luchonoticias.com\/editor\/#\/schema\/person\/7a7fd911f58561fd056dbac7b55af9cd"},"articleSection":["Destacado","Pol\u00edtica"],"inLanguage":"es","potentialAction":[{"@type":"CommentAction","name":"Comment","target":["https:\/\/luchonoticias.com\/editor\/aprobado-en-ultimo-debate-proyecto-de-acto-legislativo-que-reconoce-a-los-campesinos-como-sujetos-de-derechos\/#respond"]}]},{"@type":"WebPage","@id":"https:\/\/luchonoticias.com\/editor\/aprobado-en-ultimo-debate-proyecto-de-acto-legislativo-que-reconoce-a-los-campesinos-como-sujetos-de-derechos\/","url":"https:\/\/luchonoticias.com\/editor\/aprobado-en-ultimo-debate-proyecto-de-acto-legislativo-que-reconoce-a-los-campesinos-como-sujetos-de-derechos\/","name":"Aprobado en \u00faltimo debate proyecto de acto legislativo que reconoce a los campesinos como sujetos de derechos -","isPartOf":{"@id":"https:\/\/luchonoticias.com\/editor\/#website"},"datePublished":"2023-06-14T12:29:17+00:00","dateModified":"2023-06-14T19:43:40+00:00","breadcrumb":{"@id":"https:\/\/luchonoticias.com\/editor\/aprobado-en-ultimo-debate-proyecto-de-acto-legislativo-que-reconoce-a-los-campesinos-como-sujetos-de-derechos\/#breadcrumb"},"inLanguage":"es","potentialAction":[{"@type":"ReadAction","target":["https:\/\/luchonoticias.com\/editor\/aprobado-en-ultimo-debate-proyecto-de-acto-legislativo-que-reconoce-a-los-campesinos-como-sujetos-de-derechos\/"]}]},{"@type":"BreadcrumbList","@id":"https:\/\/luchonoticias.com\/editor\/aprobado-en-ultimo-debate-proyecto-de-acto-legislativo-que-reconoce-a-los-campesinos-como-sujetos-de-derechos\/#breadcrumb","itemListElement":[{"@type":"ListItem","position":1,"name":"Portada","item":"https:\/\/luchonoticias.com\/editor\/"},{"@type":"ListItem","position":2,"name":"Aprobado en \u00faltimo debate proyecto de acto legislativo que reconoce a los campesinos como sujetos de derechos"}]},{"@type":"WebSite","@id":"https:\/\/luchonoticias.com\/editor\/#website","url":"https:\/\/luchonoticias.com\/editor\/","name":"","description":"","publisher":{"@id":"https:\/\/luchonoticias.com\/editor\/#\/schema\/person\/7a7fd911f58561fd056dbac7b55af9cd"},"potentialAction":[{"@type":"SearchAction","target":{"@type":"EntryPoint","urlTemplate":"https:\/\/luchonoticias.com\/editor\/?s={search_term_string}"},"query-input":{"@type":"PropertyValueSpecification","valueRequired":true,"valueName":"search_term_string"}}],"inLanguage":"es"},{"@type":["Person","Organization"],"@id":"https:\/\/luchonoticias.com\/editor\/#\/schema\/person\/7a7fd911f58561fd056dbac7b55af9cd","name":"admin","image":{"@type":"ImageObject","inLanguage":"es","@id":"https:\/\/luchonoticias.com\/editor\/#\/schema\/person\/image\/","url":"https:\/\/luchonoticias.com\/editor\/wp-content\/uploads\/2024\/02\/cropped-cropped-logolu.webp","contentUrl":"https:\/\/luchonoticias.com\/editor\/wp-content\/uploads\/2024\/02\/cropped-cropped-logolu.webp","width":382,"height":170,"caption":"admin"},"logo":{"@id":"https:\/\/luchonoticias.com\/editor\/#\/schema\/person\/image\/"},"sameAs":["https:\/\/www.facebook.com\/luchonoticiasneiva"]},{"@type":"Person","@id":"https:\/\/luchonoticias.com\/editor\/#\/schema\/person\/29217990ddf6f14e35912b2866d591fb","name":"Editor General","image":{"@type":"ImageObject","inLanguage":"es","@id":"https:\/\/luchonoticias.com\/editor\/#\/schema\/person\/image\/","url":"https:\/\/luchonoticias.com\/editor\/wp-content\/uploads\/2024\/02\/cropped-cropped-logolu-150x150.webp","contentUrl":"https:\/\/luchonoticias.com\/editor\/wp-content\/uploads\/2024\/02\/cropped-cropped-logolu-150x150.webp","caption":"Editor General"},"sameAs":["https:\/\/luchonoticias.com\/"],"url":"https:\/\/luchonoticias.com\/editor\/author\/editor-general\/"}]}},"_links":{"self":[{"href":"https:\/\/luchonoticias.com\/editor\/wp-json\/wp\/v2\/posts\/54549","targetHints":{"allow":["GET"]}}],"collection":[{"href":"https:\/\/luchonoticias.com\/editor\/wp-json\/wp\/v2\/posts"}],"about":[{"href":"https:\/\/luchonoticias.com\/editor\/wp-json\/wp\/v2\/types\/post"}],"author":[{"embeddable":true,"href":"https:\/\/luchonoticias.com\/editor\/wp-json\/wp\/v2\/users\/2"}],"replies":[{"embeddable":true,"href":"https:\/\/luchonoticias.com\/editor\/wp-json\/wp\/v2\/comments?post=54549"}],"version-history":[{"count":0,"href":"https:\/\/luchonoticias.com\/editor\/wp-json\/wp\/v2\/posts\/54549\/revisions"}],"wp:attachment":[{"href":"https:\/\/luchonoticias.com\/editor\/wp-json\/wp\/v2\/media?parent=54549"}],"wp:term":[{"taxonomy":"category","embeddable":true,"href":"https:\/\/luchonoticias.com\/editor\/wp-json\/wp\/v2\/categories?post=54549"},{"taxonomy":"post_tag","embeddable":true,"href":"https:\/\/luchonoticias.com\/editor\/wp-json\/wp\/v2\/tags?post=54549"}],"curies":[{"name":"wp","href":"https:\/\/api.w.org\/{rel}","templated":true}]}}