{"id":54552,"date":"2023-06-14T07:30:49","date_gmt":"2023-06-14T12:30:49","guid":{"rendered":"https:\/\/luchonoticias.com\/?p=54552"},"modified":"2023-06-14T14:43:08","modified_gmt":"2023-06-14T19:43:08","slug":"reforma-pensional-fue-aprobada-en-un-87-durante-primer-debate","status":"publish","type":"post","link":"https:\/\/luchonoticias.com\/editor\/reforma-pensional-fue-aprobada-en-un-87-durante-primer-debate\/","title":{"rendered":"Reforma Pensional fue aprobada en un 87% durante primer debate"},"content":{"rendered":"\n<p>Durante el primer debate del proyecto de Reforma Pensional en la comisi\u00f3n s\u00e9ptima del Senado, se aprobaron de manera unificada 43 art\u00edculos que no ten\u00edan reparos por parte de los congresistas y seguidamente se debatieron por bloques los que ten\u00edan proposiciones para un total de 84.<\/p>\n\n\n\n<p>\u201cHemos hecho una jornada bastante intensa, por ejemplo, dos reg\u00edmenes pensionales que estaban en competencia se van a unificar para garantizar que realmente cumplan con su objetivo de pensionar\u201d, afirm\u00f3 la Ministra del Trabajo, Gloria In\u00e9s Ram\u00edrez.<\/p>\n\n\n\n<p>Dentro de la iniciativa que pasa a plenaria del Senado, est\u00e1 el art\u00edculo 3 que sustenta la estructura de pilares, es decir, la columna vertebral del proyecto.<\/p>\n\n\n\n<p>Uno de los puntos es el umbral de cotizaci\u00f3n al pilar contributivo, que ser\u00e1 de 3 salarios m\u00ednimos, lo que permitir\u00e1 un mayor beneficio para las personas de la tercera edad sin posibilidad de ingresos y que formar\u00e1n parte del pilar solidario con una renta mensual de $223.800.<\/p>\n\n\n\n<p>\u201cQuiero que el pa\u00eds sepa que hemos aprobado su base fundamental, no solamente el umbral de los 3 salarios m\u00ednimos, sino las garant\u00edas del fondo del ahorro, un fondo que est\u00e1 blindado y que garantiza que haya una sostenibilidad fiscal y que asegura a todos los cotizantes que su plata \u00fanicamente se tocar\u00e1 para el pago de pensiones\u201d, explic\u00f3 la Ministra.<\/p>\n\n\n\n<p>El objetivo del proyecto de ley que avanza en el Congreso es la unificaci\u00f3n del sistema p\u00fablico, fortaleciendo a Colpensiones y generando mayor solidaridad y universalizaci\u00f3n del derecho a una vejez digna.<\/p>\n\n\n\n<p>Finalmente, vale la pena resaltar que este proyecto de ley tendr\u00e1 que superar 3 debates m\u00e1s en plenaria del Senado de la Rep\u00fablica.<\/p>\n","protected":false},"excerpt":{"rendered":"<p>Durante el primer debate del proyecto de Reforma Pensional en la comisi\u00f3n s\u00e9ptima del Senado, se aprobaron de manera unificada 43 art\u00edculos que no ten\u00edan reparos por parte de los congresistas y seguidamente se debatieron por bloques los que ten\u00edan proposiciones para un total de 84. \u201cHemos hecho una jornada bastante intensa, por ejemplo, dos [&hellip;]<\/p>\n","protected":false},"author":2,"featured_media":0,"comment_status":"open","ping_status":"open","sticky":false,"template":"","format":"standard","meta":{"footnotes":""},"categories":[36,32],"tags":[],"class_list":["post-54552","post","type-post","status-publish","format-standard","hentry","category-destacado","category-nacional"],"yoast_head":"<!-- This site is optimized with the Yoast SEO plugin v26.6 - https:\/\/yoast.com\/wordpress\/plugins\/seo\/ -->\n<title>Reforma Pensional fue aprobada en un 87% durante primer debate -<\/title>\n<meta name=\"robots\" content=\"index, follow, max-snippet:-1, max-image-preview:large, max-video-preview:-1\" \/>\n<link rel=\"canonical\" href=\"https:\/\/luchonoticias.com\/editor\/reforma-pensional-fue-aprobada-en-un-87-durante-primer-debate\/\" \/>\n<meta property=\"og:locale\" content=\"es_ES\" \/>\n<meta property=\"og:type\" content=\"article\" \/>\n<meta property=\"og:title\" content=\"Reforma Pensional fue aprobada en un 87% durante primer debate -\" \/>\n<meta property=\"og:url\" content=\"https:\/\/luchonoticias.com\/editor\/reforma-pensional-fue-aprobada-en-un-87-durante-primer-debate\/\" \/>\n<meta property=\"article:publisher\" content=\"https:\/\/www.facebook.com\/luchonoticiasneiva\" \/>\n<meta property=\"article:published_time\" content=\"2023-06-14T12:30:49+00:00\" \/>\n<meta property=\"article:modified_time\" content=\"2023-06-14T19:43:08+00:00\" \/>\n<meta name=\"author\" content=\"Editor General\" \/>\n<meta name=\"twitter:card\" content=\"summary_large_image\" \/>\n<meta name=\"twitter:label1\" content=\"Escrito por\" \/>\n\t<meta name=\"twitter:data1\" content=\"Editor General\" \/>\n\t<meta name=\"twitter:label2\" content=\"Tiempo de lectura\" \/>\n\t<meta name=\"twitter:data2\" content=\"1 minuto\" \/>\n<script type=\"application\/ld+json\" class=\"yoast-schema-graph\">{\"@context\":\"https:\/\/schema.org\",\"@graph\":[{\"@type\":\"Article\",\"@id\":\"https:\/\/luchonoticias.com\/editor\/reforma-pensional-fue-aprobada-en-un-87-durante-primer-debate\/#article\",\"isPartOf\":{\"@id\":\"https:\/\/luchonoticias.com\/editor\/reforma-pensional-fue-aprobada-en-un-87-durante-primer-debate\/\"},\"author\":{\"name\":\"Editor General\",\"@id\":\"https:\/\/luchonoticias.com\/editor\/#\/schema\/person\/29217990ddf6f14e35912b2866d591fb\"},\"headline\":\"Reforma Pensional fue aprobada en un 87% durante primer debate\",\"datePublished\":\"2023-06-14T12:30:49+00:00\",\"dateModified\":\"2023-06-14T19:43:08+00:00\",\"mainEntityOfPage\":{\"@id\":\"https:\/\/luchonoticias.com\/editor\/reforma-pensional-fue-aprobada-en-un-87-durante-primer-debate\/\"},\"wordCount\":296,\"commentCount\":0,\"publisher\":{\"@id\":\"https:\/\/luchonoticias.com\/editor\/#\/schema\/person\/7a7fd911f58561fd056dbac7b55af9cd\"},\"articleSection\":[\"Destacado\",\"Nacional\"],\"inLanguage\":\"es\",\"potentialAction\":[{\"@type\":\"CommentAction\",\"name\":\"Comment\",\"target\":[\"https:\/\/luchonoticias.com\/editor\/reforma-pensional-fue-aprobada-en-un-87-durante-primer-debate\/#respond\"]}]},{\"@type\":\"WebPage\",\"@id\":\"https:\/\/luchonoticias.com\/editor\/reforma-pensional-fue-aprobada-en-un-87-durante-primer-debate\/\",\"url\":\"https:\/\/luchonoticias.com\/editor\/reforma-pensional-fue-aprobada-en-un-87-durante-primer-debate\/\",\"name\":\"Reforma Pensional fue aprobada en un 87% durante primer debate -\",\"isPartOf\":{\"@id\":\"https:\/\/luchonoticias.com\/editor\/#website\"},\"datePublished\":\"2023-06-14T12:30:49+00:00\",\"dateModified\":\"2023-06-14T19:43:08+00:00\",\"breadcrumb\":{\"@id\":\"https:\/\/luchonoticias.com\/editor\/reforma-pensional-fue-aprobada-en-un-87-durante-primer-debate\/#breadcrumb\"},\"inLanguage\":\"es\",\"potentialAction\":[{\"@type\":\"ReadAction\",\"target\":[\"https:\/\/luchonoticias.com\/editor\/reforma-pensional-fue-aprobada-en-un-87-durante-primer-debate\/\"]}]},{\"@type\":\"BreadcrumbList\",\"@id\":\"https:\/\/luchonoticias.com\/editor\/reforma-pensional-fue-aprobada-en-un-87-durante-primer-debate\/#breadcrumb\",\"itemListElement\":[{\"@type\":\"ListItem\",\"position\":1,\"name\":\"Portada\",\"item\":\"https:\/\/luchonoticias.com\/editor\/\"},{\"@type\":\"ListItem\",\"position\":2,\"name\":\"Reforma Pensional fue aprobada en un 87% durante primer debate\"}]},{\"@type\":\"WebSite\",\"@id\":\"https:\/\/luchonoticias.com\/editor\/#website\",\"url\":\"https:\/\/luchonoticias.com\/editor\/\",\"name\":\"\",\"description\":\"\",\"publisher\":{\"@id\":\"https:\/\/luchonoticias.com\/editor\/#\/schema\/person\/7a7fd911f58561fd056dbac7b55af9cd\"},\"potentialAction\":[{\"@type\":\"SearchAction\",\"target\":{\"@type\":\"EntryPoint\",\"urlTemplate\":\"https:\/\/luchonoticias.com\/editor\/?s={search_term_string}\"},\"query-input\":{\"@type\":\"PropertyValueSpecification\",\"valueRequired\":true,\"valueName\":\"search_term_string\"}}],\"inLanguage\":\"es\"},{\"@type\":[\"Person\",\"Organization\"],\"@id\":\"https:\/\/luchonoticias.com\/editor\/#\/schema\/person\/7a7fd911f58561fd056dbac7b55af9cd\",\"name\":\"admin\",\"image\":{\"@type\":\"ImageObject\",\"inLanguage\":\"es\",\"@id\":\"https:\/\/luchonoticias.com\/editor\/#\/schema\/person\/image\/\",\"url\":\"https:\/\/luchonoticias.com\/editor\/wp-content\/uploads\/2024\/02\/cropped-cropped-logolu.webp\",\"contentUrl\":\"https:\/\/luchonoticias.com\/editor\/wp-content\/uploads\/2024\/02\/cropped-cropped-logolu.webp\",\"width\":382,\"height\":170,\"caption\":\"admin\"},\"logo\":{\"@id\":\"https:\/\/luchonoticias.com\/editor\/#\/schema\/person\/image\/\"},\"sameAs\":[\"https:\/\/www.facebook.com\/luchonoticiasneiva\"]},{\"@type\":\"Person\",\"@id\":\"https:\/\/luchonoticias.com\/editor\/#\/schema\/person\/29217990ddf6f14e35912b2866d591fb\",\"name\":\"Editor General\",\"image\":{\"@type\":\"ImageObject\",\"inLanguage\":\"es\",\"@id\":\"https:\/\/luchonoticias.com\/editor\/#\/schema\/person\/image\/\",\"url\":\"https:\/\/luchonoticias.com\/editor\/wp-content\/uploads\/2024\/02\/cropped-cropped-logolu-150x150.webp\",\"contentUrl\":\"https:\/\/luchonoticias.com\/editor\/wp-content\/uploads\/2024\/02\/cropped-cropped-logolu-150x150.webp\",\"caption\":\"Editor General\"},\"sameAs\":[\"https:\/\/luchonoticias.com\/\"],\"url\":\"https:\/\/luchonoticias.com\/editor\/author\/editor-general\/\"}]}<\/script>\n<!-- \/ Yoast SEO plugin. -->","yoast_head_json":{"title":"Reforma Pensional fue aprobada en un 87% durante primer debate -","robots":{"index":"index","follow":"follow","max-snippet":"max-snippet:-1","max-image-preview":"max-image-preview:large","max-video-preview":"max-video-preview:-1"},"canonical":"https:\/\/luchonoticias.com\/editor\/reforma-pensional-fue-aprobada-en-un-87-durante-primer-debate\/","og_locale":"es_ES","og_type":"article","og_title":"Reforma Pensional fue aprobada en un 87% durante primer debate -","og_url":"https:\/\/luchonoticias.com\/editor\/reforma-pensional-fue-aprobada-en-un-87-durante-primer-debate\/","article_publisher":"https:\/\/www.facebook.com\/luchonoticiasneiva","article_published_time":"2023-06-14T12:30:49+00:00","article_modified_time":"2023-06-14T19:43:08+00:00","author":"Editor General","twitter_card":"summary_large_image","twitter_misc":{"Escrito por":"Editor General","Tiempo de lectura":"1 minuto"},"schema":{"@context":"https:\/\/schema.org","@graph":[{"@type":"Article","@id":"https:\/\/luchonoticias.com\/editor\/reforma-pensional-fue-aprobada-en-un-87-durante-primer-debate\/#article","isPartOf":{"@id":"https:\/\/luchonoticias.com\/editor\/reforma-pensional-fue-aprobada-en-un-87-durante-primer-debate\/"},"author":{"name":"Editor General","@id":"https:\/\/luchonoticias.com\/editor\/#\/schema\/person\/29217990ddf6f14e35912b2866d591fb"},"headline":"Reforma Pensional fue aprobada en un 87% durante primer debate","datePublished":"2023-06-14T12:30:49+00:00","dateModified":"2023-06-14T19:43:08+00:00","mainEntityOfPage":{"@id":"https:\/\/luchonoticias.com\/editor\/reforma-pensional-fue-aprobada-en-un-87-durante-primer-debate\/"},"wordCount":296,"commentCount":0,"publisher":{"@id":"https:\/\/luchonoticias.com\/editor\/#\/schema\/person\/7a7fd911f58561fd056dbac7b55af9cd"},"articleSection":["Destacado","Nacional"],"inLanguage":"es","potentialAction":[{"@type":"CommentAction","name":"Comment","target":["https:\/\/luchonoticias.com\/editor\/reforma-pensional-fue-aprobada-en-un-87-durante-primer-debate\/#respond"]}]},{"@type":"WebPage","@id":"https:\/\/luchonoticias.com\/editor\/reforma-pensional-fue-aprobada-en-un-87-durante-primer-debate\/","url":"https:\/\/luchonoticias.com\/editor\/reforma-pensional-fue-aprobada-en-un-87-durante-primer-debate\/","name":"Reforma Pensional fue aprobada en un 87% durante primer debate -","isPartOf":{"@id":"https:\/\/luchonoticias.com\/editor\/#website"},"datePublished":"2023-06-14T12:30:49+00:00","dateModified":"2023-06-14T19:43:08+00:00","breadcrumb":{"@id":"https:\/\/luchonoticias.com\/editor\/reforma-pensional-fue-aprobada-en-un-87-durante-primer-debate\/#breadcrumb"},"inLanguage":"es","potentialAction":[{"@type":"ReadAction","target":["https:\/\/luchonoticias.com\/editor\/reforma-pensional-fue-aprobada-en-un-87-durante-primer-debate\/"]}]},{"@type":"BreadcrumbList","@id":"https:\/\/luchonoticias.com\/editor\/reforma-pensional-fue-aprobada-en-un-87-durante-primer-debate\/#breadcrumb","itemListElement":[{"@type":"ListItem","position":1,"name":"Portada","item":"https:\/\/luchonoticias.com\/editor\/"},{"@type":"ListItem","position":2,"name":"Reforma Pensional fue aprobada en un 87% durante primer debate"}]},{"@type":"WebSite","@id":"https:\/\/luchonoticias.com\/editor\/#website","url":"https:\/\/luchonoticias.com\/editor\/","name":"","description":"","publisher":{"@id":"https:\/\/luchonoticias.com\/editor\/#\/schema\/person\/7a7fd911f58561fd056dbac7b55af9cd"},"potentialAction":[{"@type":"SearchAction","target":{"@type":"EntryPoint","urlTemplate":"https:\/\/luchonoticias.com\/editor\/?s={search_term_string}"},"query-input":{"@type":"PropertyValueSpecification","valueRequired":true,"valueName":"search_term_string"}}],"inLanguage":"es"},{"@type":["Person","Organization"],"@id":"https:\/\/luchonoticias.com\/editor\/#\/schema\/person\/7a7fd911f58561fd056dbac7b55af9cd","name":"admin","image":{"@type":"ImageObject","inLanguage":"es","@id":"https:\/\/luchonoticias.com\/editor\/#\/schema\/person\/image\/","url":"https:\/\/luchonoticias.com\/editor\/wp-content\/uploads\/2024\/02\/cropped-cropped-logolu.webp","contentUrl":"https:\/\/luchonoticias.com\/editor\/wp-content\/uploads\/2024\/02\/cropped-cropped-logolu.webp","width":382,"height":170,"caption":"admin"},"logo":{"@id":"https:\/\/luchonoticias.com\/editor\/#\/schema\/person\/image\/"},"sameAs":["https:\/\/www.facebook.com\/luchonoticiasneiva"]},{"@type":"Person","@id":"https:\/\/luchonoticias.com\/editor\/#\/schema\/person\/29217990ddf6f14e35912b2866d591fb","name":"Editor General","image":{"@type":"ImageObject","inLanguage":"es","@id":"https:\/\/luchonoticias.com\/editor\/#\/schema\/person\/image\/","url":"https:\/\/luchonoticias.com\/editor\/wp-content\/uploads\/2024\/02\/cropped-cropped-logolu-150x150.webp","contentUrl":"https:\/\/luchonoticias.com\/editor\/wp-content\/uploads\/2024\/02\/cropped-cropped-logolu-150x150.webp","caption":"Editor General"},"sameAs":["https:\/\/luchonoticias.com\/"],"url":"https:\/\/luchonoticias.com\/editor\/author\/editor-general\/"}]}},"_links":{"self":[{"href":"https:\/\/luchonoticias.com\/editor\/wp-json\/wp\/v2\/posts\/54552","targetHints":{"allow":["GET"]}}],"collection":[{"href":"https:\/\/luchonoticias.com\/editor\/wp-json\/wp\/v2\/posts"}],"about":[{"href":"https:\/\/luchonoticias.com\/editor\/wp-json\/wp\/v2\/types\/post"}],"author":[{"embeddable":true,"href":"https:\/\/luchonoticias.com\/editor\/wp-json\/wp\/v2\/users\/2"}],"replies":[{"embeddable":true,"href":"https:\/\/luchonoticias.com\/editor\/wp-json\/wp\/v2\/comments?post=54552"}],"version-history":[{"count":0,"href":"https:\/\/luchonoticias.com\/editor\/wp-json\/wp\/v2\/posts\/54552\/revisions"}],"wp:attachment":[{"href":"https:\/\/luchonoticias.com\/editor\/wp-json\/wp\/v2\/media?parent=54552"}],"wp:term":[{"taxonomy":"category","embeddable":true,"href":"https:\/\/luchonoticias.com\/editor\/wp-json\/wp\/v2\/categories?post=54552"},{"taxonomy":"post_tag","embeddable":true,"href":"https:\/\/luchonoticias.com\/editor\/wp-json\/wp\/v2\/tags?post=54552"}],"curies":[{"name":"wp","href":"https:\/\/api.w.org\/{rel}","templated":true}]}}