{"id":54558,"date":"2023-06-14T14:42:10","date_gmt":"2023-06-14T19:42:10","guid":{"rendered":"https:\/\/luchonoticias.com\/?p=54558"},"modified":"2023-06-14T14:42:11","modified_gmt":"2023-06-14T19:42:11","slug":"capturados-cuando-pretendian-hurtar-a-un-vendedor-de-helados-en-el-barrio-altico-de-neiva","status":"publish","type":"post","link":"https:\/\/luchonoticias.com\/editor\/capturados-cuando-pretendian-hurtar-a-un-vendedor-de-helados-en-el-barrio-altico-de-neiva\/","title":{"rendered":"Capturados cuando pretend\u00edan hurtar a un vendedor de helados en el barrio Altico de Neiva"},"content":{"rendered":"\n<p>Es as\u00ed como en una r\u00e1pida reacci\u00f3n, uniformados del CAI Circunvalar, logran en la calle 9 con carrera 15 de Neiva, la captura de tres sujetos; dos de 18 y uno de 20 a\u00f1os de edad, los cuales momentos antes, haciendo uso de un arma traum\u00e1tica modificada y un cuchillo, habr\u00edan hurtado a un vendedor de helados en el barrio Altico, mediante la modalidad de atraco.<\/p>\n\n\n\n<p>\u201cDe la misma, como resultado a la efectiva acci\u00f3n policial, se logra la recuperaci\u00f3n de la suma de $100.000 producto de la venta de los helados; y la incautaci\u00f3n de un arma traum\u00e1tica modificada, 5 cartuchos para la misma y un arma corto punzante; utilizadas anteriormente para cometer el il\u00edcito\u201d, indicaron las fuentes oficiales en un comunicado.<\/p>\n\n\n\n<figure class=\"wp-block-image size-full is-style-rounded\"><img decoding=\"async\" src=\"https:\/\/luchonoticias.com\/wp-content\/uploads\/2023\/06\/WhatsApp-Image-2023-06-14-at-11.44.02-AM-1.jpeg\" alt=\"\" class=\"wp-image-54560\"\/><\/figure>\n\n\n\n<p>Finalmente, se estableci\u00f3 que estos tres j\u00f3venes fueron dejados a disposici\u00f3n de la Fiscal\u00eda General de la Naci\u00f3n, por el delito de Hurto, donde posteriormente, un juez de control de garant\u00edas, decidi\u00f3 cobijarlos con medida de aseguramiento privativa de la libertad domiciliaria.<\/p>\n","protected":false},"excerpt":{"rendered":"<p>Es as\u00ed como en una r\u00e1pida reacci\u00f3n, uniformados del CAI Circunvalar, logran en la calle 9 con carrera 15 de Neiva, la captura de tres sujetos; dos de 18 y uno de 20 a\u00f1os de edad, los cuales momentos antes, haciendo uso de un arma traum\u00e1tica modificada y un cuchillo, habr\u00edan hurtado a un vendedor [&hellip;]<\/p>\n","protected":false},"author":2,"featured_media":0,"comment_status":"open","ping_status":"open","sticky":false,"template":"","format":"standard","meta":{"footnotes":""},"categories":[36,29],"tags":[],"class_list":["post-54558","post","type-post","status-publish","format-standard","hentry","category-destacado","category-judicial"],"yoast_head":"<!-- This site is optimized with the Yoast SEO plugin v26.6 - https:\/\/yoast.com\/wordpress\/plugins\/seo\/ -->\n<title>Capturados cuando pretend\u00edan hurtar a un vendedor de helados en el barrio Altico de Neiva -<\/title>\n<meta name=\"robots\" content=\"index, follow, max-snippet:-1, max-image-preview:large, max-video-preview:-1\" \/>\n<link rel=\"canonical\" href=\"https:\/\/luchonoticias.com\/editor\/capturados-cuando-pretendian-hurtar-a-un-vendedor-de-helados-en-el-barrio-altico-de-neiva\/\" \/>\n<meta property=\"og:locale\" content=\"es_ES\" \/>\n<meta property=\"og:type\" content=\"article\" \/>\n<meta property=\"og:title\" content=\"Capturados cuando pretend\u00edan hurtar a un vendedor de helados en el barrio Altico de Neiva -\" \/>\n<meta property=\"og:url\" content=\"https:\/\/luchonoticias.com\/editor\/capturados-cuando-pretendian-hurtar-a-un-vendedor-de-helados-en-el-barrio-altico-de-neiva\/\" \/>\n<meta property=\"article:publisher\" content=\"https:\/\/www.facebook.com\/luchonoticiasneiva\" \/>\n<meta property=\"article:published_time\" content=\"2023-06-14T19:42:10+00:00\" \/>\n<meta property=\"article:modified_time\" content=\"2023-06-14T19:42:11+00:00\" \/>\n<meta property=\"og:image\" content=\"https:\/\/luchonoticias.com\/wp-content\/uploads\/2023\/06\/WhatsApp-Image-2023-06-14-at-11.44.02-AM-1.jpeg\" \/>\n<meta name=\"author\" content=\"Editor General\" \/>\n<meta name=\"twitter:card\" content=\"summary_large_image\" \/>\n<meta name=\"twitter:label1\" content=\"Escrito por\" \/>\n\t<meta name=\"twitter:data1\" content=\"Editor General\" \/>\n\t<meta name=\"twitter:label2\" content=\"Tiempo de lectura\" \/>\n\t<meta name=\"twitter:data2\" content=\"1 minuto\" \/>\n<script type=\"application\/ld+json\" class=\"yoast-schema-graph\">{\"@context\":\"https:\/\/schema.org\",\"@graph\":[{\"@type\":\"Article\",\"@id\":\"https:\/\/luchonoticias.com\/editor\/capturados-cuando-pretendian-hurtar-a-un-vendedor-de-helados-en-el-barrio-altico-de-neiva\/#article\",\"isPartOf\":{\"@id\":\"https:\/\/luchonoticias.com\/editor\/capturados-cuando-pretendian-hurtar-a-un-vendedor-de-helados-en-el-barrio-altico-de-neiva\/\"},\"author\":{\"name\":\"Editor General\",\"@id\":\"https:\/\/luchonoticias.com\/editor\/#\/schema\/person\/29217990ddf6f14e35912b2866d591fb\"},\"headline\":\"Capturados cuando pretend\u00edan hurtar a un vendedor de helados en el barrio Altico de Neiva\",\"datePublished\":\"2023-06-14T19:42:10+00:00\",\"dateModified\":\"2023-06-14T19:42:11+00:00\",\"mainEntityOfPage\":{\"@id\":\"https:\/\/luchonoticias.com\/editor\/capturados-cuando-pretendian-hurtar-a-un-vendedor-de-helados-en-el-barrio-altico-de-neiva\/\"},\"wordCount\":190,\"commentCount\":0,\"publisher\":{\"@id\":\"https:\/\/luchonoticias.com\/editor\/#\/schema\/person\/7a7fd911f58561fd056dbac7b55af9cd\"},\"image\":{\"@id\":\"https:\/\/luchonoticias.com\/editor\/capturados-cuando-pretendian-hurtar-a-un-vendedor-de-helados-en-el-barrio-altico-de-neiva\/#primaryimage\"},\"thumbnailUrl\":\"https:\/\/luchonoticias.com\/wp-content\/uploads\/2023\/06\/WhatsApp-Image-2023-06-14-at-11.44.02-AM-1.jpeg\",\"articleSection\":[\"Destacado\",\"Judicial\"],\"inLanguage\":\"es\",\"potentialAction\":[{\"@type\":\"CommentAction\",\"name\":\"Comment\",\"target\":[\"https:\/\/luchonoticias.com\/editor\/capturados-cuando-pretendian-hurtar-a-un-vendedor-de-helados-en-el-barrio-altico-de-neiva\/#respond\"]}]},{\"@type\":\"WebPage\",\"@id\":\"https:\/\/luchonoticias.com\/editor\/capturados-cuando-pretendian-hurtar-a-un-vendedor-de-helados-en-el-barrio-altico-de-neiva\/\",\"url\":\"https:\/\/luchonoticias.com\/editor\/capturados-cuando-pretendian-hurtar-a-un-vendedor-de-helados-en-el-barrio-altico-de-neiva\/\",\"name\":\"Capturados cuando pretend\u00edan hurtar a un vendedor de helados en el barrio Altico de Neiva -\",\"isPartOf\":{\"@id\":\"https:\/\/luchonoticias.com\/editor\/#website\"},\"primaryImageOfPage\":{\"@id\":\"https:\/\/luchonoticias.com\/editor\/capturados-cuando-pretendian-hurtar-a-un-vendedor-de-helados-en-el-barrio-altico-de-neiva\/#primaryimage\"},\"image\":{\"@id\":\"https:\/\/luchonoticias.com\/editor\/capturados-cuando-pretendian-hurtar-a-un-vendedor-de-helados-en-el-barrio-altico-de-neiva\/#primaryimage\"},\"thumbnailUrl\":\"https:\/\/luchonoticias.com\/wp-content\/uploads\/2023\/06\/WhatsApp-Image-2023-06-14-at-11.44.02-AM-1.jpeg\",\"datePublished\":\"2023-06-14T19:42:10+00:00\",\"dateModified\":\"2023-06-14T19:42:11+00:00\",\"breadcrumb\":{\"@id\":\"https:\/\/luchonoticias.com\/editor\/capturados-cuando-pretendian-hurtar-a-un-vendedor-de-helados-en-el-barrio-altico-de-neiva\/#breadcrumb\"},\"inLanguage\":\"es\",\"potentialAction\":[{\"@type\":\"ReadAction\",\"target\":[\"https:\/\/luchonoticias.com\/editor\/capturados-cuando-pretendian-hurtar-a-un-vendedor-de-helados-en-el-barrio-altico-de-neiva\/\"]}]},{\"@type\":\"ImageObject\",\"inLanguage\":\"es\",\"@id\":\"https:\/\/luchonoticias.com\/editor\/capturados-cuando-pretendian-hurtar-a-un-vendedor-de-helados-en-el-barrio-altico-de-neiva\/#primaryimage\",\"url\":\"https:\/\/luchonoticias.com\/wp-content\/uploads\/2023\/06\/WhatsApp-Image-2023-06-14-at-11.44.02-AM-1.jpeg\",\"contentUrl\":\"https:\/\/luchonoticias.com\/wp-content\/uploads\/2023\/06\/WhatsApp-Image-2023-06-14-at-11.44.02-AM-1.jpeg\"},{\"@type\":\"BreadcrumbList\",\"@id\":\"https:\/\/luchonoticias.com\/editor\/capturados-cuando-pretendian-hurtar-a-un-vendedor-de-helados-en-el-barrio-altico-de-neiva\/#breadcrumb\",\"itemListElement\":[{\"@type\":\"ListItem\",\"position\":1,\"name\":\"Portada\",\"item\":\"https:\/\/luchonoticias.com\/editor\/\"},{\"@type\":\"ListItem\",\"position\":2,\"name\":\"Capturados cuando pretend\u00edan hurtar a un vendedor de helados en el barrio Altico de Neiva\"}]},{\"@type\":\"WebSite\",\"@id\":\"https:\/\/luchonoticias.com\/editor\/#website\",\"url\":\"https:\/\/luchonoticias.com\/editor\/\",\"name\":\"\",\"description\":\"\",\"publisher\":{\"@id\":\"https:\/\/luchonoticias.com\/editor\/#\/schema\/person\/7a7fd911f58561fd056dbac7b55af9cd\"},\"potentialAction\":[{\"@type\":\"SearchAction\",\"target\":{\"@type\":\"EntryPoint\",\"urlTemplate\":\"https:\/\/luchonoticias.com\/editor\/?s={search_term_string}\"},\"query-input\":{\"@type\":\"PropertyValueSpecification\",\"valueRequired\":true,\"valueName\":\"search_term_string\"}}],\"inLanguage\":\"es\"},{\"@type\":[\"Person\",\"Organization\"],\"@id\":\"https:\/\/luchonoticias.com\/editor\/#\/schema\/person\/7a7fd911f58561fd056dbac7b55af9cd\",\"name\":\"admin\",\"image\":{\"@type\":\"ImageObject\",\"inLanguage\":\"es\",\"@id\":\"https:\/\/luchonoticias.com\/editor\/#\/schema\/person\/image\/\",\"url\":\"https:\/\/luchonoticias.com\/editor\/wp-content\/uploads\/2024\/02\/cropped-cropped-logolu.webp\",\"contentUrl\":\"https:\/\/luchonoticias.com\/editor\/wp-content\/uploads\/2024\/02\/cropped-cropped-logolu.webp\",\"width\":382,\"height\":170,\"caption\":\"admin\"},\"logo\":{\"@id\":\"https:\/\/luchonoticias.com\/editor\/#\/schema\/person\/image\/\"},\"sameAs\":[\"https:\/\/www.facebook.com\/luchonoticiasneiva\"]},{\"@type\":\"Person\",\"@id\":\"https:\/\/luchonoticias.com\/editor\/#\/schema\/person\/29217990ddf6f14e35912b2866d591fb\",\"name\":\"Editor General\",\"image\":{\"@type\":\"ImageObject\",\"inLanguage\":\"es\",\"@id\":\"https:\/\/luchonoticias.com\/editor\/#\/schema\/person\/image\/\",\"url\":\"https:\/\/luchonoticias.com\/editor\/wp-content\/uploads\/2024\/02\/cropped-cropped-logolu-150x150.webp\",\"contentUrl\":\"https:\/\/luchonoticias.com\/editor\/wp-content\/uploads\/2024\/02\/cropped-cropped-logolu-150x150.webp\",\"caption\":\"Editor General\"},\"sameAs\":[\"https:\/\/luchonoticias.com\/\"],\"url\":\"https:\/\/luchonoticias.com\/editor\/author\/editor-general\/\"}]}<\/script>\n<!-- \/ Yoast SEO plugin. -->","yoast_head_json":{"title":"Capturados cuando pretend\u00edan hurtar a un vendedor de helados en el barrio Altico de Neiva -","robots":{"index":"index","follow":"follow","max-snippet":"max-snippet:-1","max-image-preview":"max-image-preview:large","max-video-preview":"max-video-preview:-1"},"canonical":"https:\/\/luchonoticias.com\/editor\/capturados-cuando-pretendian-hurtar-a-un-vendedor-de-helados-en-el-barrio-altico-de-neiva\/","og_locale":"es_ES","og_type":"article","og_title":"Capturados cuando pretend\u00edan hurtar a un vendedor de helados en el barrio Altico de Neiva -","og_url":"https:\/\/luchonoticias.com\/editor\/capturados-cuando-pretendian-hurtar-a-un-vendedor-de-helados-en-el-barrio-altico-de-neiva\/","article_publisher":"https:\/\/www.facebook.com\/luchonoticiasneiva","article_published_time":"2023-06-14T19:42:10+00:00","article_modified_time":"2023-06-14T19:42:11+00:00","og_image":[{"url":"https:\/\/luchonoticias.com\/wp-content\/uploads\/2023\/06\/WhatsApp-Image-2023-06-14-at-11.44.02-AM-1.jpeg","type":"","width":"","height":""}],"author":"Editor General","twitter_card":"summary_large_image","twitter_misc":{"Escrito por":"Editor General","Tiempo de lectura":"1 minuto"},"schema":{"@context":"https:\/\/schema.org","@graph":[{"@type":"Article","@id":"https:\/\/luchonoticias.com\/editor\/capturados-cuando-pretendian-hurtar-a-un-vendedor-de-helados-en-el-barrio-altico-de-neiva\/#article","isPartOf":{"@id":"https:\/\/luchonoticias.com\/editor\/capturados-cuando-pretendian-hurtar-a-un-vendedor-de-helados-en-el-barrio-altico-de-neiva\/"},"author":{"name":"Editor General","@id":"https:\/\/luchonoticias.com\/editor\/#\/schema\/person\/29217990ddf6f14e35912b2866d591fb"},"headline":"Capturados cuando pretend\u00edan hurtar a un vendedor de helados en el barrio Altico de Neiva","datePublished":"2023-06-14T19:42:10+00:00","dateModified":"2023-06-14T19:42:11+00:00","mainEntityOfPage":{"@id":"https:\/\/luchonoticias.com\/editor\/capturados-cuando-pretendian-hurtar-a-un-vendedor-de-helados-en-el-barrio-altico-de-neiva\/"},"wordCount":190,"commentCount":0,"publisher":{"@id":"https:\/\/luchonoticias.com\/editor\/#\/schema\/person\/7a7fd911f58561fd056dbac7b55af9cd"},"image":{"@id":"https:\/\/luchonoticias.com\/editor\/capturados-cuando-pretendian-hurtar-a-un-vendedor-de-helados-en-el-barrio-altico-de-neiva\/#primaryimage"},"thumbnailUrl":"https:\/\/luchonoticias.com\/wp-content\/uploads\/2023\/06\/WhatsApp-Image-2023-06-14-at-11.44.02-AM-1.jpeg","articleSection":["Destacado","Judicial"],"inLanguage":"es","potentialAction":[{"@type":"CommentAction","name":"Comment","target":["https:\/\/luchonoticias.com\/editor\/capturados-cuando-pretendian-hurtar-a-un-vendedor-de-helados-en-el-barrio-altico-de-neiva\/#respond"]}]},{"@type":"WebPage","@id":"https:\/\/luchonoticias.com\/editor\/capturados-cuando-pretendian-hurtar-a-un-vendedor-de-helados-en-el-barrio-altico-de-neiva\/","url":"https:\/\/luchonoticias.com\/editor\/capturados-cuando-pretendian-hurtar-a-un-vendedor-de-helados-en-el-barrio-altico-de-neiva\/","name":"Capturados cuando pretend\u00edan hurtar a un vendedor de helados en el barrio Altico de Neiva -","isPartOf":{"@id":"https:\/\/luchonoticias.com\/editor\/#website"},"primaryImageOfPage":{"@id":"https:\/\/luchonoticias.com\/editor\/capturados-cuando-pretendian-hurtar-a-un-vendedor-de-helados-en-el-barrio-altico-de-neiva\/#primaryimage"},"image":{"@id":"https:\/\/luchonoticias.com\/editor\/capturados-cuando-pretendian-hurtar-a-un-vendedor-de-helados-en-el-barrio-altico-de-neiva\/#primaryimage"},"thumbnailUrl":"https:\/\/luchonoticias.com\/wp-content\/uploads\/2023\/06\/WhatsApp-Image-2023-06-14-at-11.44.02-AM-1.jpeg","datePublished":"2023-06-14T19:42:10+00:00","dateModified":"2023-06-14T19:42:11+00:00","breadcrumb":{"@id":"https:\/\/luchonoticias.com\/editor\/capturados-cuando-pretendian-hurtar-a-un-vendedor-de-helados-en-el-barrio-altico-de-neiva\/#breadcrumb"},"inLanguage":"es","potentialAction":[{"@type":"ReadAction","target":["https:\/\/luchonoticias.com\/editor\/capturados-cuando-pretendian-hurtar-a-un-vendedor-de-helados-en-el-barrio-altico-de-neiva\/"]}]},{"@type":"ImageObject","inLanguage":"es","@id":"https:\/\/luchonoticias.com\/editor\/capturados-cuando-pretendian-hurtar-a-un-vendedor-de-helados-en-el-barrio-altico-de-neiva\/#primaryimage","url":"https:\/\/luchonoticias.com\/wp-content\/uploads\/2023\/06\/WhatsApp-Image-2023-06-14-at-11.44.02-AM-1.jpeg","contentUrl":"https:\/\/luchonoticias.com\/wp-content\/uploads\/2023\/06\/WhatsApp-Image-2023-06-14-at-11.44.02-AM-1.jpeg"},{"@type":"BreadcrumbList","@id":"https:\/\/luchonoticias.com\/editor\/capturados-cuando-pretendian-hurtar-a-un-vendedor-de-helados-en-el-barrio-altico-de-neiva\/#breadcrumb","itemListElement":[{"@type":"ListItem","position":1,"name":"Portada","item":"https:\/\/luchonoticias.com\/editor\/"},{"@type":"ListItem","position":2,"name":"Capturados cuando pretend\u00edan hurtar a un vendedor de helados en el barrio Altico de Neiva"}]},{"@type":"WebSite","@id":"https:\/\/luchonoticias.com\/editor\/#website","url":"https:\/\/luchonoticias.com\/editor\/","name":"","description":"","publisher":{"@id":"https:\/\/luchonoticias.com\/editor\/#\/schema\/person\/7a7fd911f58561fd056dbac7b55af9cd"},"potentialAction":[{"@type":"SearchAction","target":{"@type":"EntryPoint","urlTemplate":"https:\/\/luchonoticias.com\/editor\/?s={search_term_string}"},"query-input":{"@type":"PropertyValueSpecification","valueRequired":true,"valueName":"search_term_string"}}],"inLanguage":"es"},{"@type":["Person","Organization"],"@id":"https:\/\/luchonoticias.com\/editor\/#\/schema\/person\/7a7fd911f58561fd056dbac7b55af9cd","name":"admin","image":{"@type":"ImageObject","inLanguage":"es","@id":"https:\/\/luchonoticias.com\/editor\/#\/schema\/person\/image\/","url":"https:\/\/luchonoticias.com\/editor\/wp-content\/uploads\/2024\/02\/cropped-cropped-logolu.webp","contentUrl":"https:\/\/luchonoticias.com\/editor\/wp-content\/uploads\/2024\/02\/cropped-cropped-logolu.webp","width":382,"height":170,"caption":"admin"},"logo":{"@id":"https:\/\/luchonoticias.com\/editor\/#\/schema\/person\/image\/"},"sameAs":["https:\/\/www.facebook.com\/luchonoticiasneiva"]},{"@type":"Person","@id":"https:\/\/luchonoticias.com\/editor\/#\/schema\/person\/29217990ddf6f14e35912b2866d591fb","name":"Editor General","image":{"@type":"ImageObject","inLanguage":"es","@id":"https:\/\/luchonoticias.com\/editor\/#\/schema\/person\/image\/","url":"https:\/\/luchonoticias.com\/editor\/wp-content\/uploads\/2024\/02\/cropped-cropped-logolu-150x150.webp","contentUrl":"https:\/\/luchonoticias.com\/editor\/wp-content\/uploads\/2024\/02\/cropped-cropped-logolu-150x150.webp","caption":"Editor General"},"sameAs":["https:\/\/luchonoticias.com\/"],"url":"https:\/\/luchonoticias.com\/editor\/author\/editor-general\/"}]}},"_links":{"self":[{"href":"https:\/\/luchonoticias.com\/editor\/wp-json\/wp\/v2\/posts\/54558","targetHints":{"allow":["GET"]}}],"collection":[{"href":"https:\/\/luchonoticias.com\/editor\/wp-json\/wp\/v2\/posts"}],"about":[{"href":"https:\/\/luchonoticias.com\/editor\/wp-json\/wp\/v2\/types\/post"}],"author":[{"embeddable":true,"href":"https:\/\/luchonoticias.com\/editor\/wp-json\/wp\/v2\/users\/2"}],"replies":[{"embeddable":true,"href":"https:\/\/luchonoticias.com\/editor\/wp-json\/wp\/v2\/comments?post=54558"}],"version-history":[{"count":0,"href":"https:\/\/luchonoticias.com\/editor\/wp-json\/wp\/v2\/posts\/54558\/revisions"}],"wp:attachment":[{"href":"https:\/\/luchonoticias.com\/editor\/wp-json\/wp\/v2\/media?parent=54558"}],"wp:term":[{"taxonomy":"category","embeddable":true,"href":"https:\/\/luchonoticias.com\/editor\/wp-json\/wp\/v2\/categories?post=54558"},{"taxonomy":"post_tag","embeddable":true,"href":"https:\/\/luchonoticias.com\/editor\/wp-json\/wp\/v2\/tags?post=54558"}],"curies":[{"name":"wp","href":"https:\/\/api.w.org\/{rel}","templated":true}]}}