{"id":54565,"date":"2023-06-14T14:50:09","date_gmt":"2023-06-14T19:50:09","guid":{"rendered":"https:\/\/luchonoticias.com\/?p=54565"},"modified":"2023-06-14T14:50:10","modified_gmt":"2023-06-14T19:50:10","slug":"cayo-la-pati-por-trafico-de-estupefacientes-en-garzon","status":"publish","type":"post","link":"https:\/\/luchonoticias.com\/editor\/cayo-la-pati-por-trafico-de-estupefacientes-en-garzon\/","title":{"rendered":"Cay\u00f3 &#8216;La Pati&#8217; por tr\u00e1fico de estupefacientes en Garz\u00f3n"},"content":{"rendered":"\n<p>Continuando con la intervenci\u00f3n a los puntos de expendio de estupefacientes desde donde se generan otros delitos de impacto como el hurto, las lesiones y el homicidio, el Departamento de Polic\u00eda Huila adelant\u00f3 una diligencia de registro y allanamiento en la invasi\u00f3n Los Comuneros de Garz\u00f3n, donde se logr\u00f3 la captura de una mujer conocida como &#8216;Pati&#8217; y la incautaci\u00f3n de varias dosis de bazuco, marihuana y dinero en efectivo.<\/p>\n\n\n\n<p>La ayuda del canino y su gu\u00eda, fueron indispensable para hallar los estupefacientes, toda vez que era camuflado en lugares rec\u00f3nditos de la vivienda.<\/p>\n\n\n\n<p>Cabe anotar que, alias &#8216;La Pati&#8217; cuenta con anotaciones judiciales por este mismo delito, por lo que la Seccional de Investigaci\u00f3n Criminal, quien realiz\u00f3 el procedimiento, ya la est\u00e1 presentando ante las autoridades competentes por el delito de tr\u00e1fico, fabricaci\u00f3n y porte de estupefacientes.<\/p>\n\n\n\n<p>Estas intervenciones se vienen adelantando en todos los municipios de la jurisdicci\u00f3n, gracias a la informaci\u00f3n que nos entrega la ciudadan\u00eda y a las labores de inteligencia que se adelantan para verificar dicha informaci\u00f3n y entregar m\u00e1s evidencias a la Fiscal\u00eda para que se generen las ordenes de registro y allanamiento. Indic\u00f3 el coronel Gustavo Adolfo Camargo Romero, comandante. del Departamento de Polic\u00eda Huila.<\/p>\n","protected":false},"excerpt":{"rendered":"<p>Continuando con la intervenci\u00f3n a los puntos de expendio de estupefacientes desde donde se generan otros delitos de impacto como el hurto, las lesiones y el homicidio, el Departamento de Polic\u00eda Huila adelant\u00f3 una diligencia de registro y allanamiento en la invasi\u00f3n Los Comuneros de Garz\u00f3n, donde se logr\u00f3 la captura de una mujer conocida [&hellip;]<\/p>\n","protected":false},"author":2,"featured_media":0,"comment_status":"open","ping_status":"open","sticky":false,"template":"","format":"standard","meta":{"footnotes":""},"categories":[36,29],"tags":[],"class_list":["post-54565","post","type-post","status-publish","format-standard","hentry","category-destacado","category-judicial"],"yoast_head":"<!-- This site is optimized with the Yoast SEO plugin v26.6 - https:\/\/yoast.com\/wordpress\/plugins\/seo\/ -->\n<title>Cay\u00f3 &#039;La Pati&#039; por tr\u00e1fico de estupefacientes en Garz\u00f3n -<\/title>\n<meta name=\"robots\" content=\"index, follow, max-snippet:-1, max-image-preview:large, max-video-preview:-1\" \/>\n<link rel=\"canonical\" href=\"https:\/\/luchonoticias.com\/editor\/cayo-la-pati-por-trafico-de-estupefacientes-en-garzon\/\" \/>\n<meta property=\"og:locale\" content=\"es_ES\" \/>\n<meta property=\"og:type\" content=\"article\" \/>\n<meta property=\"og:title\" content=\"Cay\u00f3 &#039;La Pati&#039; por tr\u00e1fico de estupefacientes en Garz\u00f3n -\" \/>\n<meta property=\"og:url\" content=\"https:\/\/luchonoticias.com\/editor\/cayo-la-pati-por-trafico-de-estupefacientes-en-garzon\/\" \/>\n<meta property=\"article:publisher\" content=\"https:\/\/www.facebook.com\/luchonoticiasneiva\" \/>\n<meta property=\"article:published_time\" content=\"2023-06-14T19:50:09+00:00\" \/>\n<meta property=\"article:modified_time\" content=\"2023-06-14T19:50:10+00:00\" \/>\n<meta name=\"author\" content=\"Editor General\" \/>\n<meta name=\"twitter:card\" content=\"summary_large_image\" \/>\n<meta name=\"twitter:label1\" content=\"Escrito por\" \/>\n\t<meta name=\"twitter:data1\" content=\"Editor General\" \/>\n\t<meta name=\"twitter:label2\" content=\"Tiempo de lectura\" \/>\n\t<meta name=\"twitter:data2\" content=\"1 minuto\" \/>\n<script type=\"application\/ld+json\" class=\"yoast-schema-graph\">{\"@context\":\"https:\/\/schema.org\",\"@graph\":[{\"@type\":\"Article\",\"@id\":\"https:\/\/luchonoticias.com\/editor\/cayo-la-pati-por-trafico-de-estupefacientes-en-garzon\/#article\",\"isPartOf\":{\"@id\":\"https:\/\/luchonoticias.com\/editor\/cayo-la-pati-por-trafico-de-estupefacientes-en-garzon\/\"},\"author\":{\"name\":\"Editor General\",\"@id\":\"https:\/\/luchonoticias.com\/editor\/#\/schema\/person\/29217990ddf6f14e35912b2866d591fb\"},\"headline\":\"Cay\u00f3 &#8216;La Pati&#8217; por tr\u00e1fico de estupefacientes en Garz\u00f3n\",\"datePublished\":\"2023-06-14T19:50:09+00:00\",\"dateModified\":\"2023-06-14T19:50:10+00:00\",\"mainEntityOfPage\":{\"@id\":\"https:\/\/luchonoticias.com\/editor\/cayo-la-pati-por-trafico-de-estupefacientes-en-garzon\/\"},\"wordCount\":230,\"commentCount\":0,\"publisher\":{\"@id\":\"https:\/\/luchonoticias.com\/editor\/#\/schema\/person\/7a7fd911f58561fd056dbac7b55af9cd\"},\"articleSection\":[\"Destacado\",\"Judicial\"],\"inLanguage\":\"es\",\"potentialAction\":[{\"@type\":\"CommentAction\",\"name\":\"Comment\",\"target\":[\"https:\/\/luchonoticias.com\/editor\/cayo-la-pati-por-trafico-de-estupefacientes-en-garzon\/#respond\"]}]},{\"@type\":\"WebPage\",\"@id\":\"https:\/\/luchonoticias.com\/editor\/cayo-la-pati-por-trafico-de-estupefacientes-en-garzon\/\",\"url\":\"https:\/\/luchonoticias.com\/editor\/cayo-la-pati-por-trafico-de-estupefacientes-en-garzon\/\",\"name\":\"Cay\u00f3 'La Pati' por tr\u00e1fico de estupefacientes en Garz\u00f3n -\",\"isPartOf\":{\"@id\":\"https:\/\/luchonoticias.com\/editor\/#website\"},\"datePublished\":\"2023-06-14T19:50:09+00:00\",\"dateModified\":\"2023-06-14T19:50:10+00:00\",\"breadcrumb\":{\"@id\":\"https:\/\/luchonoticias.com\/editor\/cayo-la-pati-por-trafico-de-estupefacientes-en-garzon\/#breadcrumb\"},\"inLanguage\":\"es\",\"potentialAction\":[{\"@type\":\"ReadAction\",\"target\":[\"https:\/\/luchonoticias.com\/editor\/cayo-la-pati-por-trafico-de-estupefacientes-en-garzon\/\"]}]},{\"@type\":\"BreadcrumbList\",\"@id\":\"https:\/\/luchonoticias.com\/editor\/cayo-la-pati-por-trafico-de-estupefacientes-en-garzon\/#breadcrumb\",\"itemListElement\":[{\"@type\":\"ListItem\",\"position\":1,\"name\":\"Portada\",\"item\":\"https:\/\/luchonoticias.com\/editor\/\"},{\"@type\":\"ListItem\",\"position\":2,\"name\":\"Cay\u00f3 &#8216;La Pati&#8217; por tr\u00e1fico de estupefacientes en Garz\u00f3n\"}]},{\"@type\":\"WebSite\",\"@id\":\"https:\/\/luchonoticias.com\/editor\/#website\",\"url\":\"https:\/\/luchonoticias.com\/editor\/\",\"name\":\"\",\"description\":\"\",\"publisher\":{\"@id\":\"https:\/\/luchonoticias.com\/editor\/#\/schema\/person\/7a7fd911f58561fd056dbac7b55af9cd\"},\"potentialAction\":[{\"@type\":\"SearchAction\",\"target\":{\"@type\":\"EntryPoint\",\"urlTemplate\":\"https:\/\/luchonoticias.com\/editor\/?s={search_term_string}\"},\"query-input\":{\"@type\":\"PropertyValueSpecification\",\"valueRequired\":true,\"valueName\":\"search_term_string\"}}],\"inLanguage\":\"es\"},{\"@type\":[\"Person\",\"Organization\"],\"@id\":\"https:\/\/luchonoticias.com\/editor\/#\/schema\/person\/7a7fd911f58561fd056dbac7b55af9cd\",\"name\":\"admin\",\"image\":{\"@type\":\"ImageObject\",\"inLanguage\":\"es\",\"@id\":\"https:\/\/luchonoticias.com\/editor\/#\/schema\/person\/image\/\",\"url\":\"https:\/\/luchonoticias.com\/editor\/wp-content\/uploads\/2024\/02\/cropped-cropped-logolu.webp\",\"contentUrl\":\"https:\/\/luchonoticias.com\/editor\/wp-content\/uploads\/2024\/02\/cropped-cropped-logolu.webp\",\"width\":382,\"height\":170,\"caption\":\"admin\"},\"logo\":{\"@id\":\"https:\/\/luchonoticias.com\/editor\/#\/schema\/person\/image\/\"},\"sameAs\":[\"https:\/\/www.facebook.com\/luchonoticiasneiva\"]},{\"@type\":\"Person\",\"@id\":\"https:\/\/luchonoticias.com\/editor\/#\/schema\/person\/29217990ddf6f14e35912b2866d591fb\",\"name\":\"Editor General\",\"image\":{\"@type\":\"ImageObject\",\"inLanguage\":\"es\",\"@id\":\"https:\/\/luchonoticias.com\/editor\/#\/schema\/person\/image\/\",\"url\":\"https:\/\/luchonoticias.com\/editor\/wp-content\/uploads\/2024\/02\/cropped-cropped-logolu-150x150.webp\",\"contentUrl\":\"https:\/\/luchonoticias.com\/editor\/wp-content\/uploads\/2024\/02\/cropped-cropped-logolu-150x150.webp\",\"caption\":\"Editor General\"},\"sameAs\":[\"https:\/\/luchonoticias.com\/\"],\"url\":\"https:\/\/luchonoticias.com\/editor\/author\/editor-general\/\"}]}<\/script>\n<!-- \/ Yoast SEO plugin. -->","yoast_head_json":{"title":"Cay\u00f3 'La Pati' por tr\u00e1fico de estupefacientes en Garz\u00f3n -","robots":{"index":"index","follow":"follow","max-snippet":"max-snippet:-1","max-image-preview":"max-image-preview:large","max-video-preview":"max-video-preview:-1"},"canonical":"https:\/\/luchonoticias.com\/editor\/cayo-la-pati-por-trafico-de-estupefacientes-en-garzon\/","og_locale":"es_ES","og_type":"article","og_title":"Cay\u00f3 'La Pati' por tr\u00e1fico de estupefacientes en Garz\u00f3n -","og_url":"https:\/\/luchonoticias.com\/editor\/cayo-la-pati-por-trafico-de-estupefacientes-en-garzon\/","article_publisher":"https:\/\/www.facebook.com\/luchonoticiasneiva","article_published_time":"2023-06-14T19:50:09+00:00","article_modified_time":"2023-06-14T19:50:10+00:00","author":"Editor General","twitter_card":"summary_large_image","twitter_misc":{"Escrito por":"Editor General","Tiempo de lectura":"1 minuto"},"schema":{"@context":"https:\/\/schema.org","@graph":[{"@type":"Article","@id":"https:\/\/luchonoticias.com\/editor\/cayo-la-pati-por-trafico-de-estupefacientes-en-garzon\/#article","isPartOf":{"@id":"https:\/\/luchonoticias.com\/editor\/cayo-la-pati-por-trafico-de-estupefacientes-en-garzon\/"},"author":{"name":"Editor General","@id":"https:\/\/luchonoticias.com\/editor\/#\/schema\/person\/29217990ddf6f14e35912b2866d591fb"},"headline":"Cay\u00f3 &#8216;La Pati&#8217; por tr\u00e1fico de estupefacientes en Garz\u00f3n","datePublished":"2023-06-14T19:50:09+00:00","dateModified":"2023-06-14T19:50:10+00:00","mainEntityOfPage":{"@id":"https:\/\/luchonoticias.com\/editor\/cayo-la-pati-por-trafico-de-estupefacientes-en-garzon\/"},"wordCount":230,"commentCount":0,"publisher":{"@id":"https:\/\/luchonoticias.com\/editor\/#\/schema\/person\/7a7fd911f58561fd056dbac7b55af9cd"},"articleSection":["Destacado","Judicial"],"inLanguage":"es","potentialAction":[{"@type":"CommentAction","name":"Comment","target":["https:\/\/luchonoticias.com\/editor\/cayo-la-pati-por-trafico-de-estupefacientes-en-garzon\/#respond"]}]},{"@type":"WebPage","@id":"https:\/\/luchonoticias.com\/editor\/cayo-la-pati-por-trafico-de-estupefacientes-en-garzon\/","url":"https:\/\/luchonoticias.com\/editor\/cayo-la-pati-por-trafico-de-estupefacientes-en-garzon\/","name":"Cay\u00f3 'La Pati' por tr\u00e1fico de estupefacientes en Garz\u00f3n -","isPartOf":{"@id":"https:\/\/luchonoticias.com\/editor\/#website"},"datePublished":"2023-06-14T19:50:09+00:00","dateModified":"2023-06-14T19:50:10+00:00","breadcrumb":{"@id":"https:\/\/luchonoticias.com\/editor\/cayo-la-pati-por-trafico-de-estupefacientes-en-garzon\/#breadcrumb"},"inLanguage":"es","potentialAction":[{"@type":"ReadAction","target":["https:\/\/luchonoticias.com\/editor\/cayo-la-pati-por-trafico-de-estupefacientes-en-garzon\/"]}]},{"@type":"BreadcrumbList","@id":"https:\/\/luchonoticias.com\/editor\/cayo-la-pati-por-trafico-de-estupefacientes-en-garzon\/#breadcrumb","itemListElement":[{"@type":"ListItem","position":1,"name":"Portada","item":"https:\/\/luchonoticias.com\/editor\/"},{"@type":"ListItem","position":2,"name":"Cay\u00f3 &#8216;La Pati&#8217; por tr\u00e1fico de estupefacientes en Garz\u00f3n"}]},{"@type":"WebSite","@id":"https:\/\/luchonoticias.com\/editor\/#website","url":"https:\/\/luchonoticias.com\/editor\/","name":"","description":"","publisher":{"@id":"https:\/\/luchonoticias.com\/editor\/#\/schema\/person\/7a7fd911f58561fd056dbac7b55af9cd"},"potentialAction":[{"@type":"SearchAction","target":{"@type":"EntryPoint","urlTemplate":"https:\/\/luchonoticias.com\/editor\/?s={search_term_string}"},"query-input":{"@type":"PropertyValueSpecification","valueRequired":true,"valueName":"search_term_string"}}],"inLanguage":"es"},{"@type":["Person","Organization"],"@id":"https:\/\/luchonoticias.com\/editor\/#\/schema\/person\/7a7fd911f58561fd056dbac7b55af9cd","name":"admin","image":{"@type":"ImageObject","inLanguage":"es","@id":"https:\/\/luchonoticias.com\/editor\/#\/schema\/person\/image\/","url":"https:\/\/luchonoticias.com\/editor\/wp-content\/uploads\/2024\/02\/cropped-cropped-logolu.webp","contentUrl":"https:\/\/luchonoticias.com\/editor\/wp-content\/uploads\/2024\/02\/cropped-cropped-logolu.webp","width":382,"height":170,"caption":"admin"},"logo":{"@id":"https:\/\/luchonoticias.com\/editor\/#\/schema\/person\/image\/"},"sameAs":["https:\/\/www.facebook.com\/luchonoticiasneiva"]},{"@type":"Person","@id":"https:\/\/luchonoticias.com\/editor\/#\/schema\/person\/29217990ddf6f14e35912b2866d591fb","name":"Editor General","image":{"@type":"ImageObject","inLanguage":"es","@id":"https:\/\/luchonoticias.com\/editor\/#\/schema\/person\/image\/","url":"https:\/\/luchonoticias.com\/editor\/wp-content\/uploads\/2024\/02\/cropped-cropped-logolu-150x150.webp","contentUrl":"https:\/\/luchonoticias.com\/editor\/wp-content\/uploads\/2024\/02\/cropped-cropped-logolu-150x150.webp","caption":"Editor General"},"sameAs":["https:\/\/luchonoticias.com\/"],"url":"https:\/\/luchonoticias.com\/editor\/author\/editor-general\/"}]}},"_links":{"self":[{"href":"https:\/\/luchonoticias.com\/editor\/wp-json\/wp\/v2\/posts\/54565","targetHints":{"allow":["GET"]}}],"collection":[{"href":"https:\/\/luchonoticias.com\/editor\/wp-json\/wp\/v2\/posts"}],"about":[{"href":"https:\/\/luchonoticias.com\/editor\/wp-json\/wp\/v2\/types\/post"}],"author":[{"embeddable":true,"href":"https:\/\/luchonoticias.com\/editor\/wp-json\/wp\/v2\/users\/2"}],"replies":[{"embeddable":true,"href":"https:\/\/luchonoticias.com\/editor\/wp-json\/wp\/v2\/comments?post=54565"}],"version-history":[{"count":0,"href":"https:\/\/luchonoticias.com\/editor\/wp-json\/wp\/v2\/posts\/54565\/revisions"}],"wp:attachment":[{"href":"https:\/\/luchonoticias.com\/editor\/wp-json\/wp\/v2\/media?parent=54565"}],"wp:term":[{"taxonomy":"category","embeddable":true,"href":"https:\/\/luchonoticias.com\/editor\/wp-json\/wp\/v2\/categories?post=54565"},{"taxonomy":"post_tag","embeddable":true,"href":"https:\/\/luchonoticias.com\/editor\/wp-json\/wp\/v2\/tags?post=54565"}],"curies":[{"name":"wp","href":"https:\/\/api.w.org\/{rel}","templated":true}]}}