{"id":54571,"date":"2023-06-14T14:56:29","date_gmt":"2023-06-14T19:56:29","guid":{"rendered":"https:\/\/luchonoticias.com\/?p=54571"},"modified":"2023-06-14T14:56:30","modified_gmt":"2023-06-14T19:56:30","slug":"avanza-proyecto-de-ley-que-prohibe-las-corridas-de-toros","status":"publish","type":"post","link":"https:\/\/luchonoticias.com\/editor\/avanza-proyecto-de-ley-que-prohibe-las-corridas-de-toros\/","title":{"rendered":"Avanza proyecto de ley que proh\u00edbe las corridas de toros"},"content":{"rendered":"\n<p><strong>&nbsp;<\/strong>Con 9 votos a favor, la comisi\u00f3n sexta del senado le dijo s\u00ed en primer debate al Proyecto de Ley No. 309, \u201cpor el cual se proh\u00edbe en todo el territorio nacional el desarrollo de las actividades de corridas de toros, rejoneo, novilladas, becerradas y tientas, encierros y suelta de vaquillas, as\u00ed como los procedimientos utilizados en estos espect\u00e1culos, tanto en el \u00e1mbito p\u00fablico como en el privado\u201d.<\/p>\n\n\n\n<p>La decisi\u00f3n se tom\u00f3 tras un debate suspendido, hasta que una subcomisi\u00f3n integrada por los senadores&nbsp;<strong>Sandra Yaneth Jaimes Cruz<\/strong>,<strong>&nbsp;Coalici\u00f3n Pacto Hist\u00f3rico<\/strong>;<strong>&nbsp;Alex Fl\u00f3rez Hern\u00e1ndez<\/strong>,<strong>&nbsp;Pacto Hist\u00f3rico&nbsp;<\/strong>y<strong>&nbsp;Guido Echeverri Piedrahita<\/strong>,<strong>&nbsp;partido En Marcha<\/strong>, entregara un informe en el que se estudiaron las 25 proposiciones, de las cuales 20 no fueron avaladas, entre ellas, la radicada por el senador&nbsp;<strong>Julio Alberto El\u00edas Vidal<\/strong>,<strong>&nbsp;Partido de la U<\/strong>, que buscaba modificar el t\u00edtulo del proyecto, al sustituir la palabra \u201cprohibici\u00f3n\u201d por \u201creglamentaci\u00f3n\u201d.<\/p>\n\n\n\n<p>El senador cordob\u00e9s, al referirse a los \u201cvac\u00edos\u201d que deja el proyecto en la reconversi\u00f3n econ\u00f3mica, precis\u00f3: \u201cEs un tr\u00e1mite que debe darse de forma paulatina; la reglamentaci\u00f3n nos permitir\u00e1 analizar c\u00f3mo y cu\u00e1ndo el Gobierno Nacional subsanar\u00e1 los ingresos econ\u00f3micos de quienes se dedican exclusivamente a esta actividad\u201d.<\/p>\n\n\n\n<p>Por su parte, el senador<strong>&nbsp;Carlos Eduardo Guevara Villab\u00f3n<\/strong>,<strong>&nbsp;partido MIRA<\/strong>, se\u00f1al\u00f3 que una de sus proposiciones que s\u00ed cont\u00f3 con el aval de la subcomisi\u00f3n, busca que se haga un censo que determine qu\u00e9 poblaci\u00f3n est\u00e1 en condiciones de vulnerabilidad, y c\u00f3mo se pueden establecer pol\u00edticas p\u00fablicas de apoyo laboral, sobre todo en temporadas como la Feria de Cali y la Feria de Manizales.<strong>&nbsp;<\/strong><\/p>\n\n\n\n<p>En torno a las proposiciones restantes de su autor\u00eda, el senador&nbsp;<strong>Guido Echeverri<\/strong>&nbsp;solicit\u00f3 que fueran sometidas a votaci\u00f3n de forma nominal, petici\u00f3n que fue rechazada por el presidente de la comisi\u00f3n, senador&nbsp;<strong>Carlos Andr\u00e9s Trujillo Gonz\u00e1lez, Partido Conservador<\/strong>, en raz\u00f3n a que el informe de la subcomisi\u00f3n ya contaba con firma de dos de sus tres integrantes. Ante esto, el senador caldense anunci\u00f3 que, si este proyecto se convierte en ley de la rep\u00fablica, har\u00e1 uso de las herramientas legales e impondr\u00e1 una demanda por \u201cinconstitucionalidad y por vicios de tr\u00e1mite\u201d, enfatiz\u00f3.&nbsp;<\/p>\n\n\n\n<p>Finalmente, la senadora ponente del proyecto&nbsp;<strong>Sandra Yaneth Jaimes Cruz,<\/strong>&nbsp;celebr\u00f3 la decisi\u00f3n de la comisi\u00f3n sexta y argument\u00f3 que la bancada de gobierno le&nbsp; apuesta a su lema, \u201cColombia Potencia Mundial de la Vida\u201d.<\/p>\n","protected":false},"excerpt":{"rendered":"<p>&nbsp;Con 9 votos a favor, la comisi\u00f3n sexta del senado le dijo s\u00ed en primer debate al Proyecto de Ley No. 309, \u201cpor el cual se proh\u00edbe en todo el territorio nacional el desarrollo de las actividades de corridas de toros, rejoneo, novilladas, becerradas y tientas, encierros y suelta de vaquillas, as\u00ed como los procedimientos [&hellip;]<\/p>\n","protected":false},"author":2,"featured_media":0,"comment_status":"open","ping_status":"open","sticky":false,"template":"","format":"standard","meta":{"footnotes":""},"categories":[36,617],"tags":[],"class_list":["post-54571","post","type-post","status-publish","format-standard","hentry","category-destacado","category-politica"],"yoast_head":"<!-- This site is optimized with the Yoast SEO plugin v26.6 - https:\/\/yoast.com\/wordpress\/plugins\/seo\/ -->\n<title>Avanza proyecto de ley que proh\u00edbe las corridas de toros -<\/title>\n<meta name=\"robots\" content=\"index, follow, max-snippet:-1, max-image-preview:large, max-video-preview:-1\" \/>\n<link rel=\"canonical\" href=\"https:\/\/luchonoticias.com\/editor\/avanza-proyecto-de-ley-que-prohibe-las-corridas-de-toros\/\" \/>\n<meta property=\"og:locale\" content=\"es_ES\" \/>\n<meta property=\"og:type\" content=\"article\" \/>\n<meta property=\"og:title\" content=\"Avanza proyecto de ley que proh\u00edbe las corridas de toros -\" \/>\n<meta property=\"og:url\" content=\"https:\/\/luchonoticias.com\/editor\/avanza-proyecto-de-ley-que-prohibe-las-corridas-de-toros\/\" \/>\n<meta property=\"article:publisher\" content=\"https:\/\/www.facebook.com\/luchonoticiasneiva\" \/>\n<meta property=\"article:published_time\" content=\"2023-06-14T19:56:29+00:00\" \/>\n<meta property=\"article:modified_time\" content=\"2023-06-14T19:56:30+00:00\" \/>\n<meta name=\"author\" content=\"Editor General\" \/>\n<meta name=\"twitter:card\" content=\"summary_large_image\" \/>\n<meta name=\"twitter:label1\" content=\"Escrito por\" \/>\n\t<meta name=\"twitter:data1\" content=\"Editor General\" \/>\n\t<meta name=\"twitter:label2\" content=\"Tiempo de lectura\" \/>\n\t<meta name=\"twitter:data2\" content=\"2 minutos\" \/>\n<script type=\"application\/ld+json\" class=\"yoast-schema-graph\">{\"@context\":\"https:\/\/schema.org\",\"@graph\":[{\"@type\":\"Article\",\"@id\":\"https:\/\/luchonoticias.com\/editor\/avanza-proyecto-de-ley-que-prohibe-las-corridas-de-toros\/#article\",\"isPartOf\":{\"@id\":\"https:\/\/luchonoticias.com\/editor\/avanza-proyecto-de-ley-que-prohibe-las-corridas-de-toros\/\"},\"author\":{\"name\":\"Editor General\",\"@id\":\"https:\/\/luchonoticias.com\/editor\/#\/schema\/person\/29217990ddf6f14e35912b2866d591fb\"},\"headline\":\"Avanza proyecto de ley que proh\u00edbe las corridas de toros\",\"datePublished\":\"2023-06-14T19:56:29+00:00\",\"dateModified\":\"2023-06-14T19:56:30+00:00\",\"mainEntityOfPage\":{\"@id\":\"https:\/\/luchonoticias.com\/editor\/avanza-proyecto-de-ley-que-prohibe-las-corridas-de-toros\/\"},\"wordCount\":462,\"commentCount\":0,\"publisher\":{\"@id\":\"https:\/\/luchonoticias.com\/editor\/#\/schema\/person\/7a7fd911f58561fd056dbac7b55af9cd\"},\"articleSection\":[\"Destacado\",\"Pol\u00edtica\"],\"inLanguage\":\"es\",\"potentialAction\":[{\"@type\":\"CommentAction\",\"name\":\"Comment\",\"target\":[\"https:\/\/luchonoticias.com\/editor\/avanza-proyecto-de-ley-que-prohibe-las-corridas-de-toros\/#respond\"]}]},{\"@type\":\"WebPage\",\"@id\":\"https:\/\/luchonoticias.com\/editor\/avanza-proyecto-de-ley-que-prohibe-las-corridas-de-toros\/\",\"url\":\"https:\/\/luchonoticias.com\/editor\/avanza-proyecto-de-ley-que-prohibe-las-corridas-de-toros\/\",\"name\":\"Avanza proyecto de ley que proh\u00edbe las corridas de toros -\",\"isPartOf\":{\"@id\":\"https:\/\/luchonoticias.com\/editor\/#website\"},\"datePublished\":\"2023-06-14T19:56:29+00:00\",\"dateModified\":\"2023-06-14T19:56:30+00:00\",\"breadcrumb\":{\"@id\":\"https:\/\/luchonoticias.com\/editor\/avanza-proyecto-de-ley-que-prohibe-las-corridas-de-toros\/#breadcrumb\"},\"inLanguage\":\"es\",\"potentialAction\":[{\"@type\":\"ReadAction\",\"target\":[\"https:\/\/luchonoticias.com\/editor\/avanza-proyecto-de-ley-que-prohibe-las-corridas-de-toros\/\"]}]},{\"@type\":\"BreadcrumbList\",\"@id\":\"https:\/\/luchonoticias.com\/editor\/avanza-proyecto-de-ley-que-prohibe-las-corridas-de-toros\/#breadcrumb\",\"itemListElement\":[{\"@type\":\"ListItem\",\"position\":1,\"name\":\"Portada\",\"item\":\"https:\/\/luchonoticias.com\/editor\/\"},{\"@type\":\"ListItem\",\"position\":2,\"name\":\"Avanza proyecto de ley que proh\u00edbe las corridas de toros\"}]},{\"@type\":\"WebSite\",\"@id\":\"https:\/\/luchonoticias.com\/editor\/#website\",\"url\":\"https:\/\/luchonoticias.com\/editor\/\",\"name\":\"\",\"description\":\"\",\"publisher\":{\"@id\":\"https:\/\/luchonoticias.com\/editor\/#\/schema\/person\/7a7fd911f58561fd056dbac7b55af9cd\"},\"potentialAction\":[{\"@type\":\"SearchAction\",\"target\":{\"@type\":\"EntryPoint\",\"urlTemplate\":\"https:\/\/luchonoticias.com\/editor\/?s={search_term_string}\"},\"query-input\":{\"@type\":\"PropertyValueSpecification\",\"valueRequired\":true,\"valueName\":\"search_term_string\"}}],\"inLanguage\":\"es\"},{\"@type\":[\"Person\",\"Organization\"],\"@id\":\"https:\/\/luchonoticias.com\/editor\/#\/schema\/person\/7a7fd911f58561fd056dbac7b55af9cd\",\"name\":\"admin\",\"image\":{\"@type\":\"ImageObject\",\"inLanguage\":\"es\",\"@id\":\"https:\/\/luchonoticias.com\/editor\/#\/schema\/person\/image\/\",\"url\":\"https:\/\/luchonoticias.com\/editor\/wp-content\/uploads\/2024\/02\/cropped-cropped-logolu.webp\",\"contentUrl\":\"https:\/\/luchonoticias.com\/editor\/wp-content\/uploads\/2024\/02\/cropped-cropped-logolu.webp\",\"width\":382,\"height\":170,\"caption\":\"admin\"},\"logo\":{\"@id\":\"https:\/\/luchonoticias.com\/editor\/#\/schema\/person\/image\/\"},\"sameAs\":[\"https:\/\/www.facebook.com\/luchonoticiasneiva\"]},{\"@type\":\"Person\",\"@id\":\"https:\/\/luchonoticias.com\/editor\/#\/schema\/person\/29217990ddf6f14e35912b2866d591fb\",\"name\":\"Editor General\",\"image\":{\"@type\":\"ImageObject\",\"inLanguage\":\"es\",\"@id\":\"https:\/\/luchonoticias.com\/editor\/#\/schema\/person\/image\/\",\"url\":\"https:\/\/luchonoticias.com\/editor\/wp-content\/uploads\/2024\/02\/cropped-cropped-logolu-150x150.webp\",\"contentUrl\":\"https:\/\/luchonoticias.com\/editor\/wp-content\/uploads\/2024\/02\/cropped-cropped-logolu-150x150.webp\",\"caption\":\"Editor General\"},\"sameAs\":[\"https:\/\/luchonoticias.com\/\"],\"url\":\"https:\/\/luchonoticias.com\/editor\/author\/editor-general\/\"}]}<\/script>\n<!-- \/ Yoast SEO plugin. -->","yoast_head_json":{"title":"Avanza proyecto de ley que proh\u00edbe las corridas de toros -","robots":{"index":"index","follow":"follow","max-snippet":"max-snippet:-1","max-image-preview":"max-image-preview:large","max-video-preview":"max-video-preview:-1"},"canonical":"https:\/\/luchonoticias.com\/editor\/avanza-proyecto-de-ley-que-prohibe-las-corridas-de-toros\/","og_locale":"es_ES","og_type":"article","og_title":"Avanza proyecto de ley que proh\u00edbe las corridas de toros -","og_url":"https:\/\/luchonoticias.com\/editor\/avanza-proyecto-de-ley-que-prohibe-las-corridas-de-toros\/","article_publisher":"https:\/\/www.facebook.com\/luchonoticiasneiva","article_published_time":"2023-06-14T19:56:29+00:00","article_modified_time":"2023-06-14T19:56:30+00:00","author":"Editor General","twitter_card":"summary_large_image","twitter_misc":{"Escrito por":"Editor General","Tiempo de lectura":"2 minutos"},"schema":{"@context":"https:\/\/schema.org","@graph":[{"@type":"Article","@id":"https:\/\/luchonoticias.com\/editor\/avanza-proyecto-de-ley-que-prohibe-las-corridas-de-toros\/#article","isPartOf":{"@id":"https:\/\/luchonoticias.com\/editor\/avanza-proyecto-de-ley-que-prohibe-las-corridas-de-toros\/"},"author":{"name":"Editor General","@id":"https:\/\/luchonoticias.com\/editor\/#\/schema\/person\/29217990ddf6f14e35912b2866d591fb"},"headline":"Avanza proyecto de ley que proh\u00edbe las corridas de toros","datePublished":"2023-06-14T19:56:29+00:00","dateModified":"2023-06-14T19:56:30+00:00","mainEntityOfPage":{"@id":"https:\/\/luchonoticias.com\/editor\/avanza-proyecto-de-ley-que-prohibe-las-corridas-de-toros\/"},"wordCount":462,"commentCount":0,"publisher":{"@id":"https:\/\/luchonoticias.com\/editor\/#\/schema\/person\/7a7fd911f58561fd056dbac7b55af9cd"},"articleSection":["Destacado","Pol\u00edtica"],"inLanguage":"es","potentialAction":[{"@type":"CommentAction","name":"Comment","target":["https:\/\/luchonoticias.com\/editor\/avanza-proyecto-de-ley-que-prohibe-las-corridas-de-toros\/#respond"]}]},{"@type":"WebPage","@id":"https:\/\/luchonoticias.com\/editor\/avanza-proyecto-de-ley-que-prohibe-las-corridas-de-toros\/","url":"https:\/\/luchonoticias.com\/editor\/avanza-proyecto-de-ley-que-prohibe-las-corridas-de-toros\/","name":"Avanza proyecto de ley que proh\u00edbe las corridas de toros -","isPartOf":{"@id":"https:\/\/luchonoticias.com\/editor\/#website"},"datePublished":"2023-06-14T19:56:29+00:00","dateModified":"2023-06-14T19:56:30+00:00","breadcrumb":{"@id":"https:\/\/luchonoticias.com\/editor\/avanza-proyecto-de-ley-que-prohibe-las-corridas-de-toros\/#breadcrumb"},"inLanguage":"es","potentialAction":[{"@type":"ReadAction","target":["https:\/\/luchonoticias.com\/editor\/avanza-proyecto-de-ley-que-prohibe-las-corridas-de-toros\/"]}]},{"@type":"BreadcrumbList","@id":"https:\/\/luchonoticias.com\/editor\/avanza-proyecto-de-ley-que-prohibe-las-corridas-de-toros\/#breadcrumb","itemListElement":[{"@type":"ListItem","position":1,"name":"Portada","item":"https:\/\/luchonoticias.com\/editor\/"},{"@type":"ListItem","position":2,"name":"Avanza proyecto de ley que proh\u00edbe las corridas de toros"}]},{"@type":"WebSite","@id":"https:\/\/luchonoticias.com\/editor\/#website","url":"https:\/\/luchonoticias.com\/editor\/","name":"","description":"","publisher":{"@id":"https:\/\/luchonoticias.com\/editor\/#\/schema\/person\/7a7fd911f58561fd056dbac7b55af9cd"},"potentialAction":[{"@type":"SearchAction","target":{"@type":"EntryPoint","urlTemplate":"https:\/\/luchonoticias.com\/editor\/?s={search_term_string}"},"query-input":{"@type":"PropertyValueSpecification","valueRequired":true,"valueName":"search_term_string"}}],"inLanguage":"es"},{"@type":["Person","Organization"],"@id":"https:\/\/luchonoticias.com\/editor\/#\/schema\/person\/7a7fd911f58561fd056dbac7b55af9cd","name":"admin","image":{"@type":"ImageObject","inLanguage":"es","@id":"https:\/\/luchonoticias.com\/editor\/#\/schema\/person\/image\/","url":"https:\/\/luchonoticias.com\/editor\/wp-content\/uploads\/2024\/02\/cropped-cropped-logolu.webp","contentUrl":"https:\/\/luchonoticias.com\/editor\/wp-content\/uploads\/2024\/02\/cropped-cropped-logolu.webp","width":382,"height":170,"caption":"admin"},"logo":{"@id":"https:\/\/luchonoticias.com\/editor\/#\/schema\/person\/image\/"},"sameAs":["https:\/\/www.facebook.com\/luchonoticiasneiva"]},{"@type":"Person","@id":"https:\/\/luchonoticias.com\/editor\/#\/schema\/person\/29217990ddf6f14e35912b2866d591fb","name":"Editor General","image":{"@type":"ImageObject","inLanguage":"es","@id":"https:\/\/luchonoticias.com\/editor\/#\/schema\/person\/image\/","url":"https:\/\/luchonoticias.com\/editor\/wp-content\/uploads\/2024\/02\/cropped-cropped-logolu-150x150.webp","contentUrl":"https:\/\/luchonoticias.com\/editor\/wp-content\/uploads\/2024\/02\/cropped-cropped-logolu-150x150.webp","caption":"Editor General"},"sameAs":["https:\/\/luchonoticias.com\/"],"url":"https:\/\/luchonoticias.com\/editor\/author\/editor-general\/"}]}},"_links":{"self":[{"href":"https:\/\/luchonoticias.com\/editor\/wp-json\/wp\/v2\/posts\/54571","targetHints":{"allow":["GET"]}}],"collection":[{"href":"https:\/\/luchonoticias.com\/editor\/wp-json\/wp\/v2\/posts"}],"about":[{"href":"https:\/\/luchonoticias.com\/editor\/wp-json\/wp\/v2\/types\/post"}],"author":[{"embeddable":true,"href":"https:\/\/luchonoticias.com\/editor\/wp-json\/wp\/v2\/users\/2"}],"replies":[{"embeddable":true,"href":"https:\/\/luchonoticias.com\/editor\/wp-json\/wp\/v2\/comments?post=54571"}],"version-history":[{"count":0,"href":"https:\/\/luchonoticias.com\/editor\/wp-json\/wp\/v2\/posts\/54571\/revisions"}],"wp:attachment":[{"href":"https:\/\/luchonoticias.com\/editor\/wp-json\/wp\/v2\/media?parent=54571"}],"wp:term":[{"taxonomy":"category","embeddable":true,"href":"https:\/\/luchonoticias.com\/editor\/wp-json\/wp\/v2\/categories?post=54571"},{"taxonomy":"post_tag","embeddable":true,"href":"https:\/\/luchonoticias.com\/editor\/wp-json\/wp\/v2\/tags?post=54571"}],"curies":[{"name":"wp","href":"https:\/\/api.w.org\/{rel}","templated":true}]}}