{"id":54574,"date":"2023-06-14T14:58:05","date_gmt":"2023-06-14T19:58:05","guid":{"rendered":"https:\/\/luchonoticias.com\/?p=54574"},"modified":"2023-06-14T14:58:06","modified_gmt":"2023-06-14T19:58:06","slug":"comisiones-economicas-presentan-ponencia-del-presupuesto-general-de-la-nacion","status":"publish","type":"post","link":"https:\/\/luchonoticias.com\/editor\/comisiones-economicas-presentan-ponencia-del-presupuesto-general-de-la-nacion\/","title":{"rendered":"Comisiones econ\u00f3micas presentan ponencia del Presupuesto General de la Naci\u00f3n"},"content":{"rendered":"\n<p>La presidenta de la comisi\u00f3n tercera del senado&nbsp;<strong>Clara L\u00f3pez Obreg\u00f3n<\/strong>,<strong>&nbsp;Coalici\u00f3n Pacto Hist\u00f3rico<\/strong>, explic\u00f3 que se adicionan unas modificaciones al Presupuesto General de la Naci\u00f3n, vigencias fiscales 2023, \u201cla revaluaci\u00f3n de la tasa de cambio demuestra la salud de la econom\u00eda, la reducci\u00f3n de las importaciones, pero tambi\u00e9n hay que acompa\u00f1arla del crecimiento econ\u00f3mico que el Banco Mundial ha dicho que va a ser superior a lo originalmente presupuestado. Lo mismo que la inflaci\u00f3n, que ya llego a su tope, con aumento de empleo en todo el pa\u00eds; as\u00ed que lo que tenemos son buenos indicadores, que nos hacen pensar que la econom\u00eda va a poder superar esta crisis mundial que est\u00e1n abatiendo a todas las econom\u00edas del mundo. Y no significa un presupuesto superior; este est\u00e1 dentro del pron\u00f3stico, vamos a cumplir la regla fiscal, y vamos hacer una buena adici\u00f3n presupuestal para reforzar la inversi\u00f3n social\u201d, ratific\u00f3 contundente.<\/p>\n\n\n\n<p>por otra parte, el senador&nbsp;<strong>Efra\u00edn Cepeda Sarabia<\/strong>,&nbsp;<strong>Partido Conservador<\/strong>, expres\u00f3: \u201cA m\u00ed me preocupa, el incremento del gasto y la poca destinaci\u00f3n para el servicio de la deuda externa. Queremos analizarlo con detenimiento en el debate de ma\u00f1ana, porque por un lado se habla que el servicio de la deuda esta impactado por la disminuci\u00f3n del precio del d\u00f3lar, pero lo cierto es que el presupuesto general de la naci\u00f3n de 2023 ten\u00eda un d\u00f3lar a 4.200 pesos, pero en lo supuestos de este presupuesto es un d\u00f3lar a 4.600; pesos de manera que no es congruente ese tema del servicio a la deuda que ven\u00eda presupuestado, adicionado originalmente, presentado por uno y medio billones de pesos, y ahora aparecen solo 500 mil millones de pesos.\u201d<\/p>\n\n\n\n<p>As\u00ed mismo, el Senador&nbsp;<strong>Antonio Zabara\u00edn<\/strong>&nbsp;<strong>Partido<\/strong>,<strong>&nbsp;Partido Cambio Radical<\/strong>&nbsp;declar\u00f3: \u201cNos inquieta mucho, que en las adiciones presupuestales que est\u00e1n en tr\u00e1mite, se les asignen unos recursos a entidades que a la fecha no han ejecutado ni un 20% de su presupuesto. Hay entidades, o ministerios, como el ministerio de minas, que lleva una ejecuci\u00f3n de m\u00e1s del 50%, y no se le asignan los recursos necesarios para resolver un tema del Caribe colombiano, tema que tiene que ver con la eficiencia y la transici\u00f3n energ\u00e9tica, con la reducci\u00f3n de las tarifas el\u00e9ctricas, y, por supuesto, los subsidios de las tarifas\u201d.<\/p>\n\n\n\n<p>Finalmente, el senador&nbsp;<strong>Alberto Castellanos<\/strong>,&nbsp;<strong>Partido En Marcha<\/strong>, se\u00f1al\u00f3: \u201cSeguramente va a ver un desbalance en algunas proyecciones econ\u00f3micas que tiene el Gobierno; el Senado tiene que revisar cu\u00e1les son las prioridades, y el gobierno tiene que revisar tambi\u00e9n cu\u00e1les son sus prioridades en el cumplimiento del Plan Nacional de Desarrollo que venimos de aprobar, tanto en senado como en c\u00e1mara, para que los programas m\u00e1s importantes no tengan problemas de financiaci\u00f3n, y que el gobierno pueda cumplir al pa\u00eds las promesas que hizo en campa\u00f1a.\u201d<\/p>\n\n\n\n<p>Entre tanto, la comisi\u00f3n de presupuesto pidi\u00f3 ejecuci\u00f3n de la adici\u00f3n de las diferentes carteras ministeriales, antes que se acabe el a\u00f1o 2023, tal como lo expresaron los legisladores.<\/p>\n\n\n\n<p>El senador,<strong>&nbsp;Jhon Jairo Roldan<\/strong>,&nbsp;<strong>Partido Liberal<\/strong>, manifest\u00f3: \u201cEsperamos que los diferentes ministerios hagan la inversi\u00f3n de esta adici\u00f3n presupuestal antes del 31 de diciembre del presente a\u00f1o, porque ese fue el compromiso que se hizo con el ministro de hacienda, Ricardo Bonilla, teniendo en cuenta que el tema de la red vial est\u00e1 plenamente contemplado en el plan de desarrollo\u201d.<\/p>\n\n\n\n<p>Por su parte, el senador&nbsp;<strong>Wilson Arias<\/strong>,&nbsp;<strong>Coalici\u00f3n Pacto Hist\u00f3rico,<\/strong>&nbsp;indic\u00f3, \u201cest\u00e1n mejorando todos los indicadores econ\u00f3micos; lo que vemos es que se aproxima un momento muy importante. Es claro que la adici\u00f3n de m\u00e1s de 16 billones es trascendental; m\u00e1s de 16 billones se le suman al presupuesto. En el pasado se le daba el gasto p\u00fablico a empresarios como Luis Carlos Sarmiento, quienes, de<\/p>\n\n\n\n<p>A su vez, la senadora&nbsp;<strong>Ang\u00e9lica Lozano Correa<\/strong>,&nbsp;<strong>Partido Verde<\/strong>, argument\u00f3: \u201cLa adicci\u00f3n presupuestal es un proyecto crucial de 16 billones, que debe enfocarse este a\u00f1o en educaci\u00f3n, v\u00edas terciarias, en el sistema de transporte masivo, que todav\u00eda trae un rezago por la pandemia, teniendo en cuenta que se ha logrado bajar el desempleo; y se aspira que esta destinaci\u00f3n se ejecute antes que acabe el presente a\u00f1o\u201d.<\/p>\n\n\n\n<p>Al cierre, la senadora&nbsp;<strong>Aida Avella Esquivel<\/strong>,<strong>&nbsp;Coalici\u00f3n Pacto Hist\u00f3rico<\/strong>, remat\u00f3 enf\u00e1tica: \u201cEsta es una suma importante para todas las entidades del estado; aunque me preocupa que no veo claro lo del Bienestar Familiar (ICBF), pero veo que estamos dando una batalla contra la inflaci\u00f3n, que ha bajado, al igual que el d\u00f3lar, y eso ayuda a la econom\u00eda\u201d.<\/p>\n","protected":false},"excerpt":{"rendered":"<p>La presidenta de la comisi\u00f3n tercera del senado&nbsp;Clara L\u00f3pez Obreg\u00f3n,&nbsp;Coalici\u00f3n Pacto Hist\u00f3rico, explic\u00f3 que se adicionan unas modificaciones al Presupuesto General de la Naci\u00f3n, vigencias fiscales 2023, \u201cla revaluaci\u00f3n de la tasa de cambio demuestra la salud de la econom\u00eda, la reducci\u00f3n de las importaciones, pero tambi\u00e9n hay que acompa\u00f1arla del crecimiento econ\u00f3mico que el [&hellip;]<\/p>\n","protected":false},"author":2,"featured_media":0,"comment_status":"open","ping_status":"open","sticky":false,"template":"","format":"standard","meta":{"footnotes":""},"categories":[36,617],"tags":[],"class_list":["post-54574","post","type-post","status-publish","format-standard","hentry","category-destacado","category-politica"],"yoast_head":"<!-- This site is optimized with the Yoast SEO plugin v26.6 - https:\/\/yoast.com\/wordpress\/plugins\/seo\/ -->\n<title>Comisiones econ\u00f3micas presentan ponencia del Presupuesto General de la Naci\u00f3n -<\/title>\n<meta name=\"robots\" content=\"index, follow, max-snippet:-1, max-image-preview:large, max-video-preview:-1\" \/>\n<link rel=\"canonical\" href=\"https:\/\/luchonoticias.com\/editor\/comisiones-economicas-presentan-ponencia-del-presupuesto-general-de-la-nacion\/\" \/>\n<meta property=\"og:locale\" content=\"es_ES\" \/>\n<meta property=\"og:type\" content=\"article\" \/>\n<meta property=\"og:title\" content=\"Comisiones econ\u00f3micas presentan ponencia del Presupuesto General de la Naci\u00f3n -\" \/>\n<meta property=\"og:url\" content=\"https:\/\/luchonoticias.com\/editor\/comisiones-economicas-presentan-ponencia-del-presupuesto-general-de-la-nacion\/\" \/>\n<meta property=\"article:publisher\" content=\"https:\/\/www.facebook.com\/luchonoticiasneiva\" \/>\n<meta property=\"article:published_time\" content=\"2023-06-14T19:58:05+00:00\" \/>\n<meta property=\"article:modified_time\" content=\"2023-06-14T19:58:06+00:00\" \/>\n<meta name=\"author\" content=\"Editor General\" \/>\n<meta name=\"twitter:card\" content=\"summary_large_image\" \/>\n<meta name=\"twitter:label1\" content=\"Escrito por\" \/>\n\t<meta name=\"twitter:data1\" content=\"Editor General\" \/>\n\t<meta name=\"twitter:label2\" content=\"Tiempo de lectura\" \/>\n\t<meta name=\"twitter:data2\" content=\"4 minutos\" \/>\n<script type=\"application\/ld+json\" class=\"yoast-schema-graph\">{\"@context\":\"https:\/\/schema.org\",\"@graph\":[{\"@type\":\"Article\",\"@id\":\"https:\/\/luchonoticias.com\/editor\/comisiones-economicas-presentan-ponencia-del-presupuesto-general-de-la-nacion\/#article\",\"isPartOf\":{\"@id\":\"https:\/\/luchonoticias.com\/editor\/comisiones-economicas-presentan-ponencia-del-presupuesto-general-de-la-nacion\/\"},\"author\":{\"name\":\"Editor General\",\"@id\":\"https:\/\/luchonoticias.com\/editor\/#\/schema\/person\/29217990ddf6f14e35912b2866d591fb\"},\"headline\":\"Comisiones econ\u00f3micas presentan ponencia del Presupuesto General de la Naci\u00f3n\",\"datePublished\":\"2023-06-14T19:58:05+00:00\",\"dateModified\":\"2023-06-14T19:58:06+00:00\",\"mainEntityOfPage\":{\"@id\":\"https:\/\/luchonoticias.com\/editor\/comisiones-economicas-presentan-ponencia-del-presupuesto-general-de-la-nacion\/\"},\"wordCount\":846,\"commentCount\":0,\"publisher\":{\"@id\":\"https:\/\/luchonoticias.com\/editor\/#\/schema\/person\/7a7fd911f58561fd056dbac7b55af9cd\"},\"articleSection\":[\"Destacado\",\"Pol\u00edtica\"],\"inLanguage\":\"es\",\"potentialAction\":[{\"@type\":\"CommentAction\",\"name\":\"Comment\",\"target\":[\"https:\/\/luchonoticias.com\/editor\/comisiones-economicas-presentan-ponencia-del-presupuesto-general-de-la-nacion\/#respond\"]}]},{\"@type\":\"WebPage\",\"@id\":\"https:\/\/luchonoticias.com\/editor\/comisiones-economicas-presentan-ponencia-del-presupuesto-general-de-la-nacion\/\",\"url\":\"https:\/\/luchonoticias.com\/editor\/comisiones-economicas-presentan-ponencia-del-presupuesto-general-de-la-nacion\/\",\"name\":\"Comisiones econ\u00f3micas presentan ponencia del Presupuesto General de la Naci\u00f3n -\",\"isPartOf\":{\"@id\":\"https:\/\/luchonoticias.com\/editor\/#website\"},\"datePublished\":\"2023-06-14T19:58:05+00:00\",\"dateModified\":\"2023-06-14T19:58:06+00:00\",\"breadcrumb\":{\"@id\":\"https:\/\/luchonoticias.com\/editor\/comisiones-economicas-presentan-ponencia-del-presupuesto-general-de-la-nacion\/#breadcrumb\"},\"inLanguage\":\"es\",\"potentialAction\":[{\"@type\":\"ReadAction\",\"target\":[\"https:\/\/luchonoticias.com\/editor\/comisiones-economicas-presentan-ponencia-del-presupuesto-general-de-la-nacion\/\"]}]},{\"@type\":\"BreadcrumbList\",\"@id\":\"https:\/\/luchonoticias.com\/editor\/comisiones-economicas-presentan-ponencia-del-presupuesto-general-de-la-nacion\/#breadcrumb\",\"itemListElement\":[{\"@type\":\"ListItem\",\"position\":1,\"name\":\"Portada\",\"item\":\"https:\/\/luchonoticias.com\/editor\/\"},{\"@type\":\"ListItem\",\"position\":2,\"name\":\"Comisiones econ\u00f3micas presentan ponencia del Presupuesto General de la Naci\u00f3n\"}]},{\"@type\":\"WebSite\",\"@id\":\"https:\/\/luchonoticias.com\/editor\/#website\",\"url\":\"https:\/\/luchonoticias.com\/editor\/\",\"name\":\"\",\"description\":\"\",\"publisher\":{\"@id\":\"https:\/\/luchonoticias.com\/editor\/#\/schema\/person\/7a7fd911f58561fd056dbac7b55af9cd\"},\"potentialAction\":[{\"@type\":\"SearchAction\",\"target\":{\"@type\":\"EntryPoint\",\"urlTemplate\":\"https:\/\/luchonoticias.com\/editor\/?s={search_term_string}\"},\"query-input\":{\"@type\":\"PropertyValueSpecification\",\"valueRequired\":true,\"valueName\":\"search_term_string\"}}],\"inLanguage\":\"es\"},{\"@type\":[\"Person\",\"Organization\"],\"@id\":\"https:\/\/luchonoticias.com\/editor\/#\/schema\/person\/7a7fd911f58561fd056dbac7b55af9cd\",\"name\":\"admin\",\"image\":{\"@type\":\"ImageObject\",\"inLanguage\":\"es\",\"@id\":\"https:\/\/luchonoticias.com\/editor\/#\/schema\/person\/image\/\",\"url\":\"https:\/\/luchonoticias.com\/editor\/wp-content\/uploads\/2024\/02\/cropped-cropped-logolu.webp\",\"contentUrl\":\"https:\/\/luchonoticias.com\/editor\/wp-content\/uploads\/2024\/02\/cropped-cropped-logolu.webp\",\"width\":382,\"height\":170,\"caption\":\"admin\"},\"logo\":{\"@id\":\"https:\/\/luchonoticias.com\/editor\/#\/schema\/person\/image\/\"},\"sameAs\":[\"https:\/\/www.facebook.com\/luchonoticiasneiva\"]},{\"@type\":\"Person\",\"@id\":\"https:\/\/luchonoticias.com\/editor\/#\/schema\/person\/29217990ddf6f14e35912b2866d591fb\",\"name\":\"Editor General\",\"image\":{\"@type\":\"ImageObject\",\"inLanguage\":\"es\",\"@id\":\"https:\/\/luchonoticias.com\/editor\/#\/schema\/person\/image\/\",\"url\":\"https:\/\/luchonoticias.com\/editor\/wp-content\/uploads\/2024\/02\/cropped-cropped-logolu-150x150.webp\",\"contentUrl\":\"https:\/\/luchonoticias.com\/editor\/wp-content\/uploads\/2024\/02\/cropped-cropped-logolu-150x150.webp\",\"caption\":\"Editor General\"},\"sameAs\":[\"https:\/\/luchonoticias.com\/\"],\"url\":\"https:\/\/luchonoticias.com\/editor\/author\/editor-general\/\"}]}<\/script>\n<!-- \/ Yoast SEO plugin. -->","yoast_head_json":{"title":"Comisiones econ\u00f3micas presentan ponencia del Presupuesto General de la Naci\u00f3n -","robots":{"index":"index","follow":"follow","max-snippet":"max-snippet:-1","max-image-preview":"max-image-preview:large","max-video-preview":"max-video-preview:-1"},"canonical":"https:\/\/luchonoticias.com\/editor\/comisiones-economicas-presentan-ponencia-del-presupuesto-general-de-la-nacion\/","og_locale":"es_ES","og_type":"article","og_title":"Comisiones econ\u00f3micas presentan ponencia del Presupuesto General de la Naci\u00f3n -","og_url":"https:\/\/luchonoticias.com\/editor\/comisiones-economicas-presentan-ponencia-del-presupuesto-general-de-la-nacion\/","article_publisher":"https:\/\/www.facebook.com\/luchonoticiasneiva","article_published_time":"2023-06-14T19:58:05+00:00","article_modified_time":"2023-06-14T19:58:06+00:00","author":"Editor General","twitter_card":"summary_large_image","twitter_misc":{"Escrito por":"Editor General","Tiempo de lectura":"4 minutos"},"schema":{"@context":"https:\/\/schema.org","@graph":[{"@type":"Article","@id":"https:\/\/luchonoticias.com\/editor\/comisiones-economicas-presentan-ponencia-del-presupuesto-general-de-la-nacion\/#article","isPartOf":{"@id":"https:\/\/luchonoticias.com\/editor\/comisiones-economicas-presentan-ponencia-del-presupuesto-general-de-la-nacion\/"},"author":{"name":"Editor General","@id":"https:\/\/luchonoticias.com\/editor\/#\/schema\/person\/29217990ddf6f14e35912b2866d591fb"},"headline":"Comisiones econ\u00f3micas presentan ponencia del Presupuesto General de la Naci\u00f3n","datePublished":"2023-06-14T19:58:05+00:00","dateModified":"2023-06-14T19:58:06+00:00","mainEntityOfPage":{"@id":"https:\/\/luchonoticias.com\/editor\/comisiones-economicas-presentan-ponencia-del-presupuesto-general-de-la-nacion\/"},"wordCount":846,"commentCount":0,"publisher":{"@id":"https:\/\/luchonoticias.com\/editor\/#\/schema\/person\/7a7fd911f58561fd056dbac7b55af9cd"},"articleSection":["Destacado","Pol\u00edtica"],"inLanguage":"es","potentialAction":[{"@type":"CommentAction","name":"Comment","target":["https:\/\/luchonoticias.com\/editor\/comisiones-economicas-presentan-ponencia-del-presupuesto-general-de-la-nacion\/#respond"]}]},{"@type":"WebPage","@id":"https:\/\/luchonoticias.com\/editor\/comisiones-economicas-presentan-ponencia-del-presupuesto-general-de-la-nacion\/","url":"https:\/\/luchonoticias.com\/editor\/comisiones-economicas-presentan-ponencia-del-presupuesto-general-de-la-nacion\/","name":"Comisiones econ\u00f3micas presentan ponencia del Presupuesto General de la Naci\u00f3n -","isPartOf":{"@id":"https:\/\/luchonoticias.com\/editor\/#website"},"datePublished":"2023-06-14T19:58:05+00:00","dateModified":"2023-06-14T19:58:06+00:00","breadcrumb":{"@id":"https:\/\/luchonoticias.com\/editor\/comisiones-economicas-presentan-ponencia-del-presupuesto-general-de-la-nacion\/#breadcrumb"},"inLanguage":"es","potentialAction":[{"@type":"ReadAction","target":["https:\/\/luchonoticias.com\/editor\/comisiones-economicas-presentan-ponencia-del-presupuesto-general-de-la-nacion\/"]}]},{"@type":"BreadcrumbList","@id":"https:\/\/luchonoticias.com\/editor\/comisiones-economicas-presentan-ponencia-del-presupuesto-general-de-la-nacion\/#breadcrumb","itemListElement":[{"@type":"ListItem","position":1,"name":"Portada","item":"https:\/\/luchonoticias.com\/editor\/"},{"@type":"ListItem","position":2,"name":"Comisiones econ\u00f3micas presentan ponencia del Presupuesto General de la Naci\u00f3n"}]},{"@type":"WebSite","@id":"https:\/\/luchonoticias.com\/editor\/#website","url":"https:\/\/luchonoticias.com\/editor\/","name":"","description":"","publisher":{"@id":"https:\/\/luchonoticias.com\/editor\/#\/schema\/person\/7a7fd911f58561fd056dbac7b55af9cd"},"potentialAction":[{"@type":"SearchAction","target":{"@type":"EntryPoint","urlTemplate":"https:\/\/luchonoticias.com\/editor\/?s={search_term_string}"},"query-input":{"@type":"PropertyValueSpecification","valueRequired":true,"valueName":"search_term_string"}}],"inLanguage":"es"},{"@type":["Person","Organization"],"@id":"https:\/\/luchonoticias.com\/editor\/#\/schema\/person\/7a7fd911f58561fd056dbac7b55af9cd","name":"admin","image":{"@type":"ImageObject","inLanguage":"es","@id":"https:\/\/luchonoticias.com\/editor\/#\/schema\/person\/image\/","url":"https:\/\/luchonoticias.com\/editor\/wp-content\/uploads\/2024\/02\/cropped-cropped-logolu.webp","contentUrl":"https:\/\/luchonoticias.com\/editor\/wp-content\/uploads\/2024\/02\/cropped-cropped-logolu.webp","width":382,"height":170,"caption":"admin"},"logo":{"@id":"https:\/\/luchonoticias.com\/editor\/#\/schema\/person\/image\/"},"sameAs":["https:\/\/www.facebook.com\/luchonoticiasneiva"]},{"@type":"Person","@id":"https:\/\/luchonoticias.com\/editor\/#\/schema\/person\/29217990ddf6f14e35912b2866d591fb","name":"Editor General","image":{"@type":"ImageObject","inLanguage":"es","@id":"https:\/\/luchonoticias.com\/editor\/#\/schema\/person\/image\/","url":"https:\/\/luchonoticias.com\/editor\/wp-content\/uploads\/2024\/02\/cropped-cropped-logolu-150x150.webp","contentUrl":"https:\/\/luchonoticias.com\/editor\/wp-content\/uploads\/2024\/02\/cropped-cropped-logolu-150x150.webp","caption":"Editor General"},"sameAs":["https:\/\/luchonoticias.com\/"],"url":"https:\/\/luchonoticias.com\/editor\/author\/editor-general\/"}]}},"_links":{"self":[{"href":"https:\/\/luchonoticias.com\/editor\/wp-json\/wp\/v2\/posts\/54574","targetHints":{"allow":["GET"]}}],"collection":[{"href":"https:\/\/luchonoticias.com\/editor\/wp-json\/wp\/v2\/posts"}],"about":[{"href":"https:\/\/luchonoticias.com\/editor\/wp-json\/wp\/v2\/types\/post"}],"author":[{"embeddable":true,"href":"https:\/\/luchonoticias.com\/editor\/wp-json\/wp\/v2\/users\/2"}],"replies":[{"embeddable":true,"href":"https:\/\/luchonoticias.com\/editor\/wp-json\/wp\/v2\/comments?post=54574"}],"version-history":[{"count":0,"href":"https:\/\/luchonoticias.com\/editor\/wp-json\/wp\/v2\/posts\/54574\/revisions"}],"wp:attachment":[{"href":"https:\/\/luchonoticias.com\/editor\/wp-json\/wp\/v2\/media?parent=54574"}],"wp:term":[{"taxonomy":"category","embeddable":true,"href":"https:\/\/luchonoticias.com\/editor\/wp-json\/wp\/v2\/categories?post=54574"},{"taxonomy":"post_tag","embeddable":true,"href":"https:\/\/luchonoticias.com\/editor\/wp-json\/wp\/v2\/tags?post=54574"}],"curies":[{"name":"wp","href":"https:\/\/api.w.org\/{rel}","templated":true}]}}