{"id":54577,"date":"2023-06-14T15:01:05","date_gmt":"2023-06-14T20:01:05","guid":{"rendered":"https:\/\/luchonoticias.com\/?p=54577"},"modified":"2023-06-14T15:01:06","modified_gmt":"2023-06-14T20:01:06","slug":"aprobado-en-primer-debate-proyecto-que-prohibe-las-mal-llamadas-terapias-de-conversion","status":"publish","type":"post","link":"https:\/\/luchonoticias.com\/editor\/aprobado-en-primer-debate-proyecto-que-prohibe-las-mal-llamadas-terapias-de-conversion\/","title":{"rendered":"Aprobado en primer debate proyecto que proh\u00edbe las mal llamadas terapias de conversi\u00f3n"},"content":{"rendered":"\n<p>Con 20 votos a favor y tan solo 2 en contra, este martes fue aprobado en primer debate de Comisi\u00f3n Primera de C\u00e1mara de Representantes el proyecto de ley que busca prohibir las mal llamadas \u2018terapias de conversi\u00f3n\u2019 o ECOSIEG en Colombia.<\/p>\n\n\n\n<p>Tras un \u00e1lgido debate, en el que se intent\u00f3 archivar el proyecto, la iniciativa logr\u00f3 superar el primer tr\u00e1mite en el Congreso de la Rep\u00fablica; un hecho hist\u00f3rico en materia de legislaci\u00f3n para la diversidad<\/p>\n\n\n\n<p>La iniciativa fue radicada el pasado 3 de noviembre en Secretar\u00eda de C\u00e1mara de Representantes, por la Bancada de la Diversidad de la C\u00e1mara, en cabeza de su coordinadora, &nbsp;la representante Carolina Giraldo Botero, autora del proyecto.<\/p>\n\n\n\n<p>\u201cEsto es hist\u00f3rico. Aprobamos un proyecto que proh\u00edbe la tortura en Colombia. A nadie se le puede hacer electrochoques, ni meterle la cabeza en una tina con hielo, solo por su orientaci\u00f3n sexual. Esto ocurre en el sistema de salud, en supuestos consultorios m\u00e9dicos, por eso es importante que esto se proh\u00edba\u201d, dijo la representante Giraldo, autora del proyecto de ley.<\/p>\n\n\n\n<p>El prop\u00f3sito es evitar que m\u00e1s personas LGBTIQ+ sean sometidas a maltratos, violaciones, tortura y violencia forzada, bajo la excusa de que deben ser \u201ccuradas\u201d, por ello cuenta con el visto bueno de las diferentes organizaciones de la poblaci\u00f3n LGBTIQ+.<\/p>\n\n\n\n<p>Esta es la segunda vez que se intenta dar tr\u00e1mite a este proyecto de ley en el Congreso. La primera se dio en la legislatura pasada, bajo el liderazgo del ex representante Mauricio Toro. Sin embargo, por tiempos, en su momento el proyecto fue archivado.<\/p>\n","protected":false},"excerpt":{"rendered":"<p>Con 20 votos a favor y tan solo 2 en contra, este martes fue aprobado en primer debate de Comisi\u00f3n Primera de C\u00e1mara de Representantes el proyecto de ley que busca prohibir las mal llamadas \u2018terapias de conversi\u00f3n\u2019 o ECOSIEG en Colombia. Tras un \u00e1lgido debate, en el que se intent\u00f3 archivar el proyecto, la [&hellip;]<\/p>\n","protected":false},"author":2,"featured_media":0,"comment_status":"open","ping_status":"open","sticky":false,"template":"","format":"standard","meta":{"footnotes":""},"categories":[36,617],"tags":[],"class_list":["post-54577","post","type-post","status-publish","format-standard","hentry","category-destacado","category-politica"],"yoast_head":"<!-- This site is optimized with the Yoast SEO plugin v26.6 - https:\/\/yoast.com\/wordpress\/plugins\/seo\/ -->\n<title>Aprobado en primer debate proyecto que proh\u00edbe las mal llamadas terapias de conversi\u00f3n -<\/title>\n<meta name=\"robots\" content=\"index, follow, max-snippet:-1, max-image-preview:large, max-video-preview:-1\" \/>\n<link rel=\"canonical\" href=\"https:\/\/luchonoticias.com\/editor\/aprobado-en-primer-debate-proyecto-que-prohibe-las-mal-llamadas-terapias-de-conversion\/\" \/>\n<meta property=\"og:locale\" content=\"es_ES\" \/>\n<meta property=\"og:type\" content=\"article\" \/>\n<meta property=\"og:title\" content=\"Aprobado en primer debate proyecto que proh\u00edbe las mal llamadas terapias de conversi\u00f3n -\" \/>\n<meta property=\"og:url\" content=\"https:\/\/luchonoticias.com\/editor\/aprobado-en-primer-debate-proyecto-que-prohibe-las-mal-llamadas-terapias-de-conversion\/\" \/>\n<meta property=\"article:publisher\" content=\"https:\/\/www.facebook.com\/luchonoticiasneiva\" \/>\n<meta property=\"article:published_time\" content=\"2023-06-14T20:01:05+00:00\" \/>\n<meta property=\"article:modified_time\" content=\"2023-06-14T20:01:06+00:00\" \/>\n<meta name=\"author\" content=\"Editor General\" \/>\n<meta name=\"twitter:card\" content=\"summary_large_image\" \/>\n<meta name=\"twitter:label1\" content=\"Escrito por\" \/>\n\t<meta name=\"twitter:data1\" content=\"Editor General\" \/>\n\t<meta name=\"twitter:label2\" content=\"Tiempo de lectura\" \/>\n\t<meta name=\"twitter:data2\" content=\"1 minuto\" \/>\n<script type=\"application\/ld+json\" class=\"yoast-schema-graph\">{\"@context\":\"https:\/\/schema.org\",\"@graph\":[{\"@type\":\"Article\",\"@id\":\"https:\/\/luchonoticias.com\/editor\/aprobado-en-primer-debate-proyecto-que-prohibe-las-mal-llamadas-terapias-de-conversion\/#article\",\"isPartOf\":{\"@id\":\"https:\/\/luchonoticias.com\/editor\/aprobado-en-primer-debate-proyecto-que-prohibe-las-mal-llamadas-terapias-de-conversion\/\"},\"author\":{\"name\":\"Editor General\",\"@id\":\"https:\/\/luchonoticias.com\/editor\/#\/schema\/person\/29217990ddf6f14e35912b2866d591fb\"},\"headline\":\"Aprobado en primer debate proyecto que proh\u00edbe las mal llamadas terapias de conversi\u00f3n\",\"datePublished\":\"2023-06-14T20:01:05+00:00\",\"dateModified\":\"2023-06-14T20:01:06+00:00\",\"mainEntityOfPage\":{\"@id\":\"https:\/\/luchonoticias.com\/editor\/aprobado-en-primer-debate-proyecto-que-prohibe-las-mal-llamadas-terapias-de-conversion\/\"},\"wordCount\":292,\"commentCount\":0,\"publisher\":{\"@id\":\"https:\/\/luchonoticias.com\/editor\/#\/schema\/person\/7a7fd911f58561fd056dbac7b55af9cd\"},\"articleSection\":[\"Destacado\",\"Pol\u00edtica\"],\"inLanguage\":\"es\",\"potentialAction\":[{\"@type\":\"CommentAction\",\"name\":\"Comment\",\"target\":[\"https:\/\/luchonoticias.com\/editor\/aprobado-en-primer-debate-proyecto-que-prohibe-las-mal-llamadas-terapias-de-conversion\/#respond\"]}]},{\"@type\":\"WebPage\",\"@id\":\"https:\/\/luchonoticias.com\/editor\/aprobado-en-primer-debate-proyecto-que-prohibe-las-mal-llamadas-terapias-de-conversion\/\",\"url\":\"https:\/\/luchonoticias.com\/editor\/aprobado-en-primer-debate-proyecto-que-prohibe-las-mal-llamadas-terapias-de-conversion\/\",\"name\":\"Aprobado en primer debate proyecto que proh\u00edbe las mal llamadas terapias de conversi\u00f3n -\",\"isPartOf\":{\"@id\":\"https:\/\/luchonoticias.com\/editor\/#website\"},\"datePublished\":\"2023-06-14T20:01:05+00:00\",\"dateModified\":\"2023-06-14T20:01:06+00:00\",\"breadcrumb\":{\"@id\":\"https:\/\/luchonoticias.com\/editor\/aprobado-en-primer-debate-proyecto-que-prohibe-las-mal-llamadas-terapias-de-conversion\/#breadcrumb\"},\"inLanguage\":\"es\",\"potentialAction\":[{\"@type\":\"ReadAction\",\"target\":[\"https:\/\/luchonoticias.com\/editor\/aprobado-en-primer-debate-proyecto-que-prohibe-las-mal-llamadas-terapias-de-conversion\/\"]}]},{\"@type\":\"BreadcrumbList\",\"@id\":\"https:\/\/luchonoticias.com\/editor\/aprobado-en-primer-debate-proyecto-que-prohibe-las-mal-llamadas-terapias-de-conversion\/#breadcrumb\",\"itemListElement\":[{\"@type\":\"ListItem\",\"position\":1,\"name\":\"Portada\",\"item\":\"https:\/\/luchonoticias.com\/editor\/\"},{\"@type\":\"ListItem\",\"position\":2,\"name\":\"Aprobado en primer debate proyecto que proh\u00edbe las mal llamadas terapias de conversi\u00f3n\"}]},{\"@type\":\"WebSite\",\"@id\":\"https:\/\/luchonoticias.com\/editor\/#website\",\"url\":\"https:\/\/luchonoticias.com\/editor\/\",\"name\":\"\",\"description\":\"\",\"publisher\":{\"@id\":\"https:\/\/luchonoticias.com\/editor\/#\/schema\/person\/7a7fd911f58561fd056dbac7b55af9cd\"},\"potentialAction\":[{\"@type\":\"SearchAction\",\"target\":{\"@type\":\"EntryPoint\",\"urlTemplate\":\"https:\/\/luchonoticias.com\/editor\/?s={search_term_string}\"},\"query-input\":{\"@type\":\"PropertyValueSpecification\",\"valueRequired\":true,\"valueName\":\"search_term_string\"}}],\"inLanguage\":\"es\"},{\"@type\":[\"Person\",\"Organization\"],\"@id\":\"https:\/\/luchonoticias.com\/editor\/#\/schema\/person\/7a7fd911f58561fd056dbac7b55af9cd\",\"name\":\"admin\",\"image\":{\"@type\":\"ImageObject\",\"inLanguage\":\"es\",\"@id\":\"https:\/\/luchonoticias.com\/editor\/#\/schema\/person\/image\/\",\"url\":\"https:\/\/luchonoticias.com\/editor\/wp-content\/uploads\/2024\/02\/cropped-cropped-logolu.webp\",\"contentUrl\":\"https:\/\/luchonoticias.com\/editor\/wp-content\/uploads\/2024\/02\/cropped-cropped-logolu.webp\",\"width\":382,\"height\":170,\"caption\":\"admin\"},\"logo\":{\"@id\":\"https:\/\/luchonoticias.com\/editor\/#\/schema\/person\/image\/\"},\"sameAs\":[\"https:\/\/www.facebook.com\/luchonoticiasneiva\"]},{\"@type\":\"Person\",\"@id\":\"https:\/\/luchonoticias.com\/editor\/#\/schema\/person\/29217990ddf6f14e35912b2866d591fb\",\"name\":\"Editor General\",\"image\":{\"@type\":\"ImageObject\",\"inLanguage\":\"es\",\"@id\":\"https:\/\/luchonoticias.com\/editor\/#\/schema\/person\/image\/\",\"url\":\"https:\/\/luchonoticias.com\/editor\/wp-content\/uploads\/2024\/02\/cropped-cropped-logolu-150x150.webp\",\"contentUrl\":\"https:\/\/luchonoticias.com\/editor\/wp-content\/uploads\/2024\/02\/cropped-cropped-logolu-150x150.webp\",\"caption\":\"Editor General\"},\"sameAs\":[\"https:\/\/luchonoticias.com\/\"],\"url\":\"https:\/\/luchonoticias.com\/editor\/author\/editor-general\/\"}]}<\/script>\n<!-- \/ Yoast SEO plugin. -->","yoast_head_json":{"title":"Aprobado en primer debate proyecto que proh\u00edbe las mal llamadas terapias de conversi\u00f3n -","robots":{"index":"index","follow":"follow","max-snippet":"max-snippet:-1","max-image-preview":"max-image-preview:large","max-video-preview":"max-video-preview:-1"},"canonical":"https:\/\/luchonoticias.com\/editor\/aprobado-en-primer-debate-proyecto-que-prohibe-las-mal-llamadas-terapias-de-conversion\/","og_locale":"es_ES","og_type":"article","og_title":"Aprobado en primer debate proyecto que proh\u00edbe las mal llamadas terapias de conversi\u00f3n -","og_url":"https:\/\/luchonoticias.com\/editor\/aprobado-en-primer-debate-proyecto-que-prohibe-las-mal-llamadas-terapias-de-conversion\/","article_publisher":"https:\/\/www.facebook.com\/luchonoticiasneiva","article_published_time":"2023-06-14T20:01:05+00:00","article_modified_time":"2023-06-14T20:01:06+00:00","author":"Editor General","twitter_card":"summary_large_image","twitter_misc":{"Escrito por":"Editor General","Tiempo de lectura":"1 minuto"},"schema":{"@context":"https:\/\/schema.org","@graph":[{"@type":"Article","@id":"https:\/\/luchonoticias.com\/editor\/aprobado-en-primer-debate-proyecto-que-prohibe-las-mal-llamadas-terapias-de-conversion\/#article","isPartOf":{"@id":"https:\/\/luchonoticias.com\/editor\/aprobado-en-primer-debate-proyecto-que-prohibe-las-mal-llamadas-terapias-de-conversion\/"},"author":{"name":"Editor General","@id":"https:\/\/luchonoticias.com\/editor\/#\/schema\/person\/29217990ddf6f14e35912b2866d591fb"},"headline":"Aprobado en primer debate proyecto que proh\u00edbe las mal llamadas terapias de conversi\u00f3n","datePublished":"2023-06-14T20:01:05+00:00","dateModified":"2023-06-14T20:01:06+00:00","mainEntityOfPage":{"@id":"https:\/\/luchonoticias.com\/editor\/aprobado-en-primer-debate-proyecto-que-prohibe-las-mal-llamadas-terapias-de-conversion\/"},"wordCount":292,"commentCount":0,"publisher":{"@id":"https:\/\/luchonoticias.com\/editor\/#\/schema\/person\/7a7fd911f58561fd056dbac7b55af9cd"},"articleSection":["Destacado","Pol\u00edtica"],"inLanguage":"es","potentialAction":[{"@type":"CommentAction","name":"Comment","target":["https:\/\/luchonoticias.com\/editor\/aprobado-en-primer-debate-proyecto-que-prohibe-las-mal-llamadas-terapias-de-conversion\/#respond"]}]},{"@type":"WebPage","@id":"https:\/\/luchonoticias.com\/editor\/aprobado-en-primer-debate-proyecto-que-prohibe-las-mal-llamadas-terapias-de-conversion\/","url":"https:\/\/luchonoticias.com\/editor\/aprobado-en-primer-debate-proyecto-que-prohibe-las-mal-llamadas-terapias-de-conversion\/","name":"Aprobado en primer debate proyecto que proh\u00edbe las mal llamadas terapias de conversi\u00f3n -","isPartOf":{"@id":"https:\/\/luchonoticias.com\/editor\/#website"},"datePublished":"2023-06-14T20:01:05+00:00","dateModified":"2023-06-14T20:01:06+00:00","breadcrumb":{"@id":"https:\/\/luchonoticias.com\/editor\/aprobado-en-primer-debate-proyecto-que-prohibe-las-mal-llamadas-terapias-de-conversion\/#breadcrumb"},"inLanguage":"es","potentialAction":[{"@type":"ReadAction","target":["https:\/\/luchonoticias.com\/editor\/aprobado-en-primer-debate-proyecto-que-prohibe-las-mal-llamadas-terapias-de-conversion\/"]}]},{"@type":"BreadcrumbList","@id":"https:\/\/luchonoticias.com\/editor\/aprobado-en-primer-debate-proyecto-que-prohibe-las-mal-llamadas-terapias-de-conversion\/#breadcrumb","itemListElement":[{"@type":"ListItem","position":1,"name":"Portada","item":"https:\/\/luchonoticias.com\/editor\/"},{"@type":"ListItem","position":2,"name":"Aprobado en primer debate proyecto que proh\u00edbe las mal llamadas terapias de conversi\u00f3n"}]},{"@type":"WebSite","@id":"https:\/\/luchonoticias.com\/editor\/#website","url":"https:\/\/luchonoticias.com\/editor\/","name":"","description":"","publisher":{"@id":"https:\/\/luchonoticias.com\/editor\/#\/schema\/person\/7a7fd911f58561fd056dbac7b55af9cd"},"potentialAction":[{"@type":"SearchAction","target":{"@type":"EntryPoint","urlTemplate":"https:\/\/luchonoticias.com\/editor\/?s={search_term_string}"},"query-input":{"@type":"PropertyValueSpecification","valueRequired":true,"valueName":"search_term_string"}}],"inLanguage":"es"},{"@type":["Person","Organization"],"@id":"https:\/\/luchonoticias.com\/editor\/#\/schema\/person\/7a7fd911f58561fd056dbac7b55af9cd","name":"admin","image":{"@type":"ImageObject","inLanguage":"es","@id":"https:\/\/luchonoticias.com\/editor\/#\/schema\/person\/image\/","url":"https:\/\/luchonoticias.com\/editor\/wp-content\/uploads\/2024\/02\/cropped-cropped-logolu.webp","contentUrl":"https:\/\/luchonoticias.com\/editor\/wp-content\/uploads\/2024\/02\/cropped-cropped-logolu.webp","width":382,"height":170,"caption":"admin"},"logo":{"@id":"https:\/\/luchonoticias.com\/editor\/#\/schema\/person\/image\/"},"sameAs":["https:\/\/www.facebook.com\/luchonoticiasneiva"]},{"@type":"Person","@id":"https:\/\/luchonoticias.com\/editor\/#\/schema\/person\/29217990ddf6f14e35912b2866d591fb","name":"Editor General","image":{"@type":"ImageObject","inLanguage":"es","@id":"https:\/\/luchonoticias.com\/editor\/#\/schema\/person\/image\/","url":"https:\/\/luchonoticias.com\/editor\/wp-content\/uploads\/2024\/02\/cropped-cropped-logolu-150x150.webp","contentUrl":"https:\/\/luchonoticias.com\/editor\/wp-content\/uploads\/2024\/02\/cropped-cropped-logolu-150x150.webp","caption":"Editor General"},"sameAs":["https:\/\/luchonoticias.com\/"],"url":"https:\/\/luchonoticias.com\/editor\/author\/editor-general\/"}]}},"_links":{"self":[{"href":"https:\/\/luchonoticias.com\/editor\/wp-json\/wp\/v2\/posts\/54577","targetHints":{"allow":["GET"]}}],"collection":[{"href":"https:\/\/luchonoticias.com\/editor\/wp-json\/wp\/v2\/posts"}],"about":[{"href":"https:\/\/luchonoticias.com\/editor\/wp-json\/wp\/v2\/types\/post"}],"author":[{"embeddable":true,"href":"https:\/\/luchonoticias.com\/editor\/wp-json\/wp\/v2\/users\/2"}],"replies":[{"embeddable":true,"href":"https:\/\/luchonoticias.com\/editor\/wp-json\/wp\/v2\/comments?post=54577"}],"version-history":[{"count":0,"href":"https:\/\/luchonoticias.com\/editor\/wp-json\/wp\/v2\/posts\/54577\/revisions"}],"wp:attachment":[{"href":"https:\/\/luchonoticias.com\/editor\/wp-json\/wp\/v2\/media?parent=54577"}],"wp:term":[{"taxonomy":"category","embeddable":true,"href":"https:\/\/luchonoticias.com\/editor\/wp-json\/wp\/v2\/categories?post=54577"},{"taxonomy":"post_tag","embeddable":true,"href":"https:\/\/luchonoticias.com\/editor\/wp-json\/wp\/v2\/tags?post=54577"}],"curies":[{"name":"wp","href":"https:\/\/api.w.org\/{rel}","templated":true}]}}