{"id":54583,"date":"2023-06-14T19:42:38","date_gmt":"2023-06-15T00:42:38","guid":{"rendered":"https:\/\/luchonoticias.com\/?p=54583"},"modified":"2023-06-14T19:42:40","modified_gmt":"2023-06-15T00:42:40","slug":"fiscalia-imputo-cargos-a-medallista-olimpica-y-exministra-del-deporte-maria-isabel-urrutia","status":"publish","type":"post","link":"https:\/\/luchonoticias.com\/editor\/fiscalia-imputo-cargos-a-medallista-olimpica-y-exministra-del-deporte-maria-isabel-urrutia\/","title":{"rendered":"Fiscal\u00eda imput\u00f3 cargos a medallista ol\u00edmpica y exministra del Deporte Mar\u00eda Isabel Urrutia"},"content":{"rendered":"\n<p><br>La imputaci\u00f3n fue hecha esta tarde ante un magistrado del Tribunal Superior de Bogot\u00e1, con funciones de control de garant\u00edas, por su presunta responsabilidad en el tr\u00e1mite y celebraci\u00f3n de m\u00faltiples contratos en desconocimiento de varias normas y principios esenciales en la contrataci\u00f3n p\u00fablica.<\/p>\n\n\n\n<p><br>El fiscal manifest\u00f3 que de acuerdo con los elementos de prueba, luego de que el Presidente de la Rep\u00fablica le solicit\u00f3 p\u00fablicamente la renuncia, la noche del pasado 27 de febrero, la exfuncionaria habr\u00eda ordenado dar por terminado de manera selectiva y subjetiva 104 contratos de prestaci\u00f3n de servicios y apoyo a la gesti\u00f3n, los cuales ten\u00edan una vigencia de cuatro meses.<\/p>\n\n\n\n<p><br>Cada uno de los contratistas que suscribi\u00f3 el acta de terminaci\u00f3n anticipada argument\u00f3 motivos personales, situaci\u00f3n que no corresponder\u00eda a la realidad porque d\u00edas despu\u00e9s y por instrucci\u00f3n de la entonces ministra fueron contratados nuevamente, pero por un t\u00e9rmino de ejecuci\u00f3n mayor, que se extend\u00eda hasta el 31 de diciembre de 2023.<\/p>\n\n\n\n<p><br>En la investigaci\u00f3n se estableci\u00f3 que, en apenas cuatro d\u00edas, entre el 2 y 6 de marzo del a\u00f1o en curso, fueron celebrados los 104 contratos de prestaci\u00f3n de servicios profesionales y apoyo a la gesti\u00f3n, en aparente desconocimiento de requisitos legales como:<\/p>\n\n\n\n<ul class=\"wp-block-list\">\n<li>Ausencia de certificado de insuficiencia o inexistencia de personal de planta para cubrir las funciones que cumplir\u00edan los contratistas.<\/li>\n\n\n\n<li>Falta de justificaci\u00f3n de la necesidad de contratar profesionales por prestaci\u00f3n de servicios.<\/li>\n\n\n\n<li>Uso de certificaciones de aportes al Sistema de Seguridad Social desactualizadas, que correspond\u00edan a periodos anteriores.<br>Para la Fiscal\u00eda, con estas actuaciones la exministra, al parecer, pretend\u00eda garantizar la continuidad laboral de referidos suyos o personas afines, de tal manera que no les fueran terminados los contratos con su salida del Ministerio del Deporte.<\/li>\n<\/ul>\n","protected":false},"excerpt":{"rendered":"<p>La imputaci\u00f3n fue hecha esta tarde ante un magistrado del Tribunal Superior de Bogot\u00e1, con funciones de control de garant\u00edas, por su presunta responsabilidad en el tr\u00e1mite y celebraci\u00f3n de m\u00faltiples contratos en desconocimiento de varias normas y principios esenciales en la contrataci\u00f3n p\u00fablica. El fiscal manifest\u00f3 que de acuerdo con los elementos de prueba, [&hellip;]<\/p>\n","protected":false},"author":2,"featured_media":0,"comment_status":"open","ping_status":"open","sticky":false,"template":"","format":"standard","meta":{"footnotes":""},"categories":[36,32],"tags":[],"class_list":["post-54583","post","type-post","status-publish","format-standard","hentry","category-destacado","category-nacional"],"yoast_head":"<!-- This site is optimized with the Yoast SEO plugin v26.6 - https:\/\/yoast.com\/wordpress\/plugins\/seo\/ -->\n<title>Fiscal\u00eda imput\u00f3 cargos a medallista ol\u00edmpica y exministra del Deporte Mar\u00eda Isabel Urrutia -<\/title>\n<meta name=\"robots\" content=\"index, follow, max-snippet:-1, max-image-preview:large, max-video-preview:-1\" \/>\n<link rel=\"canonical\" href=\"https:\/\/luchonoticias.com\/editor\/fiscalia-imputo-cargos-a-medallista-olimpica-y-exministra-del-deporte-maria-isabel-urrutia\/\" \/>\n<meta property=\"og:locale\" content=\"es_ES\" \/>\n<meta property=\"og:type\" content=\"article\" \/>\n<meta property=\"og:title\" content=\"Fiscal\u00eda imput\u00f3 cargos a medallista ol\u00edmpica y exministra del Deporte Mar\u00eda Isabel Urrutia -\" \/>\n<meta property=\"og:url\" content=\"https:\/\/luchonoticias.com\/editor\/fiscalia-imputo-cargos-a-medallista-olimpica-y-exministra-del-deporte-maria-isabel-urrutia\/\" \/>\n<meta property=\"article:publisher\" content=\"https:\/\/www.facebook.com\/luchonoticiasneiva\" \/>\n<meta property=\"article:published_time\" content=\"2023-06-15T00:42:38+00:00\" \/>\n<meta property=\"article:modified_time\" content=\"2023-06-15T00:42:40+00:00\" \/>\n<meta name=\"author\" content=\"Editor General\" \/>\n<meta name=\"twitter:card\" content=\"summary_large_image\" \/>\n<meta name=\"twitter:label1\" content=\"Escrito por\" \/>\n\t<meta name=\"twitter:data1\" content=\"Editor General\" \/>\n\t<meta name=\"twitter:label2\" content=\"Tiempo de lectura\" \/>\n\t<meta name=\"twitter:data2\" content=\"2 minutos\" \/>\n<script type=\"application\/ld+json\" class=\"yoast-schema-graph\">{\"@context\":\"https:\/\/schema.org\",\"@graph\":[{\"@type\":\"Article\",\"@id\":\"https:\/\/luchonoticias.com\/editor\/fiscalia-imputo-cargos-a-medallista-olimpica-y-exministra-del-deporte-maria-isabel-urrutia\/#article\",\"isPartOf\":{\"@id\":\"https:\/\/luchonoticias.com\/editor\/fiscalia-imputo-cargos-a-medallista-olimpica-y-exministra-del-deporte-maria-isabel-urrutia\/\"},\"author\":{\"name\":\"Editor General\",\"@id\":\"https:\/\/luchonoticias.com\/editor\/#\/schema\/person\/29217990ddf6f14e35912b2866d591fb\"},\"headline\":\"Fiscal\u00eda imput\u00f3 cargos a medallista ol\u00edmpica y exministra del Deporte Mar\u00eda Isabel Urrutia\",\"datePublished\":\"2023-06-15T00:42:38+00:00\",\"dateModified\":\"2023-06-15T00:42:40+00:00\",\"mainEntityOfPage\":{\"@id\":\"https:\/\/luchonoticias.com\/editor\/fiscalia-imputo-cargos-a-medallista-olimpica-y-exministra-del-deporte-maria-isabel-urrutia\/\"},\"wordCount\":329,\"commentCount\":0,\"publisher\":{\"@id\":\"https:\/\/luchonoticias.com\/editor\/#\/schema\/person\/7a7fd911f58561fd056dbac7b55af9cd\"},\"articleSection\":[\"Destacado\",\"Nacional\"],\"inLanguage\":\"es\",\"potentialAction\":[{\"@type\":\"CommentAction\",\"name\":\"Comment\",\"target\":[\"https:\/\/luchonoticias.com\/editor\/fiscalia-imputo-cargos-a-medallista-olimpica-y-exministra-del-deporte-maria-isabel-urrutia\/#respond\"]}]},{\"@type\":\"WebPage\",\"@id\":\"https:\/\/luchonoticias.com\/editor\/fiscalia-imputo-cargos-a-medallista-olimpica-y-exministra-del-deporte-maria-isabel-urrutia\/\",\"url\":\"https:\/\/luchonoticias.com\/editor\/fiscalia-imputo-cargos-a-medallista-olimpica-y-exministra-del-deporte-maria-isabel-urrutia\/\",\"name\":\"Fiscal\u00eda imput\u00f3 cargos a medallista ol\u00edmpica y exministra del Deporte Mar\u00eda Isabel Urrutia -\",\"isPartOf\":{\"@id\":\"https:\/\/luchonoticias.com\/editor\/#website\"},\"datePublished\":\"2023-06-15T00:42:38+00:00\",\"dateModified\":\"2023-06-15T00:42:40+00:00\",\"breadcrumb\":{\"@id\":\"https:\/\/luchonoticias.com\/editor\/fiscalia-imputo-cargos-a-medallista-olimpica-y-exministra-del-deporte-maria-isabel-urrutia\/#breadcrumb\"},\"inLanguage\":\"es\",\"potentialAction\":[{\"@type\":\"ReadAction\",\"target\":[\"https:\/\/luchonoticias.com\/editor\/fiscalia-imputo-cargos-a-medallista-olimpica-y-exministra-del-deporte-maria-isabel-urrutia\/\"]}]},{\"@type\":\"BreadcrumbList\",\"@id\":\"https:\/\/luchonoticias.com\/editor\/fiscalia-imputo-cargos-a-medallista-olimpica-y-exministra-del-deporte-maria-isabel-urrutia\/#breadcrumb\",\"itemListElement\":[{\"@type\":\"ListItem\",\"position\":1,\"name\":\"Portada\",\"item\":\"https:\/\/luchonoticias.com\/editor\/\"},{\"@type\":\"ListItem\",\"position\":2,\"name\":\"Fiscal\u00eda imput\u00f3 cargos a medallista ol\u00edmpica y exministra del Deporte Mar\u00eda Isabel Urrutia\"}]},{\"@type\":\"WebSite\",\"@id\":\"https:\/\/luchonoticias.com\/editor\/#website\",\"url\":\"https:\/\/luchonoticias.com\/editor\/\",\"name\":\"\",\"description\":\"\",\"publisher\":{\"@id\":\"https:\/\/luchonoticias.com\/editor\/#\/schema\/person\/7a7fd911f58561fd056dbac7b55af9cd\"},\"potentialAction\":[{\"@type\":\"SearchAction\",\"target\":{\"@type\":\"EntryPoint\",\"urlTemplate\":\"https:\/\/luchonoticias.com\/editor\/?s={search_term_string}\"},\"query-input\":{\"@type\":\"PropertyValueSpecification\",\"valueRequired\":true,\"valueName\":\"search_term_string\"}}],\"inLanguage\":\"es\"},{\"@type\":[\"Person\",\"Organization\"],\"@id\":\"https:\/\/luchonoticias.com\/editor\/#\/schema\/person\/7a7fd911f58561fd056dbac7b55af9cd\",\"name\":\"admin\",\"image\":{\"@type\":\"ImageObject\",\"inLanguage\":\"es\",\"@id\":\"https:\/\/luchonoticias.com\/editor\/#\/schema\/person\/image\/\",\"url\":\"https:\/\/luchonoticias.com\/editor\/wp-content\/uploads\/2024\/02\/cropped-cropped-logolu.webp\",\"contentUrl\":\"https:\/\/luchonoticias.com\/editor\/wp-content\/uploads\/2024\/02\/cropped-cropped-logolu.webp\",\"width\":382,\"height\":170,\"caption\":\"admin\"},\"logo\":{\"@id\":\"https:\/\/luchonoticias.com\/editor\/#\/schema\/person\/image\/\"},\"sameAs\":[\"https:\/\/www.facebook.com\/luchonoticiasneiva\"]},{\"@type\":\"Person\",\"@id\":\"https:\/\/luchonoticias.com\/editor\/#\/schema\/person\/29217990ddf6f14e35912b2866d591fb\",\"name\":\"Editor General\",\"image\":{\"@type\":\"ImageObject\",\"inLanguage\":\"es\",\"@id\":\"https:\/\/luchonoticias.com\/editor\/#\/schema\/person\/image\/\",\"url\":\"https:\/\/luchonoticias.com\/editor\/wp-content\/uploads\/2024\/02\/cropped-cropped-logolu-150x150.webp\",\"contentUrl\":\"https:\/\/luchonoticias.com\/editor\/wp-content\/uploads\/2024\/02\/cropped-cropped-logolu-150x150.webp\",\"caption\":\"Editor General\"},\"sameAs\":[\"https:\/\/luchonoticias.com\/\"],\"url\":\"https:\/\/luchonoticias.com\/editor\/author\/editor-general\/\"}]}<\/script>\n<!-- \/ Yoast SEO plugin. -->","yoast_head_json":{"title":"Fiscal\u00eda imput\u00f3 cargos a medallista ol\u00edmpica y exministra del Deporte Mar\u00eda Isabel Urrutia -","robots":{"index":"index","follow":"follow","max-snippet":"max-snippet:-1","max-image-preview":"max-image-preview:large","max-video-preview":"max-video-preview:-1"},"canonical":"https:\/\/luchonoticias.com\/editor\/fiscalia-imputo-cargos-a-medallista-olimpica-y-exministra-del-deporte-maria-isabel-urrutia\/","og_locale":"es_ES","og_type":"article","og_title":"Fiscal\u00eda imput\u00f3 cargos a medallista ol\u00edmpica y exministra del Deporte Mar\u00eda Isabel Urrutia -","og_url":"https:\/\/luchonoticias.com\/editor\/fiscalia-imputo-cargos-a-medallista-olimpica-y-exministra-del-deporte-maria-isabel-urrutia\/","article_publisher":"https:\/\/www.facebook.com\/luchonoticiasneiva","article_published_time":"2023-06-15T00:42:38+00:00","article_modified_time":"2023-06-15T00:42:40+00:00","author":"Editor General","twitter_card":"summary_large_image","twitter_misc":{"Escrito por":"Editor General","Tiempo de lectura":"2 minutos"},"schema":{"@context":"https:\/\/schema.org","@graph":[{"@type":"Article","@id":"https:\/\/luchonoticias.com\/editor\/fiscalia-imputo-cargos-a-medallista-olimpica-y-exministra-del-deporte-maria-isabel-urrutia\/#article","isPartOf":{"@id":"https:\/\/luchonoticias.com\/editor\/fiscalia-imputo-cargos-a-medallista-olimpica-y-exministra-del-deporte-maria-isabel-urrutia\/"},"author":{"name":"Editor General","@id":"https:\/\/luchonoticias.com\/editor\/#\/schema\/person\/29217990ddf6f14e35912b2866d591fb"},"headline":"Fiscal\u00eda imput\u00f3 cargos a medallista ol\u00edmpica y exministra del Deporte Mar\u00eda Isabel Urrutia","datePublished":"2023-06-15T00:42:38+00:00","dateModified":"2023-06-15T00:42:40+00:00","mainEntityOfPage":{"@id":"https:\/\/luchonoticias.com\/editor\/fiscalia-imputo-cargos-a-medallista-olimpica-y-exministra-del-deporte-maria-isabel-urrutia\/"},"wordCount":329,"commentCount":0,"publisher":{"@id":"https:\/\/luchonoticias.com\/editor\/#\/schema\/person\/7a7fd911f58561fd056dbac7b55af9cd"},"articleSection":["Destacado","Nacional"],"inLanguage":"es","potentialAction":[{"@type":"CommentAction","name":"Comment","target":["https:\/\/luchonoticias.com\/editor\/fiscalia-imputo-cargos-a-medallista-olimpica-y-exministra-del-deporte-maria-isabel-urrutia\/#respond"]}]},{"@type":"WebPage","@id":"https:\/\/luchonoticias.com\/editor\/fiscalia-imputo-cargos-a-medallista-olimpica-y-exministra-del-deporte-maria-isabel-urrutia\/","url":"https:\/\/luchonoticias.com\/editor\/fiscalia-imputo-cargos-a-medallista-olimpica-y-exministra-del-deporte-maria-isabel-urrutia\/","name":"Fiscal\u00eda imput\u00f3 cargos a medallista ol\u00edmpica y exministra del Deporte Mar\u00eda Isabel Urrutia -","isPartOf":{"@id":"https:\/\/luchonoticias.com\/editor\/#website"},"datePublished":"2023-06-15T00:42:38+00:00","dateModified":"2023-06-15T00:42:40+00:00","breadcrumb":{"@id":"https:\/\/luchonoticias.com\/editor\/fiscalia-imputo-cargos-a-medallista-olimpica-y-exministra-del-deporte-maria-isabel-urrutia\/#breadcrumb"},"inLanguage":"es","potentialAction":[{"@type":"ReadAction","target":["https:\/\/luchonoticias.com\/editor\/fiscalia-imputo-cargos-a-medallista-olimpica-y-exministra-del-deporte-maria-isabel-urrutia\/"]}]},{"@type":"BreadcrumbList","@id":"https:\/\/luchonoticias.com\/editor\/fiscalia-imputo-cargos-a-medallista-olimpica-y-exministra-del-deporte-maria-isabel-urrutia\/#breadcrumb","itemListElement":[{"@type":"ListItem","position":1,"name":"Portada","item":"https:\/\/luchonoticias.com\/editor\/"},{"@type":"ListItem","position":2,"name":"Fiscal\u00eda imput\u00f3 cargos a medallista ol\u00edmpica y exministra del Deporte Mar\u00eda Isabel Urrutia"}]},{"@type":"WebSite","@id":"https:\/\/luchonoticias.com\/editor\/#website","url":"https:\/\/luchonoticias.com\/editor\/","name":"","description":"","publisher":{"@id":"https:\/\/luchonoticias.com\/editor\/#\/schema\/person\/7a7fd911f58561fd056dbac7b55af9cd"},"potentialAction":[{"@type":"SearchAction","target":{"@type":"EntryPoint","urlTemplate":"https:\/\/luchonoticias.com\/editor\/?s={search_term_string}"},"query-input":{"@type":"PropertyValueSpecification","valueRequired":true,"valueName":"search_term_string"}}],"inLanguage":"es"},{"@type":["Person","Organization"],"@id":"https:\/\/luchonoticias.com\/editor\/#\/schema\/person\/7a7fd911f58561fd056dbac7b55af9cd","name":"admin","image":{"@type":"ImageObject","inLanguage":"es","@id":"https:\/\/luchonoticias.com\/editor\/#\/schema\/person\/image\/","url":"https:\/\/luchonoticias.com\/editor\/wp-content\/uploads\/2024\/02\/cropped-cropped-logolu.webp","contentUrl":"https:\/\/luchonoticias.com\/editor\/wp-content\/uploads\/2024\/02\/cropped-cropped-logolu.webp","width":382,"height":170,"caption":"admin"},"logo":{"@id":"https:\/\/luchonoticias.com\/editor\/#\/schema\/person\/image\/"},"sameAs":["https:\/\/www.facebook.com\/luchonoticiasneiva"]},{"@type":"Person","@id":"https:\/\/luchonoticias.com\/editor\/#\/schema\/person\/29217990ddf6f14e35912b2866d591fb","name":"Editor General","image":{"@type":"ImageObject","inLanguage":"es","@id":"https:\/\/luchonoticias.com\/editor\/#\/schema\/person\/image\/","url":"https:\/\/luchonoticias.com\/editor\/wp-content\/uploads\/2024\/02\/cropped-cropped-logolu-150x150.webp","contentUrl":"https:\/\/luchonoticias.com\/editor\/wp-content\/uploads\/2024\/02\/cropped-cropped-logolu-150x150.webp","caption":"Editor General"},"sameAs":["https:\/\/luchonoticias.com\/"],"url":"https:\/\/luchonoticias.com\/editor\/author\/editor-general\/"}]}},"_links":{"self":[{"href":"https:\/\/luchonoticias.com\/editor\/wp-json\/wp\/v2\/posts\/54583","targetHints":{"allow":["GET"]}}],"collection":[{"href":"https:\/\/luchonoticias.com\/editor\/wp-json\/wp\/v2\/posts"}],"about":[{"href":"https:\/\/luchonoticias.com\/editor\/wp-json\/wp\/v2\/types\/post"}],"author":[{"embeddable":true,"href":"https:\/\/luchonoticias.com\/editor\/wp-json\/wp\/v2\/users\/2"}],"replies":[{"embeddable":true,"href":"https:\/\/luchonoticias.com\/editor\/wp-json\/wp\/v2\/comments?post=54583"}],"version-history":[{"count":0,"href":"https:\/\/luchonoticias.com\/editor\/wp-json\/wp\/v2\/posts\/54583\/revisions"}],"wp:attachment":[{"href":"https:\/\/luchonoticias.com\/editor\/wp-json\/wp\/v2\/media?parent=54583"}],"wp:term":[{"taxonomy":"category","embeddable":true,"href":"https:\/\/luchonoticias.com\/editor\/wp-json\/wp\/v2\/categories?post=54583"},{"taxonomy":"post_tag","embeddable":true,"href":"https:\/\/luchonoticias.com\/editor\/wp-json\/wp\/v2\/tags?post=54583"}],"curies":[{"name":"wp","href":"https:\/\/api.w.org\/{rel}","templated":true}]}}