{"id":54586,"date":"2023-06-15T04:35:56","date_gmt":"2023-06-15T09:35:56","guid":{"rendered":"https:\/\/luchonoticias.com\/?p=54586"},"modified":"2023-06-15T04:36:01","modified_gmt":"2023-06-15T09:36:01","slug":"huilense-estara-en-el-futbol-playa-de-los-juegos-centroamericanos","status":"publish","type":"post","link":"https:\/\/luchonoticias.com\/editor\/huilense-estara-en-el-futbol-playa-de-los-juegos-centroamericanos\/","title":{"rendered":"Huilense estar\u00e1 en el f\u00fatbol playa de los Juegos Centroamericanos"},"content":{"rendered":"\n<p><strong>Colombia\u00a0<\/strong>sigue confirmado sus efectivos pensando en los\u00a0<strong>Juegos Centroamericanos y del Caribe<\/strong>\u00a0que ser\u00e1n en San Salvador (El Salvador) y en donde ha confirmado otro huilense.<\/p>\n\n\n\n<p>Se trata de\u00a0<strong>V\u00edctor Morales<\/strong>\u00a0quien fue anunciado como\u00a0<strong>parte del equipo de f\u00fatbol playa<\/strong>\u00a0que intervendr\u00e1 en territorio salvadore\u00f1o, adem\u00e1s de llevar un proceso de larga data con el onceno nacional.\u00a0<\/p>\n\n\n\n<p>Con este ya son&nbsp;<strong>dos los huilenses anunciados oficialmente<\/strong>&nbsp;por el Comit\u00e9 Ol\u00edmpico Colombiano para estas competencias que&nbsp;<strong>comenzar\u00e1n el 23 de junio<\/strong>.<\/p>\n","protected":false},"excerpt":{"rendered":"<p>Colombia\u00a0sigue confirmado sus efectivos pensando en los\u00a0Juegos Centroamericanos y del Caribe\u00a0que ser\u00e1n en San Salvador (El Salvador) y en donde ha confirmado otro huilense. Se trata de\u00a0V\u00edctor Morales\u00a0quien fue anunciado como\u00a0parte del equipo de f\u00fatbol playa\u00a0que intervendr\u00e1 en territorio salvadore\u00f1o, adem\u00e1s de llevar un proceso de larga data con el onceno nacional.\u00a0 Con este ya [&hellip;]<\/p>\n","protected":false},"author":2,"featured_media":0,"comment_status":"open","ping_status":"open","sticky":false,"template":"","format":"standard","meta":{"footnotes":""},"categories":[34],"tags":[],"class_list":["post-54586","post","type-post","status-publish","format-standard","hentry","category-deportes"],"yoast_head":"<!-- This site is optimized with the Yoast SEO plugin v26.6 - https:\/\/yoast.com\/wordpress\/plugins\/seo\/ -->\n<title>Huilense estar\u00e1 en el f\u00fatbol playa de los Juegos Centroamericanos -<\/title>\n<meta name=\"robots\" content=\"index, follow, max-snippet:-1, max-image-preview:large, max-video-preview:-1\" \/>\n<link rel=\"canonical\" href=\"https:\/\/luchonoticias.com\/editor\/huilense-estara-en-el-futbol-playa-de-los-juegos-centroamericanos\/\" \/>\n<meta property=\"og:locale\" content=\"es_ES\" \/>\n<meta property=\"og:type\" content=\"article\" \/>\n<meta property=\"og:title\" content=\"Huilense estar\u00e1 en el f\u00fatbol playa de los Juegos Centroamericanos -\" \/>\n<meta property=\"og:url\" content=\"https:\/\/luchonoticias.com\/editor\/huilense-estara-en-el-futbol-playa-de-los-juegos-centroamericanos\/\" \/>\n<meta property=\"article:publisher\" content=\"https:\/\/www.facebook.com\/luchonoticiasneiva\" \/>\n<meta property=\"article:published_time\" content=\"2023-06-15T09:35:56+00:00\" \/>\n<meta property=\"article:modified_time\" content=\"2023-06-15T09:36:01+00:00\" \/>\n<meta name=\"author\" content=\"Editor General\" \/>\n<meta name=\"twitter:card\" content=\"summary_large_image\" \/>\n<meta name=\"twitter:label1\" content=\"Escrito por\" \/>\n\t<meta name=\"twitter:data1\" content=\"Editor General\" \/>\n<script type=\"application\/ld+json\" class=\"yoast-schema-graph\">{\"@context\":\"https:\/\/schema.org\",\"@graph\":[{\"@type\":\"Article\",\"@id\":\"https:\/\/luchonoticias.com\/editor\/huilense-estara-en-el-futbol-playa-de-los-juegos-centroamericanos\/#article\",\"isPartOf\":{\"@id\":\"https:\/\/luchonoticias.com\/editor\/huilense-estara-en-el-futbol-playa-de-los-juegos-centroamericanos\/\"},\"author\":{\"name\":\"Editor General\",\"@id\":\"https:\/\/luchonoticias.com\/editor\/#\/schema\/person\/29217990ddf6f14e35912b2866d591fb\"},\"headline\":\"Huilense estar\u00e1 en el f\u00fatbol playa de los Juegos Centroamericanos\",\"datePublished\":\"2023-06-15T09:35:56+00:00\",\"dateModified\":\"2023-06-15T09:36:01+00:00\",\"mainEntityOfPage\":{\"@id\":\"https:\/\/luchonoticias.com\/editor\/huilense-estara-en-el-futbol-playa-de-los-juegos-centroamericanos\/\"},\"wordCount\":102,\"commentCount\":0,\"publisher\":{\"@id\":\"https:\/\/luchonoticias.com\/editor\/#\/schema\/person\/7a7fd911f58561fd056dbac7b55af9cd\"},\"articleSection\":[\"Deportes\"],\"inLanguage\":\"es\",\"potentialAction\":[{\"@type\":\"CommentAction\",\"name\":\"Comment\",\"target\":[\"https:\/\/luchonoticias.com\/editor\/huilense-estara-en-el-futbol-playa-de-los-juegos-centroamericanos\/#respond\"]}]},{\"@type\":\"WebPage\",\"@id\":\"https:\/\/luchonoticias.com\/editor\/huilense-estara-en-el-futbol-playa-de-los-juegos-centroamericanos\/\",\"url\":\"https:\/\/luchonoticias.com\/editor\/huilense-estara-en-el-futbol-playa-de-los-juegos-centroamericanos\/\",\"name\":\"Huilense estar\u00e1 en el f\u00fatbol playa de los Juegos Centroamericanos -\",\"isPartOf\":{\"@id\":\"https:\/\/luchonoticias.com\/editor\/#website\"},\"datePublished\":\"2023-06-15T09:35:56+00:00\",\"dateModified\":\"2023-06-15T09:36:01+00:00\",\"breadcrumb\":{\"@id\":\"https:\/\/luchonoticias.com\/editor\/huilense-estara-en-el-futbol-playa-de-los-juegos-centroamericanos\/#breadcrumb\"},\"inLanguage\":\"es\",\"potentialAction\":[{\"@type\":\"ReadAction\",\"target\":[\"https:\/\/luchonoticias.com\/editor\/huilense-estara-en-el-futbol-playa-de-los-juegos-centroamericanos\/\"]}]},{\"@type\":\"BreadcrumbList\",\"@id\":\"https:\/\/luchonoticias.com\/editor\/huilense-estara-en-el-futbol-playa-de-los-juegos-centroamericanos\/#breadcrumb\",\"itemListElement\":[{\"@type\":\"ListItem\",\"position\":1,\"name\":\"Portada\",\"item\":\"https:\/\/luchonoticias.com\/editor\/\"},{\"@type\":\"ListItem\",\"position\":2,\"name\":\"Huilense estar\u00e1 en el f\u00fatbol playa de los Juegos Centroamericanos\"}]},{\"@type\":\"WebSite\",\"@id\":\"https:\/\/luchonoticias.com\/editor\/#website\",\"url\":\"https:\/\/luchonoticias.com\/editor\/\",\"name\":\"\",\"description\":\"\",\"publisher\":{\"@id\":\"https:\/\/luchonoticias.com\/editor\/#\/schema\/person\/7a7fd911f58561fd056dbac7b55af9cd\"},\"potentialAction\":[{\"@type\":\"SearchAction\",\"target\":{\"@type\":\"EntryPoint\",\"urlTemplate\":\"https:\/\/luchonoticias.com\/editor\/?s={search_term_string}\"},\"query-input\":{\"@type\":\"PropertyValueSpecification\",\"valueRequired\":true,\"valueName\":\"search_term_string\"}}],\"inLanguage\":\"es\"},{\"@type\":[\"Person\",\"Organization\"],\"@id\":\"https:\/\/luchonoticias.com\/editor\/#\/schema\/person\/7a7fd911f58561fd056dbac7b55af9cd\",\"name\":\"admin\",\"image\":{\"@type\":\"ImageObject\",\"inLanguage\":\"es\",\"@id\":\"https:\/\/luchonoticias.com\/editor\/#\/schema\/person\/image\/\",\"url\":\"https:\/\/luchonoticias.com\/editor\/wp-content\/uploads\/2024\/02\/cropped-cropped-logolu.webp\",\"contentUrl\":\"https:\/\/luchonoticias.com\/editor\/wp-content\/uploads\/2024\/02\/cropped-cropped-logolu.webp\",\"width\":382,\"height\":170,\"caption\":\"admin\"},\"logo\":{\"@id\":\"https:\/\/luchonoticias.com\/editor\/#\/schema\/person\/image\/\"},\"sameAs\":[\"https:\/\/www.facebook.com\/luchonoticiasneiva\"]},{\"@type\":\"Person\",\"@id\":\"https:\/\/luchonoticias.com\/editor\/#\/schema\/person\/29217990ddf6f14e35912b2866d591fb\",\"name\":\"Editor General\",\"image\":{\"@type\":\"ImageObject\",\"inLanguage\":\"es\",\"@id\":\"https:\/\/luchonoticias.com\/editor\/#\/schema\/person\/image\/\",\"url\":\"https:\/\/luchonoticias.com\/editor\/wp-content\/uploads\/2024\/02\/cropped-cropped-logolu-150x150.webp\",\"contentUrl\":\"https:\/\/luchonoticias.com\/editor\/wp-content\/uploads\/2024\/02\/cropped-cropped-logolu-150x150.webp\",\"caption\":\"Editor General\"},\"sameAs\":[\"https:\/\/luchonoticias.com\/\"],\"url\":\"https:\/\/luchonoticias.com\/editor\/author\/editor-general\/\"}]}<\/script>\n<!-- \/ Yoast SEO plugin. -->","yoast_head_json":{"title":"Huilense estar\u00e1 en el f\u00fatbol playa de los Juegos Centroamericanos -","robots":{"index":"index","follow":"follow","max-snippet":"max-snippet:-1","max-image-preview":"max-image-preview:large","max-video-preview":"max-video-preview:-1"},"canonical":"https:\/\/luchonoticias.com\/editor\/huilense-estara-en-el-futbol-playa-de-los-juegos-centroamericanos\/","og_locale":"es_ES","og_type":"article","og_title":"Huilense estar\u00e1 en el f\u00fatbol playa de los Juegos Centroamericanos -","og_url":"https:\/\/luchonoticias.com\/editor\/huilense-estara-en-el-futbol-playa-de-los-juegos-centroamericanos\/","article_publisher":"https:\/\/www.facebook.com\/luchonoticiasneiva","article_published_time":"2023-06-15T09:35:56+00:00","article_modified_time":"2023-06-15T09:36:01+00:00","author":"Editor General","twitter_card":"summary_large_image","twitter_misc":{"Escrito por":"Editor General"},"schema":{"@context":"https:\/\/schema.org","@graph":[{"@type":"Article","@id":"https:\/\/luchonoticias.com\/editor\/huilense-estara-en-el-futbol-playa-de-los-juegos-centroamericanos\/#article","isPartOf":{"@id":"https:\/\/luchonoticias.com\/editor\/huilense-estara-en-el-futbol-playa-de-los-juegos-centroamericanos\/"},"author":{"name":"Editor General","@id":"https:\/\/luchonoticias.com\/editor\/#\/schema\/person\/29217990ddf6f14e35912b2866d591fb"},"headline":"Huilense estar\u00e1 en el f\u00fatbol playa de los Juegos Centroamericanos","datePublished":"2023-06-15T09:35:56+00:00","dateModified":"2023-06-15T09:36:01+00:00","mainEntityOfPage":{"@id":"https:\/\/luchonoticias.com\/editor\/huilense-estara-en-el-futbol-playa-de-los-juegos-centroamericanos\/"},"wordCount":102,"commentCount":0,"publisher":{"@id":"https:\/\/luchonoticias.com\/editor\/#\/schema\/person\/7a7fd911f58561fd056dbac7b55af9cd"},"articleSection":["Deportes"],"inLanguage":"es","potentialAction":[{"@type":"CommentAction","name":"Comment","target":["https:\/\/luchonoticias.com\/editor\/huilense-estara-en-el-futbol-playa-de-los-juegos-centroamericanos\/#respond"]}]},{"@type":"WebPage","@id":"https:\/\/luchonoticias.com\/editor\/huilense-estara-en-el-futbol-playa-de-los-juegos-centroamericanos\/","url":"https:\/\/luchonoticias.com\/editor\/huilense-estara-en-el-futbol-playa-de-los-juegos-centroamericanos\/","name":"Huilense estar\u00e1 en el f\u00fatbol playa de los Juegos Centroamericanos -","isPartOf":{"@id":"https:\/\/luchonoticias.com\/editor\/#website"},"datePublished":"2023-06-15T09:35:56+00:00","dateModified":"2023-06-15T09:36:01+00:00","breadcrumb":{"@id":"https:\/\/luchonoticias.com\/editor\/huilense-estara-en-el-futbol-playa-de-los-juegos-centroamericanos\/#breadcrumb"},"inLanguage":"es","potentialAction":[{"@type":"ReadAction","target":["https:\/\/luchonoticias.com\/editor\/huilense-estara-en-el-futbol-playa-de-los-juegos-centroamericanos\/"]}]},{"@type":"BreadcrumbList","@id":"https:\/\/luchonoticias.com\/editor\/huilense-estara-en-el-futbol-playa-de-los-juegos-centroamericanos\/#breadcrumb","itemListElement":[{"@type":"ListItem","position":1,"name":"Portada","item":"https:\/\/luchonoticias.com\/editor\/"},{"@type":"ListItem","position":2,"name":"Huilense estar\u00e1 en el f\u00fatbol playa de los Juegos Centroamericanos"}]},{"@type":"WebSite","@id":"https:\/\/luchonoticias.com\/editor\/#website","url":"https:\/\/luchonoticias.com\/editor\/","name":"","description":"","publisher":{"@id":"https:\/\/luchonoticias.com\/editor\/#\/schema\/person\/7a7fd911f58561fd056dbac7b55af9cd"},"potentialAction":[{"@type":"SearchAction","target":{"@type":"EntryPoint","urlTemplate":"https:\/\/luchonoticias.com\/editor\/?s={search_term_string}"},"query-input":{"@type":"PropertyValueSpecification","valueRequired":true,"valueName":"search_term_string"}}],"inLanguage":"es"},{"@type":["Person","Organization"],"@id":"https:\/\/luchonoticias.com\/editor\/#\/schema\/person\/7a7fd911f58561fd056dbac7b55af9cd","name":"admin","image":{"@type":"ImageObject","inLanguage":"es","@id":"https:\/\/luchonoticias.com\/editor\/#\/schema\/person\/image\/","url":"https:\/\/luchonoticias.com\/editor\/wp-content\/uploads\/2024\/02\/cropped-cropped-logolu.webp","contentUrl":"https:\/\/luchonoticias.com\/editor\/wp-content\/uploads\/2024\/02\/cropped-cropped-logolu.webp","width":382,"height":170,"caption":"admin"},"logo":{"@id":"https:\/\/luchonoticias.com\/editor\/#\/schema\/person\/image\/"},"sameAs":["https:\/\/www.facebook.com\/luchonoticiasneiva"]},{"@type":"Person","@id":"https:\/\/luchonoticias.com\/editor\/#\/schema\/person\/29217990ddf6f14e35912b2866d591fb","name":"Editor General","image":{"@type":"ImageObject","inLanguage":"es","@id":"https:\/\/luchonoticias.com\/editor\/#\/schema\/person\/image\/","url":"https:\/\/luchonoticias.com\/editor\/wp-content\/uploads\/2024\/02\/cropped-cropped-logolu-150x150.webp","contentUrl":"https:\/\/luchonoticias.com\/editor\/wp-content\/uploads\/2024\/02\/cropped-cropped-logolu-150x150.webp","caption":"Editor General"},"sameAs":["https:\/\/luchonoticias.com\/"],"url":"https:\/\/luchonoticias.com\/editor\/author\/editor-general\/"}]}},"_links":{"self":[{"href":"https:\/\/luchonoticias.com\/editor\/wp-json\/wp\/v2\/posts\/54586","targetHints":{"allow":["GET"]}}],"collection":[{"href":"https:\/\/luchonoticias.com\/editor\/wp-json\/wp\/v2\/posts"}],"about":[{"href":"https:\/\/luchonoticias.com\/editor\/wp-json\/wp\/v2\/types\/post"}],"author":[{"embeddable":true,"href":"https:\/\/luchonoticias.com\/editor\/wp-json\/wp\/v2\/users\/2"}],"replies":[{"embeddable":true,"href":"https:\/\/luchonoticias.com\/editor\/wp-json\/wp\/v2\/comments?post=54586"}],"version-history":[{"count":0,"href":"https:\/\/luchonoticias.com\/editor\/wp-json\/wp\/v2\/posts\/54586\/revisions"}],"wp:attachment":[{"href":"https:\/\/luchonoticias.com\/editor\/wp-json\/wp\/v2\/media?parent=54586"}],"wp:term":[{"taxonomy":"category","embeddable":true,"href":"https:\/\/luchonoticias.com\/editor\/wp-json\/wp\/v2\/categories?post=54586"},{"taxonomy":"post_tag","embeddable":true,"href":"https:\/\/luchonoticias.com\/editor\/wp-json\/wp\/v2\/tags?post=54586"}],"curies":[{"name":"wp","href":"https:\/\/api.w.org\/{rel}","templated":true}]}}