{"id":54588,"date":"2023-06-15T04:38:03","date_gmt":"2023-06-15T09:38:03","guid":{"rendered":"https:\/\/luchonoticias.com\/?p=54588"},"modified":"2023-06-15T04:38:10","modified_gmt":"2023-06-15T09:38:10","slug":"rivales-de-los-huilenses-en-primera-fecha-de-la-copa-de-microfutbol","status":"publish","type":"post","link":"https:\/\/luchonoticias.com\/editor\/rivales-de-los-huilenses-en-primera-fecha-de-la-copa-de-microfutbol\/","title":{"rendered":"Rivales de los huilenses en primera fecha de la Copa de Microf\u00fatbol"},"content":{"rendered":"\n<p>La\u00a0<strong>Federaci\u00f3n Colombiana de F\u00fatbol de Sal\u00f3n\u00a0<\/strong>dio a conocer la programaci\u00f3n de la primera fecha de la\u00a0<strong>Copa Profesional de Microf\u00fatbol<\/strong>, la cual est\u00e1 prevista para comenzar en julio.<\/p>\n\n\n\n<p>En la\u00a0<strong>rama masculina<\/strong>\u00a0el Huila estar\u00e1 presente con tres equipos en el grupo C de la categor\u00eda A,\u00a0<strong>Faraones de Pitalito<\/strong>\u00a0(en la foto) visitar\u00e1 a Micreros de Caquet\u00e1,\u00a0<strong>Real Opita<\/strong>\u00a0recibir\u00e1 a Samaniego de Nari\u00f1o y finalmente\u00a0<strong>Bunkers FS de Rivera<\/strong>\u00a0jugar\u00e1 como visitante ante Orange FS.<\/p>\n\n\n\n<p>Finalmente en las damas&nbsp;<strong>Real Pitalito<\/strong>&nbsp;(quien integra el grupo B de la competencia) visitar\u00e1 a Tolima Syscaf\u00e9.<\/p>\n","protected":false},"excerpt":{"rendered":"<p>La\u00a0Federaci\u00f3n Colombiana de F\u00fatbol de Sal\u00f3n\u00a0dio a conocer la programaci\u00f3n de la primera fecha de la\u00a0Copa Profesional de Microf\u00fatbol, la cual est\u00e1 prevista para comenzar en julio. En la\u00a0rama masculina\u00a0el Huila estar\u00e1 presente con tres equipos en el grupo C de la categor\u00eda A,\u00a0Faraones de Pitalito\u00a0(en la foto) visitar\u00e1 a Micreros de Caquet\u00e1,\u00a0Real Opita\u00a0recibir\u00e1 a [&hellip;]<\/p>\n","protected":false},"author":2,"featured_media":0,"comment_status":"open","ping_status":"open","sticky":false,"template":"","format":"standard","meta":{"footnotes":""},"categories":[34],"tags":[],"class_list":["post-54588","post","type-post","status-publish","format-standard","hentry","category-deportes"],"yoast_head":"<!-- This site is optimized with the Yoast SEO plugin v26.6 - https:\/\/yoast.com\/wordpress\/plugins\/seo\/ -->\n<title>Rivales de los huilenses en primera fecha de la Copa de Microf\u00fatbol -<\/title>\n<meta name=\"robots\" content=\"index, follow, max-snippet:-1, max-image-preview:large, max-video-preview:-1\" \/>\n<link rel=\"canonical\" href=\"https:\/\/luchonoticias.com\/editor\/rivales-de-los-huilenses-en-primera-fecha-de-la-copa-de-microfutbol\/\" \/>\n<meta property=\"og:locale\" content=\"es_ES\" \/>\n<meta property=\"og:type\" content=\"article\" \/>\n<meta property=\"og:title\" content=\"Rivales de los huilenses en primera fecha de la Copa de Microf\u00fatbol -\" \/>\n<meta property=\"og:url\" content=\"https:\/\/luchonoticias.com\/editor\/rivales-de-los-huilenses-en-primera-fecha-de-la-copa-de-microfutbol\/\" \/>\n<meta property=\"article:publisher\" content=\"https:\/\/www.facebook.com\/luchonoticiasneiva\" \/>\n<meta property=\"article:published_time\" content=\"2023-06-15T09:38:03+00:00\" \/>\n<meta property=\"article:modified_time\" content=\"2023-06-15T09:38:10+00:00\" \/>\n<meta name=\"author\" content=\"Editor General\" \/>\n<meta name=\"twitter:card\" content=\"summary_large_image\" \/>\n<meta name=\"twitter:label1\" content=\"Escrito por\" \/>\n\t<meta name=\"twitter:data1\" content=\"Editor General\" \/>\n\t<meta name=\"twitter:label2\" content=\"Tiempo de lectura\" \/>\n\t<meta name=\"twitter:data2\" content=\"1 minuto\" \/>\n<script type=\"application\/ld+json\" class=\"yoast-schema-graph\">{\"@context\":\"https:\/\/schema.org\",\"@graph\":[{\"@type\":\"Article\",\"@id\":\"https:\/\/luchonoticias.com\/editor\/rivales-de-los-huilenses-en-primera-fecha-de-la-copa-de-microfutbol\/#article\",\"isPartOf\":{\"@id\":\"https:\/\/luchonoticias.com\/editor\/rivales-de-los-huilenses-en-primera-fecha-de-la-copa-de-microfutbol\/\"},\"author\":{\"name\":\"Editor General\",\"@id\":\"https:\/\/luchonoticias.com\/editor\/#\/schema\/person\/29217990ddf6f14e35912b2866d591fb\"},\"headline\":\"Rivales de los huilenses en primera fecha de la Copa de Microf\u00fatbol\",\"datePublished\":\"2023-06-15T09:38:03+00:00\",\"dateModified\":\"2023-06-15T09:38:10+00:00\",\"mainEntityOfPage\":{\"@id\":\"https:\/\/luchonoticias.com\/editor\/rivales-de-los-huilenses-en-primera-fecha-de-la-copa-de-microfutbol\/\"},\"wordCount\":119,\"commentCount\":0,\"publisher\":{\"@id\":\"https:\/\/luchonoticias.com\/editor\/#\/schema\/person\/7a7fd911f58561fd056dbac7b55af9cd\"},\"articleSection\":[\"Deportes\"],\"inLanguage\":\"es\",\"potentialAction\":[{\"@type\":\"CommentAction\",\"name\":\"Comment\",\"target\":[\"https:\/\/luchonoticias.com\/editor\/rivales-de-los-huilenses-en-primera-fecha-de-la-copa-de-microfutbol\/#respond\"]}]},{\"@type\":\"WebPage\",\"@id\":\"https:\/\/luchonoticias.com\/editor\/rivales-de-los-huilenses-en-primera-fecha-de-la-copa-de-microfutbol\/\",\"url\":\"https:\/\/luchonoticias.com\/editor\/rivales-de-los-huilenses-en-primera-fecha-de-la-copa-de-microfutbol\/\",\"name\":\"Rivales de los huilenses en primera fecha de la Copa de Microf\u00fatbol -\",\"isPartOf\":{\"@id\":\"https:\/\/luchonoticias.com\/editor\/#website\"},\"datePublished\":\"2023-06-15T09:38:03+00:00\",\"dateModified\":\"2023-06-15T09:38:10+00:00\",\"breadcrumb\":{\"@id\":\"https:\/\/luchonoticias.com\/editor\/rivales-de-los-huilenses-en-primera-fecha-de-la-copa-de-microfutbol\/#breadcrumb\"},\"inLanguage\":\"es\",\"potentialAction\":[{\"@type\":\"ReadAction\",\"target\":[\"https:\/\/luchonoticias.com\/editor\/rivales-de-los-huilenses-en-primera-fecha-de-la-copa-de-microfutbol\/\"]}]},{\"@type\":\"BreadcrumbList\",\"@id\":\"https:\/\/luchonoticias.com\/editor\/rivales-de-los-huilenses-en-primera-fecha-de-la-copa-de-microfutbol\/#breadcrumb\",\"itemListElement\":[{\"@type\":\"ListItem\",\"position\":1,\"name\":\"Portada\",\"item\":\"https:\/\/luchonoticias.com\/editor\/\"},{\"@type\":\"ListItem\",\"position\":2,\"name\":\"Rivales de los huilenses en primera fecha de la Copa de Microf\u00fatbol\"}]},{\"@type\":\"WebSite\",\"@id\":\"https:\/\/luchonoticias.com\/editor\/#website\",\"url\":\"https:\/\/luchonoticias.com\/editor\/\",\"name\":\"\",\"description\":\"\",\"publisher\":{\"@id\":\"https:\/\/luchonoticias.com\/editor\/#\/schema\/person\/7a7fd911f58561fd056dbac7b55af9cd\"},\"potentialAction\":[{\"@type\":\"SearchAction\",\"target\":{\"@type\":\"EntryPoint\",\"urlTemplate\":\"https:\/\/luchonoticias.com\/editor\/?s={search_term_string}\"},\"query-input\":{\"@type\":\"PropertyValueSpecification\",\"valueRequired\":true,\"valueName\":\"search_term_string\"}}],\"inLanguage\":\"es\"},{\"@type\":[\"Person\",\"Organization\"],\"@id\":\"https:\/\/luchonoticias.com\/editor\/#\/schema\/person\/7a7fd911f58561fd056dbac7b55af9cd\",\"name\":\"admin\",\"image\":{\"@type\":\"ImageObject\",\"inLanguage\":\"es\",\"@id\":\"https:\/\/luchonoticias.com\/editor\/#\/schema\/person\/image\/\",\"url\":\"https:\/\/luchonoticias.com\/editor\/wp-content\/uploads\/2024\/02\/cropped-cropped-logolu.webp\",\"contentUrl\":\"https:\/\/luchonoticias.com\/editor\/wp-content\/uploads\/2024\/02\/cropped-cropped-logolu.webp\",\"width\":382,\"height\":170,\"caption\":\"admin\"},\"logo\":{\"@id\":\"https:\/\/luchonoticias.com\/editor\/#\/schema\/person\/image\/\"},\"sameAs\":[\"https:\/\/www.facebook.com\/luchonoticiasneiva\"]},{\"@type\":\"Person\",\"@id\":\"https:\/\/luchonoticias.com\/editor\/#\/schema\/person\/29217990ddf6f14e35912b2866d591fb\",\"name\":\"Editor General\",\"image\":{\"@type\":\"ImageObject\",\"inLanguage\":\"es\",\"@id\":\"https:\/\/luchonoticias.com\/editor\/#\/schema\/person\/image\/\",\"url\":\"https:\/\/luchonoticias.com\/editor\/wp-content\/uploads\/2024\/02\/cropped-cropped-logolu-150x150.webp\",\"contentUrl\":\"https:\/\/luchonoticias.com\/editor\/wp-content\/uploads\/2024\/02\/cropped-cropped-logolu-150x150.webp\",\"caption\":\"Editor General\"},\"sameAs\":[\"https:\/\/luchonoticias.com\/\"],\"url\":\"https:\/\/luchonoticias.com\/editor\/author\/editor-general\/\"}]}<\/script>\n<!-- \/ Yoast SEO plugin. -->","yoast_head_json":{"title":"Rivales de los huilenses en primera fecha de la Copa de Microf\u00fatbol -","robots":{"index":"index","follow":"follow","max-snippet":"max-snippet:-1","max-image-preview":"max-image-preview:large","max-video-preview":"max-video-preview:-1"},"canonical":"https:\/\/luchonoticias.com\/editor\/rivales-de-los-huilenses-en-primera-fecha-de-la-copa-de-microfutbol\/","og_locale":"es_ES","og_type":"article","og_title":"Rivales de los huilenses en primera fecha de la Copa de Microf\u00fatbol -","og_url":"https:\/\/luchonoticias.com\/editor\/rivales-de-los-huilenses-en-primera-fecha-de-la-copa-de-microfutbol\/","article_publisher":"https:\/\/www.facebook.com\/luchonoticiasneiva","article_published_time":"2023-06-15T09:38:03+00:00","article_modified_time":"2023-06-15T09:38:10+00:00","author":"Editor General","twitter_card":"summary_large_image","twitter_misc":{"Escrito por":"Editor General","Tiempo de lectura":"1 minuto"},"schema":{"@context":"https:\/\/schema.org","@graph":[{"@type":"Article","@id":"https:\/\/luchonoticias.com\/editor\/rivales-de-los-huilenses-en-primera-fecha-de-la-copa-de-microfutbol\/#article","isPartOf":{"@id":"https:\/\/luchonoticias.com\/editor\/rivales-de-los-huilenses-en-primera-fecha-de-la-copa-de-microfutbol\/"},"author":{"name":"Editor General","@id":"https:\/\/luchonoticias.com\/editor\/#\/schema\/person\/29217990ddf6f14e35912b2866d591fb"},"headline":"Rivales de los huilenses en primera fecha de la Copa de Microf\u00fatbol","datePublished":"2023-06-15T09:38:03+00:00","dateModified":"2023-06-15T09:38:10+00:00","mainEntityOfPage":{"@id":"https:\/\/luchonoticias.com\/editor\/rivales-de-los-huilenses-en-primera-fecha-de-la-copa-de-microfutbol\/"},"wordCount":119,"commentCount":0,"publisher":{"@id":"https:\/\/luchonoticias.com\/editor\/#\/schema\/person\/7a7fd911f58561fd056dbac7b55af9cd"},"articleSection":["Deportes"],"inLanguage":"es","potentialAction":[{"@type":"CommentAction","name":"Comment","target":["https:\/\/luchonoticias.com\/editor\/rivales-de-los-huilenses-en-primera-fecha-de-la-copa-de-microfutbol\/#respond"]}]},{"@type":"WebPage","@id":"https:\/\/luchonoticias.com\/editor\/rivales-de-los-huilenses-en-primera-fecha-de-la-copa-de-microfutbol\/","url":"https:\/\/luchonoticias.com\/editor\/rivales-de-los-huilenses-en-primera-fecha-de-la-copa-de-microfutbol\/","name":"Rivales de los huilenses en primera fecha de la Copa de Microf\u00fatbol -","isPartOf":{"@id":"https:\/\/luchonoticias.com\/editor\/#website"},"datePublished":"2023-06-15T09:38:03+00:00","dateModified":"2023-06-15T09:38:10+00:00","breadcrumb":{"@id":"https:\/\/luchonoticias.com\/editor\/rivales-de-los-huilenses-en-primera-fecha-de-la-copa-de-microfutbol\/#breadcrumb"},"inLanguage":"es","potentialAction":[{"@type":"ReadAction","target":["https:\/\/luchonoticias.com\/editor\/rivales-de-los-huilenses-en-primera-fecha-de-la-copa-de-microfutbol\/"]}]},{"@type":"BreadcrumbList","@id":"https:\/\/luchonoticias.com\/editor\/rivales-de-los-huilenses-en-primera-fecha-de-la-copa-de-microfutbol\/#breadcrumb","itemListElement":[{"@type":"ListItem","position":1,"name":"Portada","item":"https:\/\/luchonoticias.com\/editor\/"},{"@type":"ListItem","position":2,"name":"Rivales de los huilenses en primera fecha de la Copa de Microf\u00fatbol"}]},{"@type":"WebSite","@id":"https:\/\/luchonoticias.com\/editor\/#website","url":"https:\/\/luchonoticias.com\/editor\/","name":"","description":"","publisher":{"@id":"https:\/\/luchonoticias.com\/editor\/#\/schema\/person\/7a7fd911f58561fd056dbac7b55af9cd"},"potentialAction":[{"@type":"SearchAction","target":{"@type":"EntryPoint","urlTemplate":"https:\/\/luchonoticias.com\/editor\/?s={search_term_string}"},"query-input":{"@type":"PropertyValueSpecification","valueRequired":true,"valueName":"search_term_string"}}],"inLanguage":"es"},{"@type":["Person","Organization"],"@id":"https:\/\/luchonoticias.com\/editor\/#\/schema\/person\/7a7fd911f58561fd056dbac7b55af9cd","name":"admin","image":{"@type":"ImageObject","inLanguage":"es","@id":"https:\/\/luchonoticias.com\/editor\/#\/schema\/person\/image\/","url":"https:\/\/luchonoticias.com\/editor\/wp-content\/uploads\/2024\/02\/cropped-cropped-logolu.webp","contentUrl":"https:\/\/luchonoticias.com\/editor\/wp-content\/uploads\/2024\/02\/cropped-cropped-logolu.webp","width":382,"height":170,"caption":"admin"},"logo":{"@id":"https:\/\/luchonoticias.com\/editor\/#\/schema\/person\/image\/"},"sameAs":["https:\/\/www.facebook.com\/luchonoticiasneiva"]},{"@type":"Person","@id":"https:\/\/luchonoticias.com\/editor\/#\/schema\/person\/29217990ddf6f14e35912b2866d591fb","name":"Editor General","image":{"@type":"ImageObject","inLanguage":"es","@id":"https:\/\/luchonoticias.com\/editor\/#\/schema\/person\/image\/","url":"https:\/\/luchonoticias.com\/editor\/wp-content\/uploads\/2024\/02\/cropped-cropped-logolu-150x150.webp","contentUrl":"https:\/\/luchonoticias.com\/editor\/wp-content\/uploads\/2024\/02\/cropped-cropped-logolu-150x150.webp","caption":"Editor General"},"sameAs":["https:\/\/luchonoticias.com\/"],"url":"https:\/\/luchonoticias.com\/editor\/author\/editor-general\/"}]}},"_links":{"self":[{"href":"https:\/\/luchonoticias.com\/editor\/wp-json\/wp\/v2\/posts\/54588","targetHints":{"allow":["GET"]}}],"collection":[{"href":"https:\/\/luchonoticias.com\/editor\/wp-json\/wp\/v2\/posts"}],"about":[{"href":"https:\/\/luchonoticias.com\/editor\/wp-json\/wp\/v2\/types\/post"}],"author":[{"embeddable":true,"href":"https:\/\/luchonoticias.com\/editor\/wp-json\/wp\/v2\/users\/2"}],"replies":[{"embeddable":true,"href":"https:\/\/luchonoticias.com\/editor\/wp-json\/wp\/v2\/comments?post=54588"}],"version-history":[{"count":0,"href":"https:\/\/luchonoticias.com\/editor\/wp-json\/wp\/v2\/posts\/54588\/revisions"}],"wp:attachment":[{"href":"https:\/\/luchonoticias.com\/editor\/wp-json\/wp\/v2\/media?parent=54588"}],"wp:term":[{"taxonomy":"category","embeddable":true,"href":"https:\/\/luchonoticias.com\/editor\/wp-json\/wp\/v2\/categories?post=54588"},{"taxonomy":"post_tag","embeddable":true,"href":"https:\/\/luchonoticias.com\/editor\/wp-json\/wp\/v2\/tags?post=54588"}],"curies":[{"name":"wp","href":"https:\/\/api.w.org\/{rel}","templated":true}]}}