{"id":54590,"date":"2023-06-15T04:41:19","date_gmt":"2023-06-15T09:41:19","guid":{"rendered":"https:\/\/luchonoticias.com\/?p=54590"},"modified":"2023-06-15T04:41:30","modified_gmt":"2023-06-15T09:41:30","slug":"huilenses-tuvieron-segunda-fecha-del-campeonato-interclubes-sub-13","status":"publish","type":"post","link":"https:\/\/luchonoticias.com\/editor\/huilenses-tuvieron-segunda-fecha-del-campeonato-interclubes-sub-13\/","title":{"rendered":"Huilenses tuvieron segunda fecha del campeonato interclubes sub &#8211; 13"},"content":{"rendered":"\n<p>Este fin de semana se cumpli\u00f3 la\u00a0<strong>segunda fecha\u00a0<\/strong>del grupo 32 del\u00a0<strong>Campeonato Nacional Interclubes sub \u2013 13,<\/strong>\u00a0donde hacen presencia los equipos del Huila.<\/p>\n\n\n\n<p>La noticia de la jornada fue el\u00a0<strong>debut en el torneo de Juli\u00e1n D\u00edaz<\/strong>\u00a0(en la foto)que por temas de calendario ten\u00eda fecha de descanso; superando 2:1 a Opitas FC.<\/p>\n\n\n\n<p>En otros resultados el&nbsp;<strong>\u00c9lite FC<\/strong>&nbsp;venci\u00f3 por goleada 4:0 a Sporting Caquet\u00e1 mientras que el&nbsp;<strong>Aston Huila<\/strong>&nbsp;derrot\u00f3 2:1 al Teacher Berr\u00edo.<\/p>\n\n\n\n<p>Ya en el tema de la&nbsp;<strong>clasificaci\u00f3n general&nbsp;<\/strong>y jugadas dos fechas,&nbsp;<strong>\u00c9lite FC y Aston Huila tienen seis puntos respectivamente&nbsp;<\/strong>mientras que Juli\u00e1n D\u00edaz lleg\u00f3 a sus tres primeras unidades.<\/p>\n","protected":false},"excerpt":{"rendered":"<p>Este fin de semana se cumpli\u00f3 la\u00a0segunda fecha\u00a0del grupo 32 del\u00a0Campeonato Nacional Interclubes sub \u2013 13,\u00a0donde hacen presencia los equipos del Huila. La noticia de la jornada fue el\u00a0debut en el torneo de Juli\u00e1n D\u00edaz\u00a0(en la foto)que por temas de calendario ten\u00eda fecha de descanso; superando 2:1 a Opitas FC. En otros resultados el&nbsp;\u00c9lite FC&nbsp;venci\u00f3 [&hellip;]<\/p>\n","protected":false},"author":2,"featured_media":0,"comment_status":"open","ping_status":"open","sticky":false,"template":"","format":"standard","meta":{"footnotes":""},"categories":[34],"tags":[],"class_list":["post-54590","post","type-post","status-publish","format-standard","hentry","category-deportes"],"yoast_head":"<!-- This site is optimized with the Yoast SEO plugin v26.6 - https:\/\/yoast.com\/wordpress\/plugins\/seo\/ -->\n<title>Huilenses tuvieron segunda fecha del campeonato interclubes sub - 13 -<\/title>\n<meta name=\"robots\" content=\"index, follow, max-snippet:-1, max-image-preview:large, max-video-preview:-1\" \/>\n<link rel=\"canonical\" href=\"https:\/\/luchonoticias.com\/editor\/huilenses-tuvieron-segunda-fecha-del-campeonato-interclubes-sub-13\/\" \/>\n<meta property=\"og:locale\" content=\"es_ES\" \/>\n<meta property=\"og:type\" content=\"article\" \/>\n<meta property=\"og:title\" content=\"Huilenses tuvieron segunda fecha del campeonato interclubes sub - 13 -\" \/>\n<meta property=\"og:url\" content=\"https:\/\/luchonoticias.com\/editor\/huilenses-tuvieron-segunda-fecha-del-campeonato-interclubes-sub-13\/\" \/>\n<meta property=\"article:publisher\" content=\"https:\/\/www.facebook.com\/luchonoticiasneiva\" \/>\n<meta property=\"article:published_time\" content=\"2023-06-15T09:41:19+00:00\" \/>\n<meta property=\"article:modified_time\" content=\"2023-06-15T09:41:30+00:00\" \/>\n<meta name=\"author\" content=\"Editor General\" \/>\n<meta name=\"twitter:card\" content=\"summary_large_image\" \/>\n<meta name=\"twitter:label1\" content=\"Escrito por\" \/>\n\t<meta name=\"twitter:data1\" content=\"Editor General\" \/>\n\t<meta name=\"twitter:label2\" content=\"Tiempo de lectura\" \/>\n\t<meta name=\"twitter:data2\" content=\"1 minuto\" \/>\n<script type=\"application\/ld+json\" class=\"yoast-schema-graph\">{\"@context\":\"https:\/\/schema.org\",\"@graph\":[{\"@type\":\"Article\",\"@id\":\"https:\/\/luchonoticias.com\/editor\/huilenses-tuvieron-segunda-fecha-del-campeonato-interclubes-sub-13\/#article\",\"isPartOf\":{\"@id\":\"https:\/\/luchonoticias.com\/editor\/huilenses-tuvieron-segunda-fecha-del-campeonato-interclubes-sub-13\/\"},\"author\":{\"name\":\"Editor General\",\"@id\":\"https:\/\/luchonoticias.com\/editor\/#\/schema\/person\/29217990ddf6f14e35912b2866d591fb\"},\"headline\":\"Huilenses tuvieron segunda fecha del campeonato interclubes sub &#8211; 13\",\"datePublished\":\"2023-06-15T09:41:19+00:00\",\"dateModified\":\"2023-06-15T09:41:30+00:00\",\"mainEntityOfPage\":{\"@id\":\"https:\/\/luchonoticias.com\/editor\/huilenses-tuvieron-segunda-fecha-del-campeonato-interclubes-sub-13\/\"},\"wordCount\":129,\"commentCount\":0,\"publisher\":{\"@id\":\"https:\/\/luchonoticias.com\/editor\/#\/schema\/person\/7a7fd911f58561fd056dbac7b55af9cd\"},\"articleSection\":[\"Deportes\"],\"inLanguage\":\"es\",\"potentialAction\":[{\"@type\":\"CommentAction\",\"name\":\"Comment\",\"target\":[\"https:\/\/luchonoticias.com\/editor\/huilenses-tuvieron-segunda-fecha-del-campeonato-interclubes-sub-13\/#respond\"]}]},{\"@type\":\"WebPage\",\"@id\":\"https:\/\/luchonoticias.com\/editor\/huilenses-tuvieron-segunda-fecha-del-campeonato-interclubes-sub-13\/\",\"url\":\"https:\/\/luchonoticias.com\/editor\/huilenses-tuvieron-segunda-fecha-del-campeonato-interclubes-sub-13\/\",\"name\":\"Huilenses tuvieron segunda fecha del campeonato interclubes sub - 13 -\",\"isPartOf\":{\"@id\":\"https:\/\/luchonoticias.com\/editor\/#website\"},\"datePublished\":\"2023-06-15T09:41:19+00:00\",\"dateModified\":\"2023-06-15T09:41:30+00:00\",\"breadcrumb\":{\"@id\":\"https:\/\/luchonoticias.com\/editor\/huilenses-tuvieron-segunda-fecha-del-campeonato-interclubes-sub-13\/#breadcrumb\"},\"inLanguage\":\"es\",\"potentialAction\":[{\"@type\":\"ReadAction\",\"target\":[\"https:\/\/luchonoticias.com\/editor\/huilenses-tuvieron-segunda-fecha-del-campeonato-interclubes-sub-13\/\"]}]},{\"@type\":\"BreadcrumbList\",\"@id\":\"https:\/\/luchonoticias.com\/editor\/huilenses-tuvieron-segunda-fecha-del-campeonato-interclubes-sub-13\/#breadcrumb\",\"itemListElement\":[{\"@type\":\"ListItem\",\"position\":1,\"name\":\"Portada\",\"item\":\"https:\/\/luchonoticias.com\/editor\/\"},{\"@type\":\"ListItem\",\"position\":2,\"name\":\"Huilenses tuvieron segunda fecha del campeonato interclubes sub &#8211; 13\"}]},{\"@type\":\"WebSite\",\"@id\":\"https:\/\/luchonoticias.com\/editor\/#website\",\"url\":\"https:\/\/luchonoticias.com\/editor\/\",\"name\":\"\",\"description\":\"\",\"publisher\":{\"@id\":\"https:\/\/luchonoticias.com\/editor\/#\/schema\/person\/7a7fd911f58561fd056dbac7b55af9cd\"},\"potentialAction\":[{\"@type\":\"SearchAction\",\"target\":{\"@type\":\"EntryPoint\",\"urlTemplate\":\"https:\/\/luchonoticias.com\/editor\/?s={search_term_string}\"},\"query-input\":{\"@type\":\"PropertyValueSpecification\",\"valueRequired\":true,\"valueName\":\"search_term_string\"}}],\"inLanguage\":\"es\"},{\"@type\":[\"Person\",\"Organization\"],\"@id\":\"https:\/\/luchonoticias.com\/editor\/#\/schema\/person\/7a7fd911f58561fd056dbac7b55af9cd\",\"name\":\"admin\",\"image\":{\"@type\":\"ImageObject\",\"inLanguage\":\"es\",\"@id\":\"https:\/\/luchonoticias.com\/editor\/#\/schema\/person\/image\/\",\"url\":\"https:\/\/luchonoticias.com\/editor\/wp-content\/uploads\/2024\/02\/cropped-cropped-logolu.webp\",\"contentUrl\":\"https:\/\/luchonoticias.com\/editor\/wp-content\/uploads\/2024\/02\/cropped-cropped-logolu.webp\",\"width\":382,\"height\":170,\"caption\":\"admin\"},\"logo\":{\"@id\":\"https:\/\/luchonoticias.com\/editor\/#\/schema\/person\/image\/\"},\"sameAs\":[\"https:\/\/www.facebook.com\/luchonoticiasneiva\"]},{\"@type\":\"Person\",\"@id\":\"https:\/\/luchonoticias.com\/editor\/#\/schema\/person\/29217990ddf6f14e35912b2866d591fb\",\"name\":\"Editor General\",\"image\":{\"@type\":\"ImageObject\",\"inLanguage\":\"es\",\"@id\":\"https:\/\/luchonoticias.com\/editor\/#\/schema\/person\/image\/\",\"url\":\"https:\/\/luchonoticias.com\/editor\/wp-content\/uploads\/2024\/02\/cropped-cropped-logolu-150x150.webp\",\"contentUrl\":\"https:\/\/luchonoticias.com\/editor\/wp-content\/uploads\/2024\/02\/cropped-cropped-logolu-150x150.webp\",\"caption\":\"Editor General\"},\"sameAs\":[\"https:\/\/luchonoticias.com\/\"],\"url\":\"https:\/\/luchonoticias.com\/editor\/author\/editor-general\/\"}]}<\/script>\n<!-- \/ Yoast SEO plugin. -->","yoast_head_json":{"title":"Huilenses tuvieron segunda fecha del campeonato interclubes sub - 13 -","robots":{"index":"index","follow":"follow","max-snippet":"max-snippet:-1","max-image-preview":"max-image-preview:large","max-video-preview":"max-video-preview:-1"},"canonical":"https:\/\/luchonoticias.com\/editor\/huilenses-tuvieron-segunda-fecha-del-campeonato-interclubes-sub-13\/","og_locale":"es_ES","og_type":"article","og_title":"Huilenses tuvieron segunda fecha del campeonato interclubes sub - 13 -","og_url":"https:\/\/luchonoticias.com\/editor\/huilenses-tuvieron-segunda-fecha-del-campeonato-interclubes-sub-13\/","article_publisher":"https:\/\/www.facebook.com\/luchonoticiasneiva","article_published_time":"2023-06-15T09:41:19+00:00","article_modified_time":"2023-06-15T09:41:30+00:00","author":"Editor General","twitter_card":"summary_large_image","twitter_misc":{"Escrito por":"Editor General","Tiempo de lectura":"1 minuto"},"schema":{"@context":"https:\/\/schema.org","@graph":[{"@type":"Article","@id":"https:\/\/luchonoticias.com\/editor\/huilenses-tuvieron-segunda-fecha-del-campeonato-interclubes-sub-13\/#article","isPartOf":{"@id":"https:\/\/luchonoticias.com\/editor\/huilenses-tuvieron-segunda-fecha-del-campeonato-interclubes-sub-13\/"},"author":{"name":"Editor General","@id":"https:\/\/luchonoticias.com\/editor\/#\/schema\/person\/29217990ddf6f14e35912b2866d591fb"},"headline":"Huilenses tuvieron segunda fecha del campeonato interclubes sub &#8211; 13","datePublished":"2023-06-15T09:41:19+00:00","dateModified":"2023-06-15T09:41:30+00:00","mainEntityOfPage":{"@id":"https:\/\/luchonoticias.com\/editor\/huilenses-tuvieron-segunda-fecha-del-campeonato-interclubes-sub-13\/"},"wordCount":129,"commentCount":0,"publisher":{"@id":"https:\/\/luchonoticias.com\/editor\/#\/schema\/person\/7a7fd911f58561fd056dbac7b55af9cd"},"articleSection":["Deportes"],"inLanguage":"es","potentialAction":[{"@type":"CommentAction","name":"Comment","target":["https:\/\/luchonoticias.com\/editor\/huilenses-tuvieron-segunda-fecha-del-campeonato-interclubes-sub-13\/#respond"]}]},{"@type":"WebPage","@id":"https:\/\/luchonoticias.com\/editor\/huilenses-tuvieron-segunda-fecha-del-campeonato-interclubes-sub-13\/","url":"https:\/\/luchonoticias.com\/editor\/huilenses-tuvieron-segunda-fecha-del-campeonato-interclubes-sub-13\/","name":"Huilenses tuvieron segunda fecha del campeonato interclubes sub - 13 -","isPartOf":{"@id":"https:\/\/luchonoticias.com\/editor\/#website"},"datePublished":"2023-06-15T09:41:19+00:00","dateModified":"2023-06-15T09:41:30+00:00","breadcrumb":{"@id":"https:\/\/luchonoticias.com\/editor\/huilenses-tuvieron-segunda-fecha-del-campeonato-interclubes-sub-13\/#breadcrumb"},"inLanguage":"es","potentialAction":[{"@type":"ReadAction","target":["https:\/\/luchonoticias.com\/editor\/huilenses-tuvieron-segunda-fecha-del-campeonato-interclubes-sub-13\/"]}]},{"@type":"BreadcrumbList","@id":"https:\/\/luchonoticias.com\/editor\/huilenses-tuvieron-segunda-fecha-del-campeonato-interclubes-sub-13\/#breadcrumb","itemListElement":[{"@type":"ListItem","position":1,"name":"Portada","item":"https:\/\/luchonoticias.com\/editor\/"},{"@type":"ListItem","position":2,"name":"Huilenses tuvieron segunda fecha del campeonato interclubes sub &#8211; 13"}]},{"@type":"WebSite","@id":"https:\/\/luchonoticias.com\/editor\/#website","url":"https:\/\/luchonoticias.com\/editor\/","name":"","description":"","publisher":{"@id":"https:\/\/luchonoticias.com\/editor\/#\/schema\/person\/7a7fd911f58561fd056dbac7b55af9cd"},"potentialAction":[{"@type":"SearchAction","target":{"@type":"EntryPoint","urlTemplate":"https:\/\/luchonoticias.com\/editor\/?s={search_term_string}"},"query-input":{"@type":"PropertyValueSpecification","valueRequired":true,"valueName":"search_term_string"}}],"inLanguage":"es"},{"@type":["Person","Organization"],"@id":"https:\/\/luchonoticias.com\/editor\/#\/schema\/person\/7a7fd911f58561fd056dbac7b55af9cd","name":"admin","image":{"@type":"ImageObject","inLanguage":"es","@id":"https:\/\/luchonoticias.com\/editor\/#\/schema\/person\/image\/","url":"https:\/\/luchonoticias.com\/editor\/wp-content\/uploads\/2024\/02\/cropped-cropped-logolu.webp","contentUrl":"https:\/\/luchonoticias.com\/editor\/wp-content\/uploads\/2024\/02\/cropped-cropped-logolu.webp","width":382,"height":170,"caption":"admin"},"logo":{"@id":"https:\/\/luchonoticias.com\/editor\/#\/schema\/person\/image\/"},"sameAs":["https:\/\/www.facebook.com\/luchonoticiasneiva"]},{"@type":"Person","@id":"https:\/\/luchonoticias.com\/editor\/#\/schema\/person\/29217990ddf6f14e35912b2866d591fb","name":"Editor General","image":{"@type":"ImageObject","inLanguage":"es","@id":"https:\/\/luchonoticias.com\/editor\/#\/schema\/person\/image\/","url":"https:\/\/luchonoticias.com\/editor\/wp-content\/uploads\/2024\/02\/cropped-cropped-logolu-150x150.webp","contentUrl":"https:\/\/luchonoticias.com\/editor\/wp-content\/uploads\/2024\/02\/cropped-cropped-logolu-150x150.webp","caption":"Editor General"},"sameAs":["https:\/\/luchonoticias.com\/"],"url":"https:\/\/luchonoticias.com\/editor\/author\/editor-general\/"}]}},"_links":{"self":[{"href":"https:\/\/luchonoticias.com\/editor\/wp-json\/wp\/v2\/posts\/54590","targetHints":{"allow":["GET"]}}],"collection":[{"href":"https:\/\/luchonoticias.com\/editor\/wp-json\/wp\/v2\/posts"}],"about":[{"href":"https:\/\/luchonoticias.com\/editor\/wp-json\/wp\/v2\/types\/post"}],"author":[{"embeddable":true,"href":"https:\/\/luchonoticias.com\/editor\/wp-json\/wp\/v2\/users\/2"}],"replies":[{"embeddable":true,"href":"https:\/\/luchonoticias.com\/editor\/wp-json\/wp\/v2\/comments?post=54590"}],"version-history":[{"count":0,"href":"https:\/\/luchonoticias.com\/editor\/wp-json\/wp\/v2\/posts\/54590\/revisions"}],"wp:attachment":[{"href":"https:\/\/luchonoticias.com\/editor\/wp-json\/wp\/v2\/media?parent=54590"}],"wp:term":[{"taxonomy":"category","embeddable":true,"href":"https:\/\/luchonoticias.com\/editor\/wp-json\/wp\/v2\/categories?post=54590"},{"taxonomy":"post_tag","embeddable":true,"href":"https:\/\/luchonoticias.com\/editor\/wp-json\/wp\/v2\/tags?post=54590"}],"curies":[{"name":"wp","href":"https:\/\/api.w.org\/{rel}","templated":true}]}}