{"id":54593,"date":"2023-06-15T04:45:13","date_gmt":"2023-06-15T09:45:13","guid":{"rendered":"https:\/\/luchonoticias.com\/?p=54593"},"modified":"2023-06-15T04:45:24","modified_gmt":"2023-06-15T09:45:24","slug":"vanegas-se-consolida-segundo-en-la-rotax-max","status":"publish","type":"post","link":"https:\/\/luchonoticias.com\/editor\/vanegas-se-consolida-segundo-en-la-rotax-max\/","title":{"rendered":"Vanegas se consolida segundo en la Rotax Max"},"content":{"rendered":"\n<p>La organizaci\u00f3n del\u00a0<strong>campeonato Rotax Max de kartismo<\/strong>\u00a0dio a conocer las\u00a0<strong>clasificaciones\u00a0<\/strong>del torneo tras cumplirse la octava fecha.<\/p>\n\n\n\n<p>En el caso de los huilenses la noticia es el\u00a0<strong>segundo lugar de Sebasti\u00e1n Vanegas<\/strong>\u00a0en la\u00a0<strong>categor\u00eda junior con 89 puntos<\/strong>, esto tras su podio en la anterior jornada.<\/p>\n\n\n\n<p><strong>Luis Uma\u00f1a<\/strong>&nbsp;con 130 unidades es el&nbsp;<strong>puntero de la categor\u00eda<\/strong>&nbsp;en la que tambi\u00e9n est\u00e1 Sebasti\u00e1n \u2018Tat\u00e1n\u2019 Garz\u00f3n que pese a no correr las dos \u00faltimas fechas clasifica tercero con 77 puntos; la pr\u00f3xima fecha ser\u00e1 el 8 de julio bajo modalidad de duraci\u00f3n.<\/p>\n","protected":false},"excerpt":{"rendered":"<p>La organizaci\u00f3n del\u00a0campeonato Rotax Max de kartismo\u00a0dio a conocer las\u00a0clasificaciones\u00a0del torneo tras cumplirse la octava fecha. En el caso de los huilenses la noticia es el\u00a0segundo lugar de Sebasti\u00e1n Vanegas\u00a0en la\u00a0categor\u00eda junior con 89 puntos, esto tras su podio en la anterior jornada. Luis Uma\u00f1a&nbsp;con 130 unidades es el&nbsp;puntero de la categor\u00eda&nbsp;en la que tambi\u00e9n [&hellip;]<\/p>\n","protected":false},"author":2,"featured_media":0,"comment_status":"open","ping_status":"open","sticky":false,"template":"","format":"standard","meta":{"footnotes":""},"categories":[34],"tags":[],"class_list":["post-54593","post","type-post","status-publish","format-standard","hentry","category-deportes"],"yoast_head":"<!-- This site is optimized with the Yoast SEO plugin v26.6 - https:\/\/yoast.com\/wordpress\/plugins\/seo\/ -->\n<title>Vanegas se consolida segundo en la Rotax Max -<\/title>\n<meta name=\"robots\" content=\"index, follow, max-snippet:-1, max-image-preview:large, max-video-preview:-1\" \/>\n<link rel=\"canonical\" href=\"https:\/\/luchonoticias.com\/editor\/vanegas-se-consolida-segundo-en-la-rotax-max\/\" \/>\n<meta property=\"og:locale\" content=\"es_ES\" \/>\n<meta property=\"og:type\" content=\"article\" \/>\n<meta property=\"og:title\" content=\"Vanegas se consolida segundo en la Rotax Max -\" \/>\n<meta property=\"og:url\" content=\"https:\/\/luchonoticias.com\/editor\/vanegas-se-consolida-segundo-en-la-rotax-max\/\" \/>\n<meta property=\"article:publisher\" content=\"https:\/\/www.facebook.com\/luchonoticiasneiva\" \/>\n<meta property=\"article:published_time\" content=\"2023-06-15T09:45:13+00:00\" \/>\n<meta property=\"article:modified_time\" content=\"2023-06-15T09:45:24+00:00\" \/>\n<meta name=\"author\" content=\"Editor General\" \/>\n<meta name=\"twitter:card\" content=\"summary_large_image\" \/>\n<meta name=\"twitter:label1\" content=\"Escrito por\" \/>\n\t<meta name=\"twitter:data1\" content=\"Editor General\" \/>\n\t<meta name=\"twitter:label2\" content=\"Tiempo de lectura\" \/>\n\t<meta name=\"twitter:data2\" content=\"1 minuto\" \/>\n<script type=\"application\/ld+json\" class=\"yoast-schema-graph\">{\"@context\":\"https:\/\/schema.org\",\"@graph\":[{\"@type\":\"Article\",\"@id\":\"https:\/\/luchonoticias.com\/editor\/vanegas-se-consolida-segundo-en-la-rotax-max\/#article\",\"isPartOf\":{\"@id\":\"https:\/\/luchonoticias.com\/editor\/vanegas-se-consolida-segundo-en-la-rotax-max\/\"},\"author\":{\"name\":\"Editor General\",\"@id\":\"https:\/\/luchonoticias.com\/editor\/#\/schema\/person\/29217990ddf6f14e35912b2866d591fb\"},\"headline\":\"Vanegas se consolida segundo en la Rotax Max\",\"datePublished\":\"2023-06-15T09:45:13+00:00\",\"dateModified\":\"2023-06-15T09:45:24+00:00\",\"mainEntityOfPage\":{\"@id\":\"https:\/\/luchonoticias.com\/editor\/vanegas-se-consolida-segundo-en-la-rotax-max\/\"},\"wordCount\":113,\"commentCount\":0,\"publisher\":{\"@id\":\"https:\/\/luchonoticias.com\/editor\/#\/schema\/person\/7a7fd911f58561fd056dbac7b55af9cd\"},\"articleSection\":[\"Deportes\"],\"inLanguage\":\"es\",\"potentialAction\":[{\"@type\":\"CommentAction\",\"name\":\"Comment\",\"target\":[\"https:\/\/luchonoticias.com\/editor\/vanegas-se-consolida-segundo-en-la-rotax-max\/#respond\"]}]},{\"@type\":\"WebPage\",\"@id\":\"https:\/\/luchonoticias.com\/editor\/vanegas-se-consolida-segundo-en-la-rotax-max\/\",\"url\":\"https:\/\/luchonoticias.com\/editor\/vanegas-se-consolida-segundo-en-la-rotax-max\/\",\"name\":\"Vanegas se consolida segundo en la Rotax Max -\",\"isPartOf\":{\"@id\":\"https:\/\/luchonoticias.com\/editor\/#website\"},\"datePublished\":\"2023-06-15T09:45:13+00:00\",\"dateModified\":\"2023-06-15T09:45:24+00:00\",\"breadcrumb\":{\"@id\":\"https:\/\/luchonoticias.com\/editor\/vanegas-se-consolida-segundo-en-la-rotax-max\/#breadcrumb\"},\"inLanguage\":\"es\",\"potentialAction\":[{\"@type\":\"ReadAction\",\"target\":[\"https:\/\/luchonoticias.com\/editor\/vanegas-se-consolida-segundo-en-la-rotax-max\/\"]}]},{\"@type\":\"BreadcrumbList\",\"@id\":\"https:\/\/luchonoticias.com\/editor\/vanegas-se-consolida-segundo-en-la-rotax-max\/#breadcrumb\",\"itemListElement\":[{\"@type\":\"ListItem\",\"position\":1,\"name\":\"Portada\",\"item\":\"https:\/\/luchonoticias.com\/editor\/\"},{\"@type\":\"ListItem\",\"position\":2,\"name\":\"Vanegas se consolida segundo en la Rotax Max\"}]},{\"@type\":\"WebSite\",\"@id\":\"https:\/\/luchonoticias.com\/editor\/#website\",\"url\":\"https:\/\/luchonoticias.com\/editor\/\",\"name\":\"\",\"description\":\"\",\"publisher\":{\"@id\":\"https:\/\/luchonoticias.com\/editor\/#\/schema\/person\/7a7fd911f58561fd056dbac7b55af9cd\"},\"potentialAction\":[{\"@type\":\"SearchAction\",\"target\":{\"@type\":\"EntryPoint\",\"urlTemplate\":\"https:\/\/luchonoticias.com\/editor\/?s={search_term_string}\"},\"query-input\":{\"@type\":\"PropertyValueSpecification\",\"valueRequired\":true,\"valueName\":\"search_term_string\"}}],\"inLanguage\":\"es\"},{\"@type\":[\"Person\",\"Organization\"],\"@id\":\"https:\/\/luchonoticias.com\/editor\/#\/schema\/person\/7a7fd911f58561fd056dbac7b55af9cd\",\"name\":\"admin\",\"image\":{\"@type\":\"ImageObject\",\"inLanguage\":\"es\",\"@id\":\"https:\/\/luchonoticias.com\/editor\/#\/schema\/person\/image\/\",\"url\":\"https:\/\/luchonoticias.com\/editor\/wp-content\/uploads\/2024\/02\/cropped-cropped-logolu.webp\",\"contentUrl\":\"https:\/\/luchonoticias.com\/editor\/wp-content\/uploads\/2024\/02\/cropped-cropped-logolu.webp\",\"width\":382,\"height\":170,\"caption\":\"admin\"},\"logo\":{\"@id\":\"https:\/\/luchonoticias.com\/editor\/#\/schema\/person\/image\/\"},\"sameAs\":[\"https:\/\/www.facebook.com\/luchonoticiasneiva\"]},{\"@type\":\"Person\",\"@id\":\"https:\/\/luchonoticias.com\/editor\/#\/schema\/person\/29217990ddf6f14e35912b2866d591fb\",\"name\":\"Editor General\",\"image\":{\"@type\":\"ImageObject\",\"inLanguage\":\"es\",\"@id\":\"https:\/\/luchonoticias.com\/editor\/#\/schema\/person\/image\/\",\"url\":\"https:\/\/luchonoticias.com\/editor\/wp-content\/uploads\/2024\/02\/cropped-cropped-logolu-150x150.webp\",\"contentUrl\":\"https:\/\/luchonoticias.com\/editor\/wp-content\/uploads\/2024\/02\/cropped-cropped-logolu-150x150.webp\",\"caption\":\"Editor General\"},\"sameAs\":[\"https:\/\/luchonoticias.com\/\"],\"url\":\"https:\/\/luchonoticias.com\/editor\/author\/editor-general\/\"}]}<\/script>\n<!-- \/ Yoast SEO plugin. -->","yoast_head_json":{"title":"Vanegas se consolida segundo en la Rotax Max -","robots":{"index":"index","follow":"follow","max-snippet":"max-snippet:-1","max-image-preview":"max-image-preview:large","max-video-preview":"max-video-preview:-1"},"canonical":"https:\/\/luchonoticias.com\/editor\/vanegas-se-consolida-segundo-en-la-rotax-max\/","og_locale":"es_ES","og_type":"article","og_title":"Vanegas se consolida segundo en la Rotax Max -","og_url":"https:\/\/luchonoticias.com\/editor\/vanegas-se-consolida-segundo-en-la-rotax-max\/","article_publisher":"https:\/\/www.facebook.com\/luchonoticiasneiva","article_published_time":"2023-06-15T09:45:13+00:00","article_modified_time":"2023-06-15T09:45:24+00:00","author":"Editor General","twitter_card":"summary_large_image","twitter_misc":{"Escrito por":"Editor General","Tiempo de lectura":"1 minuto"},"schema":{"@context":"https:\/\/schema.org","@graph":[{"@type":"Article","@id":"https:\/\/luchonoticias.com\/editor\/vanegas-se-consolida-segundo-en-la-rotax-max\/#article","isPartOf":{"@id":"https:\/\/luchonoticias.com\/editor\/vanegas-se-consolida-segundo-en-la-rotax-max\/"},"author":{"name":"Editor General","@id":"https:\/\/luchonoticias.com\/editor\/#\/schema\/person\/29217990ddf6f14e35912b2866d591fb"},"headline":"Vanegas se consolida segundo en la Rotax Max","datePublished":"2023-06-15T09:45:13+00:00","dateModified":"2023-06-15T09:45:24+00:00","mainEntityOfPage":{"@id":"https:\/\/luchonoticias.com\/editor\/vanegas-se-consolida-segundo-en-la-rotax-max\/"},"wordCount":113,"commentCount":0,"publisher":{"@id":"https:\/\/luchonoticias.com\/editor\/#\/schema\/person\/7a7fd911f58561fd056dbac7b55af9cd"},"articleSection":["Deportes"],"inLanguage":"es","potentialAction":[{"@type":"CommentAction","name":"Comment","target":["https:\/\/luchonoticias.com\/editor\/vanegas-se-consolida-segundo-en-la-rotax-max\/#respond"]}]},{"@type":"WebPage","@id":"https:\/\/luchonoticias.com\/editor\/vanegas-se-consolida-segundo-en-la-rotax-max\/","url":"https:\/\/luchonoticias.com\/editor\/vanegas-se-consolida-segundo-en-la-rotax-max\/","name":"Vanegas se consolida segundo en la Rotax Max -","isPartOf":{"@id":"https:\/\/luchonoticias.com\/editor\/#website"},"datePublished":"2023-06-15T09:45:13+00:00","dateModified":"2023-06-15T09:45:24+00:00","breadcrumb":{"@id":"https:\/\/luchonoticias.com\/editor\/vanegas-se-consolida-segundo-en-la-rotax-max\/#breadcrumb"},"inLanguage":"es","potentialAction":[{"@type":"ReadAction","target":["https:\/\/luchonoticias.com\/editor\/vanegas-se-consolida-segundo-en-la-rotax-max\/"]}]},{"@type":"BreadcrumbList","@id":"https:\/\/luchonoticias.com\/editor\/vanegas-se-consolida-segundo-en-la-rotax-max\/#breadcrumb","itemListElement":[{"@type":"ListItem","position":1,"name":"Portada","item":"https:\/\/luchonoticias.com\/editor\/"},{"@type":"ListItem","position":2,"name":"Vanegas se consolida segundo en la Rotax Max"}]},{"@type":"WebSite","@id":"https:\/\/luchonoticias.com\/editor\/#website","url":"https:\/\/luchonoticias.com\/editor\/","name":"","description":"","publisher":{"@id":"https:\/\/luchonoticias.com\/editor\/#\/schema\/person\/7a7fd911f58561fd056dbac7b55af9cd"},"potentialAction":[{"@type":"SearchAction","target":{"@type":"EntryPoint","urlTemplate":"https:\/\/luchonoticias.com\/editor\/?s={search_term_string}"},"query-input":{"@type":"PropertyValueSpecification","valueRequired":true,"valueName":"search_term_string"}}],"inLanguage":"es"},{"@type":["Person","Organization"],"@id":"https:\/\/luchonoticias.com\/editor\/#\/schema\/person\/7a7fd911f58561fd056dbac7b55af9cd","name":"admin","image":{"@type":"ImageObject","inLanguage":"es","@id":"https:\/\/luchonoticias.com\/editor\/#\/schema\/person\/image\/","url":"https:\/\/luchonoticias.com\/editor\/wp-content\/uploads\/2024\/02\/cropped-cropped-logolu.webp","contentUrl":"https:\/\/luchonoticias.com\/editor\/wp-content\/uploads\/2024\/02\/cropped-cropped-logolu.webp","width":382,"height":170,"caption":"admin"},"logo":{"@id":"https:\/\/luchonoticias.com\/editor\/#\/schema\/person\/image\/"},"sameAs":["https:\/\/www.facebook.com\/luchonoticiasneiva"]},{"@type":"Person","@id":"https:\/\/luchonoticias.com\/editor\/#\/schema\/person\/29217990ddf6f14e35912b2866d591fb","name":"Editor General","image":{"@type":"ImageObject","inLanguage":"es","@id":"https:\/\/luchonoticias.com\/editor\/#\/schema\/person\/image\/","url":"https:\/\/luchonoticias.com\/editor\/wp-content\/uploads\/2024\/02\/cropped-cropped-logolu-150x150.webp","contentUrl":"https:\/\/luchonoticias.com\/editor\/wp-content\/uploads\/2024\/02\/cropped-cropped-logolu-150x150.webp","caption":"Editor General"},"sameAs":["https:\/\/luchonoticias.com\/"],"url":"https:\/\/luchonoticias.com\/editor\/author\/editor-general\/"}]}},"_links":{"self":[{"href":"https:\/\/luchonoticias.com\/editor\/wp-json\/wp\/v2\/posts\/54593","targetHints":{"allow":["GET"]}}],"collection":[{"href":"https:\/\/luchonoticias.com\/editor\/wp-json\/wp\/v2\/posts"}],"about":[{"href":"https:\/\/luchonoticias.com\/editor\/wp-json\/wp\/v2\/types\/post"}],"author":[{"embeddable":true,"href":"https:\/\/luchonoticias.com\/editor\/wp-json\/wp\/v2\/users\/2"}],"replies":[{"embeddable":true,"href":"https:\/\/luchonoticias.com\/editor\/wp-json\/wp\/v2\/comments?post=54593"}],"version-history":[{"count":0,"href":"https:\/\/luchonoticias.com\/editor\/wp-json\/wp\/v2\/posts\/54593\/revisions"}],"wp:attachment":[{"href":"https:\/\/luchonoticias.com\/editor\/wp-json\/wp\/v2\/media?parent=54593"}],"wp:term":[{"taxonomy":"category","embeddable":true,"href":"https:\/\/luchonoticias.com\/editor\/wp-json\/wp\/v2\/categories?post=54593"},{"taxonomy":"post_tag","embeddable":true,"href":"https:\/\/luchonoticias.com\/editor\/wp-json\/wp\/v2\/tags?post=54593"}],"curies":[{"name":"wp","href":"https:\/\/api.w.org\/{rel}","templated":true}]}}