{"id":54652,"date":"2023-06-15T17:05:26","date_gmt":"2023-06-15T22:05:26","guid":{"rendered":"https:\/\/luchonoticias.com\/?p=54652"},"modified":"2023-06-15T17:05:27","modified_gmt":"2023-06-15T22:05:27","slug":"senado-aprueba-conciliaciones-de-reformas-constitucionales-y-leyes-estatutarias","status":"publish","type":"post","link":"https:\/\/luchonoticias.com\/editor\/senado-aprueba-conciliaciones-de-reformas-constitucionales-y-leyes-estatutarias\/","title":{"rendered":"Senado aprueba conciliaciones de reformas constitucionales y leyes estatutarias"},"content":{"rendered":"\n<p>La plenaria del senado de la rep\u00fablica, en una sesi\u00f3n donde el com\u00fan denominador fue el consenso, avanz\u00f3 en la aprobaci\u00f3n de seis conciliaciones, varios proyectos de leyes estatutarias y ordinarias, unos que pasan a sanci\u00f3n presidencial y otros, que siguen su tr\u00e1mite a la c\u00e1mara, en un trabajo legislativo en contra de las manecillas del reloj, que anuncian que el 20 de junio terminan sus sesiones ordinarias.<\/p>\n\n\n\n<p>Se destaca la aprobaci\u00f3n de la conciliaci\u00f3n de dos reformas constitucionales: La que eleva a norma constitucional el proteger, en forma especial, a los campesinos; y la que establece la jurisdicci\u00f3n agraria y rural. Las dos iniciativas ser\u00e1n promulgadas en la carta fundamental de Colombia.&nbsp;<\/p>\n\n\n\n<p>La aprobaci\u00f3n de las conciliaciones de los proyectos de ley estatutaria, \u201cPor medio de la cual se establecen medidas para prevenir, atender, rechazar y sancionar la violencia contra las mujeres en la vida pol\u00edtica y hacer efectivo su derecho a la participaci\u00f3n en todos los niveles\u201d, as\u00ed como del proyecto, tambi\u00e9n de ley estatutaria, \u201cQue protege a las personas del reporte negativo ante operadores de informaci\u00f3n y el cobro de obligaciones en caso de suplantaci\u00f3n de identidad ante operadores de telecomunicaciones, entidades financieras-crediticias y comerciales\u2026\u201d, les dan v\u00eda libre a ambas iniciativas, para que pasen de inmediato a control en la Corte Constitucional, antes de la sanci\u00f3n presidencial.<\/p>\n\n\n\n<p>Dentro de los proyectos conciliados se destaca tambi\u00e9n el que tiene que ver con integrar a un representante de las personas en situaci\u00f3n de discapacidad al Consejo Nacional de Planeaci\u00f3n.<\/p>\n\n\n\n<p><strong>A Sanci\u00f3n Presidencial<\/strong><\/p>\n\n\n\n<p>Pasa a sanci\u00f3n presidencial la iniciativa que proh\u00edbe el uso de animales para disuadir manifestaciones, motines, asonadas o cualquier otra afectaci\u00f3n del orden p\u00fablico; y el que modifica y adiciona la Ley 1361 de 2009, que tiene que ver con el apoyo a las familias con mujeres que presenten embarazo m\u00faltiple.<\/p>\n\n\n\n<p>Las iniciativas que cambian la denominaci\u00f3n del ministerio de cultura; modifican el t\u00e9rmino de econom\u00eda naranja; que cambian el r\u00e9gimen de acceso y ascenso en la carrera administrativa, que crean a su vez los concursos independientes, que sean incluyentes para las personas en situaci\u00f3n de discapacidad; la gratuidad en los programas de pregrado en las instituciones de educaci\u00f3n superior p\u00fablicas del pa\u00eds, entre otras, pasan a sanci\u00f3n presidencial.<\/p>\n\n\n\n<p>Dentro del desarrollo de la plenaria, el secretario general de la corporaci\u00f3n, Gregorio Eljach Pacheco, present\u00f3 un balance de la labor de su dependencia, donde destaca fundamentalmente no solo la parte cualitativa y cuantitativa de los proyectos que se han tramitado, sino que sustancialmente, en su mayor\u00eda, han tenido el visto bueno de exequibilidad de la Corte Constitucional.&nbsp;<\/p>\n\n\n\n<p>El presidente de la corporaci\u00f3n,&nbsp;<strong>Alexander L\u00f3pez Maya<\/strong>, convoc\u00f3 a la plenaria a las 8 AM de este jueves 15 de junio a avanzar en la discusi\u00f3n y votaci\u00f3n de proyectos, y el viernes 16 del presente mes, a sesi\u00f3n mixta para la votaci\u00f3n de ascenso al General de la Polic\u00eda y actual director de esa instituci\u00f3n, William Ren\u00e9 Salamanca.<\/p>\n","protected":false},"excerpt":{"rendered":"<p>La plenaria del senado de la rep\u00fablica, en una sesi\u00f3n donde el com\u00fan denominador fue el consenso, avanz\u00f3 en la aprobaci\u00f3n de seis conciliaciones, varios proyectos de leyes estatutarias y ordinarias, unos que pasan a sanci\u00f3n presidencial y otros, que siguen su tr\u00e1mite a la c\u00e1mara, en un trabajo legislativo en contra de las manecillas [&hellip;]<\/p>\n","protected":false},"author":2,"featured_media":0,"comment_status":"open","ping_status":"open","sticky":false,"template":"","format":"standard","meta":{"footnotes":""},"categories":[36,617],"tags":[],"class_list":["post-54652","post","type-post","status-publish","format-standard","hentry","category-destacado","category-politica"],"yoast_head":"<!-- This site is optimized with the Yoast SEO plugin v26.6 - https:\/\/yoast.com\/wordpress\/plugins\/seo\/ -->\n<title>Senado aprueba conciliaciones de reformas constitucionales y leyes estatutarias -<\/title>\n<meta name=\"robots\" content=\"index, follow, max-snippet:-1, max-image-preview:large, max-video-preview:-1\" \/>\n<link rel=\"canonical\" href=\"https:\/\/luchonoticias.com\/editor\/senado-aprueba-conciliaciones-de-reformas-constitucionales-y-leyes-estatutarias\/\" \/>\n<meta property=\"og:locale\" content=\"es_ES\" \/>\n<meta property=\"og:type\" content=\"article\" \/>\n<meta property=\"og:title\" content=\"Senado aprueba conciliaciones de reformas constitucionales y leyes estatutarias -\" \/>\n<meta property=\"og:url\" content=\"https:\/\/luchonoticias.com\/editor\/senado-aprueba-conciliaciones-de-reformas-constitucionales-y-leyes-estatutarias\/\" \/>\n<meta property=\"article:publisher\" content=\"https:\/\/www.facebook.com\/luchonoticiasneiva\" \/>\n<meta property=\"article:published_time\" content=\"2023-06-15T22:05:26+00:00\" \/>\n<meta property=\"article:modified_time\" content=\"2023-06-15T22:05:27+00:00\" \/>\n<meta name=\"author\" content=\"Editor General\" \/>\n<meta name=\"twitter:card\" content=\"summary_large_image\" \/>\n<meta name=\"twitter:label1\" content=\"Escrito por\" \/>\n\t<meta name=\"twitter:data1\" content=\"Editor General\" \/>\n\t<meta name=\"twitter:label2\" content=\"Tiempo de lectura\" \/>\n\t<meta name=\"twitter:data2\" content=\"3 minutos\" \/>\n<script type=\"application\/ld+json\" class=\"yoast-schema-graph\">{\"@context\":\"https:\/\/schema.org\",\"@graph\":[{\"@type\":\"Article\",\"@id\":\"https:\/\/luchonoticias.com\/editor\/senado-aprueba-conciliaciones-de-reformas-constitucionales-y-leyes-estatutarias\/#article\",\"isPartOf\":{\"@id\":\"https:\/\/luchonoticias.com\/editor\/senado-aprueba-conciliaciones-de-reformas-constitucionales-y-leyes-estatutarias\/\"},\"author\":{\"name\":\"Editor General\",\"@id\":\"https:\/\/luchonoticias.com\/editor\/#\/schema\/person\/29217990ddf6f14e35912b2866d591fb\"},\"headline\":\"Senado aprueba conciliaciones de reformas constitucionales y leyes estatutarias\",\"datePublished\":\"2023-06-15T22:05:26+00:00\",\"dateModified\":\"2023-06-15T22:05:27+00:00\",\"mainEntityOfPage\":{\"@id\":\"https:\/\/luchonoticias.com\/editor\/senado-aprueba-conciliaciones-de-reformas-constitucionales-y-leyes-estatutarias\/\"},\"wordCount\":544,\"commentCount\":0,\"publisher\":{\"@id\":\"https:\/\/luchonoticias.com\/editor\/#\/schema\/person\/7a7fd911f58561fd056dbac7b55af9cd\"},\"articleSection\":[\"Destacado\",\"Pol\u00edtica\"],\"inLanguage\":\"es\",\"potentialAction\":[{\"@type\":\"CommentAction\",\"name\":\"Comment\",\"target\":[\"https:\/\/luchonoticias.com\/editor\/senado-aprueba-conciliaciones-de-reformas-constitucionales-y-leyes-estatutarias\/#respond\"]}]},{\"@type\":\"WebPage\",\"@id\":\"https:\/\/luchonoticias.com\/editor\/senado-aprueba-conciliaciones-de-reformas-constitucionales-y-leyes-estatutarias\/\",\"url\":\"https:\/\/luchonoticias.com\/editor\/senado-aprueba-conciliaciones-de-reformas-constitucionales-y-leyes-estatutarias\/\",\"name\":\"Senado aprueba conciliaciones de reformas constitucionales y leyes estatutarias -\",\"isPartOf\":{\"@id\":\"https:\/\/luchonoticias.com\/editor\/#website\"},\"datePublished\":\"2023-06-15T22:05:26+00:00\",\"dateModified\":\"2023-06-15T22:05:27+00:00\",\"breadcrumb\":{\"@id\":\"https:\/\/luchonoticias.com\/editor\/senado-aprueba-conciliaciones-de-reformas-constitucionales-y-leyes-estatutarias\/#breadcrumb\"},\"inLanguage\":\"es\",\"potentialAction\":[{\"@type\":\"ReadAction\",\"target\":[\"https:\/\/luchonoticias.com\/editor\/senado-aprueba-conciliaciones-de-reformas-constitucionales-y-leyes-estatutarias\/\"]}]},{\"@type\":\"BreadcrumbList\",\"@id\":\"https:\/\/luchonoticias.com\/editor\/senado-aprueba-conciliaciones-de-reformas-constitucionales-y-leyes-estatutarias\/#breadcrumb\",\"itemListElement\":[{\"@type\":\"ListItem\",\"position\":1,\"name\":\"Portada\",\"item\":\"https:\/\/luchonoticias.com\/editor\/\"},{\"@type\":\"ListItem\",\"position\":2,\"name\":\"Senado aprueba conciliaciones de reformas constitucionales y leyes estatutarias\"}]},{\"@type\":\"WebSite\",\"@id\":\"https:\/\/luchonoticias.com\/editor\/#website\",\"url\":\"https:\/\/luchonoticias.com\/editor\/\",\"name\":\"\",\"description\":\"\",\"publisher\":{\"@id\":\"https:\/\/luchonoticias.com\/editor\/#\/schema\/person\/7a7fd911f58561fd056dbac7b55af9cd\"},\"potentialAction\":[{\"@type\":\"SearchAction\",\"target\":{\"@type\":\"EntryPoint\",\"urlTemplate\":\"https:\/\/luchonoticias.com\/editor\/?s={search_term_string}\"},\"query-input\":{\"@type\":\"PropertyValueSpecification\",\"valueRequired\":true,\"valueName\":\"search_term_string\"}}],\"inLanguage\":\"es\"},{\"@type\":[\"Person\",\"Organization\"],\"@id\":\"https:\/\/luchonoticias.com\/editor\/#\/schema\/person\/7a7fd911f58561fd056dbac7b55af9cd\",\"name\":\"admin\",\"image\":{\"@type\":\"ImageObject\",\"inLanguage\":\"es\",\"@id\":\"https:\/\/luchonoticias.com\/editor\/#\/schema\/person\/image\/\",\"url\":\"https:\/\/luchonoticias.com\/editor\/wp-content\/uploads\/2024\/02\/cropped-cropped-logolu.webp\",\"contentUrl\":\"https:\/\/luchonoticias.com\/editor\/wp-content\/uploads\/2024\/02\/cropped-cropped-logolu.webp\",\"width\":382,\"height\":170,\"caption\":\"admin\"},\"logo\":{\"@id\":\"https:\/\/luchonoticias.com\/editor\/#\/schema\/person\/image\/\"},\"sameAs\":[\"https:\/\/www.facebook.com\/luchonoticiasneiva\"]},{\"@type\":\"Person\",\"@id\":\"https:\/\/luchonoticias.com\/editor\/#\/schema\/person\/29217990ddf6f14e35912b2866d591fb\",\"name\":\"Editor General\",\"image\":{\"@type\":\"ImageObject\",\"inLanguage\":\"es\",\"@id\":\"https:\/\/luchonoticias.com\/editor\/#\/schema\/person\/image\/\",\"url\":\"https:\/\/luchonoticias.com\/editor\/wp-content\/uploads\/2024\/02\/cropped-cropped-logolu-150x150.webp\",\"contentUrl\":\"https:\/\/luchonoticias.com\/editor\/wp-content\/uploads\/2024\/02\/cropped-cropped-logolu-150x150.webp\",\"caption\":\"Editor General\"},\"sameAs\":[\"https:\/\/luchonoticias.com\/\"],\"url\":\"https:\/\/luchonoticias.com\/editor\/author\/editor-general\/\"}]}<\/script>\n<!-- \/ Yoast SEO plugin. -->","yoast_head_json":{"title":"Senado aprueba conciliaciones de reformas constitucionales y leyes estatutarias -","robots":{"index":"index","follow":"follow","max-snippet":"max-snippet:-1","max-image-preview":"max-image-preview:large","max-video-preview":"max-video-preview:-1"},"canonical":"https:\/\/luchonoticias.com\/editor\/senado-aprueba-conciliaciones-de-reformas-constitucionales-y-leyes-estatutarias\/","og_locale":"es_ES","og_type":"article","og_title":"Senado aprueba conciliaciones de reformas constitucionales y leyes estatutarias -","og_url":"https:\/\/luchonoticias.com\/editor\/senado-aprueba-conciliaciones-de-reformas-constitucionales-y-leyes-estatutarias\/","article_publisher":"https:\/\/www.facebook.com\/luchonoticiasneiva","article_published_time":"2023-06-15T22:05:26+00:00","article_modified_time":"2023-06-15T22:05:27+00:00","author":"Editor General","twitter_card":"summary_large_image","twitter_misc":{"Escrito por":"Editor General","Tiempo de lectura":"3 minutos"},"schema":{"@context":"https:\/\/schema.org","@graph":[{"@type":"Article","@id":"https:\/\/luchonoticias.com\/editor\/senado-aprueba-conciliaciones-de-reformas-constitucionales-y-leyes-estatutarias\/#article","isPartOf":{"@id":"https:\/\/luchonoticias.com\/editor\/senado-aprueba-conciliaciones-de-reformas-constitucionales-y-leyes-estatutarias\/"},"author":{"name":"Editor General","@id":"https:\/\/luchonoticias.com\/editor\/#\/schema\/person\/29217990ddf6f14e35912b2866d591fb"},"headline":"Senado aprueba conciliaciones de reformas constitucionales y leyes estatutarias","datePublished":"2023-06-15T22:05:26+00:00","dateModified":"2023-06-15T22:05:27+00:00","mainEntityOfPage":{"@id":"https:\/\/luchonoticias.com\/editor\/senado-aprueba-conciliaciones-de-reformas-constitucionales-y-leyes-estatutarias\/"},"wordCount":544,"commentCount":0,"publisher":{"@id":"https:\/\/luchonoticias.com\/editor\/#\/schema\/person\/7a7fd911f58561fd056dbac7b55af9cd"},"articleSection":["Destacado","Pol\u00edtica"],"inLanguage":"es","potentialAction":[{"@type":"CommentAction","name":"Comment","target":["https:\/\/luchonoticias.com\/editor\/senado-aprueba-conciliaciones-de-reformas-constitucionales-y-leyes-estatutarias\/#respond"]}]},{"@type":"WebPage","@id":"https:\/\/luchonoticias.com\/editor\/senado-aprueba-conciliaciones-de-reformas-constitucionales-y-leyes-estatutarias\/","url":"https:\/\/luchonoticias.com\/editor\/senado-aprueba-conciliaciones-de-reformas-constitucionales-y-leyes-estatutarias\/","name":"Senado aprueba conciliaciones de reformas constitucionales y leyes estatutarias -","isPartOf":{"@id":"https:\/\/luchonoticias.com\/editor\/#website"},"datePublished":"2023-06-15T22:05:26+00:00","dateModified":"2023-06-15T22:05:27+00:00","breadcrumb":{"@id":"https:\/\/luchonoticias.com\/editor\/senado-aprueba-conciliaciones-de-reformas-constitucionales-y-leyes-estatutarias\/#breadcrumb"},"inLanguage":"es","potentialAction":[{"@type":"ReadAction","target":["https:\/\/luchonoticias.com\/editor\/senado-aprueba-conciliaciones-de-reformas-constitucionales-y-leyes-estatutarias\/"]}]},{"@type":"BreadcrumbList","@id":"https:\/\/luchonoticias.com\/editor\/senado-aprueba-conciliaciones-de-reformas-constitucionales-y-leyes-estatutarias\/#breadcrumb","itemListElement":[{"@type":"ListItem","position":1,"name":"Portada","item":"https:\/\/luchonoticias.com\/editor\/"},{"@type":"ListItem","position":2,"name":"Senado aprueba conciliaciones de reformas constitucionales y leyes estatutarias"}]},{"@type":"WebSite","@id":"https:\/\/luchonoticias.com\/editor\/#website","url":"https:\/\/luchonoticias.com\/editor\/","name":"","description":"","publisher":{"@id":"https:\/\/luchonoticias.com\/editor\/#\/schema\/person\/7a7fd911f58561fd056dbac7b55af9cd"},"potentialAction":[{"@type":"SearchAction","target":{"@type":"EntryPoint","urlTemplate":"https:\/\/luchonoticias.com\/editor\/?s={search_term_string}"},"query-input":{"@type":"PropertyValueSpecification","valueRequired":true,"valueName":"search_term_string"}}],"inLanguage":"es"},{"@type":["Person","Organization"],"@id":"https:\/\/luchonoticias.com\/editor\/#\/schema\/person\/7a7fd911f58561fd056dbac7b55af9cd","name":"admin","image":{"@type":"ImageObject","inLanguage":"es","@id":"https:\/\/luchonoticias.com\/editor\/#\/schema\/person\/image\/","url":"https:\/\/luchonoticias.com\/editor\/wp-content\/uploads\/2024\/02\/cropped-cropped-logolu.webp","contentUrl":"https:\/\/luchonoticias.com\/editor\/wp-content\/uploads\/2024\/02\/cropped-cropped-logolu.webp","width":382,"height":170,"caption":"admin"},"logo":{"@id":"https:\/\/luchonoticias.com\/editor\/#\/schema\/person\/image\/"},"sameAs":["https:\/\/www.facebook.com\/luchonoticiasneiva"]},{"@type":"Person","@id":"https:\/\/luchonoticias.com\/editor\/#\/schema\/person\/29217990ddf6f14e35912b2866d591fb","name":"Editor General","image":{"@type":"ImageObject","inLanguage":"es","@id":"https:\/\/luchonoticias.com\/editor\/#\/schema\/person\/image\/","url":"https:\/\/luchonoticias.com\/editor\/wp-content\/uploads\/2024\/02\/cropped-cropped-logolu-150x150.webp","contentUrl":"https:\/\/luchonoticias.com\/editor\/wp-content\/uploads\/2024\/02\/cropped-cropped-logolu-150x150.webp","caption":"Editor General"},"sameAs":["https:\/\/luchonoticias.com\/"],"url":"https:\/\/luchonoticias.com\/editor\/author\/editor-general\/"}]}},"_links":{"self":[{"href":"https:\/\/luchonoticias.com\/editor\/wp-json\/wp\/v2\/posts\/54652","targetHints":{"allow":["GET"]}}],"collection":[{"href":"https:\/\/luchonoticias.com\/editor\/wp-json\/wp\/v2\/posts"}],"about":[{"href":"https:\/\/luchonoticias.com\/editor\/wp-json\/wp\/v2\/types\/post"}],"author":[{"embeddable":true,"href":"https:\/\/luchonoticias.com\/editor\/wp-json\/wp\/v2\/users\/2"}],"replies":[{"embeddable":true,"href":"https:\/\/luchonoticias.com\/editor\/wp-json\/wp\/v2\/comments?post=54652"}],"version-history":[{"count":0,"href":"https:\/\/luchonoticias.com\/editor\/wp-json\/wp\/v2\/posts\/54652\/revisions"}],"wp:attachment":[{"href":"https:\/\/luchonoticias.com\/editor\/wp-json\/wp\/v2\/media?parent=54652"}],"wp:term":[{"taxonomy":"category","embeddable":true,"href":"https:\/\/luchonoticias.com\/editor\/wp-json\/wp\/v2\/categories?post=54652"},{"taxonomy":"post_tag","embeddable":true,"href":"https:\/\/luchonoticias.com\/editor\/wp-json\/wp\/v2\/tags?post=54652"}],"curies":[{"name":"wp","href":"https:\/\/api.w.org\/{rel}","templated":true}]}}