{"id":54692,"date":"2023-06-16T07:06:11","date_gmt":"2023-06-16T12:06:11","guid":{"rendered":"https:\/\/luchonoticias.com\/?p=54692"},"modified":"2023-06-16T07:06:12","modified_gmt":"2023-06-16T12:06:12","slug":"colombia-y-alemania-firman-convenio-para-impulsar-industria-del-hidrogeno","status":"publish","type":"post","link":"https:\/\/luchonoticias.com\/editor\/colombia-y-alemania-firman-convenio-para-impulsar-industria-del-hidrogeno\/","title":{"rendered":"Colombia y Alemania firman convenio para impulsar industria del hidr\u00f3geno"},"content":{"rendered":"\n<p>Colombia y Alemania firmaron este viernes en Berl\u00edn un acuerdo que prev\u00e9 la cooperaci\u00f3n de la Sociedad Fraunhofer, uno de los l\u00edderes mundiales en investigaci\u00f3n, para analizar la producci\u00f3n de hidr\u00f3geno verde y sus derivados para su exportaci\u00f3n hacia la naci\u00f3n europea.<\/p>\n\n\n\n<p>En el marco de la vista del Presidente Gustavo Petro a Alemania, los ministros de Minas y Energ\u00eda, Irene V\u00e9lez, y de Comercio, Industria y Turismo, Germ\u00e1n Uma\u00f1a Mendoza, suscribieron un memorando de entendimiento con la Sociedad Fraunhofer.<\/p>\n\n\n\n<p>El memorando suscrito para la evaluaci\u00f3n de las cadenas de transporte de este combustible destaca que \u201cColombia ha estado marcando el rumbo de un ambicioso desarrollo del hidr\u00f3geno que incluye varios Hubs de Hidr\u00f3geno Regionales y el desarrollo del \u00c1rea Industrial Estrat\u00e9gica de Cartagena como un potencial futuro Centro de Hidr\u00f3geno a gran escala, gracias a sus excelentes recursos e\u00f3licos y solares\u201d.<\/p>\n\n\n\n<p>Seg\u00fan los estudios presentados en diciembre pasado, durante un encuentro de expertos de los dos pa\u00edses, la Regi\u00f3n Caribe de Colombia puede convertirse en una importante zona industrial de hidr\u00f3geno y entregar vol\u00famenes significativos a los mercados locales e internacionales a precios competitivos.<\/p>\n\n\n\n<p>\u201cAgradecemos esta colaboraci\u00f3n, porque estamos seguros de que es el inicio de muchas oportunidades en conocimiento que nos van a acercar cada m\u00e1s a un planeta m\u00e1s sustentable\u201d, manifest\u00f3 la Ministra de Minas y Energ\u00eda, Irene V\u00e9lez.<\/p>\n\n\n\n<figure class=\"wp-block-image size-large is-style-rounded\"><img decoding=\"async\" src=\"https:\/\/luchonoticias.com\/wp-content\/uploads\/2023\/06\/WhatsApp-Image-2023-06-16-at-5.36.03-AM-1024x682.jpeg\" alt=\"\" class=\"wp-image-54694\"\/><\/figure>\n\n\n\n<p>Se refiri\u00f3 al punto de inflexi\u00f3n del mundo por la crisis clim\u00e1tica y a la importancia de descarbonizar la econom\u00eda.<\/p>\n\n\n\n<p>\u201cTenemos la certeza de que el hidr\u00f3geno verde es para Colombia una oportunidad para cerrar brechas sociales y econ\u00f3micas\u201d, indic\u00f3.<\/p>\n\n\n\n<p>Por su parte, el Ministro de Comercio, Industria y Turismo, Germ\u00e1n Uma\u00f1a Mendoza, dijo que \u201cdesde el inicio de este gobierno hemos venido planteando la necesidad de volver a hacer una pol\u00edtica de modelo de desarrollo sostenible, de transici\u00f3n energ\u00e9tica y hemos planteado el proceso de reindustrializaci\u00f3n de nuestra econom\u00eda\u201d.<\/p>\n\n\n\n<p>Resalt\u00f3 que el memorando firmado busca la transici\u00f3n econ\u00f3mica con modelos como el hidrogeno verde y el amon\u00edaco; el desarrollo agroindustrial y la transici\u00f3n hacia los biofertilizantes.<\/p>\n\n\n\n<figure class=\"wp-block-image size-large is-style-rounded\"><img decoding=\"async\" src=\"https:\/\/luchonoticias.com\/wp-content\/uploads\/2023\/06\/WhatsApp-Image-2023-06-16-at-5.36.07-AM-1024x684.jpeg\" alt=\"\" class=\"wp-image-54695\"\/><\/figure>\n\n\n\n<p><strong>L\u00edder mundial<\/strong><\/p>\n\n\n\n<p>La Sociedad Fraunhofer, establecida en 1949, es la mayor organizaci\u00f3n de investigaci\u00f3n aplicada de Europa. Solo en Alemania comprende 76 institutos y dependencias, y tiene sedes en Estados Unidos, Brasil, Sud\u00e1frica, Israel, China e India.<\/p>\n\n\n\n<p>Ha desarrollado en m\u00e1s de 70 a\u00f1os tecnolog\u00edas como el formato mp3, que se convirti\u00f3 en un est\u00e1ndar mundial; la bolsa de aire, o airbag, que utilizan los autom\u00f3viles; y el ordenador cu\u00e1ntico.<\/p>\n\n\n\n<p>Uno de los temas principales en los que trabaja actualmente es la tecnolog\u00eda del hidr\u00f3geno, incluyendo pilas de combustible que convierten el elemento en electricidad.<\/p>\n","protected":false},"excerpt":{"rendered":"<p>Colombia y Alemania firmaron este viernes en Berl\u00edn un acuerdo que prev\u00e9 la cooperaci\u00f3n de la Sociedad Fraunhofer, uno de los l\u00edderes mundiales en investigaci\u00f3n, para analizar la producci\u00f3n de hidr\u00f3geno verde y sus derivados para su exportaci\u00f3n hacia la naci\u00f3n europea. En el marco de la vista del Presidente Gustavo Petro a Alemania, los [&hellip;]<\/p>\n","protected":false},"author":2,"featured_media":0,"comment_status":"open","ping_status":"open","sticky":false,"template":"","format":"standard","meta":{"footnotes":""},"categories":[28,36],"tags":[],"class_list":["post-54692","post","type-post","status-publish","format-standard","hentry","category-actualidad","category-destacado"],"yoast_head":"<!-- This site is optimized with the Yoast SEO plugin v26.6 - https:\/\/yoast.com\/wordpress\/plugins\/seo\/ -->\n<title>Colombia y Alemania firman convenio para impulsar industria del hidr\u00f3geno -<\/title>\n<meta name=\"robots\" content=\"index, follow, max-snippet:-1, max-image-preview:large, max-video-preview:-1\" \/>\n<link rel=\"canonical\" href=\"https:\/\/luchonoticias.com\/editor\/colombia-y-alemania-firman-convenio-para-impulsar-industria-del-hidrogeno\/\" \/>\n<meta property=\"og:locale\" content=\"es_ES\" \/>\n<meta property=\"og:type\" content=\"article\" \/>\n<meta property=\"og:title\" content=\"Colombia y Alemania firman convenio para impulsar industria del hidr\u00f3geno -\" \/>\n<meta property=\"og:url\" content=\"https:\/\/luchonoticias.com\/editor\/colombia-y-alemania-firman-convenio-para-impulsar-industria-del-hidrogeno\/\" \/>\n<meta property=\"article:publisher\" content=\"https:\/\/www.facebook.com\/luchonoticiasneiva\" \/>\n<meta property=\"article:published_time\" content=\"2023-06-16T12:06:11+00:00\" \/>\n<meta property=\"article:modified_time\" content=\"2023-06-16T12:06:12+00:00\" \/>\n<meta property=\"og:image\" content=\"https:\/\/luchonoticias.com\/wp-content\/uploads\/2023\/06\/WhatsApp-Image-2023-06-16-at-5.36.03-AM-1024x682.jpeg\" \/>\n<meta name=\"author\" content=\"Editor General\" \/>\n<meta name=\"twitter:card\" content=\"summary_large_image\" \/>\n<meta name=\"twitter:label1\" content=\"Escrito por\" \/>\n\t<meta name=\"twitter:data1\" content=\"Editor General\" \/>\n\t<meta name=\"twitter:label2\" content=\"Tiempo de lectura\" \/>\n\t<meta name=\"twitter:data2\" content=\"2 minutos\" \/>\n<script type=\"application\/ld+json\" class=\"yoast-schema-graph\">{\"@context\":\"https:\/\/schema.org\",\"@graph\":[{\"@type\":\"Article\",\"@id\":\"https:\/\/luchonoticias.com\/editor\/colombia-y-alemania-firman-convenio-para-impulsar-industria-del-hidrogeno\/#article\",\"isPartOf\":{\"@id\":\"https:\/\/luchonoticias.com\/editor\/colombia-y-alemania-firman-convenio-para-impulsar-industria-del-hidrogeno\/\"},\"author\":{\"name\":\"Editor General\",\"@id\":\"https:\/\/luchonoticias.com\/editor\/#\/schema\/person\/29217990ddf6f14e35912b2866d591fb\"},\"headline\":\"Colombia y Alemania firman convenio para impulsar industria del hidr\u00f3geno\",\"datePublished\":\"2023-06-16T12:06:11+00:00\",\"dateModified\":\"2023-06-16T12:06:12+00:00\",\"mainEntityOfPage\":{\"@id\":\"https:\/\/luchonoticias.com\/editor\/colombia-y-alemania-firman-convenio-para-impulsar-industria-del-hidrogeno\/\"},\"wordCount\":498,\"commentCount\":0,\"publisher\":{\"@id\":\"https:\/\/luchonoticias.com\/editor\/#\/schema\/person\/7a7fd911f58561fd056dbac7b55af9cd\"},\"image\":{\"@id\":\"https:\/\/luchonoticias.com\/editor\/colombia-y-alemania-firman-convenio-para-impulsar-industria-del-hidrogeno\/#primaryimage\"},\"thumbnailUrl\":\"https:\/\/luchonoticias.com\/wp-content\/uploads\/2023\/06\/WhatsApp-Image-2023-06-16-at-5.36.03-AM-1024x682.jpeg\",\"articleSection\":[\"Actualidad\",\"Destacado\"],\"inLanguage\":\"es\",\"potentialAction\":[{\"@type\":\"CommentAction\",\"name\":\"Comment\",\"target\":[\"https:\/\/luchonoticias.com\/editor\/colombia-y-alemania-firman-convenio-para-impulsar-industria-del-hidrogeno\/#respond\"]}]},{\"@type\":\"WebPage\",\"@id\":\"https:\/\/luchonoticias.com\/editor\/colombia-y-alemania-firman-convenio-para-impulsar-industria-del-hidrogeno\/\",\"url\":\"https:\/\/luchonoticias.com\/editor\/colombia-y-alemania-firman-convenio-para-impulsar-industria-del-hidrogeno\/\",\"name\":\"Colombia y Alemania firman convenio para impulsar industria del hidr\u00f3geno -\",\"isPartOf\":{\"@id\":\"https:\/\/luchonoticias.com\/editor\/#website\"},\"primaryImageOfPage\":{\"@id\":\"https:\/\/luchonoticias.com\/editor\/colombia-y-alemania-firman-convenio-para-impulsar-industria-del-hidrogeno\/#primaryimage\"},\"image\":{\"@id\":\"https:\/\/luchonoticias.com\/editor\/colombia-y-alemania-firman-convenio-para-impulsar-industria-del-hidrogeno\/#primaryimage\"},\"thumbnailUrl\":\"https:\/\/luchonoticias.com\/wp-content\/uploads\/2023\/06\/WhatsApp-Image-2023-06-16-at-5.36.03-AM-1024x682.jpeg\",\"datePublished\":\"2023-06-16T12:06:11+00:00\",\"dateModified\":\"2023-06-16T12:06:12+00:00\",\"breadcrumb\":{\"@id\":\"https:\/\/luchonoticias.com\/editor\/colombia-y-alemania-firman-convenio-para-impulsar-industria-del-hidrogeno\/#breadcrumb\"},\"inLanguage\":\"es\",\"potentialAction\":[{\"@type\":\"ReadAction\",\"target\":[\"https:\/\/luchonoticias.com\/editor\/colombia-y-alemania-firman-convenio-para-impulsar-industria-del-hidrogeno\/\"]}]},{\"@type\":\"ImageObject\",\"inLanguage\":\"es\",\"@id\":\"https:\/\/luchonoticias.com\/editor\/colombia-y-alemania-firman-convenio-para-impulsar-industria-del-hidrogeno\/#primaryimage\",\"url\":\"https:\/\/luchonoticias.com\/wp-content\/uploads\/2023\/06\/WhatsApp-Image-2023-06-16-at-5.36.03-AM-1024x682.jpeg\",\"contentUrl\":\"https:\/\/luchonoticias.com\/wp-content\/uploads\/2023\/06\/WhatsApp-Image-2023-06-16-at-5.36.03-AM-1024x682.jpeg\"},{\"@type\":\"BreadcrumbList\",\"@id\":\"https:\/\/luchonoticias.com\/editor\/colombia-y-alemania-firman-convenio-para-impulsar-industria-del-hidrogeno\/#breadcrumb\",\"itemListElement\":[{\"@type\":\"ListItem\",\"position\":1,\"name\":\"Portada\",\"item\":\"https:\/\/luchonoticias.com\/editor\/\"},{\"@type\":\"ListItem\",\"position\":2,\"name\":\"Colombia y Alemania firman convenio para impulsar industria del hidr\u00f3geno\"}]},{\"@type\":\"WebSite\",\"@id\":\"https:\/\/luchonoticias.com\/editor\/#website\",\"url\":\"https:\/\/luchonoticias.com\/editor\/\",\"name\":\"\",\"description\":\"\",\"publisher\":{\"@id\":\"https:\/\/luchonoticias.com\/editor\/#\/schema\/person\/7a7fd911f58561fd056dbac7b55af9cd\"},\"potentialAction\":[{\"@type\":\"SearchAction\",\"target\":{\"@type\":\"EntryPoint\",\"urlTemplate\":\"https:\/\/luchonoticias.com\/editor\/?s={search_term_string}\"},\"query-input\":{\"@type\":\"PropertyValueSpecification\",\"valueRequired\":true,\"valueName\":\"search_term_string\"}}],\"inLanguage\":\"es\"},{\"@type\":[\"Person\",\"Organization\"],\"@id\":\"https:\/\/luchonoticias.com\/editor\/#\/schema\/person\/7a7fd911f58561fd056dbac7b55af9cd\",\"name\":\"admin\",\"image\":{\"@type\":\"ImageObject\",\"inLanguage\":\"es\",\"@id\":\"https:\/\/luchonoticias.com\/editor\/#\/schema\/person\/image\/\",\"url\":\"https:\/\/luchonoticias.com\/editor\/wp-content\/uploads\/2024\/02\/cropped-cropped-logolu.webp\",\"contentUrl\":\"https:\/\/luchonoticias.com\/editor\/wp-content\/uploads\/2024\/02\/cropped-cropped-logolu.webp\",\"width\":382,\"height\":170,\"caption\":\"admin\"},\"logo\":{\"@id\":\"https:\/\/luchonoticias.com\/editor\/#\/schema\/person\/image\/\"},\"sameAs\":[\"https:\/\/www.facebook.com\/luchonoticiasneiva\"]},{\"@type\":\"Person\",\"@id\":\"https:\/\/luchonoticias.com\/editor\/#\/schema\/person\/29217990ddf6f14e35912b2866d591fb\",\"name\":\"Editor General\",\"image\":{\"@type\":\"ImageObject\",\"inLanguage\":\"es\",\"@id\":\"https:\/\/luchonoticias.com\/editor\/#\/schema\/person\/image\/\",\"url\":\"https:\/\/luchonoticias.com\/editor\/wp-content\/uploads\/2024\/02\/cropped-cropped-logolu-150x150.webp\",\"contentUrl\":\"https:\/\/luchonoticias.com\/editor\/wp-content\/uploads\/2024\/02\/cropped-cropped-logolu-150x150.webp\",\"caption\":\"Editor General\"},\"sameAs\":[\"https:\/\/luchonoticias.com\/\"],\"url\":\"https:\/\/luchonoticias.com\/editor\/author\/editor-general\/\"}]}<\/script>\n<!-- \/ Yoast SEO plugin. -->","yoast_head_json":{"title":"Colombia y Alemania firman convenio para impulsar industria del hidr\u00f3geno -","robots":{"index":"index","follow":"follow","max-snippet":"max-snippet:-1","max-image-preview":"max-image-preview:large","max-video-preview":"max-video-preview:-1"},"canonical":"https:\/\/luchonoticias.com\/editor\/colombia-y-alemania-firman-convenio-para-impulsar-industria-del-hidrogeno\/","og_locale":"es_ES","og_type":"article","og_title":"Colombia y Alemania firman convenio para impulsar industria del hidr\u00f3geno -","og_url":"https:\/\/luchonoticias.com\/editor\/colombia-y-alemania-firman-convenio-para-impulsar-industria-del-hidrogeno\/","article_publisher":"https:\/\/www.facebook.com\/luchonoticiasneiva","article_published_time":"2023-06-16T12:06:11+00:00","article_modified_time":"2023-06-16T12:06:12+00:00","og_image":[{"url":"https:\/\/luchonoticias.com\/wp-content\/uploads\/2023\/06\/WhatsApp-Image-2023-06-16-at-5.36.03-AM-1024x682.jpeg","type":"","width":"","height":""}],"author":"Editor General","twitter_card":"summary_large_image","twitter_misc":{"Escrito por":"Editor General","Tiempo de lectura":"2 minutos"},"schema":{"@context":"https:\/\/schema.org","@graph":[{"@type":"Article","@id":"https:\/\/luchonoticias.com\/editor\/colombia-y-alemania-firman-convenio-para-impulsar-industria-del-hidrogeno\/#article","isPartOf":{"@id":"https:\/\/luchonoticias.com\/editor\/colombia-y-alemania-firman-convenio-para-impulsar-industria-del-hidrogeno\/"},"author":{"name":"Editor General","@id":"https:\/\/luchonoticias.com\/editor\/#\/schema\/person\/29217990ddf6f14e35912b2866d591fb"},"headline":"Colombia y Alemania firman convenio para impulsar industria del hidr\u00f3geno","datePublished":"2023-06-16T12:06:11+00:00","dateModified":"2023-06-16T12:06:12+00:00","mainEntityOfPage":{"@id":"https:\/\/luchonoticias.com\/editor\/colombia-y-alemania-firman-convenio-para-impulsar-industria-del-hidrogeno\/"},"wordCount":498,"commentCount":0,"publisher":{"@id":"https:\/\/luchonoticias.com\/editor\/#\/schema\/person\/7a7fd911f58561fd056dbac7b55af9cd"},"image":{"@id":"https:\/\/luchonoticias.com\/editor\/colombia-y-alemania-firman-convenio-para-impulsar-industria-del-hidrogeno\/#primaryimage"},"thumbnailUrl":"https:\/\/luchonoticias.com\/wp-content\/uploads\/2023\/06\/WhatsApp-Image-2023-06-16-at-5.36.03-AM-1024x682.jpeg","articleSection":["Actualidad","Destacado"],"inLanguage":"es","potentialAction":[{"@type":"CommentAction","name":"Comment","target":["https:\/\/luchonoticias.com\/editor\/colombia-y-alemania-firman-convenio-para-impulsar-industria-del-hidrogeno\/#respond"]}]},{"@type":"WebPage","@id":"https:\/\/luchonoticias.com\/editor\/colombia-y-alemania-firman-convenio-para-impulsar-industria-del-hidrogeno\/","url":"https:\/\/luchonoticias.com\/editor\/colombia-y-alemania-firman-convenio-para-impulsar-industria-del-hidrogeno\/","name":"Colombia y Alemania firman convenio para impulsar industria del hidr\u00f3geno -","isPartOf":{"@id":"https:\/\/luchonoticias.com\/editor\/#website"},"primaryImageOfPage":{"@id":"https:\/\/luchonoticias.com\/editor\/colombia-y-alemania-firman-convenio-para-impulsar-industria-del-hidrogeno\/#primaryimage"},"image":{"@id":"https:\/\/luchonoticias.com\/editor\/colombia-y-alemania-firman-convenio-para-impulsar-industria-del-hidrogeno\/#primaryimage"},"thumbnailUrl":"https:\/\/luchonoticias.com\/wp-content\/uploads\/2023\/06\/WhatsApp-Image-2023-06-16-at-5.36.03-AM-1024x682.jpeg","datePublished":"2023-06-16T12:06:11+00:00","dateModified":"2023-06-16T12:06:12+00:00","breadcrumb":{"@id":"https:\/\/luchonoticias.com\/editor\/colombia-y-alemania-firman-convenio-para-impulsar-industria-del-hidrogeno\/#breadcrumb"},"inLanguage":"es","potentialAction":[{"@type":"ReadAction","target":["https:\/\/luchonoticias.com\/editor\/colombia-y-alemania-firman-convenio-para-impulsar-industria-del-hidrogeno\/"]}]},{"@type":"ImageObject","inLanguage":"es","@id":"https:\/\/luchonoticias.com\/editor\/colombia-y-alemania-firman-convenio-para-impulsar-industria-del-hidrogeno\/#primaryimage","url":"https:\/\/luchonoticias.com\/wp-content\/uploads\/2023\/06\/WhatsApp-Image-2023-06-16-at-5.36.03-AM-1024x682.jpeg","contentUrl":"https:\/\/luchonoticias.com\/wp-content\/uploads\/2023\/06\/WhatsApp-Image-2023-06-16-at-5.36.03-AM-1024x682.jpeg"},{"@type":"BreadcrumbList","@id":"https:\/\/luchonoticias.com\/editor\/colombia-y-alemania-firman-convenio-para-impulsar-industria-del-hidrogeno\/#breadcrumb","itemListElement":[{"@type":"ListItem","position":1,"name":"Portada","item":"https:\/\/luchonoticias.com\/editor\/"},{"@type":"ListItem","position":2,"name":"Colombia y Alemania firman convenio para impulsar industria del hidr\u00f3geno"}]},{"@type":"WebSite","@id":"https:\/\/luchonoticias.com\/editor\/#website","url":"https:\/\/luchonoticias.com\/editor\/","name":"","description":"","publisher":{"@id":"https:\/\/luchonoticias.com\/editor\/#\/schema\/person\/7a7fd911f58561fd056dbac7b55af9cd"},"potentialAction":[{"@type":"SearchAction","target":{"@type":"EntryPoint","urlTemplate":"https:\/\/luchonoticias.com\/editor\/?s={search_term_string}"},"query-input":{"@type":"PropertyValueSpecification","valueRequired":true,"valueName":"search_term_string"}}],"inLanguage":"es"},{"@type":["Person","Organization"],"@id":"https:\/\/luchonoticias.com\/editor\/#\/schema\/person\/7a7fd911f58561fd056dbac7b55af9cd","name":"admin","image":{"@type":"ImageObject","inLanguage":"es","@id":"https:\/\/luchonoticias.com\/editor\/#\/schema\/person\/image\/","url":"https:\/\/luchonoticias.com\/editor\/wp-content\/uploads\/2024\/02\/cropped-cropped-logolu.webp","contentUrl":"https:\/\/luchonoticias.com\/editor\/wp-content\/uploads\/2024\/02\/cropped-cropped-logolu.webp","width":382,"height":170,"caption":"admin"},"logo":{"@id":"https:\/\/luchonoticias.com\/editor\/#\/schema\/person\/image\/"},"sameAs":["https:\/\/www.facebook.com\/luchonoticiasneiva"]},{"@type":"Person","@id":"https:\/\/luchonoticias.com\/editor\/#\/schema\/person\/29217990ddf6f14e35912b2866d591fb","name":"Editor General","image":{"@type":"ImageObject","inLanguage":"es","@id":"https:\/\/luchonoticias.com\/editor\/#\/schema\/person\/image\/","url":"https:\/\/luchonoticias.com\/editor\/wp-content\/uploads\/2024\/02\/cropped-cropped-logolu-150x150.webp","contentUrl":"https:\/\/luchonoticias.com\/editor\/wp-content\/uploads\/2024\/02\/cropped-cropped-logolu-150x150.webp","caption":"Editor General"},"sameAs":["https:\/\/luchonoticias.com\/"],"url":"https:\/\/luchonoticias.com\/editor\/author\/editor-general\/"}]}},"_links":{"self":[{"href":"https:\/\/luchonoticias.com\/editor\/wp-json\/wp\/v2\/posts\/54692","targetHints":{"allow":["GET"]}}],"collection":[{"href":"https:\/\/luchonoticias.com\/editor\/wp-json\/wp\/v2\/posts"}],"about":[{"href":"https:\/\/luchonoticias.com\/editor\/wp-json\/wp\/v2\/types\/post"}],"author":[{"embeddable":true,"href":"https:\/\/luchonoticias.com\/editor\/wp-json\/wp\/v2\/users\/2"}],"replies":[{"embeddable":true,"href":"https:\/\/luchonoticias.com\/editor\/wp-json\/wp\/v2\/comments?post=54692"}],"version-history":[{"count":0,"href":"https:\/\/luchonoticias.com\/editor\/wp-json\/wp\/v2\/posts\/54692\/revisions"}],"wp:attachment":[{"href":"https:\/\/luchonoticias.com\/editor\/wp-json\/wp\/v2\/media?parent=54692"}],"wp:term":[{"taxonomy":"category","embeddable":true,"href":"https:\/\/luchonoticias.com\/editor\/wp-json\/wp\/v2\/categories?post=54692"},{"taxonomy":"post_tag","embeddable":true,"href":"https:\/\/luchonoticias.com\/editor\/wp-json\/wp\/v2\/tags?post=54692"}],"curies":[{"name":"wp","href":"https:\/\/api.w.org\/{rel}","templated":true}]}}