{"id":54711,"date":"2023-06-16T11:01:17","date_gmt":"2023-06-16T16:01:17","guid":{"rendered":"https:\/\/luchonoticias.com\/?p=54711"},"modified":"2023-06-16T11:01:18","modified_gmt":"2023-06-16T16:01:18","slug":"en-comision-municipal-de-competitividad-se-aprobo-propuesta-de-visibilizar-la-cadena-de-cafe-de-neiva","status":"publish","type":"post","link":"https:\/\/luchonoticias.com\/editor\/en-comision-municipal-de-competitividad-se-aprobo-propuesta-de-visibilizar-la-cadena-de-cafe-de-neiva\/","title":{"rendered":"En Comisi\u00f3n Municipal de Competitividad se aprob\u00f3 propuesta de visibilizar la cadena de caf\u00e9 de Neiva"},"content":{"rendered":"\n<p>La Alcald\u00eda de Neiva, a trav\u00e9s de la Secretar\u00eda de Competitividad, llev\u00f3 a cabo la Comisi\u00f3n Municipal de Competitividad, CMC 2023, en el marco de esta jornada fue aprobada la propuesta para visibilizar la cadena de caf\u00e9 de Neiva y al mismo tiempo se socializaron diversos temas de la agenda econ\u00f3mica del municipio.<\/p>\n\n\n\n<p>\u201cSe socializaron varias propuestas, una de ellas, es c\u00f3mo mejorar los resultados en cuanto al puntaje y posici\u00f3n del municipio de Neiva en el \u00cdndice de Competitividad. Es as\u00ed como dimos a conocer a los miembros de la Comisi\u00f3n, las variables y las entidades que se encargan del reporte, siendo la Administraci\u00f3n Municipal la que aporta el 46% y el 52% est\u00e1 a cargo de otras instituciones p\u00fablicas y privadas\u201d, expres\u00f3 la secretaria de Competitividad, Maryeli P\u00e9rez Le\u00f3n.<\/p>\n\n\n\n<p>Tambi\u00e9n durante la sesi\u00f3n, desarrollada en la Universidad Corhuila, se socializ\u00f3 el proyecto enfocado en destacar la cadena de caf\u00e9 en nuestro municipio y as\u00ed contribuir a los productores de la zona rural de Neiva a trav\u00e9s de las estrategias impulsadas desde el Sena y las universidades de la regi\u00f3n.<\/p>\n\n\n\n<p>Mediante esta iniciativa, se fortalecer\u00e1 y conectar\u00e1 los diferentes eslabones de la cadena de caf\u00e9, desde la producci\u00f3n hasta la comercializaci\u00f3n y la exportaci\u00f3n, bas\u00e1ndose en la esencia de la asociatividad, buscando precios justos y promoviendo buenas pr\u00e1cticas agr\u00edcolas.<\/p>\n\n\n\n<p>Es importante mencionar que, el objetivo principal es crear una red s\u00f3lida de agronegocios que logre impulsar el crecimiento y la competitividad del caf\u00e9 en Neiva, resaltando el valioso trabajo de los productores, transformadores y comerciantes, que d\u00eda a d\u00eda aportan su pasi\u00f3n y dedicaci\u00f3n para llevar el mejor caf\u00e9 a nuestras tazas.<\/p>\n\n\n\n<p>La Administraci\u00f3n Municipal \u2018Primero Neiva\u2019, que lidera el alcalde Gorky Mu\u00f1oz Calder\u00f3n, seguir\u00e1 trabajando en equipo junto a las diferentes instituciones, para lograr potenciar la industria cafetera y abrir nuevas oportunidades para todos los involucrados.<\/p>\n","protected":false},"excerpt":{"rendered":"<p>La Alcald\u00eda de Neiva, a trav\u00e9s de la Secretar\u00eda de Competitividad, llev\u00f3 a cabo la Comisi\u00f3n Municipal de Competitividad, CMC 2023, en el marco de esta jornada fue aprobada la propuesta para visibilizar la cadena de caf\u00e9 de Neiva y al mismo tiempo se socializaron diversos temas de la agenda econ\u00f3mica del municipio. \u201cSe socializaron [&hellip;]<\/p>\n","protected":false},"author":2,"featured_media":0,"comment_status":"open","ping_status":"open","sticky":false,"template":"","format":"standard","meta":{"footnotes":""},"categories":[36,31],"tags":[],"class_list":["post-54711","post","type-post","status-publish","format-standard","hentry","category-destacado","category-local"],"yoast_head":"<!-- This site is optimized with the Yoast SEO plugin v26.6 - https:\/\/yoast.com\/wordpress\/plugins\/seo\/ -->\n<title>En Comisi\u00f3n Municipal de Competitividad se aprob\u00f3 propuesta de visibilizar la cadena de caf\u00e9 de Neiva -<\/title>\n<meta name=\"robots\" content=\"index, follow, max-snippet:-1, max-image-preview:large, max-video-preview:-1\" \/>\n<link rel=\"canonical\" href=\"https:\/\/luchonoticias.com\/editor\/en-comision-municipal-de-competitividad-se-aprobo-propuesta-de-visibilizar-la-cadena-de-cafe-de-neiva\/\" \/>\n<meta property=\"og:locale\" content=\"es_ES\" \/>\n<meta property=\"og:type\" content=\"article\" \/>\n<meta property=\"og:title\" content=\"En Comisi\u00f3n Municipal de Competitividad se aprob\u00f3 propuesta de visibilizar la cadena de caf\u00e9 de Neiva -\" \/>\n<meta property=\"og:url\" content=\"https:\/\/luchonoticias.com\/editor\/en-comision-municipal-de-competitividad-se-aprobo-propuesta-de-visibilizar-la-cadena-de-cafe-de-neiva\/\" \/>\n<meta property=\"article:publisher\" content=\"https:\/\/www.facebook.com\/luchonoticiasneiva\" \/>\n<meta property=\"article:published_time\" content=\"2023-06-16T16:01:17+00:00\" \/>\n<meta property=\"article:modified_time\" content=\"2023-06-16T16:01:18+00:00\" \/>\n<meta name=\"author\" content=\"Editor General\" \/>\n<meta name=\"twitter:card\" content=\"summary_large_image\" \/>\n<meta name=\"twitter:label1\" content=\"Escrito por\" \/>\n\t<meta name=\"twitter:data1\" content=\"Editor General\" \/>\n\t<meta name=\"twitter:label2\" content=\"Tiempo de lectura\" \/>\n\t<meta name=\"twitter:data2\" content=\"2 minutos\" \/>\n<script type=\"application\/ld+json\" class=\"yoast-schema-graph\">{\"@context\":\"https:\/\/schema.org\",\"@graph\":[{\"@type\":\"Article\",\"@id\":\"https:\/\/luchonoticias.com\/editor\/en-comision-municipal-de-competitividad-se-aprobo-propuesta-de-visibilizar-la-cadena-de-cafe-de-neiva\/#article\",\"isPartOf\":{\"@id\":\"https:\/\/luchonoticias.com\/editor\/en-comision-municipal-de-competitividad-se-aprobo-propuesta-de-visibilizar-la-cadena-de-cafe-de-neiva\/\"},\"author\":{\"name\":\"Editor General\",\"@id\":\"https:\/\/luchonoticias.com\/editor\/#\/schema\/person\/29217990ddf6f14e35912b2866d591fb\"},\"headline\":\"En Comisi\u00f3n Municipal de Competitividad se aprob\u00f3 propuesta de visibilizar la cadena de caf\u00e9 de Neiva\",\"datePublished\":\"2023-06-16T16:01:17+00:00\",\"dateModified\":\"2023-06-16T16:01:18+00:00\",\"mainEntityOfPage\":{\"@id\":\"https:\/\/luchonoticias.com\/editor\/en-comision-municipal-de-competitividad-se-aprobo-propuesta-de-visibilizar-la-cadena-de-cafe-de-neiva\/\"},\"wordCount\":352,\"commentCount\":0,\"publisher\":{\"@id\":\"https:\/\/luchonoticias.com\/editor\/#\/schema\/person\/7a7fd911f58561fd056dbac7b55af9cd\"},\"articleSection\":[\"Destacado\",\"Local\"],\"inLanguage\":\"es\",\"potentialAction\":[{\"@type\":\"CommentAction\",\"name\":\"Comment\",\"target\":[\"https:\/\/luchonoticias.com\/editor\/en-comision-municipal-de-competitividad-se-aprobo-propuesta-de-visibilizar-la-cadena-de-cafe-de-neiva\/#respond\"]}]},{\"@type\":\"WebPage\",\"@id\":\"https:\/\/luchonoticias.com\/editor\/en-comision-municipal-de-competitividad-se-aprobo-propuesta-de-visibilizar-la-cadena-de-cafe-de-neiva\/\",\"url\":\"https:\/\/luchonoticias.com\/editor\/en-comision-municipal-de-competitividad-se-aprobo-propuesta-de-visibilizar-la-cadena-de-cafe-de-neiva\/\",\"name\":\"En Comisi\u00f3n Municipal de Competitividad se aprob\u00f3 propuesta de visibilizar la cadena de caf\u00e9 de Neiva -\",\"isPartOf\":{\"@id\":\"https:\/\/luchonoticias.com\/editor\/#website\"},\"datePublished\":\"2023-06-16T16:01:17+00:00\",\"dateModified\":\"2023-06-16T16:01:18+00:00\",\"breadcrumb\":{\"@id\":\"https:\/\/luchonoticias.com\/editor\/en-comision-municipal-de-competitividad-se-aprobo-propuesta-de-visibilizar-la-cadena-de-cafe-de-neiva\/#breadcrumb\"},\"inLanguage\":\"es\",\"potentialAction\":[{\"@type\":\"ReadAction\",\"target\":[\"https:\/\/luchonoticias.com\/editor\/en-comision-municipal-de-competitividad-se-aprobo-propuesta-de-visibilizar-la-cadena-de-cafe-de-neiva\/\"]}]},{\"@type\":\"BreadcrumbList\",\"@id\":\"https:\/\/luchonoticias.com\/editor\/en-comision-municipal-de-competitividad-se-aprobo-propuesta-de-visibilizar-la-cadena-de-cafe-de-neiva\/#breadcrumb\",\"itemListElement\":[{\"@type\":\"ListItem\",\"position\":1,\"name\":\"Portada\",\"item\":\"https:\/\/luchonoticias.com\/editor\/\"},{\"@type\":\"ListItem\",\"position\":2,\"name\":\"En Comisi\u00f3n Municipal de Competitividad se aprob\u00f3 propuesta de visibilizar la cadena de caf\u00e9 de Neiva\"}]},{\"@type\":\"WebSite\",\"@id\":\"https:\/\/luchonoticias.com\/editor\/#website\",\"url\":\"https:\/\/luchonoticias.com\/editor\/\",\"name\":\"\",\"description\":\"\",\"publisher\":{\"@id\":\"https:\/\/luchonoticias.com\/editor\/#\/schema\/person\/7a7fd911f58561fd056dbac7b55af9cd\"},\"potentialAction\":[{\"@type\":\"SearchAction\",\"target\":{\"@type\":\"EntryPoint\",\"urlTemplate\":\"https:\/\/luchonoticias.com\/editor\/?s={search_term_string}\"},\"query-input\":{\"@type\":\"PropertyValueSpecification\",\"valueRequired\":true,\"valueName\":\"search_term_string\"}}],\"inLanguage\":\"es\"},{\"@type\":[\"Person\",\"Organization\"],\"@id\":\"https:\/\/luchonoticias.com\/editor\/#\/schema\/person\/7a7fd911f58561fd056dbac7b55af9cd\",\"name\":\"admin\",\"image\":{\"@type\":\"ImageObject\",\"inLanguage\":\"es\",\"@id\":\"https:\/\/luchonoticias.com\/editor\/#\/schema\/person\/image\/\",\"url\":\"https:\/\/luchonoticias.com\/editor\/wp-content\/uploads\/2024\/02\/cropped-cropped-logolu.webp\",\"contentUrl\":\"https:\/\/luchonoticias.com\/editor\/wp-content\/uploads\/2024\/02\/cropped-cropped-logolu.webp\",\"width\":382,\"height\":170,\"caption\":\"admin\"},\"logo\":{\"@id\":\"https:\/\/luchonoticias.com\/editor\/#\/schema\/person\/image\/\"},\"sameAs\":[\"https:\/\/www.facebook.com\/luchonoticiasneiva\"]},{\"@type\":\"Person\",\"@id\":\"https:\/\/luchonoticias.com\/editor\/#\/schema\/person\/29217990ddf6f14e35912b2866d591fb\",\"name\":\"Editor General\",\"image\":{\"@type\":\"ImageObject\",\"inLanguage\":\"es\",\"@id\":\"https:\/\/luchonoticias.com\/editor\/#\/schema\/person\/image\/\",\"url\":\"https:\/\/luchonoticias.com\/editor\/wp-content\/uploads\/2024\/02\/cropped-cropped-logolu-150x150.webp\",\"contentUrl\":\"https:\/\/luchonoticias.com\/editor\/wp-content\/uploads\/2024\/02\/cropped-cropped-logolu-150x150.webp\",\"caption\":\"Editor General\"},\"sameAs\":[\"https:\/\/luchonoticias.com\/\"],\"url\":\"https:\/\/luchonoticias.com\/editor\/author\/editor-general\/\"}]}<\/script>\n<!-- \/ Yoast SEO plugin. -->","yoast_head_json":{"title":"En Comisi\u00f3n Municipal de Competitividad se aprob\u00f3 propuesta de visibilizar la cadena de caf\u00e9 de Neiva -","robots":{"index":"index","follow":"follow","max-snippet":"max-snippet:-1","max-image-preview":"max-image-preview:large","max-video-preview":"max-video-preview:-1"},"canonical":"https:\/\/luchonoticias.com\/editor\/en-comision-municipal-de-competitividad-se-aprobo-propuesta-de-visibilizar-la-cadena-de-cafe-de-neiva\/","og_locale":"es_ES","og_type":"article","og_title":"En Comisi\u00f3n Municipal de Competitividad se aprob\u00f3 propuesta de visibilizar la cadena de caf\u00e9 de Neiva -","og_url":"https:\/\/luchonoticias.com\/editor\/en-comision-municipal-de-competitividad-se-aprobo-propuesta-de-visibilizar-la-cadena-de-cafe-de-neiva\/","article_publisher":"https:\/\/www.facebook.com\/luchonoticiasneiva","article_published_time":"2023-06-16T16:01:17+00:00","article_modified_time":"2023-06-16T16:01:18+00:00","author":"Editor General","twitter_card":"summary_large_image","twitter_misc":{"Escrito por":"Editor General","Tiempo de lectura":"2 minutos"},"schema":{"@context":"https:\/\/schema.org","@graph":[{"@type":"Article","@id":"https:\/\/luchonoticias.com\/editor\/en-comision-municipal-de-competitividad-se-aprobo-propuesta-de-visibilizar-la-cadena-de-cafe-de-neiva\/#article","isPartOf":{"@id":"https:\/\/luchonoticias.com\/editor\/en-comision-municipal-de-competitividad-se-aprobo-propuesta-de-visibilizar-la-cadena-de-cafe-de-neiva\/"},"author":{"name":"Editor General","@id":"https:\/\/luchonoticias.com\/editor\/#\/schema\/person\/29217990ddf6f14e35912b2866d591fb"},"headline":"En Comisi\u00f3n Municipal de Competitividad se aprob\u00f3 propuesta de visibilizar la cadena de caf\u00e9 de Neiva","datePublished":"2023-06-16T16:01:17+00:00","dateModified":"2023-06-16T16:01:18+00:00","mainEntityOfPage":{"@id":"https:\/\/luchonoticias.com\/editor\/en-comision-municipal-de-competitividad-se-aprobo-propuesta-de-visibilizar-la-cadena-de-cafe-de-neiva\/"},"wordCount":352,"commentCount":0,"publisher":{"@id":"https:\/\/luchonoticias.com\/editor\/#\/schema\/person\/7a7fd911f58561fd056dbac7b55af9cd"},"articleSection":["Destacado","Local"],"inLanguage":"es","potentialAction":[{"@type":"CommentAction","name":"Comment","target":["https:\/\/luchonoticias.com\/editor\/en-comision-municipal-de-competitividad-se-aprobo-propuesta-de-visibilizar-la-cadena-de-cafe-de-neiva\/#respond"]}]},{"@type":"WebPage","@id":"https:\/\/luchonoticias.com\/editor\/en-comision-municipal-de-competitividad-se-aprobo-propuesta-de-visibilizar-la-cadena-de-cafe-de-neiva\/","url":"https:\/\/luchonoticias.com\/editor\/en-comision-municipal-de-competitividad-se-aprobo-propuesta-de-visibilizar-la-cadena-de-cafe-de-neiva\/","name":"En Comisi\u00f3n Municipal de Competitividad se aprob\u00f3 propuesta de visibilizar la cadena de caf\u00e9 de Neiva -","isPartOf":{"@id":"https:\/\/luchonoticias.com\/editor\/#website"},"datePublished":"2023-06-16T16:01:17+00:00","dateModified":"2023-06-16T16:01:18+00:00","breadcrumb":{"@id":"https:\/\/luchonoticias.com\/editor\/en-comision-municipal-de-competitividad-se-aprobo-propuesta-de-visibilizar-la-cadena-de-cafe-de-neiva\/#breadcrumb"},"inLanguage":"es","potentialAction":[{"@type":"ReadAction","target":["https:\/\/luchonoticias.com\/editor\/en-comision-municipal-de-competitividad-se-aprobo-propuesta-de-visibilizar-la-cadena-de-cafe-de-neiva\/"]}]},{"@type":"BreadcrumbList","@id":"https:\/\/luchonoticias.com\/editor\/en-comision-municipal-de-competitividad-se-aprobo-propuesta-de-visibilizar-la-cadena-de-cafe-de-neiva\/#breadcrumb","itemListElement":[{"@type":"ListItem","position":1,"name":"Portada","item":"https:\/\/luchonoticias.com\/editor\/"},{"@type":"ListItem","position":2,"name":"En Comisi\u00f3n Municipal de Competitividad se aprob\u00f3 propuesta de visibilizar la cadena de caf\u00e9 de Neiva"}]},{"@type":"WebSite","@id":"https:\/\/luchonoticias.com\/editor\/#website","url":"https:\/\/luchonoticias.com\/editor\/","name":"","description":"","publisher":{"@id":"https:\/\/luchonoticias.com\/editor\/#\/schema\/person\/7a7fd911f58561fd056dbac7b55af9cd"},"potentialAction":[{"@type":"SearchAction","target":{"@type":"EntryPoint","urlTemplate":"https:\/\/luchonoticias.com\/editor\/?s={search_term_string}"},"query-input":{"@type":"PropertyValueSpecification","valueRequired":true,"valueName":"search_term_string"}}],"inLanguage":"es"},{"@type":["Person","Organization"],"@id":"https:\/\/luchonoticias.com\/editor\/#\/schema\/person\/7a7fd911f58561fd056dbac7b55af9cd","name":"admin","image":{"@type":"ImageObject","inLanguage":"es","@id":"https:\/\/luchonoticias.com\/editor\/#\/schema\/person\/image\/","url":"https:\/\/luchonoticias.com\/editor\/wp-content\/uploads\/2024\/02\/cropped-cropped-logolu.webp","contentUrl":"https:\/\/luchonoticias.com\/editor\/wp-content\/uploads\/2024\/02\/cropped-cropped-logolu.webp","width":382,"height":170,"caption":"admin"},"logo":{"@id":"https:\/\/luchonoticias.com\/editor\/#\/schema\/person\/image\/"},"sameAs":["https:\/\/www.facebook.com\/luchonoticiasneiva"]},{"@type":"Person","@id":"https:\/\/luchonoticias.com\/editor\/#\/schema\/person\/29217990ddf6f14e35912b2866d591fb","name":"Editor General","image":{"@type":"ImageObject","inLanguage":"es","@id":"https:\/\/luchonoticias.com\/editor\/#\/schema\/person\/image\/","url":"https:\/\/luchonoticias.com\/editor\/wp-content\/uploads\/2024\/02\/cropped-cropped-logolu-150x150.webp","contentUrl":"https:\/\/luchonoticias.com\/editor\/wp-content\/uploads\/2024\/02\/cropped-cropped-logolu-150x150.webp","caption":"Editor General"},"sameAs":["https:\/\/luchonoticias.com\/"],"url":"https:\/\/luchonoticias.com\/editor\/author\/editor-general\/"}]}},"_links":{"self":[{"href":"https:\/\/luchonoticias.com\/editor\/wp-json\/wp\/v2\/posts\/54711","targetHints":{"allow":["GET"]}}],"collection":[{"href":"https:\/\/luchonoticias.com\/editor\/wp-json\/wp\/v2\/posts"}],"about":[{"href":"https:\/\/luchonoticias.com\/editor\/wp-json\/wp\/v2\/types\/post"}],"author":[{"embeddable":true,"href":"https:\/\/luchonoticias.com\/editor\/wp-json\/wp\/v2\/users\/2"}],"replies":[{"embeddable":true,"href":"https:\/\/luchonoticias.com\/editor\/wp-json\/wp\/v2\/comments?post=54711"}],"version-history":[{"count":0,"href":"https:\/\/luchonoticias.com\/editor\/wp-json\/wp\/v2\/posts\/54711\/revisions"}],"wp:attachment":[{"href":"https:\/\/luchonoticias.com\/editor\/wp-json\/wp\/v2\/media?parent=54711"}],"wp:term":[{"taxonomy":"category","embeddable":true,"href":"https:\/\/luchonoticias.com\/editor\/wp-json\/wp\/v2\/categories?post=54711"},{"taxonomy":"post_tag","embeddable":true,"href":"https:\/\/luchonoticias.com\/editor\/wp-json\/wp\/v2\/tags?post=54711"}],"curies":[{"name":"wp","href":"https:\/\/api.w.org\/{rel}","templated":true}]}}