{"id":54782,"date":"2023-06-17T14:18:27","date_gmt":"2023-06-17T19:18:27","guid":{"rendered":"https:\/\/luchonoticias.com\/?p=54782"},"modified":"2023-06-17T14:18:28","modified_gmt":"2023-06-17T19:18:28","slug":"iniciativa-de-formacion-en-robotica-fue-todo-un-exito","status":"publish","type":"post","link":"https:\/\/luchonoticias.com\/editor\/iniciativa-de-formacion-en-robotica-fue-todo-un-exito\/","title":{"rendered":"Iniciativa de formaci\u00f3n en Rob\u00f3tica fue todo un \u00e9xito"},"content":{"rendered":"\n<p>En la Zona Vive Digital del Parque Mirador del Sur, de la Comuna Seis de Neiva, se llev\u00f3 a cabo la clausura del Curso de Rob\u00f3tica Nivel 1 donde 60 estudiantes del Colegio \u2018Agust\u00edn Codazzi\u2019, aprendieron los conceptos b\u00e1sicos de programaci\u00f3n.<\/p>\n\n\n\n<p>Por m\u00e1s de tres meses y con la voluntad de asistir al curso, totalmente gratuito, ofertado en una de las 11 zonas Vive Digital, ubicadas en el municipio, los estudiantes disfrutaron de cada experiencia de aprendizaje ofertada por la Tecnoacademia Sena.<\/p>\n\n\n\n<p>\u201cNo me arrepiento de haber invertido mi tiempo libre en este curso, aprend\u00ed much\u00edsimo y seguir\u00e9 con \u00e1nimos al nivel 2\u201d, afirm\u00f3 Sergio David R\u00edos D\u00edaz, uno de los estudiantes del curso.<\/p>\n\n\n\n<p>La capacitaci\u00f3n culmin\u00f3 con \u00e9xito gracias a las alianzas estrat\u00e9gicas de la Administraci\u00f3n Municipal, mediante la Secretaria de las TIC y la Tecnoacademia del Sena, que lider\u00f3 la formaci\u00f3n acad\u00e9mica de los j\u00f3venes.<\/p>\n\n\n\n<figure class=\"wp-block-gallery has-nested-images columns-default is-cropped wp-block-gallery-1 is-layout-flex wp-block-gallery-is-layout-flex\">\n<figure class=\"wp-block-image size-large\"><img decoding=\"async\" data-id=\"54785\" src=\"https:\/\/luchonoticias.com\/wp-content\/uploads\/2023\/06\/WhatsApp-Image-2023-06-17-at-10.36.21-AM-2.jpeg\" alt=\"\" class=\"wp-image-54785\"\/><\/figure>\n\n\n\n<figure class=\"wp-block-image size-large\"><img decoding=\"async\" data-id=\"54784\" src=\"https:\/\/luchonoticias.com\/wp-content\/uploads\/2023\/06\/WhatsApp-Image-2023-06-17-at-10.36.19-AM-2.jpeg\" alt=\"\" class=\"wp-image-54784\"\/><\/figure>\n\n\n\n<figure class=\"wp-block-image size-large\"><img decoding=\"async\" data-id=\"54786\" src=\"https:\/\/luchonoticias.com\/wp-content\/uploads\/2023\/06\/WhatsApp-Image-2023-06-17-at-10.36.18-AM.jpeg\" alt=\"\" class=\"wp-image-54786\"\/><\/figure>\n<\/figure>\n\n\n\n<p>Fredy Perea, director de Arquitectura Empresarial y de Gobierno Abierto de la Secretar\u00eda de las TIC, expres\u00f3 que \u201cen nombre de nuestro alcalde Gorky Mu\u00f1oz nos place ver que estas zonas Vive Digital sean significativas y llenas de experiencias para los j\u00f3venes y los ni\u00f1os de los sectores aleda\u00f1os, es nuestro compromiso proteger y formar para suplir las mismas necesidades del sector\u201d.<\/p>\n\n\n\n<p><strong>Formaci\u00f3n integral<\/strong><\/p>\n\n\n\n<p>Ang\u00e9lica Vizcaya, instructora del curso de Rob\u00f3tica I, resalt\u00f3 la importancia de las zonas Vive Digital en este tipo de procesos. \u201cSon escenarios que facilitan llegar a las comunidades, pues nuestro proceso no solo forma acad\u00e9micamente sino que ayuda a sus emociones y al trabajo colaborativo\u201d.<\/p>\n\n\n\n<p>En todos las zonas Vive Digital existen ofertas educativas abiertas al p\u00fablico, \u201cdesde programaci\u00f3n hasta manejo b\u00e1sico del paquete Office, adem\u00e1s de contar con otros atractivos como sala de videojuegos y cine\u201d, agreg\u00f3 Fredy Perea.<\/p>\n","protected":false},"excerpt":{"rendered":"<p>En la Zona Vive Digital del Parque Mirador del Sur, de la Comuna Seis de Neiva, se llev\u00f3 a cabo la clausura del Curso de Rob\u00f3tica Nivel 1 donde 60 estudiantes del Colegio \u2018Agust\u00edn Codazzi\u2019, aprendieron los conceptos b\u00e1sicos de programaci\u00f3n. Por m\u00e1s de tres meses y con la voluntad de asistir al curso, totalmente [&hellip;]<\/p>\n","protected":false},"author":2,"featured_media":0,"comment_status":"open","ping_status":"open","sticky":false,"template":"","format":"standard","meta":{"footnotes":""},"categories":[36,31],"tags":[],"class_list":["post-54782","post","type-post","status-publish","format-standard","hentry","category-destacado","category-local"],"yoast_head":"<!-- This site is optimized with the Yoast SEO plugin v26.6 - https:\/\/yoast.com\/wordpress\/plugins\/seo\/ -->\n<title>Iniciativa de formaci\u00f3n en Rob\u00f3tica fue todo un \u00e9xito -<\/title>\n<meta name=\"robots\" content=\"index, follow, max-snippet:-1, max-image-preview:large, max-video-preview:-1\" \/>\n<link rel=\"canonical\" href=\"https:\/\/luchonoticias.com\/editor\/iniciativa-de-formacion-en-robotica-fue-todo-un-exito\/\" \/>\n<meta property=\"og:locale\" content=\"es_ES\" \/>\n<meta property=\"og:type\" content=\"article\" \/>\n<meta property=\"og:title\" content=\"Iniciativa de formaci\u00f3n en Rob\u00f3tica fue todo un \u00e9xito -\" \/>\n<meta property=\"og:url\" content=\"https:\/\/luchonoticias.com\/editor\/iniciativa-de-formacion-en-robotica-fue-todo-un-exito\/\" \/>\n<meta property=\"article:publisher\" content=\"https:\/\/www.facebook.com\/luchonoticiasneiva\" \/>\n<meta property=\"article:published_time\" content=\"2023-06-17T19:18:27+00:00\" \/>\n<meta property=\"article:modified_time\" content=\"2023-06-17T19:18:28+00:00\" \/>\n<meta property=\"og:image\" content=\"https:\/\/luchonoticias.com\/wp-content\/uploads\/2023\/06\/WhatsApp-Image-2023-06-17-at-10.36.21-AM-2.jpeg\" \/>\n<meta name=\"author\" content=\"Editor General\" \/>\n<meta name=\"twitter:card\" content=\"summary_large_image\" \/>\n<meta name=\"twitter:label1\" content=\"Escrito por\" \/>\n\t<meta name=\"twitter:data1\" content=\"Editor General\" \/>\n\t<meta name=\"twitter:label2\" content=\"Tiempo de lectura\" \/>\n\t<meta name=\"twitter:data2\" content=\"2 minutos\" \/>\n<script type=\"application\/ld+json\" class=\"yoast-schema-graph\">{\"@context\":\"https:\/\/schema.org\",\"@graph\":[{\"@type\":\"Article\",\"@id\":\"https:\/\/luchonoticias.com\/editor\/iniciativa-de-formacion-en-robotica-fue-todo-un-exito\/#article\",\"isPartOf\":{\"@id\":\"https:\/\/luchonoticias.com\/editor\/iniciativa-de-formacion-en-robotica-fue-todo-un-exito\/\"},\"author\":{\"name\":\"Editor General\",\"@id\":\"https:\/\/luchonoticias.com\/editor\/#\/schema\/person\/29217990ddf6f14e35912b2866d591fb\"},\"headline\":\"Iniciativa de formaci\u00f3n en Rob\u00f3tica fue todo un \u00e9xito\",\"datePublished\":\"2023-06-17T19:18:27+00:00\",\"dateModified\":\"2023-06-17T19:18:28+00:00\",\"mainEntityOfPage\":{\"@id\":\"https:\/\/luchonoticias.com\/editor\/iniciativa-de-formacion-en-robotica-fue-todo-un-exito\/\"},\"wordCount\":326,\"commentCount\":0,\"publisher\":{\"@id\":\"https:\/\/luchonoticias.com\/editor\/#\/schema\/person\/7a7fd911f58561fd056dbac7b55af9cd\"},\"image\":{\"@id\":\"https:\/\/luchonoticias.com\/editor\/iniciativa-de-formacion-en-robotica-fue-todo-un-exito\/#primaryimage\"},\"thumbnailUrl\":\"https:\/\/luchonoticias.com\/wp-content\/uploads\/2023\/06\/WhatsApp-Image-2023-06-17-at-10.36.21-AM-2.jpeg\",\"articleSection\":[\"Destacado\",\"Local\"],\"inLanguage\":\"es\",\"potentialAction\":[{\"@type\":\"CommentAction\",\"name\":\"Comment\",\"target\":[\"https:\/\/luchonoticias.com\/editor\/iniciativa-de-formacion-en-robotica-fue-todo-un-exito\/#respond\"]}]},{\"@type\":\"WebPage\",\"@id\":\"https:\/\/luchonoticias.com\/editor\/iniciativa-de-formacion-en-robotica-fue-todo-un-exito\/\",\"url\":\"https:\/\/luchonoticias.com\/editor\/iniciativa-de-formacion-en-robotica-fue-todo-un-exito\/\",\"name\":\"Iniciativa de formaci\u00f3n en Rob\u00f3tica fue todo un \u00e9xito -\",\"isPartOf\":{\"@id\":\"https:\/\/luchonoticias.com\/editor\/#website\"},\"primaryImageOfPage\":{\"@id\":\"https:\/\/luchonoticias.com\/editor\/iniciativa-de-formacion-en-robotica-fue-todo-un-exito\/#primaryimage\"},\"image\":{\"@id\":\"https:\/\/luchonoticias.com\/editor\/iniciativa-de-formacion-en-robotica-fue-todo-un-exito\/#primaryimage\"},\"thumbnailUrl\":\"https:\/\/luchonoticias.com\/wp-content\/uploads\/2023\/06\/WhatsApp-Image-2023-06-17-at-10.36.21-AM-2.jpeg\",\"datePublished\":\"2023-06-17T19:18:27+00:00\",\"dateModified\":\"2023-06-17T19:18:28+00:00\",\"breadcrumb\":{\"@id\":\"https:\/\/luchonoticias.com\/editor\/iniciativa-de-formacion-en-robotica-fue-todo-un-exito\/#breadcrumb\"},\"inLanguage\":\"es\",\"potentialAction\":[{\"@type\":\"ReadAction\",\"target\":[\"https:\/\/luchonoticias.com\/editor\/iniciativa-de-formacion-en-robotica-fue-todo-un-exito\/\"]}]},{\"@type\":\"ImageObject\",\"inLanguage\":\"es\",\"@id\":\"https:\/\/luchonoticias.com\/editor\/iniciativa-de-formacion-en-robotica-fue-todo-un-exito\/#primaryimage\",\"url\":\"https:\/\/luchonoticias.com\/wp-content\/uploads\/2023\/06\/WhatsApp-Image-2023-06-17-at-10.36.21-AM-2.jpeg\",\"contentUrl\":\"https:\/\/luchonoticias.com\/wp-content\/uploads\/2023\/06\/WhatsApp-Image-2023-06-17-at-10.36.21-AM-2.jpeg\"},{\"@type\":\"BreadcrumbList\",\"@id\":\"https:\/\/luchonoticias.com\/editor\/iniciativa-de-formacion-en-robotica-fue-todo-un-exito\/#breadcrumb\",\"itemListElement\":[{\"@type\":\"ListItem\",\"position\":1,\"name\":\"Portada\",\"item\":\"https:\/\/luchonoticias.com\/editor\/\"},{\"@type\":\"ListItem\",\"position\":2,\"name\":\"Iniciativa de formaci\u00f3n en Rob\u00f3tica fue todo un \u00e9xito\"}]},{\"@type\":\"WebSite\",\"@id\":\"https:\/\/luchonoticias.com\/editor\/#website\",\"url\":\"https:\/\/luchonoticias.com\/editor\/\",\"name\":\"\",\"description\":\"\",\"publisher\":{\"@id\":\"https:\/\/luchonoticias.com\/editor\/#\/schema\/person\/7a7fd911f58561fd056dbac7b55af9cd\"},\"potentialAction\":[{\"@type\":\"SearchAction\",\"target\":{\"@type\":\"EntryPoint\",\"urlTemplate\":\"https:\/\/luchonoticias.com\/editor\/?s={search_term_string}\"},\"query-input\":{\"@type\":\"PropertyValueSpecification\",\"valueRequired\":true,\"valueName\":\"search_term_string\"}}],\"inLanguage\":\"es\"},{\"@type\":[\"Person\",\"Organization\"],\"@id\":\"https:\/\/luchonoticias.com\/editor\/#\/schema\/person\/7a7fd911f58561fd056dbac7b55af9cd\",\"name\":\"admin\",\"image\":{\"@type\":\"ImageObject\",\"inLanguage\":\"es\",\"@id\":\"https:\/\/luchonoticias.com\/editor\/#\/schema\/person\/image\/\",\"url\":\"https:\/\/luchonoticias.com\/editor\/wp-content\/uploads\/2024\/02\/cropped-cropped-logolu.webp\",\"contentUrl\":\"https:\/\/luchonoticias.com\/editor\/wp-content\/uploads\/2024\/02\/cropped-cropped-logolu.webp\",\"width\":382,\"height\":170,\"caption\":\"admin\"},\"logo\":{\"@id\":\"https:\/\/luchonoticias.com\/editor\/#\/schema\/person\/image\/\"},\"sameAs\":[\"https:\/\/www.facebook.com\/luchonoticiasneiva\"]},{\"@type\":\"Person\",\"@id\":\"https:\/\/luchonoticias.com\/editor\/#\/schema\/person\/29217990ddf6f14e35912b2866d591fb\",\"name\":\"Editor General\",\"image\":{\"@type\":\"ImageObject\",\"inLanguage\":\"es\",\"@id\":\"https:\/\/luchonoticias.com\/editor\/#\/schema\/person\/image\/\",\"url\":\"https:\/\/luchonoticias.com\/editor\/wp-content\/uploads\/2024\/02\/cropped-cropped-logolu-150x150.webp\",\"contentUrl\":\"https:\/\/luchonoticias.com\/editor\/wp-content\/uploads\/2024\/02\/cropped-cropped-logolu-150x150.webp\",\"caption\":\"Editor General\"},\"sameAs\":[\"https:\/\/luchonoticias.com\/\"],\"url\":\"https:\/\/luchonoticias.com\/editor\/author\/editor-general\/\"}]}<\/script>\n<!-- \/ Yoast SEO plugin. -->","yoast_head_json":{"title":"Iniciativa de formaci\u00f3n en Rob\u00f3tica fue todo un \u00e9xito -","robots":{"index":"index","follow":"follow","max-snippet":"max-snippet:-1","max-image-preview":"max-image-preview:large","max-video-preview":"max-video-preview:-1"},"canonical":"https:\/\/luchonoticias.com\/editor\/iniciativa-de-formacion-en-robotica-fue-todo-un-exito\/","og_locale":"es_ES","og_type":"article","og_title":"Iniciativa de formaci\u00f3n en Rob\u00f3tica fue todo un \u00e9xito -","og_url":"https:\/\/luchonoticias.com\/editor\/iniciativa-de-formacion-en-robotica-fue-todo-un-exito\/","article_publisher":"https:\/\/www.facebook.com\/luchonoticiasneiva","article_published_time":"2023-06-17T19:18:27+00:00","article_modified_time":"2023-06-17T19:18:28+00:00","og_image":[{"url":"https:\/\/luchonoticias.com\/wp-content\/uploads\/2023\/06\/WhatsApp-Image-2023-06-17-at-10.36.21-AM-2.jpeg","type":"","width":"","height":""}],"author":"Editor General","twitter_card":"summary_large_image","twitter_misc":{"Escrito por":"Editor General","Tiempo de lectura":"2 minutos"},"schema":{"@context":"https:\/\/schema.org","@graph":[{"@type":"Article","@id":"https:\/\/luchonoticias.com\/editor\/iniciativa-de-formacion-en-robotica-fue-todo-un-exito\/#article","isPartOf":{"@id":"https:\/\/luchonoticias.com\/editor\/iniciativa-de-formacion-en-robotica-fue-todo-un-exito\/"},"author":{"name":"Editor General","@id":"https:\/\/luchonoticias.com\/editor\/#\/schema\/person\/29217990ddf6f14e35912b2866d591fb"},"headline":"Iniciativa de formaci\u00f3n en Rob\u00f3tica fue todo un \u00e9xito","datePublished":"2023-06-17T19:18:27+00:00","dateModified":"2023-06-17T19:18:28+00:00","mainEntityOfPage":{"@id":"https:\/\/luchonoticias.com\/editor\/iniciativa-de-formacion-en-robotica-fue-todo-un-exito\/"},"wordCount":326,"commentCount":0,"publisher":{"@id":"https:\/\/luchonoticias.com\/editor\/#\/schema\/person\/7a7fd911f58561fd056dbac7b55af9cd"},"image":{"@id":"https:\/\/luchonoticias.com\/editor\/iniciativa-de-formacion-en-robotica-fue-todo-un-exito\/#primaryimage"},"thumbnailUrl":"https:\/\/luchonoticias.com\/wp-content\/uploads\/2023\/06\/WhatsApp-Image-2023-06-17-at-10.36.21-AM-2.jpeg","articleSection":["Destacado","Local"],"inLanguage":"es","potentialAction":[{"@type":"CommentAction","name":"Comment","target":["https:\/\/luchonoticias.com\/editor\/iniciativa-de-formacion-en-robotica-fue-todo-un-exito\/#respond"]}]},{"@type":"WebPage","@id":"https:\/\/luchonoticias.com\/editor\/iniciativa-de-formacion-en-robotica-fue-todo-un-exito\/","url":"https:\/\/luchonoticias.com\/editor\/iniciativa-de-formacion-en-robotica-fue-todo-un-exito\/","name":"Iniciativa de formaci\u00f3n en Rob\u00f3tica fue todo un \u00e9xito -","isPartOf":{"@id":"https:\/\/luchonoticias.com\/editor\/#website"},"primaryImageOfPage":{"@id":"https:\/\/luchonoticias.com\/editor\/iniciativa-de-formacion-en-robotica-fue-todo-un-exito\/#primaryimage"},"image":{"@id":"https:\/\/luchonoticias.com\/editor\/iniciativa-de-formacion-en-robotica-fue-todo-un-exito\/#primaryimage"},"thumbnailUrl":"https:\/\/luchonoticias.com\/wp-content\/uploads\/2023\/06\/WhatsApp-Image-2023-06-17-at-10.36.21-AM-2.jpeg","datePublished":"2023-06-17T19:18:27+00:00","dateModified":"2023-06-17T19:18:28+00:00","breadcrumb":{"@id":"https:\/\/luchonoticias.com\/editor\/iniciativa-de-formacion-en-robotica-fue-todo-un-exito\/#breadcrumb"},"inLanguage":"es","potentialAction":[{"@type":"ReadAction","target":["https:\/\/luchonoticias.com\/editor\/iniciativa-de-formacion-en-robotica-fue-todo-un-exito\/"]}]},{"@type":"ImageObject","inLanguage":"es","@id":"https:\/\/luchonoticias.com\/editor\/iniciativa-de-formacion-en-robotica-fue-todo-un-exito\/#primaryimage","url":"https:\/\/luchonoticias.com\/wp-content\/uploads\/2023\/06\/WhatsApp-Image-2023-06-17-at-10.36.21-AM-2.jpeg","contentUrl":"https:\/\/luchonoticias.com\/wp-content\/uploads\/2023\/06\/WhatsApp-Image-2023-06-17-at-10.36.21-AM-2.jpeg"},{"@type":"BreadcrumbList","@id":"https:\/\/luchonoticias.com\/editor\/iniciativa-de-formacion-en-robotica-fue-todo-un-exito\/#breadcrumb","itemListElement":[{"@type":"ListItem","position":1,"name":"Portada","item":"https:\/\/luchonoticias.com\/editor\/"},{"@type":"ListItem","position":2,"name":"Iniciativa de formaci\u00f3n en Rob\u00f3tica fue todo un \u00e9xito"}]},{"@type":"WebSite","@id":"https:\/\/luchonoticias.com\/editor\/#website","url":"https:\/\/luchonoticias.com\/editor\/","name":"","description":"","publisher":{"@id":"https:\/\/luchonoticias.com\/editor\/#\/schema\/person\/7a7fd911f58561fd056dbac7b55af9cd"},"potentialAction":[{"@type":"SearchAction","target":{"@type":"EntryPoint","urlTemplate":"https:\/\/luchonoticias.com\/editor\/?s={search_term_string}"},"query-input":{"@type":"PropertyValueSpecification","valueRequired":true,"valueName":"search_term_string"}}],"inLanguage":"es"},{"@type":["Person","Organization"],"@id":"https:\/\/luchonoticias.com\/editor\/#\/schema\/person\/7a7fd911f58561fd056dbac7b55af9cd","name":"admin","image":{"@type":"ImageObject","inLanguage":"es","@id":"https:\/\/luchonoticias.com\/editor\/#\/schema\/person\/image\/","url":"https:\/\/luchonoticias.com\/editor\/wp-content\/uploads\/2024\/02\/cropped-cropped-logolu.webp","contentUrl":"https:\/\/luchonoticias.com\/editor\/wp-content\/uploads\/2024\/02\/cropped-cropped-logolu.webp","width":382,"height":170,"caption":"admin"},"logo":{"@id":"https:\/\/luchonoticias.com\/editor\/#\/schema\/person\/image\/"},"sameAs":["https:\/\/www.facebook.com\/luchonoticiasneiva"]},{"@type":"Person","@id":"https:\/\/luchonoticias.com\/editor\/#\/schema\/person\/29217990ddf6f14e35912b2866d591fb","name":"Editor General","image":{"@type":"ImageObject","inLanguage":"es","@id":"https:\/\/luchonoticias.com\/editor\/#\/schema\/person\/image\/","url":"https:\/\/luchonoticias.com\/editor\/wp-content\/uploads\/2024\/02\/cropped-cropped-logolu-150x150.webp","contentUrl":"https:\/\/luchonoticias.com\/editor\/wp-content\/uploads\/2024\/02\/cropped-cropped-logolu-150x150.webp","caption":"Editor General"},"sameAs":["https:\/\/luchonoticias.com\/"],"url":"https:\/\/luchonoticias.com\/editor\/author\/editor-general\/"}]}},"_links":{"self":[{"href":"https:\/\/luchonoticias.com\/editor\/wp-json\/wp\/v2\/posts\/54782","targetHints":{"allow":["GET"]}}],"collection":[{"href":"https:\/\/luchonoticias.com\/editor\/wp-json\/wp\/v2\/posts"}],"about":[{"href":"https:\/\/luchonoticias.com\/editor\/wp-json\/wp\/v2\/types\/post"}],"author":[{"embeddable":true,"href":"https:\/\/luchonoticias.com\/editor\/wp-json\/wp\/v2\/users\/2"}],"replies":[{"embeddable":true,"href":"https:\/\/luchonoticias.com\/editor\/wp-json\/wp\/v2\/comments?post=54782"}],"version-history":[{"count":0,"href":"https:\/\/luchonoticias.com\/editor\/wp-json\/wp\/v2\/posts\/54782\/revisions"}],"wp:attachment":[{"href":"https:\/\/luchonoticias.com\/editor\/wp-json\/wp\/v2\/media?parent=54782"}],"wp:term":[{"taxonomy":"category","embeddable":true,"href":"https:\/\/luchonoticias.com\/editor\/wp-json\/wp\/v2\/categories?post=54782"},{"taxonomy":"post_tag","embeddable":true,"href":"https:\/\/luchonoticias.com\/editor\/wp-json\/wp\/v2\/tags?post=54782"}],"curies":[{"name":"wp","href":"https:\/\/api.w.org\/{rel}","templated":true}]}}