{"id":54828,"date":"2023-06-18T05:23:47","date_gmt":"2023-06-18T10:23:47","guid":{"rendered":"https:\/\/luchonoticias.com\/?p=54828"},"modified":"2023-06-18T05:23:48","modified_gmt":"2023-06-18T10:23:48","slug":"sin-vida-fue-hallado-menor-que-fue-arrastrado-por-una-creciente-del-rio-bordones-en-san-agustin-huila","status":"publish","type":"post","link":"https:\/\/luchonoticias.com\/editor\/sin-vida-fue-hallado-menor-que-fue-arrastrado-por-una-creciente-del-rio-bordones-en-san-agustin-huila\/","title":{"rendered":"Sin vida fue hallado menor que fue arrastrado por una creciente del r\u00edo Bordones en San Agust\u00edn, Huila"},"content":{"rendered":"\n<p>La Oficina de Gesti\u00f3n del Riesgo de Desastres del Huila, dieron a conocer que ayer en horas de la tarde, fue hallado el cuerpo del joven de 16 a\u00f1os de edad, identificado como Jes\u00fas David Mera, quien hab\u00eda desaparecido desde las ocho de la ma\u00f1ana del s\u00e1bado, al ser arrastrado por una creciente, cuando se encontraba buscando oro artesanalmente.<\/p>\n\n\n\n<p>\u201cDesde la Central de Comunicaciones de Emergencias de la Oficina Departamental para la Gesti\u00f3n del Riesgo de Desastres se reporta que, el Cuerpo de Bomberos Voluntarios del municipio de San Agust\u00edn, rescata sin vida por inmersi\u00f3n a Jes\u00fas David Mera a 2 km arriba del puente Paso de Maito, en aguas del r\u00edo Magdalena. El menor se encontraba buscando oro artesanalmente y fue arrastrado por la creciente del r\u00edo Bordones que se registr\u00f3 a las 8 de la ma\u00f1ana\u201d, indicaron las autoridades en un comunicado.<\/p>\n\n\n\n<p>Finalmente, en lo establecido por las fuentes oficiales, el cuerpo del menor se encuentra en las instalaciones de Medicina Legal de la Capital Arqueol\u00f3gica del Huila, a la espera que sus familiares lo reclamen para que le realicen sus respectivas honras f\u00fanebres.<\/p>\n","protected":false},"excerpt":{"rendered":"<p>La Oficina de Gesti\u00f3n del Riesgo de Desastres del Huila, dieron a conocer que ayer en horas de la tarde, fue hallado el cuerpo del joven de 16 a\u00f1os de edad, identificado como Jes\u00fas David Mera, quien hab\u00eda desaparecido desde las ocho de la ma\u00f1ana del s\u00e1bado, al ser arrastrado por una creciente, cuando se [&hellip;]<\/p>\n","protected":false},"author":2,"featured_media":0,"comment_status":"open","ping_status":"open","sticky":false,"template":"","format":"standard","meta":{"footnotes":""},"categories":[36,29],"tags":[],"class_list":["post-54828","post","type-post","status-publish","format-standard","hentry","category-destacado","category-judicial"],"yoast_head":"<!-- This site is optimized with the Yoast SEO plugin v26.6 - https:\/\/yoast.com\/wordpress\/plugins\/seo\/ -->\n<title>Sin vida fue hallado menor que fue arrastrado por una creciente del r\u00edo Bordones en San Agust\u00edn, Huila -<\/title>\n<meta name=\"robots\" content=\"index, follow, max-snippet:-1, max-image-preview:large, max-video-preview:-1\" \/>\n<link rel=\"canonical\" href=\"https:\/\/luchonoticias.com\/editor\/sin-vida-fue-hallado-menor-que-fue-arrastrado-por-una-creciente-del-rio-bordones-en-san-agustin-huila\/\" \/>\n<meta property=\"og:locale\" content=\"es_ES\" \/>\n<meta property=\"og:type\" content=\"article\" \/>\n<meta property=\"og:title\" content=\"Sin vida fue hallado menor que fue arrastrado por una creciente del r\u00edo Bordones en San Agust\u00edn, Huila -\" \/>\n<meta property=\"og:url\" content=\"https:\/\/luchonoticias.com\/editor\/sin-vida-fue-hallado-menor-que-fue-arrastrado-por-una-creciente-del-rio-bordones-en-san-agustin-huila\/\" \/>\n<meta property=\"article:publisher\" content=\"https:\/\/www.facebook.com\/luchonoticiasneiva\" \/>\n<meta property=\"article:published_time\" content=\"2023-06-18T10:23:47+00:00\" \/>\n<meta property=\"article:modified_time\" content=\"2023-06-18T10:23:48+00:00\" \/>\n<meta name=\"author\" content=\"Editor General\" \/>\n<meta name=\"twitter:card\" content=\"summary_large_image\" \/>\n<meta name=\"twitter:label1\" content=\"Escrito por\" \/>\n\t<meta name=\"twitter:data1\" content=\"Editor General\" \/>\n\t<meta name=\"twitter:label2\" content=\"Tiempo de lectura\" \/>\n\t<meta name=\"twitter:data2\" content=\"1 minuto\" \/>\n<script type=\"application\/ld+json\" class=\"yoast-schema-graph\">{\"@context\":\"https:\/\/schema.org\",\"@graph\":[{\"@type\":\"Article\",\"@id\":\"https:\/\/luchonoticias.com\/editor\/sin-vida-fue-hallado-menor-que-fue-arrastrado-por-una-creciente-del-rio-bordones-en-san-agustin-huila\/#article\",\"isPartOf\":{\"@id\":\"https:\/\/luchonoticias.com\/editor\/sin-vida-fue-hallado-menor-que-fue-arrastrado-por-una-creciente-del-rio-bordones-en-san-agustin-huila\/\"},\"author\":{\"name\":\"Editor General\",\"@id\":\"https:\/\/luchonoticias.com\/editor\/#\/schema\/person\/29217990ddf6f14e35912b2866d591fb\"},\"headline\":\"Sin vida fue hallado menor que fue arrastrado por una creciente del r\u00edo Bordones en San Agust\u00edn, Huila\",\"datePublished\":\"2023-06-18T10:23:47+00:00\",\"dateModified\":\"2023-06-18T10:23:48+00:00\",\"mainEntityOfPage\":{\"@id\":\"https:\/\/luchonoticias.com\/editor\/sin-vida-fue-hallado-menor-que-fue-arrastrado-por-una-creciente-del-rio-bordones-en-san-agustin-huila\/\"},\"wordCount\":218,\"commentCount\":0,\"publisher\":{\"@id\":\"https:\/\/luchonoticias.com\/editor\/#\/schema\/person\/7a7fd911f58561fd056dbac7b55af9cd\"},\"articleSection\":[\"Destacado\",\"Judicial\"],\"inLanguage\":\"es\",\"potentialAction\":[{\"@type\":\"CommentAction\",\"name\":\"Comment\",\"target\":[\"https:\/\/luchonoticias.com\/editor\/sin-vida-fue-hallado-menor-que-fue-arrastrado-por-una-creciente-del-rio-bordones-en-san-agustin-huila\/#respond\"]}]},{\"@type\":\"WebPage\",\"@id\":\"https:\/\/luchonoticias.com\/editor\/sin-vida-fue-hallado-menor-que-fue-arrastrado-por-una-creciente-del-rio-bordones-en-san-agustin-huila\/\",\"url\":\"https:\/\/luchonoticias.com\/editor\/sin-vida-fue-hallado-menor-que-fue-arrastrado-por-una-creciente-del-rio-bordones-en-san-agustin-huila\/\",\"name\":\"Sin vida fue hallado menor que fue arrastrado por una creciente del r\u00edo Bordones en San Agust\u00edn, Huila -\",\"isPartOf\":{\"@id\":\"https:\/\/luchonoticias.com\/editor\/#website\"},\"datePublished\":\"2023-06-18T10:23:47+00:00\",\"dateModified\":\"2023-06-18T10:23:48+00:00\",\"breadcrumb\":{\"@id\":\"https:\/\/luchonoticias.com\/editor\/sin-vida-fue-hallado-menor-que-fue-arrastrado-por-una-creciente-del-rio-bordones-en-san-agustin-huila\/#breadcrumb\"},\"inLanguage\":\"es\",\"potentialAction\":[{\"@type\":\"ReadAction\",\"target\":[\"https:\/\/luchonoticias.com\/editor\/sin-vida-fue-hallado-menor-que-fue-arrastrado-por-una-creciente-del-rio-bordones-en-san-agustin-huila\/\"]}]},{\"@type\":\"BreadcrumbList\",\"@id\":\"https:\/\/luchonoticias.com\/editor\/sin-vida-fue-hallado-menor-que-fue-arrastrado-por-una-creciente-del-rio-bordones-en-san-agustin-huila\/#breadcrumb\",\"itemListElement\":[{\"@type\":\"ListItem\",\"position\":1,\"name\":\"Portada\",\"item\":\"https:\/\/luchonoticias.com\/editor\/\"},{\"@type\":\"ListItem\",\"position\":2,\"name\":\"Sin vida fue hallado menor que fue arrastrado por una creciente del r\u00edo Bordones en San Agust\u00edn, Huila\"}]},{\"@type\":\"WebSite\",\"@id\":\"https:\/\/luchonoticias.com\/editor\/#website\",\"url\":\"https:\/\/luchonoticias.com\/editor\/\",\"name\":\"\",\"description\":\"\",\"publisher\":{\"@id\":\"https:\/\/luchonoticias.com\/editor\/#\/schema\/person\/7a7fd911f58561fd056dbac7b55af9cd\"},\"potentialAction\":[{\"@type\":\"SearchAction\",\"target\":{\"@type\":\"EntryPoint\",\"urlTemplate\":\"https:\/\/luchonoticias.com\/editor\/?s={search_term_string}\"},\"query-input\":{\"@type\":\"PropertyValueSpecification\",\"valueRequired\":true,\"valueName\":\"search_term_string\"}}],\"inLanguage\":\"es\"},{\"@type\":[\"Person\",\"Organization\"],\"@id\":\"https:\/\/luchonoticias.com\/editor\/#\/schema\/person\/7a7fd911f58561fd056dbac7b55af9cd\",\"name\":\"admin\",\"image\":{\"@type\":\"ImageObject\",\"inLanguage\":\"es\",\"@id\":\"https:\/\/luchonoticias.com\/editor\/#\/schema\/person\/image\/\",\"url\":\"https:\/\/luchonoticias.com\/editor\/wp-content\/uploads\/2024\/02\/cropped-cropped-logolu.webp\",\"contentUrl\":\"https:\/\/luchonoticias.com\/editor\/wp-content\/uploads\/2024\/02\/cropped-cropped-logolu.webp\",\"width\":382,\"height\":170,\"caption\":\"admin\"},\"logo\":{\"@id\":\"https:\/\/luchonoticias.com\/editor\/#\/schema\/person\/image\/\"},\"sameAs\":[\"https:\/\/www.facebook.com\/luchonoticiasneiva\"]},{\"@type\":\"Person\",\"@id\":\"https:\/\/luchonoticias.com\/editor\/#\/schema\/person\/29217990ddf6f14e35912b2866d591fb\",\"name\":\"Editor General\",\"image\":{\"@type\":\"ImageObject\",\"inLanguage\":\"es\",\"@id\":\"https:\/\/luchonoticias.com\/editor\/#\/schema\/person\/image\/\",\"url\":\"https:\/\/luchonoticias.com\/editor\/wp-content\/uploads\/2024\/02\/cropped-cropped-logolu-150x150.webp\",\"contentUrl\":\"https:\/\/luchonoticias.com\/editor\/wp-content\/uploads\/2024\/02\/cropped-cropped-logolu-150x150.webp\",\"caption\":\"Editor General\"},\"sameAs\":[\"https:\/\/luchonoticias.com\/\"],\"url\":\"https:\/\/luchonoticias.com\/editor\/author\/editor-general\/\"}]}<\/script>\n<!-- \/ Yoast SEO plugin. -->","yoast_head_json":{"title":"Sin vida fue hallado menor que fue arrastrado por una creciente del r\u00edo Bordones en San Agust\u00edn, Huila -","robots":{"index":"index","follow":"follow","max-snippet":"max-snippet:-1","max-image-preview":"max-image-preview:large","max-video-preview":"max-video-preview:-1"},"canonical":"https:\/\/luchonoticias.com\/editor\/sin-vida-fue-hallado-menor-que-fue-arrastrado-por-una-creciente-del-rio-bordones-en-san-agustin-huila\/","og_locale":"es_ES","og_type":"article","og_title":"Sin vida fue hallado menor que fue arrastrado por una creciente del r\u00edo Bordones en San Agust\u00edn, Huila -","og_url":"https:\/\/luchonoticias.com\/editor\/sin-vida-fue-hallado-menor-que-fue-arrastrado-por-una-creciente-del-rio-bordones-en-san-agustin-huila\/","article_publisher":"https:\/\/www.facebook.com\/luchonoticiasneiva","article_published_time":"2023-06-18T10:23:47+00:00","article_modified_time":"2023-06-18T10:23:48+00:00","author":"Editor General","twitter_card":"summary_large_image","twitter_misc":{"Escrito por":"Editor General","Tiempo de lectura":"1 minuto"},"schema":{"@context":"https:\/\/schema.org","@graph":[{"@type":"Article","@id":"https:\/\/luchonoticias.com\/editor\/sin-vida-fue-hallado-menor-que-fue-arrastrado-por-una-creciente-del-rio-bordones-en-san-agustin-huila\/#article","isPartOf":{"@id":"https:\/\/luchonoticias.com\/editor\/sin-vida-fue-hallado-menor-que-fue-arrastrado-por-una-creciente-del-rio-bordones-en-san-agustin-huila\/"},"author":{"name":"Editor General","@id":"https:\/\/luchonoticias.com\/editor\/#\/schema\/person\/29217990ddf6f14e35912b2866d591fb"},"headline":"Sin vida fue hallado menor que fue arrastrado por una creciente del r\u00edo Bordones en San Agust\u00edn, Huila","datePublished":"2023-06-18T10:23:47+00:00","dateModified":"2023-06-18T10:23:48+00:00","mainEntityOfPage":{"@id":"https:\/\/luchonoticias.com\/editor\/sin-vida-fue-hallado-menor-que-fue-arrastrado-por-una-creciente-del-rio-bordones-en-san-agustin-huila\/"},"wordCount":218,"commentCount":0,"publisher":{"@id":"https:\/\/luchonoticias.com\/editor\/#\/schema\/person\/7a7fd911f58561fd056dbac7b55af9cd"},"articleSection":["Destacado","Judicial"],"inLanguage":"es","potentialAction":[{"@type":"CommentAction","name":"Comment","target":["https:\/\/luchonoticias.com\/editor\/sin-vida-fue-hallado-menor-que-fue-arrastrado-por-una-creciente-del-rio-bordones-en-san-agustin-huila\/#respond"]}]},{"@type":"WebPage","@id":"https:\/\/luchonoticias.com\/editor\/sin-vida-fue-hallado-menor-que-fue-arrastrado-por-una-creciente-del-rio-bordones-en-san-agustin-huila\/","url":"https:\/\/luchonoticias.com\/editor\/sin-vida-fue-hallado-menor-que-fue-arrastrado-por-una-creciente-del-rio-bordones-en-san-agustin-huila\/","name":"Sin vida fue hallado menor que fue arrastrado por una creciente del r\u00edo Bordones en San Agust\u00edn, Huila -","isPartOf":{"@id":"https:\/\/luchonoticias.com\/editor\/#website"},"datePublished":"2023-06-18T10:23:47+00:00","dateModified":"2023-06-18T10:23:48+00:00","breadcrumb":{"@id":"https:\/\/luchonoticias.com\/editor\/sin-vida-fue-hallado-menor-que-fue-arrastrado-por-una-creciente-del-rio-bordones-en-san-agustin-huila\/#breadcrumb"},"inLanguage":"es","potentialAction":[{"@type":"ReadAction","target":["https:\/\/luchonoticias.com\/editor\/sin-vida-fue-hallado-menor-que-fue-arrastrado-por-una-creciente-del-rio-bordones-en-san-agustin-huila\/"]}]},{"@type":"BreadcrumbList","@id":"https:\/\/luchonoticias.com\/editor\/sin-vida-fue-hallado-menor-que-fue-arrastrado-por-una-creciente-del-rio-bordones-en-san-agustin-huila\/#breadcrumb","itemListElement":[{"@type":"ListItem","position":1,"name":"Portada","item":"https:\/\/luchonoticias.com\/editor\/"},{"@type":"ListItem","position":2,"name":"Sin vida fue hallado menor que fue arrastrado por una creciente del r\u00edo Bordones en San Agust\u00edn, Huila"}]},{"@type":"WebSite","@id":"https:\/\/luchonoticias.com\/editor\/#website","url":"https:\/\/luchonoticias.com\/editor\/","name":"","description":"","publisher":{"@id":"https:\/\/luchonoticias.com\/editor\/#\/schema\/person\/7a7fd911f58561fd056dbac7b55af9cd"},"potentialAction":[{"@type":"SearchAction","target":{"@type":"EntryPoint","urlTemplate":"https:\/\/luchonoticias.com\/editor\/?s={search_term_string}"},"query-input":{"@type":"PropertyValueSpecification","valueRequired":true,"valueName":"search_term_string"}}],"inLanguage":"es"},{"@type":["Person","Organization"],"@id":"https:\/\/luchonoticias.com\/editor\/#\/schema\/person\/7a7fd911f58561fd056dbac7b55af9cd","name":"admin","image":{"@type":"ImageObject","inLanguage":"es","@id":"https:\/\/luchonoticias.com\/editor\/#\/schema\/person\/image\/","url":"https:\/\/luchonoticias.com\/editor\/wp-content\/uploads\/2024\/02\/cropped-cropped-logolu.webp","contentUrl":"https:\/\/luchonoticias.com\/editor\/wp-content\/uploads\/2024\/02\/cropped-cropped-logolu.webp","width":382,"height":170,"caption":"admin"},"logo":{"@id":"https:\/\/luchonoticias.com\/editor\/#\/schema\/person\/image\/"},"sameAs":["https:\/\/www.facebook.com\/luchonoticiasneiva"]},{"@type":"Person","@id":"https:\/\/luchonoticias.com\/editor\/#\/schema\/person\/29217990ddf6f14e35912b2866d591fb","name":"Editor General","image":{"@type":"ImageObject","inLanguage":"es","@id":"https:\/\/luchonoticias.com\/editor\/#\/schema\/person\/image\/","url":"https:\/\/luchonoticias.com\/editor\/wp-content\/uploads\/2024\/02\/cropped-cropped-logolu-150x150.webp","contentUrl":"https:\/\/luchonoticias.com\/editor\/wp-content\/uploads\/2024\/02\/cropped-cropped-logolu-150x150.webp","caption":"Editor General"},"sameAs":["https:\/\/luchonoticias.com\/"],"url":"https:\/\/luchonoticias.com\/editor\/author\/editor-general\/"}]}},"_links":{"self":[{"href":"https:\/\/luchonoticias.com\/editor\/wp-json\/wp\/v2\/posts\/54828","targetHints":{"allow":["GET"]}}],"collection":[{"href":"https:\/\/luchonoticias.com\/editor\/wp-json\/wp\/v2\/posts"}],"about":[{"href":"https:\/\/luchonoticias.com\/editor\/wp-json\/wp\/v2\/types\/post"}],"author":[{"embeddable":true,"href":"https:\/\/luchonoticias.com\/editor\/wp-json\/wp\/v2\/users\/2"}],"replies":[{"embeddable":true,"href":"https:\/\/luchonoticias.com\/editor\/wp-json\/wp\/v2\/comments?post=54828"}],"version-history":[{"count":0,"href":"https:\/\/luchonoticias.com\/editor\/wp-json\/wp\/v2\/posts\/54828\/revisions"}],"wp:attachment":[{"href":"https:\/\/luchonoticias.com\/editor\/wp-json\/wp\/v2\/media?parent=54828"}],"wp:term":[{"taxonomy":"category","embeddable":true,"href":"https:\/\/luchonoticias.com\/editor\/wp-json\/wp\/v2\/categories?post=54828"},{"taxonomy":"post_tag","embeddable":true,"href":"https:\/\/luchonoticias.com\/editor\/wp-json\/wp\/v2\/tags?post=54828"}],"curies":[{"name":"wp","href":"https:\/\/api.w.org\/{rel}","templated":true}]}}