{"id":55069,"date":"2023-06-21T14:43:48","date_gmt":"2023-06-21T19:43:48","guid":{"rendered":"https:\/\/luchonoticias.com\/?p=55069"},"modified":"2023-06-21T14:43:49","modified_gmt":"2023-06-21T19:43:49","slug":"capturado-sujeto-por-agredir-con-arma-blanca-a-toby-un-perro-en-suaza-huila","status":"publish","type":"post","link":"https:\/\/luchonoticias.com\/editor\/capturado-sujeto-por-agredir-con-arma-blanca-a-toby-un-perro-en-suaza-huila\/","title":{"rendered":"Capturado sujeto por agredir con arma blanca a \u00b4Toby\u00b4 un perro en Suaza, Huila"},"content":{"rendered":"\n<p>\u00b4Toby\u00b4 recibi\u00f3 una herida con \u00b4machete\u00b4 en la zona lumbar ante la mirada at\u00f3nita de la comunidad, quien dio aviso a la Polic\u00eda que procedi\u00f3 a la captura del sujeto cuando a\u00fan ten\u00eda en la mano el arma blanca con la que habr\u00eda ocasionado la herida a \u00b4Toby.<\/p>\n\n\n\n<p>El canino fue trasladado a una veterinaria de la localidad \u00b4MEGAVET\u00b4, donde una profesional de dio atenci\u00f3n prioritaria, en este centro de atenci\u00f3n para animales, el canino permanece en observaci\u00f3n mientras se recupera de las heridas causadas por el agresor.<\/p>\n\n\n\n<p>La captura del sujeto se dio en la cll 5&nbsp; con 7, barrio Tarquino Beltr\u00e1n de Suaza donde la patrulla del cuadrante le dio a conocer los derechos como capturado al carnicero, quien tendr\u00e1 que responder ante las autoridades judiciales por los delitos contra la vida, integridad f\u00edsica y emocional, art\u00edculo 339\u00aa del C\u00f3digo Penal Colombiano.<\/p>\n\n\n\n<p>El coronel Gustavo Camargo conden\u00f3 en\u00e9rgicamente este lamentable hecho de agresi\u00f3n animal e indic\u00f3 que \u201cla herida fue ocasionada con un machete, elemento que fue incautado por la patrulla del cuadrante que acudi\u00f3 al lugar gracias al oportuno aviso de la comunidad y donde adem\u00e1s fue capturado el agresor\u201d el comandante de la Polic\u00eda Huila pidi\u00f3 una condena ejemplar para este carnicero que agredi\u00f3 a \u00b4Toby\u00b4.<\/p>\n\n\n\n<p>La Polic\u00eda design\u00f3 una patrulla de protecci\u00f3n ambiental que estar\u00e1 atenta del cuidado y la evoluci\u00f3n de &#8216;Toby&#8217; y junto a la Fiscal\u00eda adelanta las acciones con el fin de asegurar una condena ejemplar al agresor del canino.<\/p>\n","protected":false},"excerpt":{"rendered":"<p>\u00b4Toby\u00b4 recibi\u00f3 una herida con \u00b4machete\u00b4 en la zona lumbar ante la mirada at\u00f3nita de la comunidad, quien dio aviso a la Polic\u00eda que procedi\u00f3 a la captura del sujeto cuando a\u00fan ten\u00eda en la mano el arma blanca con la que habr\u00eda ocasionado la herida a \u00b4Toby. El canino fue trasladado a una veterinaria [&hellip;]<\/p>\n","protected":false},"author":2,"featured_media":0,"comment_status":"open","ping_status":"open","sticky":false,"template":"","format":"standard","meta":{"footnotes":""},"categories":[36,29],"tags":[],"class_list":["post-55069","post","type-post","status-publish","format-standard","hentry","category-destacado","category-judicial"],"yoast_head":"<!-- This site is optimized with the Yoast SEO plugin v26.6 - https:\/\/yoast.com\/wordpress\/plugins\/seo\/ -->\n<title>Capturado sujeto por agredir con arma blanca a \u00b4Toby\u00b4 un perro en Suaza, Huila -<\/title>\n<meta name=\"robots\" content=\"index, follow, max-snippet:-1, max-image-preview:large, max-video-preview:-1\" \/>\n<link rel=\"canonical\" href=\"https:\/\/luchonoticias.com\/editor\/capturado-sujeto-por-agredir-con-arma-blanca-a-toby-un-perro-en-suaza-huila\/\" \/>\n<meta property=\"og:locale\" content=\"es_ES\" \/>\n<meta property=\"og:type\" content=\"article\" \/>\n<meta property=\"og:title\" content=\"Capturado sujeto por agredir con arma blanca a \u00b4Toby\u00b4 un perro en Suaza, Huila -\" \/>\n<meta property=\"og:url\" content=\"https:\/\/luchonoticias.com\/editor\/capturado-sujeto-por-agredir-con-arma-blanca-a-toby-un-perro-en-suaza-huila\/\" \/>\n<meta property=\"article:publisher\" content=\"https:\/\/www.facebook.com\/luchonoticiasneiva\" \/>\n<meta property=\"article:published_time\" content=\"2023-06-21T19:43:48+00:00\" \/>\n<meta property=\"article:modified_time\" content=\"2023-06-21T19:43:49+00:00\" \/>\n<meta name=\"author\" content=\"Editor General\" \/>\n<meta name=\"twitter:card\" content=\"summary_large_image\" \/>\n<meta name=\"twitter:label1\" content=\"Escrito por\" \/>\n\t<meta name=\"twitter:data1\" content=\"Editor General\" \/>\n\t<meta name=\"twitter:label2\" content=\"Tiempo de lectura\" \/>\n\t<meta name=\"twitter:data2\" content=\"1 minuto\" \/>\n<script type=\"application\/ld+json\" class=\"yoast-schema-graph\">{\"@context\":\"https:\/\/schema.org\",\"@graph\":[{\"@type\":\"Article\",\"@id\":\"https:\/\/luchonoticias.com\/editor\/capturado-sujeto-por-agredir-con-arma-blanca-a-toby-un-perro-en-suaza-huila\/#article\",\"isPartOf\":{\"@id\":\"https:\/\/luchonoticias.com\/editor\/capturado-sujeto-por-agredir-con-arma-blanca-a-toby-un-perro-en-suaza-huila\/\"},\"author\":{\"name\":\"Editor General\",\"@id\":\"https:\/\/luchonoticias.com\/editor\/#\/schema\/person\/29217990ddf6f14e35912b2866d591fb\"},\"headline\":\"Capturado sujeto por agredir con arma blanca a \u00b4Toby\u00b4 un perro en Suaza, Huila\",\"datePublished\":\"2023-06-21T19:43:48+00:00\",\"dateModified\":\"2023-06-21T19:43:49+00:00\",\"mainEntityOfPage\":{\"@id\":\"https:\/\/luchonoticias.com\/editor\/capturado-sujeto-por-agredir-con-arma-blanca-a-toby-un-perro-en-suaza-huila\/\"},\"wordCount\":280,\"commentCount\":0,\"publisher\":{\"@id\":\"https:\/\/luchonoticias.com\/editor\/#\/schema\/person\/7a7fd911f58561fd056dbac7b55af9cd\"},\"articleSection\":[\"Destacado\",\"Judicial\"],\"inLanguage\":\"es\",\"potentialAction\":[{\"@type\":\"CommentAction\",\"name\":\"Comment\",\"target\":[\"https:\/\/luchonoticias.com\/editor\/capturado-sujeto-por-agredir-con-arma-blanca-a-toby-un-perro-en-suaza-huila\/#respond\"]}]},{\"@type\":\"WebPage\",\"@id\":\"https:\/\/luchonoticias.com\/editor\/capturado-sujeto-por-agredir-con-arma-blanca-a-toby-un-perro-en-suaza-huila\/\",\"url\":\"https:\/\/luchonoticias.com\/editor\/capturado-sujeto-por-agredir-con-arma-blanca-a-toby-un-perro-en-suaza-huila\/\",\"name\":\"Capturado sujeto por agredir con arma blanca a \u00b4Toby\u00b4 un perro en Suaza, Huila -\",\"isPartOf\":{\"@id\":\"https:\/\/luchonoticias.com\/editor\/#website\"},\"datePublished\":\"2023-06-21T19:43:48+00:00\",\"dateModified\":\"2023-06-21T19:43:49+00:00\",\"breadcrumb\":{\"@id\":\"https:\/\/luchonoticias.com\/editor\/capturado-sujeto-por-agredir-con-arma-blanca-a-toby-un-perro-en-suaza-huila\/#breadcrumb\"},\"inLanguage\":\"es\",\"potentialAction\":[{\"@type\":\"ReadAction\",\"target\":[\"https:\/\/luchonoticias.com\/editor\/capturado-sujeto-por-agredir-con-arma-blanca-a-toby-un-perro-en-suaza-huila\/\"]}]},{\"@type\":\"BreadcrumbList\",\"@id\":\"https:\/\/luchonoticias.com\/editor\/capturado-sujeto-por-agredir-con-arma-blanca-a-toby-un-perro-en-suaza-huila\/#breadcrumb\",\"itemListElement\":[{\"@type\":\"ListItem\",\"position\":1,\"name\":\"Portada\",\"item\":\"https:\/\/luchonoticias.com\/editor\/\"},{\"@type\":\"ListItem\",\"position\":2,\"name\":\"Capturado sujeto por agredir con arma blanca a \u00b4Toby\u00b4 un perro en Suaza, Huila\"}]},{\"@type\":\"WebSite\",\"@id\":\"https:\/\/luchonoticias.com\/editor\/#website\",\"url\":\"https:\/\/luchonoticias.com\/editor\/\",\"name\":\"\",\"description\":\"\",\"publisher\":{\"@id\":\"https:\/\/luchonoticias.com\/editor\/#\/schema\/person\/7a7fd911f58561fd056dbac7b55af9cd\"},\"potentialAction\":[{\"@type\":\"SearchAction\",\"target\":{\"@type\":\"EntryPoint\",\"urlTemplate\":\"https:\/\/luchonoticias.com\/editor\/?s={search_term_string}\"},\"query-input\":{\"@type\":\"PropertyValueSpecification\",\"valueRequired\":true,\"valueName\":\"search_term_string\"}}],\"inLanguage\":\"es\"},{\"@type\":[\"Person\",\"Organization\"],\"@id\":\"https:\/\/luchonoticias.com\/editor\/#\/schema\/person\/7a7fd911f58561fd056dbac7b55af9cd\",\"name\":\"admin\",\"image\":{\"@type\":\"ImageObject\",\"inLanguage\":\"es\",\"@id\":\"https:\/\/luchonoticias.com\/editor\/#\/schema\/person\/image\/\",\"url\":\"https:\/\/luchonoticias.com\/editor\/wp-content\/uploads\/2024\/02\/cropped-cropped-logolu.webp\",\"contentUrl\":\"https:\/\/luchonoticias.com\/editor\/wp-content\/uploads\/2024\/02\/cropped-cropped-logolu.webp\",\"width\":382,\"height\":170,\"caption\":\"admin\"},\"logo\":{\"@id\":\"https:\/\/luchonoticias.com\/editor\/#\/schema\/person\/image\/\"},\"sameAs\":[\"https:\/\/www.facebook.com\/luchonoticiasneiva\"]},{\"@type\":\"Person\",\"@id\":\"https:\/\/luchonoticias.com\/editor\/#\/schema\/person\/29217990ddf6f14e35912b2866d591fb\",\"name\":\"Editor General\",\"image\":{\"@type\":\"ImageObject\",\"inLanguage\":\"es\",\"@id\":\"https:\/\/luchonoticias.com\/editor\/#\/schema\/person\/image\/\",\"url\":\"https:\/\/luchonoticias.com\/editor\/wp-content\/uploads\/2024\/02\/cropped-cropped-logolu-150x150.webp\",\"contentUrl\":\"https:\/\/luchonoticias.com\/editor\/wp-content\/uploads\/2024\/02\/cropped-cropped-logolu-150x150.webp\",\"caption\":\"Editor General\"},\"sameAs\":[\"https:\/\/luchonoticias.com\/\"],\"url\":\"https:\/\/luchonoticias.com\/editor\/author\/editor-general\/\"}]}<\/script>\n<!-- \/ Yoast SEO plugin. -->","yoast_head_json":{"title":"Capturado sujeto por agredir con arma blanca a \u00b4Toby\u00b4 un perro en Suaza, Huila -","robots":{"index":"index","follow":"follow","max-snippet":"max-snippet:-1","max-image-preview":"max-image-preview:large","max-video-preview":"max-video-preview:-1"},"canonical":"https:\/\/luchonoticias.com\/editor\/capturado-sujeto-por-agredir-con-arma-blanca-a-toby-un-perro-en-suaza-huila\/","og_locale":"es_ES","og_type":"article","og_title":"Capturado sujeto por agredir con arma blanca a \u00b4Toby\u00b4 un perro en Suaza, Huila -","og_url":"https:\/\/luchonoticias.com\/editor\/capturado-sujeto-por-agredir-con-arma-blanca-a-toby-un-perro-en-suaza-huila\/","article_publisher":"https:\/\/www.facebook.com\/luchonoticiasneiva","article_published_time":"2023-06-21T19:43:48+00:00","article_modified_time":"2023-06-21T19:43:49+00:00","author":"Editor General","twitter_card":"summary_large_image","twitter_misc":{"Escrito por":"Editor General","Tiempo de lectura":"1 minuto"},"schema":{"@context":"https:\/\/schema.org","@graph":[{"@type":"Article","@id":"https:\/\/luchonoticias.com\/editor\/capturado-sujeto-por-agredir-con-arma-blanca-a-toby-un-perro-en-suaza-huila\/#article","isPartOf":{"@id":"https:\/\/luchonoticias.com\/editor\/capturado-sujeto-por-agredir-con-arma-blanca-a-toby-un-perro-en-suaza-huila\/"},"author":{"name":"Editor General","@id":"https:\/\/luchonoticias.com\/editor\/#\/schema\/person\/29217990ddf6f14e35912b2866d591fb"},"headline":"Capturado sujeto por agredir con arma blanca a \u00b4Toby\u00b4 un perro en Suaza, Huila","datePublished":"2023-06-21T19:43:48+00:00","dateModified":"2023-06-21T19:43:49+00:00","mainEntityOfPage":{"@id":"https:\/\/luchonoticias.com\/editor\/capturado-sujeto-por-agredir-con-arma-blanca-a-toby-un-perro-en-suaza-huila\/"},"wordCount":280,"commentCount":0,"publisher":{"@id":"https:\/\/luchonoticias.com\/editor\/#\/schema\/person\/7a7fd911f58561fd056dbac7b55af9cd"},"articleSection":["Destacado","Judicial"],"inLanguage":"es","potentialAction":[{"@type":"CommentAction","name":"Comment","target":["https:\/\/luchonoticias.com\/editor\/capturado-sujeto-por-agredir-con-arma-blanca-a-toby-un-perro-en-suaza-huila\/#respond"]}]},{"@type":"WebPage","@id":"https:\/\/luchonoticias.com\/editor\/capturado-sujeto-por-agredir-con-arma-blanca-a-toby-un-perro-en-suaza-huila\/","url":"https:\/\/luchonoticias.com\/editor\/capturado-sujeto-por-agredir-con-arma-blanca-a-toby-un-perro-en-suaza-huila\/","name":"Capturado sujeto por agredir con arma blanca a \u00b4Toby\u00b4 un perro en Suaza, Huila -","isPartOf":{"@id":"https:\/\/luchonoticias.com\/editor\/#website"},"datePublished":"2023-06-21T19:43:48+00:00","dateModified":"2023-06-21T19:43:49+00:00","breadcrumb":{"@id":"https:\/\/luchonoticias.com\/editor\/capturado-sujeto-por-agredir-con-arma-blanca-a-toby-un-perro-en-suaza-huila\/#breadcrumb"},"inLanguage":"es","potentialAction":[{"@type":"ReadAction","target":["https:\/\/luchonoticias.com\/editor\/capturado-sujeto-por-agredir-con-arma-blanca-a-toby-un-perro-en-suaza-huila\/"]}]},{"@type":"BreadcrumbList","@id":"https:\/\/luchonoticias.com\/editor\/capturado-sujeto-por-agredir-con-arma-blanca-a-toby-un-perro-en-suaza-huila\/#breadcrumb","itemListElement":[{"@type":"ListItem","position":1,"name":"Portada","item":"https:\/\/luchonoticias.com\/editor\/"},{"@type":"ListItem","position":2,"name":"Capturado sujeto por agredir con arma blanca a \u00b4Toby\u00b4 un perro en Suaza, Huila"}]},{"@type":"WebSite","@id":"https:\/\/luchonoticias.com\/editor\/#website","url":"https:\/\/luchonoticias.com\/editor\/","name":"","description":"","publisher":{"@id":"https:\/\/luchonoticias.com\/editor\/#\/schema\/person\/7a7fd911f58561fd056dbac7b55af9cd"},"potentialAction":[{"@type":"SearchAction","target":{"@type":"EntryPoint","urlTemplate":"https:\/\/luchonoticias.com\/editor\/?s={search_term_string}"},"query-input":{"@type":"PropertyValueSpecification","valueRequired":true,"valueName":"search_term_string"}}],"inLanguage":"es"},{"@type":["Person","Organization"],"@id":"https:\/\/luchonoticias.com\/editor\/#\/schema\/person\/7a7fd911f58561fd056dbac7b55af9cd","name":"admin","image":{"@type":"ImageObject","inLanguage":"es","@id":"https:\/\/luchonoticias.com\/editor\/#\/schema\/person\/image\/","url":"https:\/\/luchonoticias.com\/editor\/wp-content\/uploads\/2024\/02\/cropped-cropped-logolu.webp","contentUrl":"https:\/\/luchonoticias.com\/editor\/wp-content\/uploads\/2024\/02\/cropped-cropped-logolu.webp","width":382,"height":170,"caption":"admin"},"logo":{"@id":"https:\/\/luchonoticias.com\/editor\/#\/schema\/person\/image\/"},"sameAs":["https:\/\/www.facebook.com\/luchonoticiasneiva"]},{"@type":"Person","@id":"https:\/\/luchonoticias.com\/editor\/#\/schema\/person\/29217990ddf6f14e35912b2866d591fb","name":"Editor General","image":{"@type":"ImageObject","inLanguage":"es","@id":"https:\/\/luchonoticias.com\/editor\/#\/schema\/person\/image\/","url":"https:\/\/luchonoticias.com\/editor\/wp-content\/uploads\/2024\/02\/cropped-cropped-logolu-150x150.webp","contentUrl":"https:\/\/luchonoticias.com\/editor\/wp-content\/uploads\/2024\/02\/cropped-cropped-logolu-150x150.webp","caption":"Editor General"},"sameAs":["https:\/\/luchonoticias.com\/"],"url":"https:\/\/luchonoticias.com\/editor\/author\/editor-general\/"}]}},"_links":{"self":[{"href":"https:\/\/luchonoticias.com\/editor\/wp-json\/wp\/v2\/posts\/55069","targetHints":{"allow":["GET"]}}],"collection":[{"href":"https:\/\/luchonoticias.com\/editor\/wp-json\/wp\/v2\/posts"}],"about":[{"href":"https:\/\/luchonoticias.com\/editor\/wp-json\/wp\/v2\/types\/post"}],"author":[{"embeddable":true,"href":"https:\/\/luchonoticias.com\/editor\/wp-json\/wp\/v2\/users\/2"}],"replies":[{"embeddable":true,"href":"https:\/\/luchonoticias.com\/editor\/wp-json\/wp\/v2\/comments?post=55069"}],"version-history":[{"count":0,"href":"https:\/\/luchonoticias.com\/editor\/wp-json\/wp\/v2\/posts\/55069\/revisions"}],"wp:attachment":[{"href":"https:\/\/luchonoticias.com\/editor\/wp-json\/wp\/v2\/media?parent=55069"}],"wp:term":[{"taxonomy":"category","embeddable":true,"href":"https:\/\/luchonoticias.com\/editor\/wp-json\/wp\/v2\/categories?post=55069"},{"taxonomy":"post_tag","embeddable":true,"href":"https:\/\/luchonoticias.com\/editor\/wp-json\/wp\/v2\/tags?post=55069"}],"curies":[{"name":"wp","href":"https:\/\/api.w.org\/{rel}","templated":true}]}}