{"id":55078,"date":"2023-06-21T14:53:00","date_gmt":"2023-06-21T19:53:00","guid":{"rendered":"https:\/\/luchonoticias.com\/?p=55078"},"modified":"2023-06-21T14:53:01","modified_gmt":"2023-06-21T19:53:01","slug":"el-46-de-los-empresarios-considera-que-sus-ganancias-disminuiran-este-ano-segun-encuesta-empresarial","status":"publish","type":"post","link":"https:\/\/luchonoticias.com\/editor\/el-46-de-los-empresarios-considera-que-sus-ganancias-disminuiran-este-ano-segun-encuesta-empresarial\/","title":{"rendered":"El 46 % de los empresarios considera que sus ganancias disminuir\u00e1n este a\u00f1o, seg\u00fan encuesta empresarial"},"content":{"rendered":"\n<p>El 46 % de los empresarios considera que este a\u00f1o disminuir\u00e1n sus ganancias en comparaci\u00f3n con 2022, seg\u00fan lo revela una encuesta del Laboratorio Empresarial de la Universidad del Rosario y el Centro Nacional de Consultor\u00eda.<\/p>\n\n\n\n<p>\u201cSolo el 33 % de los empresarios prev\u00e9 que sus utilidades aumentar\u00e1n. Las grandes empresas y las micro son las m\u00e1s pesimistas en este campo\u201d, dijo Alejandro Cheyne, rector de la Universidad del Rosario, en la presentaci\u00f3n de los resultados.<\/p>\n\n\n\n<p>En cuanto a las ventas, los empresarios est\u00e1n divididos: el 38 % cree que bajar\u00e1n y el 36 % piensa que crecer\u00e1n frente al a\u00f1o pasado. La grande, mediana y peque\u00f1a empresa, con porcentajes entre 43 y 45 por ciento, son las m\u00e1s optimistas en el repunte de este rubro.<\/p>\n\n\n\n<p>Caso similar sucede con las inversiones: el 38 % de los empresarios considera que estas se mantendr\u00e1n igual, el 33 % considera que descender\u00e1n y el 29 % que aumentar\u00e1n, anot\u00f3 Cheyne.<\/p>\n\n\n\n<p>Para el 47 % de los empresarios la contrataci\u00f3n de nuevos empleados permanecer\u00e1 igual que en 2022 y el 30 % piensa que disminuir\u00e1. La planta de empleados para el 54 % de los encuestados se mantendr\u00e1 y para el 27 % bajar\u00e1.<\/p>\n\n\n\n<p>En la encuesta \u201cLa voz de las empresas en Colombia, un di\u00e1logo con la sociedad\u201d, que lider\u00f3 la Universidad del Rosario y que cont\u00f3 con el apoyo del Centro Nacional de Consultor\u00eda y EL TIEMPO Casa Editorial, se entrevistaron a 1002 empresarios a nivel nacional de todos los sectores econ\u00f3micos y de empresas grandes, medianas, peque\u00f1as y micro entre el 5 de abril y el 29 de mayo.<\/p>\n\n\n\n<p>\u201cEsta indagaci\u00f3n permite ver por primera vez resultados reveladores sobre las empresas colombianas, su relaci\u00f3n con la sociedad y con el Gobierno, as\u00ed como lo que estas representan para el pa\u00eds\u201d, dijo el rector.<\/p>\n\n\n\n<p>Cabe resaltar que el 92% de los empresarios encuestados pertenecen a microempresas y el 57 % son empresas familiares. De estas, solo el 5 % ha pasado por tres o m\u00e1s generaciones, el 16 % por dos generaciones y el 79 % es la primera generaci\u00f3n.<\/p>\n\n\n\n<p><strong>Empresarios y su visi\u00f3n del pa\u00eds<\/strong><\/p>\n\n\n\n<p>El 58 % de los encuestados piensa que Colombia es uno de los pa\u00edses con las peores condiciones para crear y hacer crecer empresa y \u00fanicamente el 19 % cree que es de los mejores. A pesar de este escenario, el 27 % ve al pa\u00eds como una de las naciones m\u00e1s innovadoras y el 23 % como una de las mejores en el manejo del conocimiento, resalt\u00f3 Cheyne.<\/p>\n\n\n\n<p>Aunque el pa\u00eds tiene potencial en varios sectores econ\u00f3micos, cada d\u00eda el ingreso de los colombianos se aleja del promedio del mundo. El 66 % de los empresarios piensa que Colombia es de las peores naciones en el manejo de sus riquezas y el 56 % cree que es de las peores en ser equitativa<\/p>\n\n\n\n<p>El 69 % de los empresarios encuestados considera que para que la riqueza les llegue a todos, se necesita del trabajo arm\u00f3nico del Gobierno Nacional, de las empresas, de las universidades y del gobierno local. Un 18 % indica que la responsabilidad debe recaer sobre el Gobierno.<\/p>\n\n\n\n<p><strong>Relaci\u00f3n con grupos de inter\u00e9s e instituciones<\/strong><\/p>\n\n\n\n<p>En Colombia las empresas se relacionan, especialmente, con sus proveedores (65 %), la comunidad donde operan (52 %) y las empresas del mismo sector (48 %). Los sectores con que menos lo hacen son los medios de comunicaci\u00f3n (8 %), el Gobierno Nacional y Local (14 %), las multinacionales (14 %) y la academia (18 %).<\/p>\n\n\n\n<p>Los empresarios piensan en un 65 % que hay poca protecci\u00f3n y en un 32 % nada de protecci\u00f3n en el pa\u00eds a las empresas. Solo el 3 % considera que hay mucha protecci\u00f3n, coment\u00f3 el rector.<\/p>\n\n\n\n<p>Los encuestados creen que los gobiernos locales, con un 70 %, y el Gobierno Nacional, con un 67 %, no los entienden, no los escuchan ni buscan ser justos en la relaci\u00f3n con sus empresas. Le siguen los medios (63 %) y los bancos (57 %). Sienten algo de apoyo en las comunidades donde operan y en la gente (45 %).<\/p>\n\n\n\n<p>Consideran adem\u00e1s que es bajo o muy bajo el grado de conexi\u00f3n entre las empresas con el Gobierno Nacional (73 %), con el gobierno local (71 %) y con la academia (66 %).<\/p>\n\n\n\n<p>Para el 79 % de los encuestados la relaci\u00f3n entre las empresas y el Gobierno es de desconfianza y el 64 % piensa que el Gobierno no reconoce el aporte de las empresas en el futuro del pa\u00eds, afirm\u00f3 Cheyne.<\/p>\n\n\n\n<p>Los empresarios afirmaron que las industrias que m\u00e1s le aportan al desarrollo integral de Colombia, y sin las cuales el pa\u00eds empeorar\u00eda, son el comercio (97 %), el caf\u00e9 (96 %), el turismo (95 %), la producci\u00f3n de arroz (93 %), la infraestructura (93 %), los ingenios azucaremos (82 %), la ganader\u00eda (80 %) y el petr\u00f3leo (79 %).<\/p>\n\n\n\n<p><strong>Principales problemas del sector empresarial<\/strong><\/p>\n\n\n\n<p>El rector del Rosario revel\u00f3 que los tres principales problemas que enfrentan las empresas en este momento son los altos impuestos (59 %), los precios de los insumos (31 %) y conseguir personal capacitado (31 %).<\/p>\n\n\n\n<p>En un segundo plano est\u00e1n las tasas de inter\u00e9s (28 %), la reducci\u00f3n de las ventas (28 %), la falta de cr\u00e9dito (26 %) y tener tecnolog\u00eda y\/o maquinaria para competir (24 %), agreg\u00f3.<\/p>\n\n\n\n<p>Por sector econ\u00f3mico, los principales problemas son: petr\u00f3leo, altos impuestos y reducci\u00f3n de las ventas; miner\u00eda, papeleos y tener tecnolog\u00eda y\/o maquinaria para competir; ganader\u00eda, precios de los insumos y tener tecnolog\u00eda y\/o maquinaria para competir; turismo, altos impuestos y reducci\u00f3n de las ventas; infraestructura, altos impuestos y conseguir personal capacitado; y comercio, altos impuestos y reducci\u00f3n de las ventas.<\/p>\n\n\n\n<p><strong>Responsabilidad social de las empresas y g\u00e9nero<\/strong><\/p>\n\n\n\n<p>El sector empresarial colombiano evidencia el techo de cristal que a\u00fan existe en las organizaciones. El liderazgo de estas empresas contin\u00faa en manos del g\u00e9nero masculino: el 70 % de los gerentes generales son hombres y solo el 30 % mujeres, tendencia que se mantiene en las empresas grandes, medianas, peque\u00f1as y micro, dijo el rector de la Universidad del Rosario.<\/p>\n\n\n\n<p>El 55 % de las empresas encuestadas, como parte de su responsabilidad social, indicaron no dedicar recursos a causas sociales, tendencia que se observa especialmente en la micro empresa (56 %). No obstante, la gran empresa, con un 60 % y la mediana empresa, con un 52 %, s\u00ed destinan recursos en este campo.<\/p>\n\n\n\n<p>Los encuestados consideran que como empresarios estas organizaciones fomentan una mayor responsabilidad ambiental (58 %), que pagan impuestos que facilitan la implementaci\u00f3n de programas sociales (58 %) y que promueven la inclusi\u00f3n y la no discriminaci\u00f3n en los lugares de trabajo (57 %).<\/p>\n\n\n\n<p>Igualmente, piensan que las empresas son conscientes de su responsabilidad con la sociedad (56 %), que traen innovaci\u00f3n al pa\u00eds (55 %), que protegen los derechos humanos declarados internacionalmente (54 %) y que llevan riqueza y prosperidad a las regiones (52 %).<\/p>\n\n\n\n<p>Creen que las empresas generan empleos de calidad (51 %), que crean redes empresariales para visibilizar su labor (51 %) y que luchan contra la corrupci\u00f3n en todas sus formas (43 %), anot\u00f3 el rector.<\/p>\n\n\n\n<p>Para lograr un pa\u00eds equitativo, los empresarios opinan que los grupos donde se deber\u00eda priorizar las oportunidades laborales son los j\u00f3venes (51 %) y las mujeres (51 %), seguidos de los campesinos (21 %) y las personas con discapacidad (19 %).<\/p>\n\n\n\n<p><strong>\u00cdndice de Percepci\u00f3n del Ambiente de Apoyo a las Empresas<\/strong><\/p>\n\n\n\n<p>El Laboratorio Empresarial Colombiano de la Universidad del Rosario entreg\u00f3 el \u00cdndice de Percepci\u00f3n del Ambiente de Apoyo a las Empresas (IAAE). En esta oportunidad fue de 17.8, medido en una escala de 0 a 100, donde un valor cercano a 100 indica una percepci\u00f3n de completo apoyo. El IAAE analiza el apoyo que los empresarios perciben de bancos, Gobierno, gobierno local, medios, la gente, comunidades donde operan, universidades p\u00fablicas y privadas e institutos t\u00e9cnicos y tecnol\u00f3gicos.<\/p>\n","protected":false},"excerpt":{"rendered":"<p>El 46 % de los empresarios considera que este a\u00f1o disminuir\u00e1n sus ganancias en comparaci\u00f3n con 2022, seg\u00fan lo revela una encuesta del Laboratorio Empresarial de la Universidad del Rosario y el Centro Nacional de Consultor\u00eda. \u201cSolo el 33 % de los empresarios prev\u00e9 que sus utilidades aumentar\u00e1n. Las grandes empresas y las micro son [&hellip;]<\/p>\n","protected":false},"author":2,"featured_media":0,"comment_status":"open","ping_status":"open","sticky":false,"template":"","format":"standard","meta":{"footnotes":""},"categories":[28,36],"tags":[],"class_list":["post-55078","post","type-post","status-publish","format-standard","hentry","category-actualidad","category-destacado"],"yoast_head":"<!-- This site is optimized with the Yoast SEO plugin v26.6 - https:\/\/yoast.com\/wordpress\/plugins\/seo\/ -->\n<title>El 46 % de los empresarios considera que sus ganancias disminuir\u00e1n este a\u00f1o, seg\u00fan encuesta empresarial -<\/title>\n<meta name=\"robots\" content=\"index, follow, max-snippet:-1, max-image-preview:large, max-video-preview:-1\" \/>\n<link rel=\"canonical\" href=\"https:\/\/luchonoticias.com\/editor\/el-46-de-los-empresarios-considera-que-sus-ganancias-disminuiran-este-ano-segun-encuesta-empresarial\/\" \/>\n<meta property=\"og:locale\" content=\"es_ES\" \/>\n<meta property=\"og:type\" content=\"article\" \/>\n<meta property=\"og:title\" content=\"El 46 % de los empresarios considera que sus ganancias disminuir\u00e1n este a\u00f1o, seg\u00fan encuesta empresarial -\" \/>\n<meta property=\"og:url\" content=\"https:\/\/luchonoticias.com\/editor\/el-46-de-los-empresarios-considera-que-sus-ganancias-disminuiran-este-ano-segun-encuesta-empresarial\/\" \/>\n<meta property=\"article:publisher\" content=\"https:\/\/www.facebook.com\/luchonoticiasneiva\" \/>\n<meta property=\"article:published_time\" content=\"2023-06-21T19:53:00+00:00\" \/>\n<meta property=\"article:modified_time\" content=\"2023-06-21T19:53:01+00:00\" \/>\n<meta name=\"author\" content=\"Editor General\" \/>\n<meta name=\"twitter:card\" content=\"summary_large_image\" \/>\n<meta name=\"twitter:label1\" content=\"Escrito por\" \/>\n\t<meta name=\"twitter:data1\" content=\"Editor General\" \/>\n\t<meta name=\"twitter:label2\" content=\"Tiempo de lectura\" \/>\n\t<meta name=\"twitter:data2\" content=\"6 minutos\" \/>\n<script type=\"application\/ld+json\" class=\"yoast-schema-graph\">{\"@context\":\"https:\/\/schema.org\",\"@graph\":[{\"@type\":\"Article\",\"@id\":\"https:\/\/luchonoticias.com\/editor\/el-46-de-los-empresarios-considera-que-sus-ganancias-disminuiran-este-ano-segun-encuesta-empresarial\/#article\",\"isPartOf\":{\"@id\":\"https:\/\/luchonoticias.com\/editor\/el-46-de-los-empresarios-considera-que-sus-ganancias-disminuiran-este-ano-segun-encuesta-empresarial\/\"},\"author\":{\"name\":\"Editor General\",\"@id\":\"https:\/\/luchonoticias.com\/editor\/#\/schema\/person\/29217990ddf6f14e35912b2866d591fb\"},\"headline\":\"El 46 % de los empresarios considera que sus ganancias disminuir\u00e1n este a\u00f1o, seg\u00fan encuesta empresarial\",\"datePublished\":\"2023-06-21T19:53:00+00:00\",\"dateModified\":\"2023-06-21T19:53:01+00:00\",\"mainEntityOfPage\":{\"@id\":\"https:\/\/luchonoticias.com\/editor\/el-46-de-los-empresarios-considera-que-sus-ganancias-disminuiran-este-ano-segun-encuesta-empresarial\/\"},\"wordCount\":1264,\"commentCount\":0,\"publisher\":{\"@id\":\"https:\/\/luchonoticias.com\/editor\/#\/schema\/person\/7a7fd911f58561fd056dbac7b55af9cd\"},\"articleSection\":[\"Actualidad\",\"Destacado\"],\"inLanguage\":\"es\",\"potentialAction\":[{\"@type\":\"CommentAction\",\"name\":\"Comment\",\"target\":[\"https:\/\/luchonoticias.com\/editor\/el-46-de-los-empresarios-considera-que-sus-ganancias-disminuiran-este-ano-segun-encuesta-empresarial\/#respond\"]}]},{\"@type\":\"WebPage\",\"@id\":\"https:\/\/luchonoticias.com\/editor\/el-46-de-los-empresarios-considera-que-sus-ganancias-disminuiran-este-ano-segun-encuesta-empresarial\/\",\"url\":\"https:\/\/luchonoticias.com\/editor\/el-46-de-los-empresarios-considera-que-sus-ganancias-disminuiran-este-ano-segun-encuesta-empresarial\/\",\"name\":\"El 46 % de los empresarios considera que sus ganancias disminuir\u00e1n este a\u00f1o, seg\u00fan encuesta empresarial -\",\"isPartOf\":{\"@id\":\"https:\/\/luchonoticias.com\/editor\/#website\"},\"datePublished\":\"2023-06-21T19:53:00+00:00\",\"dateModified\":\"2023-06-21T19:53:01+00:00\",\"breadcrumb\":{\"@id\":\"https:\/\/luchonoticias.com\/editor\/el-46-de-los-empresarios-considera-que-sus-ganancias-disminuiran-este-ano-segun-encuesta-empresarial\/#breadcrumb\"},\"inLanguage\":\"es\",\"potentialAction\":[{\"@type\":\"ReadAction\",\"target\":[\"https:\/\/luchonoticias.com\/editor\/el-46-de-los-empresarios-considera-que-sus-ganancias-disminuiran-este-ano-segun-encuesta-empresarial\/\"]}]},{\"@type\":\"BreadcrumbList\",\"@id\":\"https:\/\/luchonoticias.com\/editor\/el-46-de-los-empresarios-considera-que-sus-ganancias-disminuiran-este-ano-segun-encuesta-empresarial\/#breadcrumb\",\"itemListElement\":[{\"@type\":\"ListItem\",\"position\":1,\"name\":\"Portada\",\"item\":\"https:\/\/luchonoticias.com\/editor\/\"},{\"@type\":\"ListItem\",\"position\":2,\"name\":\"El 46 % de los empresarios considera que sus ganancias disminuir\u00e1n este a\u00f1o, seg\u00fan encuesta empresarial\"}]},{\"@type\":\"WebSite\",\"@id\":\"https:\/\/luchonoticias.com\/editor\/#website\",\"url\":\"https:\/\/luchonoticias.com\/editor\/\",\"name\":\"\",\"description\":\"\",\"publisher\":{\"@id\":\"https:\/\/luchonoticias.com\/editor\/#\/schema\/person\/7a7fd911f58561fd056dbac7b55af9cd\"},\"potentialAction\":[{\"@type\":\"SearchAction\",\"target\":{\"@type\":\"EntryPoint\",\"urlTemplate\":\"https:\/\/luchonoticias.com\/editor\/?s={search_term_string}\"},\"query-input\":{\"@type\":\"PropertyValueSpecification\",\"valueRequired\":true,\"valueName\":\"search_term_string\"}}],\"inLanguage\":\"es\"},{\"@type\":[\"Person\",\"Organization\"],\"@id\":\"https:\/\/luchonoticias.com\/editor\/#\/schema\/person\/7a7fd911f58561fd056dbac7b55af9cd\",\"name\":\"admin\",\"image\":{\"@type\":\"ImageObject\",\"inLanguage\":\"es\",\"@id\":\"https:\/\/luchonoticias.com\/editor\/#\/schema\/person\/image\/\",\"url\":\"https:\/\/luchonoticias.com\/editor\/wp-content\/uploads\/2024\/02\/cropped-cropped-logolu.webp\",\"contentUrl\":\"https:\/\/luchonoticias.com\/editor\/wp-content\/uploads\/2024\/02\/cropped-cropped-logolu.webp\",\"width\":382,\"height\":170,\"caption\":\"admin\"},\"logo\":{\"@id\":\"https:\/\/luchonoticias.com\/editor\/#\/schema\/person\/image\/\"},\"sameAs\":[\"https:\/\/www.facebook.com\/luchonoticiasneiva\"]},{\"@type\":\"Person\",\"@id\":\"https:\/\/luchonoticias.com\/editor\/#\/schema\/person\/29217990ddf6f14e35912b2866d591fb\",\"name\":\"Editor General\",\"image\":{\"@type\":\"ImageObject\",\"inLanguage\":\"es\",\"@id\":\"https:\/\/luchonoticias.com\/editor\/#\/schema\/person\/image\/\",\"url\":\"https:\/\/luchonoticias.com\/editor\/wp-content\/uploads\/2024\/02\/cropped-cropped-logolu-150x150.webp\",\"contentUrl\":\"https:\/\/luchonoticias.com\/editor\/wp-content\/uploads\/2024\/02\/cropped-cropped-logolu-150x150.webp\",\"caption\":\"Editor General\"},\"sameAs\":[\"https:\/\/luchonoticias.com\/\"],\"url\":\"https:\/\/luchonoticias.com\/editor\/author\/editor-general\/\"}]}<\/script>\n<!-- \/ Yoast SEO plugin. -->","yoast_head_json":{"title":"El 46 % de los empresarios considera que sus ganancias disminuir\u00e1n este a\u00f1o, seg\u00fan encuesta empresarial -","robots":{"index":"index","follow":"follow","max-snippet":"max-snippet:-1","max-image-preview":"max-image-preview:large","max-video-preview":"max-video-preview:-1"},"canonical":"https:\/\/luchonoticias.com\/editor\/el-46-de-los-empresarios-considera-que-sus-ganancias-disminuiran-este-ano-segun-encuesta-empresarial\/","og_locale":"es_ES","og_type":"article","og_title":"El 46 % de los empresarios considera que sus ganancias disminuir\u00e1n este a\u00f1o, seg\u00fan encuesta empresarial -","og_url":"https:\/\/luchonoticias.com\/editor\/el-46-de-los-empresarios-considera-que-sus-ganancias-disminuiran-este-ano-segun-encuesta-empresarial\/","article_publisher":"https:\/\/www.facebook.com\/luchonoticiasneiva","article_published_time":"2023-06-21T19:53:00+00:00","article_modified_time":"2023-06-21T19:53:01+00:00","author":"Editor General","twitter_card":"summary_large_image","twitter_misc":{"Escrito por":"Editor General","Tiempo de lectura":"6 minutos"},"schema":{"@context":"https:\/\/schema.org","@graph":[{"@type":"Article","@id":"https:\/\/luchonoticias.com\/editor\/el-46-de-los-empresarios-considera-que-sus-ganancias-disminuiran-este-ano-segun-encuesta-empresarial\/#article","isPartOf":{"@id":"https:\/\/luchonoticias.com\/editor\/el-46-de-los-empresarios-considera-que-sus-ganancias-disminuiran-este-ano-segun-encuesta-empresarial\/"},"author":{"name":"Editor General","@id":"https:\/\/luchonoticias.com\/editor\/#\/schema\/person\/29217990ddf6f14e35912b2866d591fb"},"headline":"El 46 % de los empresarios considera que sus ganancias disminuir\u00e1n este a\u00f1o, seg\u00fan encuesta empresarial","datePublished":"2023-06-21T19:53:00+00:00","dateModified":"2023-06-21T19:53:01+00:00","mainEntityOfPage":{"@id":"https:\/\/luchonoticias.com\/editor\/el-46-de-los-empresarios-considera-que-sus-ganancias-disminuiran-este-ano-segun-encuesta-empresarial\/"},"wordCount":1264,"commentCount":0,"publisher":{"@id":"https:\/\/luchonoticias.com\/editor\/#\/schema\/person\/7a7fd911f58561fd056dbac7b55af9cd"},"articleSection":["Actualidad","Destacado"],"inLanguage":"es","potentialAction":[{"@type":"CommentAction","name":"Comment","target":["https:\/\/luchonoticias.com\/editor\/el-46-de-los-empresarios-considera-que-sus-ganancias-disminuiran-este-ano-segun-encuesta-empresarial\/#respond"]}]},{"@type":"WebPage","@id":"https:\/\/luchonoticias.com\/editor\/el-46-de-los-empresarios-considera-que-sus-ganancias-disminuiran-este-ano-segun-encuesta-empresarial\/","url":"https:\/\/luchonoticias.com\/editor\/el-46-de-los-empresarios-considera-que-sus-ganancias-disminuiran-este-ano-segun-encuesta-empresarial\/","name":"El 46 % de los empresarios considera que sus ganancias disminuir\u00e1n este a\u00f1o, seg\u00fan encuesta empresarial -","isPartOf":{"@id":"https:\/\/luchonoticias.com\/editor\/#website"},"datePublished":"2023-06-21T19:53:00+00:00","dateModified":"2023-06-21T19:53:01+00:00","breadcrumb":{"@id":"https:\/\/luchonoticias.com\/editor\/el-46-de-los-empresarios-considera-que-sus-ganancias-disminuiran-este-ano-segun-encuesta-empresarial\/#breadcrumb"},"inLanguage":"es","potentialAction":[{"@type":"ReadAction","target":["https:\/\/luchonoticias.com\/editor\/el-46-de-los-empresarios-considera-que-sus-ganancias-disminuiran-este-ano-segun-encuesta-empresarial\/"]}]},{"@type":"BreadcrumbList","@id":"https:\/\/luchonoticias.com\/editor\/el-46-de-los-empresarios-considera-que-sus-ganancias-disminuiran-este-ano-segun-encuesta-empresarial\/#breadcrumb","itemListElement":[{"@type":"ListItem","position":1,"name":"Portada","item":"https:\/\/luchonoticias.com\/editor\/"},{"@type":"ListItem","position":2,"name":"El 46 % de los empresarios considera que sus ganancias disminuir\u00e1n este a\u00f1o, seg\u00fan encuesta empresarial"}]},{"@type":"WebSite","@id":"https:\/\/luchonoticias.com\/editor\/#website","url":"https:\/\/luchonoticias.com\/editor\/","name":"","description":"","publisher":{"@id":"https:\/\/luchonoticias.com\/editor\/#\/schema\/person\/7a7fd911f58561fd056dbac7b55af9cd"},"potentialAction":[{"@type":"SearchAction","target":{"@type":"EntryPoint","urlTemplate":"https:\/\/luchonoticias.com\/editor\/?s={search_term_string}"},"query-input":{"@type":"PropertyValueSpecification","valueRequired":true,"valueName":"search_term_string"}}],"inLanguage":"es"},{"@type":["Person","Organization"],"@id":"https:\/\/luchonoticias.com\/editor\/#\/schema\/person\/7a7fd911f58561fd056dbac7b55af9cd","name":"admin","image":{"@type":"ImageObject","inLanguage":"es","@id":"https:\/\/luchonoticias.com\/editor\/#\/schema\/person\/image\/","url":"https:\/\/luchonoticias.com\/editor\/wp-content\/uploads\/2024\/02\/cropped-cropped-logolu.webp","contentUrl":"https:\/\/luchonoticias.com\/editor\/wp-content\/uploads\/2024\/02\/cropped-cropped-logolu.webp","width":382,"height":170,"caption":"admin"},"logo":{"@id":"https:\/\/luchonoticias.com\/editor\/#\/schema\/person\/image\/"},"sameAs":["https:\/\/www.facebook.com\/luchonoticiasneiva"]},{"@type":"Person","@id":"https:\/\/luchonoticias.com\/editor\/#\/schema\/person\/29217990ddf6f14e35912b2866d591fb","name":"Editor General","image":{"@type":"ImageObject","inLanguage":"es","@id":"https:\/\/luchonoticias.com\/editor\/#\/schema\/person\/image\/","url":"https:\/\/luchonoticias.com\/editor\/wp-content\/uploads\/2024\/02\/cropped-cropped-logolu-150x150.webp","contentUrl":"https:\/\/luchonoticias.com\/editor\/wp-content\/uploads\/2024\/02\/cropped-cropped-logolu-150x150.webp","caption":"Editor General"},"sameAs":["https:\/\/luchonoticias.com\/"],"url":"https:\/\/luchonoticias.com\/editor\/author\/editor-general\/"}]}},"_links":{"self":[{"href":"https:\/\/luchonoticias.com\/editor\/wp-json\/wp\/v2\/posts\/55078","targetHints":{"allow":["GET"]}}],"collection":[{"href":"https:\/\/luchonoticias.com\/editor\/wp-json\/wp\/v2\/posts"}],"about":[{"href":"https:\/\/luchonoticias.com\/editor\/wp-json\/wp\/v2\/types\/post"}],"author":[{"embeddable":true,"href":"https:\/\/luchonoticias.com\/editor\/wp-json\/wp\/v2\/users\/2"}],"replies":[{"embeddable":true,"href":"https:\/\/luchonoticias.com\/editor\/wp-json\/wp\/v2\/comments?post=55078"}],"version-history":[{"count":0,"href":"https:\/\/luchonoticias.com\/editor\/wp-json\/wp\/v2\/posts\/55078\/revisions"}],"wp:attachment":[{"href":"https:\/\/luchonoticias.com\/editor\/wp-json\/wp\/v2\/media?parent=55078"}],"wp:term":[{"taxonomy":"category","embeddable":true,"href":"https:\/\/luchonoticias.com\/editor\/wp-json\/wp\/v2\/categories?post=55078"},{"taxonomy":"post_tag","embeddable":true,"href":"https:\/\/luchonoticias.com\/editor\/wp-json\/wp\/v2\/tags?post=55078"}],"curies":[{"name":"wp","href":"https:\/\/api.w.org\/{rel}","templated":true}]}}