{"id":55087,"date":"2023-06-21T16:34:23","date_gmt":"2023-06-21T21:34:23","guid":{"rendered":"https:\/\/luchonoticias.com\/?p=55087"},"modified":"2023-06-21T16:34:24","modified_gmt":"2023-06-21T21:34:24","slug":"mientras-se-festeja-el-huila-se-previene-ante-el-dengue","status":"publish","type":"post","link":"https:\/\/luchonoticias.com\/editor\/mientras-se-festeja-el-huila-se-previene-ante-el-dengue\/","title":{"rendered":"Mientras se festeja, el Huila se previene ante el dengue"},"content":{"rendered":"\n<p>De acuerdo con el bolet\u00edn de Vigilancia Epidemiol\u00f3gica No. 23 del Instituto Nacional de Salud, el departamento del Huila evidencia un&nbsp;<strong>reporte de 1.391 casos por dengue<\/strong>, de esa totalidad 460 son clasificados con signos de alarma, y 51 casos clasificados como dengue grave.<\/p>\n\n\n\n<p>\u201cLa&nbsp;<strong>poblaci\u00f3n m\u00e1s afectada por la enfermedad son las personas entre 0 y 17 a\u00f1os<\/strong>, es decir, la poblaci\u00f3n infantil y adolescente, por eso insistimos en la invitaci\u00f3n para aplicar todas aquellas medidas f\u00edsicas que permitan eliminar la presencia de criaderos del zancudo trasmisor\u201d, indic\u00f3 Paola Garz\u00f3n, m\u00e9dica profesional de apoyo del programa de Enfermedades Transmitidas por Vectores, de la Secretar\u00eda de Salud Departamental.<\/p>\n\n\n\n<p>Es importante&nbsp;<strong>hacer el llamado&nbsp;<\/strong>que&nbsp;<strong>durante la temporada de San Juan y San Pedro&nbsp;<\/strong>se contin\u00faen realizando las medidas de eliminaci\u00f3n de criaderos del zancudo Aedes Aegipty, como la recolecci\u00f3n de recipientes que puedan acumular agua, lavado semanal de tanques y albercas por encima del nivel del agua, o en caso de presencia de larvas y saltones efectuar limpieza profunda y efectiva del mismo.<\/p>\n\n\n\n<p>\u201c<strong>Invitamos a toda la poblaci\u00f3n a tomar conciencia<\/strong>&nbsp;de la necesidad de efectuar la&nbsp;<strong>recolecci\u00f3n de botellas, latas, bolsas, copas<\/strong>, ya que al zancudo le bastan peque\u00f1as cantidades de agua para formar un criadero, y todos esos elementos facilitan la acumulaci\u00f3n de agua, lo que puede llegar a aumentar el riesgo de adquirir la enfermedad\u201d, agreg\u00f3 Paola Garz\u00f3n.<\/p>\n\n\n\n<p>Antes de requerir las medidas qu\u00edmicas como la fumigaci\u00f3n, que solo elimina los zancudos que est\u00e1n en el aire, es indispensable la limpieza en cada uno de los hogares para eliminar los vectores que se encuentran en proceso de criadero.<\/p>\n","protected":false},"excerpt":{"rendered":"<p>De acuerdo con el bolet\u00edn de Vigilancia Epidemiol\u00f3gica No. 23 del Instituto Nacional de Salud, el departamento del Huila evidencia un&nbsp;reporte de 1.391 casos por dengue, de esa totalidad 460 son clasificados con signos de alarma, y 51 casos clasificados como dengue grave. \u201cLa&nbsp;poblaci\u00f3n m\u00e1s afectada por la enfermedad son las personas entre 0 y [&hellip;]<\/p>\n","protected":false},"author":2,"featured_media":0,"comment_status":"open","ping_status":"open","sticky":false,"template":"","format":"standard","meta":{"footnotes":""},"categories":[33],"tags":[],"class_list":["post-55087","post","type-post","status-publish","format-standard","hentry","category-huila"],"yoast_head":"<!-- This site is optimized with the Yoast SEO plugin v26.6 - https:\/\/yoast.com\/wordpress\/plugins\/seo\/ -->\n<title>Mientras se festeja, el Huila se previene ante el dengue -<\/title>\n<meta name=\"robots\" content=\"index, follow, max-snippet:-1, max-image-preview:large, max-video-preview:-1\" \/>\n<link rel=\"canonical\" href=\"https:\/\/luchonoticias.com\/editor\/mientras-se-festeja-el-huila-se-previene-ante-el-dengue\/\" \/>\n<meta property=\"og:locale\" content=\"es_ES\" \/>\n<meta property=\"og:type\" content=\"article\" \/>\n<meta property=\"og:title\" content=\"Mientras se festeja, el Huila se previene ante el dengue -\" \/>\n<meta property=\"og:url\" content=\"https:\/\/luchonoticias.com\/editor\/mientras-se-festeja-el-huila-se-previene-ante-el-dengue\/\" \/>\n<meta property=\"article:publisher\" content=\"https:\/\/www.facebook.com\/luchonoticiasneiva\" \/>\n<meta property=\"article:published_time\" content=\"2023-06-21T21:34:23+00:00\" \/>\n<meta property=\"article:modified_time\" content=\"2023-06-21T21:34:24+00:00\" \/>\n<meta name=\"author\" content=\"Editor General\" \/>\n<meta name=\"twitter:card\" content=\"summary_large_image\" \/>\n<meta name=\"twitter:label1\" content=\"Escrito por\" \/>\n\t<meta name=\"twitter:data1\" content=\"Editor General\" \/>\n\t<meta name=\"twitter:label2\" content=\"Tiempo de lectura\" \/>\n\t<meta name=\"twitter:data2\" content=\"1 minuto\" \/>\n<script type=\"application\/ld+json\" class=\"yoast-schema-graph\">{\"@context\":\"https:\/\/schema.org\",\"@graph\":[{\"@type\":\"Article\",\"@id\":\"https:\/\/luchonoticias.com\/editor\/mientras-se-festeja-el-huila-se-previene-ante-el-dengue\/#article\",\"isPartOf\":{\"@id\":\"https:\/\/luchonoticias.com\/editor\/mientras-se-festeja-el-huila-se-previene-ante-el-dengue\/\"},\"author\":{\"name\":\"Editor General\",\"@id\":\"https:\/\/luchonoticias.com\/editor\/#\/schema\/person\/29217990ddf6f14e35912b2866d591fb\"},\"headline\":\"Mientras se festeja, el Huila se previene ante el dengue\",\"datePublished\":\"2023-06-21T21:34:23+00:00\",\"dateModified\":\"2023-06-21T21:34:24+00:00\",\"mainEntityOfPage\":{\"@id\":\"https:\/\/luchonoticias.com\/editor\/mientras-se-festeja-el-huila-se-previene-ante-el-dengue\/\"},\"wordCount\":305,\"commentCount\":0,\"publisher\":{\"@id\":\"https:\/\/luchonoticias.com\/editor\/#\/schema\/person\/7a7fd911f58561fd056dbac7b55af9cd\"},\"articleSection\":[\"Huila\"],\"inLanguage\":\"es\",\"potentialAction\":[{\"@type\":\"CommentAction\",\"name\":\"Comment\",\"target\":[\"https:\/\/luchonoticias.com\/editor\/mientras-se-festeja-el-huila-se-previene-ante-el-dengue\/#respond\"]}]},{\"@type\":\"WebPage\",\"@id\":\"https:\/\/luchonoticias.com\/editor\/mientras-se-festeja-el-huila-se-previene-ante-el-dengue\/\",\"url\":\"https:\/\/luchonoticias.com\/editor\/mientras-se-festeja-el-huila-se-previene-ante-el-dengue\/\",\"name\":\"Mientras se festeja, el Huila se previene ante el dengue -\",\"isPartOf\":{\"@id\":\"https:\/\/luchonoticias.com\/editor\/#website\"},\"datePublished\":\"2023-06-21T21:34:23+00:00\",\"dateModified\":\"2023-06-21T21:34:24+00:00\",\"breadcrumb\":{\"@id\":\"https:\/\/luchonoticias.com\/editor\/mientras-se-festeja-el-huila-se-previene-ante-el-dengue\/#breadcrumb\"},\"inLanguage\":\"es\",\"potentialAction\":[{\"@type\":\"ReadAction\",\"target\":[\"https:\/\/luchonoticias.com\/editor\/mientras-se-festeja-el-huila-se-previene-ante-el-dengue\/\"]}]},{\"@type\":\"BreadcrumbList\",\"@id\":\"https:\/\/luchonoticias.com\/editor\/mientras-se-festeja-el-huila-se-previene-ante-el-dengue\/#breadcrumb\",\"itemListElement\":[{\"@type\":\"ListItem\",\"position\":1,\"name\":\"Portada\",\"item\":\"https:\/\/luchonoticias.com\/editor\/\"},{\"@type\":\"ListItem\",\"position\":2,\"name\":\"Mientras se festeja, el Huila se previene ante el dengue\"}]},{\"@type\":\"WebSite\",\"@id\":\"https:\/\/luchonoticias.com\/editor\/#website\",\"url\":\"https:\/\/luchonoticias.com\/editor\/\",\"name\":\"\",\"description\":\"\",\"publisher\":{\"@id\":\"https:\/\/luchonoticias.com\/editor\/#\/schema\/person\/7a7fd911f58561fd056dbac7b55af9cd\"},\"potentialAction\":[{\"@type\":\"SearchAction\",\"target\":{\"@type\":\"EntryPoint\",\"urlTemplate\":\"https:\/\/luchonoticias.com\/editor\/?s={search_term_string}\"},\"query-input\":{\"@type\":\"PropertyValueSpecification\",\"valueRequired\":true,\"valueName\":\"search_term_string\"}}],\"inLanguage\":\"es\"},{\"@type\":[\"Person\",\"Organization\"],\"@id\":\"https:\/\/luchonoticias.com\/editor\/#\/schema\/person\/7a7fd911f58561fd056dbac7b55af9cd\",\"name\":\"admin\",\"image\":{\"@type\":\"ImageObject\",\"inLanguage\":\"es\",\"@id\":\"https:\/\/luchonoticias.com\/editor\/#\/schema\/person\/image\/\",\"url\":\"https:\/\/luchonoticias.com\/editor\/wp-content\/uploads\/2024\/02\/cropped-cropped-logolu.webp\",\"contentUrl\":\"https:\/\/luchonoticias.com\/editor\/wp-content\/uploads\/2024\/02\/cropped-cropped-logolu.webp\",\"width\":382,\"height\":170,\"caption\":\"admin\"},\"logo\":{\"@id\":\"https:\/\/luchonoticias.com\/editor\/#\/schema\/person\/image\/\"},\"sameAs\":[\"https:\/\/www.facebook.com\/luchonoticiasneiva\"]},{\"@type\":\"Person\",\"@id\":\"https:\/\/luchonoticias.com\/editor\/#\/schema\/person\/29217990ddf6f14e35912b2866d591fb\",\"name\":\"Editor General\",\"image\":{\"@type\":\"ImageObject\",\"inLanguage\":\"es\",\"@id\":\"https:\/\/luchonoticias.com\/editor\/#\/schema\/person\/image\/\",\"url\":\"https:\/\/luchonoticias.com\/editor\/wp-content\/uploads\/2024\/02\/cropped-cropped-logolu-150x150.webp\",\"contentUrl\":\"https:\/\/luchonoticias.com\/editor\/wp-content\/uploads\/2024\/02\/cropped-cropped-logolu-150x150.webp\",\"caption\":\"Editor General\"},\"sameAs\":[\"https:\/\/luchonoticias.com\/\"],\"url\":\"https:\/\/luchonoticias.com\/editor\/author\/editor-general\/\"}]}<\/script>\n<!-- \/ Yoast SEO plugin. -->","yoast_head_json":{"title":"Mientras se festeja, el Huila se previene ante el dengue -","robots":{"index":"index","follow":"follow","max-snippet":"max-snippet:-1","max-image-preview":"max-image-preview:large","max-video-preview":"max-video-preview:-1"},"canonical":"https:\/\/luchonoticias.com\/editor\/mientras-se-festeja-el-huila-se-previene-ante-el-dengue\/","og_locale":"es_ES","og_type":"article","og_title":"Mientras se festeja, el Huila se previene ante el dengue -","og_url":"https:\/\/luchonoticias.com\/editor\/mientras-se-festeja-el-huila-se-previene-ante-el-dengue\/","article_publisher":"https:\/\/www.facebook.com\/luchonoticiasneiva","article_published_time":"2023-06-21T21:34:23+00:00","article_modified_time":"2023-06-21T21:34:24+00:00","author":"Editor General","twitter_card":"summary_large_image","twitter_misc":{"Escrito por":"Editor General","Tiempo de lectura":"1 minuto"},"schema":{"@context":"https:\/\/schema.org","@graph":[{"@type":"Article","@id":"https:\/\/luchonoticias.com\/editor\/mientras-se-festeja-el-huila-se-previene-ante-el-dengue\/#article","isPartOf":{"@id":"https:\/\/luchonoticias.com\/editor\/mientras-se-festeja-el-huila-se-previene-ante-el-dengue\/"},"author":{"name":"Editor General","@id":"https:\/\/luchonoticias.com\/editor\/#\/schema\/person\/29217990ddf6f14e35912b2866d591fb"},"headline":"Mientras se festeja, el Huila se previene ante el dengue","datePublished":"2023-06-21T21:34:23+00:00","dateModified":"2023-06-21T21:34:24+00:00","mainEntityOfPage":{"@id":"https:\/\/luchonoticias.com\/editor\/mientras-se-festeja-el-huila-se-previene-ante-el-dengue\/"},"wordCount":305,"commentCount":0,"publisher":{"@id":"https:\/\/luchonoticias.com\/editor\/#\/schema\/person\/7a7fd911f58561fd056dbac7b55af9cd"},"articleSection":["Huila"],"inLanguage":"es","potentialAction":[{"@type":"CommentAction","name":"Comment","target":["https:\/\/luchonoticias.com\/editor\/mientras-se-festeja-el-huila-se-previene-ante-el-dengue\/#respond"]}]},{"@type":"WebPage","@id":"https:\/\/luchonoticias.com\/editor\/mientras-se-festeja-el-huila-se-previene-ante-el-dengue\/","url":"https:\/\/luchonoticias.com\/editor\/mientras-se-festeja-el-huila-se-previene-ante-el-dengue\/","name":"Mientras se festeja, el Huila se previene ante el dengue -","isPartOf":{"@id":"https:\/\/luchonoticias.com\/editor\/#website"},"datePublished":"2023-06-21T21:34:23+00:00","dateModified":"2023-06-21T21:34:24+00:00","breadcrumb":{"@id":"https:\/\/luchonoticias.com\/editor\/mientras-se-festeja-el-huila-se-previene-ante-el-dengue\/#breadcrumb"},"inLanguage":"es","potentialAction":[{"@type":"ReadAction","target":["https:\/\/luchonoticias.com\/editor\/mientras-se-festeja-el-huila-se-previene-ante-el-dengue\/"]}]},{"@type":"BreadcrumbList","@id":"https:\/\/luchonoticias.com\/editor\/mientras-se-festeja-el-huila-se-previene-ante-el-dengue\/#breadcrumb","itemListElement":[{"@type":"ListItem","position":1,"name":"Portada","item":"https:\/\/luchonoticias.com\/editor\/"},{"@type":"ListItem","position":2,"name":"Mientras se festeja, el Huila se previene ante el dengue"}]},{"@type":"WebSite","@id":"https:\/\/luchonoticias.com\/editor\/#website","url":"https:\/\/luchonoticias.com\/editor\/","name":"","description":"","publisher":{"@id":"https:\/\/luchonoticias.com\/editor\/#\/schema\/person\/7a7fd911f58561fd056dbac7b55af9cd"},"potentialAction":[{"@type":"SearchAction","target":{"@type":"EntryPoint","urlTemplate":"https:\/\/luchonoticias.com\/editor\/?s={search_term_string}"},"query-input":{"@type":"PropertyValueSpecification","valueRequired":true,"valueName":"search_term_string"}}],"inLanguage":"es"},{"@type":["Person","Organization"],"@id":"https:\/\/luchonoticias.com\/editor\/#\/schema\/person\/7a7fd911f58561fd056dbac7b55af9cd","name":"admin","image":{"@type":"ImageObject","inLanguage":"es","@id":"https:\/\/luchonoticias.com\/editor\/#\/schema\/person\/image\/","url":"https:\/\/luchonoticias.com\/editor\/wp-content\/uploads\/2024\/02\/cropped-cropped-logolu.webp","contentUrl":"https:\/\/luchonoticias.com\/editor\/wp-content\/uploads\/2024\/02\/cropped-cropped-logolu.webp","width":382,"height":170,"caption":"admin"},"logo":{"@id":"https:\/\/luchonoticias.com\/editor\/#\/schema\/person\/image\/"},"sameAs":["https:\/\/www.facebook.com\/luchonoticiasneiva"]},{"@type":"Person","@id":"https:\/\/luchonoticias.com\/editor\/#\/schema\/person\/29217990ddf6f14e35912b2866d591fb","name":"Editor General","image":{"@type":"ImageObject","inLanguage":"es","@id":"https:\/\/luchonoticias.com\/editor\/#\/schema\/person\/image\/","url":"https:\/\/luchonoticias.com\/editor\/wp-content\/uploads\/2024\/02\/cropped-cropped-logolu-150x150.webp","contentUrl":"https:\/\/luchonoticias.com\/editor\/wp-content\/uploads\/2024\/02\/cropped-cropped-logolu-150x150.webp","caption":"Editor General"},"sameAs":["https:\/\/luchonoticias.com\/"],"url":"https:\/\/luchonoticias.com\/editor\/author\/editor-general\/"}]}},"_links":{"self":[{"href":"https:\/\/luchonoticias.com\/editor\/wp-json\/wp\/v2\/posts\/55087","targetHints":{"allow":["GET"]}}],"collection":[{"href":"https:\/\/luchonoticias.com\/editor\/wp-json\/wp\/v2\/posts"}],"about":[{"href":"https:\/\/luchonoticias.com\/editor\/wp-json\/wp\/v2\/types\/post"}],"author":[{"embeddable":true,"href":"https:\/\/luchonoticias.com\/editor\/wp-json\/wp\/v2\/users\/2"}],"replies":[{"embeddable":true,"href":"https:\/\/luchonoticias.com\/editor\/wp-json\/wp\/v2\/comments?post=55087"}],"version-history":[{"count":0,"href":"https:\/\/luchonoticias.com\/editor\/wp-json\/wp\/v2\/posts\/55087\/revisions"}],"wp:attachment":[{"href":"https:\/\/luchonoticias.com\/editor\/wp-json\/wp\/v2\/media?parent=55087"}],"wp:term":[{"taxonomy":"category","embeddable":true,"href":"https:\/\/luchonoticias.com\/editor\/wp-json\/wp\/v2\/categories?post=55087"},{"taxonomy":"post_tag","embeddable":true,"href":"https:\/\/luchonoticias.com\/editor\/wp-json\/wp\/v2\/tags?post=55087"}],"curies":[{"name":"wp","href":"https:\/\/api.w.org\/{rel}","templated":true}]}}