{"id":55132,"date":"2023-06-22T06:52:05","date_gmt":"2023-06-22T11:52:05","guid":{"rendered":"https:\/\/luchonoticias.com\/?p=55132"},"modified":"2023-06-22T06:52:07","modified_gmt":"2023-06-22T11:52:07","slug":"los-retos-no-son-superiores-a-nuestra-voluntad-y-capacidad-coronel-pedro-pablo-leon","status":"publish","type":"post","link":"https:\/\/luchonoticias.com\/editor\/los-retos-no-son-superiores-a-nuestra-voluntad-y-capacidad-coronel-pedro-pablo-leon\/","title":{"rendered":"\u201cLos retos no son superiores a nuestra voluntad y capacidad\u201d, Coronel Pedro Pablo Le\u00f3n"},"content":{"rendered":"\n<p>En el ceremonial militar que estuvo presidido por el se\u00f1or Brigadier General David Leonardo G\u00f3mez Pulido, comandante de la Quinta Divisi\u00f3n del Ej\u00e9rcito Nacional, el oficial saliente, en medio de sentimientos encontrados y la nostalgia propia del momento, se dirigi\u00f3 al p\u00fablico asistente para reconocer la labor, valent\u00eda, disciplina y entrega de los hombres y mujeres de la Novena Brigada, el apoyo de las autoridades y de la comunidad Opita.&nbsp;<\/p>\n\n\n\n<p>\u201cHace 18 meses cuando asum\u00ed el gran reto de ser el comandante de esta insigne unidad de mi glorioso Ej\u00e9rcito Nacional, no dimensionaba tal vez la inmensidad del honor que recaer\u00eda sobre mi vida y la de mi familia al ocupar tan importante cargo y hacer realidad el sue\u00f1o de todo militar: liderar la construcci\u00f3n de la paz de una regi\u00f3n pujante y encantadora como esta.<\/p>\n\n\n\n<p>Hoy es preciso agradecer y reconocer al mando superior que confi\u00f3 en las capacidades de este humilde soldado para comandar las tropas que ven ustedes hoy formadas en este campo de paradas. Agradecer la misericordia y la gu\u00eda de nuestro Se\u00f1or, qui\u00e9n a trav\u00e9s del Divino Ni\u00f1o Jes\u00fas, nos concedi\u00f3 su bendici\u00f3n para poder cumplir satisfactoriamente la misi\u00f3n encomendada en esta regi\u00f3n. A mis padres, mi esposa y mis hijos, quienes han sido fortaleza e inspiraci\u00f3n para seguir adelante en momentos dif\u00edciles. A ustedes, el pueblo opita, que me acogi\u00f3 con la fraternidad y el calor humano que los representa y sobre todo a mis comandantes de batall\u00f3n y a mis soldados: valerosos hombres y mujeres que me acompa\u00f1aron en este arduo trabajo con la fe intacta y la motivaci\u00f3n de entregar lo mejor de nosotros por la seguridad y la tranquilidad de todos los habitantes del Huila\u201d.<\/p>\n\n\n\n<figure class=\"wp-block-gallery has-nested-images columns-default is-cropped wp-block-gallery-1 is-layout-flex wp-block-gallery-is-layout-flex\">\n<figure class=\"wp-block-image size-large\"><img decoding=\"async\" data-id=\"55135\" src=\"https:\/\/luchonoticias.com\/wp-content\/uploads\/2023\/06\/WhatsApp-Image-2023-06-21-at-3.57.33-PM-1024x682.jpeg\" alt=\"\" class=\"wp-image-55135\"\/><\/figure>\n\n\n\n<figure class=\"wp-block-image size-large\"><img decoding=\"async\" data-id=\"55134\" src=\"https:\/\/luchonoticias.com\/wp-content\/uploads\/2023\/06\/WhatsApp-Image-2023-06-21-at-3.57.32-PM-1-1024x682.jpeg\" alt=\"\" class=\"wp-image-55134\"\/><\/figure>\n<\/figure>\n\n\n\n<p>Al asumir el mando de la Novena Brigada, el coronel Pedro Pablo Le\u00f3n Silva, se dirigi\u00f3 a la tropa y al pueblo huilense para expresar su compromiso, el de continuar con el legado de sus antecesores y ha no ahorrar esfuerzos para seguir catapultando al Huila como un territorio seguro y ameno para el turismo y la inversi\u00f3n.<\/p>\n\n\n\n<p>\u201cSabemos de los logros que se han obtenido, pero tambi\u00e9n somos conscientes de que a\u00fan nos queda trabajo por realizar, sabemos los retos que nos imponen los nuevos fen\u00f3menos de la criminalidad, pero tambi\u00e9n sabemos que dichos retos no son superiores a nuestra voluntad y capacidades, ni mucho menos a nuestra decisi\u00f3n para afrontarlos, y que, con la uni\u00f3n con la Fuerza P\u00fablica, el liderazgo pol\u00edtico y la decisi\u00f3n del pueblo, podemos derrotarlos.<\/p>\n\n\n\n<p>Hago un llamado y una invitaci\u00f3n a aquellos grupos que persisten en atacar al pueblo huilense y a los colombianos, para que desistan de sus pretensiones e intenciones porque no van a lograrlo ya que el pa\u00eds cuenta con un Ej\u00e9rcito fortalecido y unas instituciones s\u00f3lidas\u201d.<\/p>\n\n\n\n<p>As\u00ed mismo expres\u00f3 que \u201ccomo comandante de esta unidad quiero decirle a los huilenses que a partir del momento cuentan ustedes con un amigo, con un compa\u00f1ero y aliado que no escatimar\u00e1 esfuerzo alguno, que estar\u00e1 siempre atento y dispuesto a colaborar en todo lo que la Novena Brigada tenga a su alcance\u201d.<\/p>\n\n\n\n<figure class=\"wp-block-gallery has-nested-images columns-default is-cropped wp-block-gallery-2 is-layout-flex wp-block-gallery-is-layout-flex\">\n<figure class=\"wp-block-image size-large\"><img decoding=\"async\" data-id=\"55136\" src=\"https:\/\/luchonoticias.com\/wp-content\/uploads\/2023\/06\/WhatsApp-Image-2023-06-21-at-3.57.35-PM-1024x682.jpeg\" alt=\"\" class=\"wp-image-55136\"\/><\/figure>\n\n\n\n<figure class=\"wp-block-image size-large\"><img decoding=\"async\" data-id=\"55137\" src=\"https:\/\/luchonoticias.com\/wp-content\/uploads\/2023\/06\/WhatsApp-Image-2023-06-21-at-3.57.32-PM-1024x682.jpeg\" alt=\"\" class=\"wp-image-55137\"\/><\/figure>\n\n\n\n<figure class=\"wp-block-image size-large\"><img decoding=\"async\" data-id=\"55138\" src=\"https:\/\/luchonoticias.com\/wp-content\/uploads\/2023\/06\/WhatsApp-Image-2023-06-21-at-3.57.26-PM-1024x682.jpeg\" alt=\"\" class=\"wp-image-55138\"\/><\/figure>\n<\/figure>\n\n\n\n<p>Con este compromiso de honor, asumi\u00f3 el mando de la Novena Brigada, el se\u00f1or Pedro Pablo Le\u00f3n; el alto oficial naci\u00f3 en Boyac\u00e1; inici\u00f3 su carrera militar en el a\u00f1o 1995, pertenece al arma de Artiller\u00eda con especialidad en Artiller\u00eda de Campa\u00f1a.<\/p>\n\n\n\n<p>Con m\u00e1s de 28 a\u00f1os al servicio del Ejercito y de Colombia, dentro de su perfil profesional es Administrador Log\u00edstico, cuenta con especializaci\u00f3n en Seguridad y Defensa Nacional, as\u00ed como diplomado en Gesti\u00f3n Estrat\u00e9gica para el Ejercicio de Comando y los cursos de Despliegue Multinational Force Observers y Especializaci\u00f3n de Artiller\u00eda Curso Comando, Lancero, Nimrod, Contradrogas, Paracaidismo y Contraguerrilla Rural.<\/p>\n\n\n\n<p>Su disciplina, liderazgo y amor patria le han permitido ocupar diferentes cargos, siendo el m\u00e1s reciente el de Jefe de Estado Mayor y Segundo Comandante de la Novena Brigada, Director de la Direcci\u00f3n de Planeaci\u00f3n de Educaci\u00f3n del Ej\u00e9rcito Nacional, Comandante del Batall\u00f3n de Artiller\u00eda N.\u00b0 1 Tarqui, Comandante del Batall\u00f3n de Selva # 51 General Jos\u00e9 Mar\u00eda Ortega y miembro del Estado Mayor del Comando General de las Fuerzas Militares.<\/p>\n\n\n\n<p>Se destaca en el coronel Le\u00f3n Silva, el previo conocimiento de la jurisdicci\u00f3n que hoy recibe para comandar las tropas, toda vez que en entre 1999 y 2000 se desempe\u00f1\u00f3 como Comandante de Destacamento y de Bater\u00eda en el Batall\u00f3n de Artiller\u00eda N.\u00b0 9 Tenerife con presencia en el norte y nororiente del Huila y as\u00ed mismo en el a\u00f1o 2007 hizo parte del Gaula Militar Huila, de ah\u00ed que la din\u00e1mica del Departamento no le es ajena, permiti\u00e9ndole enfocar estrategias claras para seguir combatiendo las amenazas.<\/p>\n\n\n\n<figure class=\"wp-block-video\"><video autoplay controls src=\"https:\/\/luchonoticias.com\/wp-content\/uploads\/2023\/06\/WhatsApp-Video-2023-06-21-at-3.58.00-PM-1.mp4\"><\/video><\/figure>\n\n\n\n<p>En virtud a sus logros en la carrera militar, ha recibido 167 felicitaciones, 9 medallas militares, dentro de las que se destacan Servicios Distinguidos en Orden P\u00fablico, Servicios Unidos por la Paz, Merito Militar Jos\u00e9 Mar\u00eda C\u00f3rdoba, Campa\u00f1a del Sur, Tiempo de Servicio de 15, 20 y 25 a\u00f1os, y seis condecoraciones y menciones honorificas nacionales.<\/p>\n\n\n\n<p>El se\u00f1or Coronel Le\u00f3n Silva est\u00e1 casado con la huilense Lina Mar\u00eda Rodr\u00edguez Avil\u00e9s y es padre de Zhara, Luna Cristal y Miguel \u00c1ngel, son ellos, al igual que sus padres Pedro Manuel y Marleni, su mayor fortaleza y el impulso para no ser inferior a los retos que le otorga el cargo de Comandante de la Novena Brigada del Ej\u00e9rcito Nacional.<\/p>\n","protected":false},"excerpt":{"rendered":"<p>En el ceremonial militar que estuvo presidido por el se\u00f1or Brigadier General David Leonardo G\u00f3mez Pulido, comandante de la Quinta Divisi\u00f3n del Ej\u00e9rcito Nacional, el oficial saliente, en medio de sentimientos encontrados y la nostalgia propia del momento, se dirigi\u00f3 al p\u00fablico asistente para reconocer la labor, valent\u00eda, disciplina y entrega de los hombres y [&hellip;]<\/p>\n","protected":false},"author":2,"featured_media":0,"comment_status":"open","ping_status":"open","sticky":false,"template":"","format":"standard","meta":{"footnotes":""},"categories":[36,35,3962],"tags":[],"class_list":["post-55132","post","type-post","status-publish","format-standard","hentry","category-destacado","category-regional","category-videos"],"yoast_head":"<!-- This site is optimized with the Yoast SEO plugin v26.6 - https:\/\/yoast.com\/wordpress\/plugins\/seo\/ -->\n<title>\u201cLos retos no son superiores a nuestra voluntad y capacidad\u201d, Coronel Pedro Pablo Le\u00f3n -<\/title>\n<meta name=\"robots\" content=\"index, follow, max-snippet:-1, max-image-preview:large, max-video-preview:-1\" \/>\n<link rel=\"canonical\" href=\"https:\/\/luchonoticias.com\/editor\/los-retos-no-son-superiores-a-nuestra-voluntad-y-capacidad-coronel-pedro-pablo-leon\/\" \/>\n<meta property=\"og:locale\" content=\"es_ES\" \/>\n<meta property=\"og:type\" content=\"article\" \/>\n<meta property=\"og:title\" content=\"\u201cLos retos no son superiores a nuestra voluntad y capacidad\u201d, Coronel Pedro Pablo Le\u00f3n -\" \/>\n<meta property=\"og:url\" content=\"https:\/\/luchonoticias.com\/editor\/los-retos-no-son-superiores-a-nuestra-voluntad-y-capacidad-coronel-pedro-pablo-leon\/\" \/>\n<meta property=\"article:publisher\" content=\"https:\/\/www.facebook.com\/luchonoticiasneiva\" \/>\n<meta property=\"article:published_time\" content=\"2023-06-22T11:52:05+00:00\" \/>\n<meta property=\"article:modified_time\" content=\"2023-06-22T11:52:07+00:00\" \/>\n<meta property=\"og:image\" content=\"https:\/\/luchonoticias.com\/wp-content\/uploads\/2023\/06\/WhatsApp-Image-2023-06-21-at-3.57.33-PM-1024x682.jpeg\" \/>\n<meta name=\"author\" content=\"Editor General\" \/>\n<meta name=\"twitter:card\" content=\"summary_large_image\" \/>\n<meta name=\"twitter:label1\" content=\"Escrito por\" \/>\n\t<meta name=\"twitter:data1\" content=\"Editor General\" \/>\n\t<meta name=\"twitter:label2\" content=\"Tiempo de lectura\" \/>\n\t<meta name=\"twitter:data2\" content=\"5 minutos\" \/>\n<script type=\"application\/ld+json\" class=\"yoast-schema-graph\">{\"@context\":\"https:\/\/schema.org\",\"@graph\":[{\"@type\":\"Article\",\"@id\":\"https:\/\/luchonoticias.com\/editor\/los-retos-no-son-superiores-a-nuestra-voluntad-y-capacidad-coronel-pedro-pablo-leon\/#article\",\"isPartOf\":{\"@id\":\"https:\/\/luchonoticias.com\/editor\/los-retos-no-son-superiores-a-nuestra-voluntad-y-capacidad-coronel-pedro-pablo-leon\/\"},\"author\":{\"name\":\"Editor General\",\"@id\":\"https:\/\/luchonoticias.com\/editor\/#\/schema\/person\/29217990ddf6f14e35912b2866d591fb\"},\"headline\":\"\u201cLos retos no son superiores a nuestra voluntad y capacidad\u201d, Coronel Pedro Pablo Le\u00f3n\",\"datePublished\":\"2023-06-22T11:52:05+00:00\",\"dateModified\":\"2023-06-22T11:52:07+00:00\",\"mainEntityOfPage\":{\"@id\":\"https:\/\/luchonoticias.com\/editor\/los-retos-no-son-superiores-a-nuestra-voluntad-y-capacidad-coronel-pedro-pablo-leon\/\"},\"wordCount\":976,\"commentCount\":0,\"publisher\":{\"@id\":\"https:\/\/luchonoticias.com\/editor\/#\/schema\/person\/7a7fd911f58561fd056dbac7b55af9cd\"},\"image\":{\"@id\":\"https:\/\/luchonoticias.com\/editor\/los-retos-no-son-superiores-a-nuestra-voluntad-y-capacidad-coronel-pedro-pablo-leon\/#primaryimage\"},\"thumbnailUrl\":\"https:\/\/luchonoticias.com\/wp-content\/uploads\/2023\/06\/WhatsApp-Image-2023-06-21-at-3.57.33-PM-1024x682.jpeg\",\"articleSection\":[\"Destacado\",\"Regional\",\"Videos\"],\"inLanguage\":\"es\",\"potentialAction\":[{\"@type\":\"CommentAction\",\"name\":\"Comment\",\"target\":[\"https:\/\/luchonoticias.com\/editor\/los-retos-no-son-superiores-a-nuestra-voluntad-y-capacidad-coronel-pedro-pablo-leon\/#respond\"]}]},{\"@type\":\"WebPage\",\"@id\":\"https:\/\/luchonoticias.com\/editor\/los-retos-no-son-superiores-a-nuestra-voluntad-y-capacidad-coronel-pedro-pablo-leon\/\",\"url\":\"https:\/\/luchonoticias.com\/editor\/los-retos-no-son-superiores-a-nuestra-voluntad-y-capacidad-coronel-pedro-pablo-leon\/\",\"name\":\"\u201cLos retos no son superiores a nuestra voluntad y capacidad\u201d, Coronel Pedro Pablo Le\u00f3n -\",\"isPartOf\":{\"@id\":\"https:\/\/luchonoticias.com\/editor\/#website\"},\"primaryImageOfPage\":{\"@id\":\"https:\/\/luchonoticias.com\/editor\/los-retos-no-son-superiores-a-nuestra-voluntad-y-capacidad-coronel-pedro-pablo-leon\/#primaryimage\"},\"image\":{\"@id\":\"https:\/\/luchonoticias.com\/editor\/los-retos-no-son-superiores-a-nuestra-voluntad-y-capacidad-coronel-pedro-pablo-leon\/#primaryimage\"},\"thumbnailUrl\":\"https:\/\/luchonoticias.com\/wp-content\/uploads\/2023\/06\/WhatsApp-Image-2023-06-21-at-3.57.33-PM-1024x682.jpeg\",\"datePublished\":\"2023-06-22T11:52:05+00:00\",\"dateModified\":\"2023-06-22T11:52:07+00:00\",\"breadcrumb\":{\"@id\":\"https:\/\/luchonoticias.com\/editor\/los-retos-no-son-superiores-a-nuestra-voluntad-y-capacidad-coronel-pedro-pablo-leon\/#breadcrumb\"},\"inLanguage\":\"es\",\"potentialAction\":[{\"@type\":\"ReadAction\",\"target\":[\"https:\/\/luchonoticias.com\/editor\/los-retos-no-son-superiores-a-nuestra-voluntad-y-capacidad-coronel-pedro-pablo-leon\/\"]}]},{\"@type\":\"ImageObject\",\"inLanguage\":\"es\",\"@id\":\"https:\/\/luchonoticias.com\/editor\/los-retos-no-son-superiores-a-nuestra-voluntad-y-capacidad-coronel-pedro-pablo-leon\/#primaryimage\",\"url\":\"https:\/\/luchonoticias.com\/wp-content\/uploads\/2023\/06\/WhatsApp-Image-2023-06-21-at-3.57.33-PM-1024x682.jpeg\",\"contentUrl\":\"https:\/\/luchonoticias.com\/wp-content\/uploads\/2023\/06\/WhatsApp-Image-2023-06-21-at-3.57.33-PM-1024x682.jpeg\"},{\"@type\":\"BreadcrumbList\",\"@id\":\"https:\/\/luchonoticias.com\/editor\/los-retos-no-son-superiores-a-nuestra-voluntad-y-capacidad-coronel-pedro-pablo-leon\/#breadcrumb\",\"itemListElement\":[{\"@type\":\"ListItem\",\"position\":1,\"name\":\"Portada\",\"item\":\"https:\/\/luchonoticias.com\/editor\/\"},{\"@type\":\"ListItem\",\"position\":2,\"name\":\"\u201cLos retos no son superiores a nuestra voluntad y capacidad\u201d, Coronel Pedro Pablo Le\u00f3n\"}]},{\"@type\":\"WebSite\",\"@id\":\"https:\/\/luchonoticias.com\/editor\/#website\",\"url\":\"https:\/\/luchonoticias.com\/editor\/\",\"name\":\"\",\"description\":\"\",\"publisher\":{\"@id\":\"https:\/\/luchonoticias.com\/editor\/#\/schema\/person\/7a7fd911f58561fd056dbac7b55af9cd\"},\"potentialAction\":[{\"@type\":\"SearchAction\",\"target\":{\"@type\":\"EntryPoint\",\"urlTemplate\":\"https:\/\/luchonoticias.com\/editor\/?s={search_term_string}\"},\"query-input\":{\"@type\":\"PropertyValueSpecification\",\"valueRequired\":true,\"valueName\":\"search_term_string\"}}],\"inLanguage\":\"es\"},{\"@type\":[\"Person\",\"Organization\"],\"@id\":\"https:\/\/luchonoticias.com\/editor\/#\/schema\/person\/7a7fd911f58561fd056dbac7b55af9cd\",\"name\":\"admin\",\"image\":{\"@type\":\"ImageObject\",\"inLanguage\":\"es\",\"@id\":\"https:\/\/luchonoticias.com\/editor\/#\/schema\/person\/image\/\",\"url\":\"https:\/\/luchonoticias.com\/editor\/wp-content\/uploads\/2024\/02\/cropped-cropped-logolu.webp\",\"contentUrl\":\"https:\/\/luchonoticias.com\/editor\/wp-content\/uploads\/2024\/02\/cropped-cropped-logolu.webp\",\"width\":382,\"height\":170,\"caption\":\"admin\"},\"logo\":{\"@id\":\"https:\/\/luchonoticias.com\/editor\/#\/schema\/person\/image\/\"},\"sameAs\":[\"https:\/\/www.facebook.com\/luchonoticiasneiva\"]},{\"@type\":\"Person\",\"@id\":\"https:\/\/luchonoticias.com\/editor\/#\/schema\/person\/29217990ddf6f14e35912b2866d591fb\",\"name\":\"Editor General\",\"image\":{\"@type\":\"ImageObject\",\"inLanguage\":\"es\",\"@id\":\"https:\/\/luchonoticias.com\/editor\/#\/schema\/person\/image\/\",\"url\":\"https:\/\/luchonoticias.com\/editor\/wp-content\/uploads\/2024\/02\/cropped-cropped-logolu-150x150.webp\",\"contentUrl\":\"https:\/\/luchonoticias.com\/editor\/wp-content\/uploads\/2024\/02\/cropped-cropped-logolu-150x150.webp\",\"caption\":\"Editor General\"},\"sameAs\":[\"https:\/\/luchonoticias.com\/\"],\"url\":\"https:\/\/luchonoticias.com\/editor\/author\/editor-general\/\"}]}<\/script>\n<!-- \/ Yoast SEO plugin. -->","yoast_head_json":{"title":"\u201cLos retos no son superiores a nuestra voluntad y capacidad\u201d, Coronel Pedro Pablo Le\u00f3n -","robots":{"index":"index","follow":"follow","max-snippet":"max-snippet:-1","max-image-preview":"max-image-preview:large","max-video-preview":"max-video-preview:-1"},"canonical":"https:\/\/luchonoticias.com\/editor\/los-retos-no-son-superiores-a-nuestra-voluntad-y-capacidad-coronel-pedro-pablo-leon\/","og_locale":"es_ES","og_type":"article","og_title":"\u201cLos retos no son superiores a nuestra voluntad y capacidad\u201d, Coronel Pedro Pablo Le\u00f3n -","og_url":"https:\/\/luchonoticias.com\/editor\/los-retos-no-son-superiores-a-nuestra-voluntad-y-capacidad-coronel-pedro-pablo-leon\/","article_publisher":"https:\/\/www.facebook.com\/luchonoticiasneiva","article_published_time":"2023-06-22T11:52:05+00:00","article_modified_time":"2023-06-22T11:52:07+00:00","og_image":[{"url":"https:\/\/luchonoticias.com\/wp-content\/uploads\/2023\/06\/WhatsApp-Image-2023-06-21-at-3.57.33-PM-1024x682.jpeg","type":"","width":"","height":""}],"author":"Editor General","twitter_card":"summary_large_image","twitter_misc":{"Escrito por":"Editor General","Tiempo de lectura":"5 minutos"},"schema":{"@context":"https:\/\/schema.org","@graph":[{"@type":"Article","@id":"https:\/\/luchonoticias.com\/editor\/los-retos-no-son-superiores-a-nuestra-voluntad-y-capacidad-coronel-pedro-pablo-leon\/#article","isPartOf":{"@id":"https:\/\/luchonoticias.com\/editor\/los-retos-no-son-superiores-a-nuestra-voluntad-y-capacidad-coronel-pedro-pablo-leon\/"},"author":{"name":"Editor General","@id":"https:\/\/luchonoticias.com\/editor\/#\/schema\/person\/29217990ddf6f14e35912b2866d591fb"},"headline":"\u201cLos retos no son superiores a nuestra voluntad y capacidad\u201d, Coronel Pedro Pablo Le\u00f3n","datePublished":"2023-06-22T11:52:05+00:00","dateModified":"2023-06-22T11:52:07+00:00","mainEntityOfPage":{"@id":"https:\/\/luchonoticias.com\/editor\/los-retos-no-son-superiores-a-nuestra-voluntad-y-capacidad-coronel-pedro-pablo-leon\/"},"wordCount":976,"commentCount":0,"publisher":{"@id":"https:\/\/luchonoticias.com\/editor\/#\/schema\/person\/7a7fd911f58561fd056dbac7b55af9cd"},"image":{"@id":"https:\/\/luchonoticias.com\/editor\/los-retos-no-son-superiores-a-nuestra-voluntad-y-capacidad-coronel-pedro-pablo-leon\/#primaryimage"},"thumbnailUrl":"https:\/\/luchonoticias.com\/wp-content\/uploads\/2023\/06\/WhatsApp-Image-2023-06-21-at-3.57.33-PM-1024x682.jpeg","articleSection":["Destacado","Regional","Videos"],"inLanguage":"es","potentialAction":[{"@type":"CommentAction","name":"Comment","target":["https:\/\/luchonoticias.com\/editor\/los-retos-no-son-superiores-a-nuestra-voluntad-y-capacidad-coronel-pedro-pablo-leon\/#respond"]}]},{"@type":"WebPage","@id":"https:\/\/luchonoticias.com\/editor\/los-retos-no-son-superiores-a-nuestra-voluntad-y-capacidad-coronel-pedro-pablo-leon\/","url":"https:\/\/luchonoticias.com\/editor\/los-retos-no-son-superiores-a-nuestra-voluntad-y-capacidad-coronel-pedro-pablo-leon\/","name":"\u201cLos retos no son superiores a nuestra voluntad y capacidad\u201d, Coronel Pedro Pablo Le\u00f3n -","isPartOf":{"@id":"https:\/\/luchonoticias.com\/editor\/#website"},"primaryImageOfPage":{"@id":"https:\/\/luchonoticias.com\/editor\/los-retos-no-son-superiores-a-nuestra-voluntad-y-capacidad-coronel-pedro-pablo-leon\/#primaryimage"},"image":{"@id":"https:\/\/luchonoticias.com\/editor\/los-retos-no-son-superiores-a-nuestra-voluntad-y-capacidad-coronel-pedro-pablo-leon\/#primaryimage"},"thumbnailUrl":"https:\/\/luchonoticias.com\/wp-content\/uploads\/2023\/06\/WhatsApp-Image-2023-06-21-at-3.57.33-PM-1024x682.jpeg","datePublished":"2023-06-22T11:52:05+00:00","dateModified":"2023-06-22T11:52:07+00:00","breadcrumb":{"@id":"https:\/\/luchonoticias.com\/editor\/los-retos-no-son-superiores-a-nuestra-voluntad-y-capacidad-coronel-pedro-pablo-leon\/#breadcrumb"},"inLanguage":"es","potentialAction":[{"@type":"ReadAction","target":["https:\/\/luchonoticias.com\/editor\/los-retos-no-son-superiores-a-nuestra-voluntad-y-capacidad-coronel-pedro-pablo-leon\/"]}]},{"@type":"ImageObject","inLanguage":"es","@id":"https:\/\/luchonoticias.com\/editor\/los-retos-no-son-superiores-a-nuestra-voluntad-y-capacidad-coronel-pedro-pablo-leon\/#primaryimage","url":"https:\/\/luchonoticias.com\/wp-content\/uploads\/2023\/06\/WhatsApp-Image-2023-06-21-at-3.57.33-PM-1024x682.jpeg","contentUrl":"https:\/\/luchonoticias.com\/wp-content\/uploads\/2023\/06\/WhatsApp-Image-2023-06-21-at-3.57.33-PM-1024x682.jpeg"},{"@type":"BreadcrumbList","@id":"https:\/\/luchonoticias.com\/editor\/los-retos-no-son-superiores-a-nuestra-voluntad-y-capacidad-coronel-pedro-pablo-leon\/#breadcrumb","itemListElement":[{"@type":"ListItem","position":1,"name":"Portada","item":"https:\/\/luchonoticias.com\/editor\/"},{"@type":"ListItem","position":2,"name":"\u201cLos retos no son superiores a nuestra voluntad y capacidad\u201d, Coronel Pedro Pablo Le\u00f3n"}]},{"@type":"WebSite","@id":"https:\/\/luchonoticias.com\/editor\/#website","url":"https:\/\/luchonoticias.com\/editor\/","name":"","description":"","publisher":{"@id":"https:\/\/luchonoticias.com\/editor\/#\/schema\/person\/7a7fd911f58561fd056dbac7b55af9cd"},"potentialAction":[{"@type":"SearchAction","target":{"@type":"EntryPoint","urlTemplate":"https:\/\/luchonoticias.com\/editor\/?s={search_term_string}"},"query-input":{"@type":"PropertyValueSpecification","valueRequired":true,"valueName":"search_term_string"}}],"inLanguage":"es"},{"@type":["Person","Organization"],"@id":"https:\/\/luchonoticias.com\/editor\/#\/schema\/person\/7a7fd911f58561fd056dbac7b55af9cd","name":"admin","image":{"@type":"ImageObject","inLanguage":"es","@id":"https:\/\/luchonoticias.com\/editor\/#\/schema\/person\/image\/","url":"https:\/\/luchonoticias.com\/editor\/wp-content\/uploads\/2024\/02\/cropped-cropped-logolu.webp","contentUrl":"https:\/\/luchonoticias.com\/editor\/wp-content\/uploads\/2024\/02\/cropped-cropped-logolu.webp","width":382,"height":170,"caption":"admin"},"logo":{"@id":"https:\/\/luchonoticias.com\/editor\/#\/schema\/person\/image\/"},"sameAs":["https:\/\/www.facebook.com\/luchonoticiasneiva"]},{"@type":"Person","@id":"https:\/\/luchonoticias.com\/editor\/#\/schema\/person\/29217990ddf6f14e35912b2866d591fb","name":"Editor General","image":{"@type":"ImageObject","inLanguage":"es","@id":"https:\/\/luchonoticias.com\/editor\/#\/schema\/person\/image\/","url":"https:\/\/luchonoticias.com\/editor\/wp-content\/uploads\/2024\/02\/cropped-cropped-logolu-150x150.webp","contentUrl":"https:\/\/luchonoticias.com\/editor\/wp-content\/uploads\/2024\/02\/cropped-cropped-logolu-150x150.webp","caption":"Editor General"},"sameAs":["https:\/\/luchonoticias.com\/"],"url":"https:\/\/luchonoticias.com\/editor\/author\/editor-general\/"}]}},"_links":{"self":[{"href":"https:\/\/luchonoticias.com\/editor\/wp-json\/wp\/v2\/posts\/55132","targetHints":{"allow":["GET"]}}],"collection":[{"href":"https:\/\/luchonoticias.com\/editor\/wp-json\/wp\/v2\/posts"}],"about":[{"href":"https:\/\/luchonoticias.com\/editor\/wp-json\/wp\/v2\/types\/post"}],"author":[{"embeddable":true,"href":"https:\/\/luchonoticias.com\/editor\/wp-json\/wp\/v2\/users\/2"}],"replies":[{"embeddable":true,"href":"https:\/\/luchonoticias.com\/editor\/wp-json\/wp\/v2\/comments?post=55132"}],"version-history":[{"count":0,"href":"https:\/\/luchonoticias.com\/editor\/wp-json\/wp\/v2\/posts\/55132\/revisions"}],"wp:attachment":[{"href":"https:\/\/luchonoticias.com\/editor\/wp-json\/wp\/v2\/media?parent=55132"}],"wp:term":[{"taxonomy":"category","embeddable":true,"href":"https:\/\/luchonoticias.com\/editor\/wp-json\/wp\/v2\/categories?post=55132"},{"taxonomy":"post_tag","embeddable":true,"href":"https:\/\/luchonoticias.com\/editor\/wp-json\/wp\/v2\/tags?post=55132"}],"curies":[{"name":"wp","href":"https:\/\/api.w.org\/{rel}","templated":true}]}}