{"id":55141,"date":"2023-06-22T06:55:23","date_gmt":"2023-06-22T11:55:23","guid":{"rendered":"https:\/\/luchonoticias.com\/?p=55141"},"modified":"2023-06-22T06:55:24","modified_gmt":"2023-06-22T11:55:24","slug":"zasca-renacer-la-estrategia-que-fortalece-las-capacidades-productivas-y-emprendedoras-de-mas-de-2-mil-privados-de-la-libertad","status":"publish","type":"post","link":"https:\/\/luchonoticias.com\/editor\/zasca-renacer-la-estrategia-que-fortalece-las-capacidades-productivas-y-emprendedoras-de-mas-de-2-mil-privados-de-la-libertad\/","title":{"rendered":"Zasca Renacer, la estrategia que fortalece las capacidades productivas y emprendedoras de m\u00e1s de 2 mil privados de la libertad"},"content":{"rendered":"\n<p>El Complejo Carcelario y Penitenciario de Alta y Media Seguridad de Ibagu\u00e9 (COIBA Picale\u00f1a) fue el escenario para el lanzamiento de Zasca Renacer, una estrategia del Gobierno del Cambio que busca impactar a m\u00e1s de 2.000 personas privadas de la libertad, a trav\u00e9s del fortalecimiento de sus capacidades productivas y emprendedoras.<\/p>\n\n\n\n<p>Este programa fue promovido por el Ministerio de Comercio, Industria y Turismo e iNNpulsa Colombia, en alianza con la Consejer\u00eda Presidencial para la Reconciliaci\u00f3n Nacional, el Ministerio de Justicia; el Instituto Nacional Penitenciario y Carcelario (INPEC); la Unidad de Servicios Penitenciarios y Carcelarios (USPEC) y la Oficina de las Naciones Unidas contra la Droga y el Delito (UNODC).<\/p>\n\n\n\n<p>Surge como una apuesta de la pol\u00edtica de reindustrializaci\u00f3n, fundamentada en la resocializaci\u00f3n, las condiciones especiales de trabajo, el enfoque de g\u00e9nero y la contribuci\u00f3n a la Paz Total, orientados a la poblaci\u00f3n privada de la libertad y pospenada de Colombia.<\/p>\n\n\n\n<p>Durante el lanzamiento, el Ministro de Justicia, N\u00e9stor Osuna, destac\u00f3 que esta iniciativa \u201cnos permite avanzar con el compromiso que tiene el Gobierno del Cambio para la humanizaci\u00f3n del Sistema Penitenciario y Carcelario. Hemos visitado los talleres de madera y confecciones y son muy valiosos los productos que desarrollan all\u00ed. Piensen que un bolso o un art\u00edculo tallado en madera puede ser el inicio de su f\u00e1brica o taller de carpinter\u00eda. Ustedes (personas privadas de la libertad) pueden ser empresarios y generar empleo\u201d.<\/p>\n\n\n\n<p>A su vez, la Consejera Presidencial para la Reconciliaci\u00f3n Nacional, Eva Ferrer, se\u00f1al\u00f3 que \u201crenacer es nacer de nuevo, eso es lo que buscamos con esta estrategia: recuperar la importancia que todas y todos tenemos en la sociedad, as\u00ed como la satisfacci\u00f3n y la dignidad que da el trabajo. El prop\u00f3sito es buscar la reconciliaci\u00f3n con uno mismo, con las familias y con la sociedad, es brindar una segunda oportunidad\u201d.<\/p>\n\n\n\n<p>Los Centros de Reindustrializaci\u00f3n Zasca Renacer se implementar\u00e1n por fases en 21 Establecimientos de Reclusi\u00f3n del Orden Nacional (ERON), en los que las personas privadas de la libertad acceder\u00e1n a formaci\u00f3n t\u00e9cnica, durante 10 meses, en actividades relacionadas con el fortalecimiento productivo en sectores como agroindustria, manufactura, tecnolog\u00edas y confecciones, con el objetivo de impulsar la econom\u00eda popular y mejorar sus condiciones de vida y las de sus familias.<\/p>\n\n\n\n<p>De igual forma, la ejecuci\u00f3n de este programa promover\u00e1 la uni\u00f3n entre los establecimientos de reclusi\u00f3n del orden nacional y los municipios con programas de desarrollo con enfoque territorial (PDET) aleda\u00f1os, para impulsar el desarrollo econ\u00f3mico, social y ambiental en las zonas del pa\u00eds m\u00e1s afectadas por el conflicto armado.<\/p>\n\n\n\n<p>En ese sentido, \u201clos Zasca Renacer son un instrumento muy importante de la Pol\u00edtica de Reindustrializaci\u00f3n, que est\u00e1 orientada a promover el desarrollo y fortalecimiento productivo en los establecimientos de Reclusi\u00f3n de Colombia. Estos centros nos permitir\u00e1n aportar a los procesos de resocializaci\u00f3n de la poblaci\u00f3n interna para que puedan impulsar su econom\u00eda y las de sus familias\u201d, dijo la Viceministra de Desarrollo Empresarial, Soraya Caro.<\/p>\n\n\n\n<p>As\u00ed mismo, el Gerente General de Innpulsa Colombia, Hern\u00e1n Ceballos, subray\u00f3 que \u201cestamos convencidos de que todos los colombianos pueden aportar a la reindustrializaci\u00f3n de nuestro pa\u00eds y la poblaci\u00f3n privada de la libertad no es una excepci\u00f3n. Ellos merecen oportunidades para aportar desde sus capacidades productivas a su resocializaci\u00f3n y al desarrollo familiar, esto bajo la visi\u00f3n de la justicia econ\u00f3mica y social promovida desde el Gobierno del Cambio\u201d.<\/p>\n\n\n\n<p>Finalmente, la UNODC brindar\u00e1 un apoyo estrat\u00e9gico a este programa de desarrollo agroindustrial en el pa\u00eds, as\u00ed lo expres\u00f3 la Representante Regional para la Regi\u00f3n Andina y el Cono Sur, Candice Welsch, quien afirm\u00f3 que es una oportunidad \u00fanica y valiosa para fortalecer la garant\u00eda de derechos de muchas de las personas que se encuentran privadas de la libertad.<\/p>\n\n\n\n<p>El evento cont\u00f3 con la asistencia del Director General (e) de la USPEC, Ludwing Joel Valero; el Director General (e) del INPEC, Teniente Coronel (r) Jos\u00e9 Hernando Medina; el Gerente General de la Corporaci\u00f3n Industrial Minuto de Dios, Jos\u00e9 David Tovar; miembros del Gobierno Nacional; empresarios del sector, y cerca de 80 personas privadas de la libertad, entre otros.<\/p>\n","protected":false},"excerpt":{"rendered":"<p>El Complejo Carcelario y Penitenciario de Alta y Media Seguridad de Ibagu\u00e9 (COIBA Picale\u00f1a) fue el escenario para el lanzamiento de Zasca Renacer, una estrategia del Gobierno del Cambio que busca impactar a m\u00e1s de 2.000 personas privadas de la libertad, a trav\u00e9s del fortalecimiento de sus capacidades productivas y emprendedoras. Este programa fue promovido [&hellip;]<\/p>\n","protected":false},"author":2,"featured_media":0,"comment_status":"open","ping_status":"open","sticky":false,"template":"","format":"standard","meta":{"footnotes":""},"categories":[28,36],"tags":[],"class_list":["post-55141","post","type-post","status-publish","format-standard","hentry","category-actualidad","category-destacado"],"yoast_head":"<!-- This site is optimized with the Yoast SEO plugin v26.6 - https:\/\/yoast.com\/wordpress\/plugins\/seo\/ -->\n<title>Zasca Renacer, la estrategia que fortalece las capacidades productivas y emprendedoras de m\u00e1s de 2 mil privados de la libertad -<\/title>\n<meta name=\"robots\" content=\"index, follow, max-snippet:-1, max-image-preview:large, max-video-preview:-1\" \/>\n<link rel=\"canonical\" href=\"https:\/\/luchonoticias.com\/editor\/zasca-renacer-la-estrategia-que-fortalece-las-capacidades-productivas-y-emprendedoras-de-mas-de-2-mil-privados-de-la-libertad\/\" \/>\n<meta property=\"og:locale\" content=\"es_ES\" \/>\n<meta property=\"og:type\" content=\"article\" \/>\n<meta property=\"og:title\" content=\"Zasca Renacer, la estrategia que fortalece las capacidades productivas y emprendedoras de m\u00e1s de 2 mil privados de la libertad -\" \/>\n<meta property=\"og:url\" content=\"https:\/\/luchonoticias.com\/editor\/zasca-renacer-la-estrategia-que-fortalece-las-capacidades-productivas-y-emprendedoras-de-mas-de-2-mil-privados-de-la-libertad\/\" \/>\n<meta property=\"article:publisher\" content=\"https:\/\/www.facebook.com\/luchonoticiasneiva\" \/>\n<meta property=\"article:published_time\" content=\"2023-06-22T11:55:23+00:00\" \/>\n<meta property=\"article:modified_time\" content=\"2023-06-22T11:55:24+00:00\" \/>\n<meta name=\"author\" content=\"Editor General\" \/>\n<meta name=\"twitter:card\" content=\"summary_large_image\" \/>\n<meta name=\"twitter:label1\" content=\"Escrito por\" \/>\n\t<meta name=\"twitter:data1\" content=\"Editor General\" \/>\n\t<meta name=\"twitter:label2\" content=\"Tiempo de lectura\" \/>\n\t<meta name=\"twitter:data2\" content=\"4 minutos\" \/>\n<script type=\"application\/ld+json\" class=\"yoast-schema-graph\">{\"@context\":\"https:\/\/schema.org\",\"@graph\":[{\"@type\":\"Article\",\"@id\":\"https:\/\/luchonoticias.com\/editor\/zasca-renacer-la-estrategia-que-fortalece-las-capacidades-productivas-y-emprendedoras-de-mas-de-2-mil-privados-de-la-libertad\/#article\",\"isPartOf\":{\"@id\":\"https:\/\/luchonoticias.com\/editor\/zasca-renacer-la-estrategia-que-fortalece-las-capacidades-productivas-y-emprendedoras-de-mas-de-2-mil-privados-de-la-libertad\/\"},\"author\":{\"name\":\"Editor General\",\"@id\":\"https:\/\/luchonoticias.com\/editor\/#\/schema\/person\/29217990ddf6f14e35912b2866d591fb\"},\"headline\":\"Zasca Renacer, la estrategia que fortalece las capacidades productivas y emprendedoras de m\u00e1s de 2 mil privados de la libertad\",\"datePublished\":\"2023-06-22T11:55:23+00:00\",\"dateModified\":\"2023-06-22T11:55:24+00:00\",\"mainEntityOfPage\":{\"@id\":\"https:\/\/luchonoticias.com\/editor\/zasca-renacer-la-estrategia-que-fortalece-las-capacidades-productivas-y-emprendedoras-de-mas-de-2-mil-privados-de-la-libertad\/\"},\"wordCount\":748,\"commentCount\":0,\"publisher\":{\"@id\":\"https:\/\/luchonoticias.com\/editor\/#\/schema\/person\/7a7fd911f58561fd056dbac7b55af9cd\"},\"articleSection\":[\"Actualidad\",\"Destacado\"],\"inLanguage\":\"es\",\"potentialAction\":[{\"@type\":\"CommentAction\",\"name\":\"Comment\",\"target\":[\"https:\/\/luchonoticias.com\/editor\/zasca-renacer-la-estrategia-que-fortalece-las-capacidades-productivas-y-emprendedoras-de-mas-de-2-mil-privados-de-la-libertad\/#respond\"]}]},{\"@type\":\"WebPage\",\"@id\":\"https:\/\/luchonoticias.com\/editor\/zasca-renacer-la-estrategia-que-fortalece-las-capacidades-productivas-y-emprendedoras-de-mas-de-2-mil-privados-de-la-libertad\/\",\"url\":\"https:\/\/luchonoticias.com\/editor\/zasca-renacer-la-estrategia-que-fortalece-las-capacidades-productivas-y-emprendedoras-de-mas-de-2-mil-privados-de-la-libertad\/\",\"name\":\"Zasca Renacer, la estrategia que fortalece las capacidades productivas y emprendedoras de m\u00e1s de 2 mil privados de la libertad -\",\"isPartOf\":{\"@id\":\"https:\/\/luchonoticias.com\/editor\/#website\"},\"datePublished\":\"2023-06-22T11:55:23+00:00\",\"dateModified\":\"2023-06-22T11:55:24+00:00\",\"breadcrumb\":{\"@id\":\"https:\/\/luchonoticias.com\/editor\/zasca-renacer-la-estrategia-que-fortalece-las-capacidades-productivas-y-emprendedoras-de-mas-de-2-mil-privados-de-la-libertad\/#breadcrumb\"},\"inLanguage\":\"es\",\"potentialAction\":[{\"@type\":\"ReadAction\",\"target\":[\"https:\/\/luchonoticias.com\/editor\/zasca-renacer-la-estrategia-que-fortalece-las-capacidades-productivas-y-emprendedoras-de-mas-de-2-mil-privados-de-la-libertad\/\"]}]},{\"@type\":\"BreadcrumbList\",\"@id\":\"https:\/\/luchonoticias.com\/editor\/zasca-renacer-la-estrategia-que-fortalece-las-capacidades-productivas-y-emprendedoras-de-mas-de-2-mil-privados-de-la-libertad\/#breadcrumb\",\"itemListElement\":[{\"@type\":\"ListItem\",\"position\":1,\"name\":\"Portada\",\"item\":\"https:\/\/luchonoticias.com\/editor\/\"},{\"@type\":\"ListItem\",\"position\":2,\"name\":\"Zasca Renacer, la estrategia que fortalece las capacidades productivas y emprendedoras de m\u00e1s de 2 mil privados de la libertad\"}]},{\"@type\":\"WebSite\",\"@id\":\"https:\/\/luchonoticias.com\/editor\/#website\",\"url\":\"https:\/\/luchonoticias.com\/editor\/\",\"name\":\"\",\"description\":\"\",\"publisher\":{\"@id\":\"https:\/\/luchonoticias.com\/editor\/#\/schema\/person\/7a7fd911f58561fd056dbac7b55af9cd\"},\"potentialAction\":[{\"@type\":\"SearchAction\",\"target\":{\"@type\":\"EntryPoint\",\"urlTemplate\":\"https:\/\/luchonoticias.com\/editor\/?s={search_term_string}\"},\"query-input\":{\"@type\":\"PropertyValueSpecification\",\"valueRequired\":true,\"valueName\":\"search_term_string\"}}],\"inLanguage\":\"es\"},{\"@type\":[\"Person\",\"Organization\"],\"@id\":\"https:\/\/luchonoticias.com\/editor\/#\/schema\/person\/7a7fd911f58561fd056dbac7b55af9cd\",\"name\":\"admin\",\"image\":{\"@type\":\"ImageObject\",\"inLanguage\":\"es\",\"@id\":\"https:\/\/luchonoticias.com\/editor\/#\/schema\/person\/image\/\",\"url\":\"https:\/\/luchonoticias.com\/editor\/wp-content\/uploads\/2024\/02\/cropped-cropped-logolu.webp\",\"contentUrl\":\"https:\/\/luchonoticias.com\/editor\/wp-content\/uploads\/2024\/02\/cropped-cropped-logolu.webp\",\"width\":382,\"height\":170,\"caption\":\"admin\"},\"logo\":{\"@id\":\"https:\/\/luchonoticias.com\/editor\/#\/schema\/person\/image\/\"},\"sameAs\":[\"https:\/\/www.facebook.com\/luchonoticiasneiva\"]},{\"@type\":\"Person\",\"@id\":\"https:\/\/luchonoticias.com\/editor\/#\/schema\/person\/29217990ddf6f14e35912b2866d591fb\",\"name\":\"Editor General\",\"image\":{\"@type\":\"ImageObject\",\"inLanguage\":\"es\",\"@id\":\"https:\/\/luchonoticias.com\/editor\/#\/schema\/person\/image\/\",\"url\":\"https:\/\/luchonoticias.com\/editor\/wp-content\/uploads\/2024\/02\/cropped-cropped-logolu-150x150.webp\",\"contentUrl\":\"https:\/\/luchonoticias.com\/editor\/wp-content\/uploads\/2024\/02\/cropped-cropped-logolu-150x150.webp\",\"caption\":\"Editor General\"},\"sameAs\":[\"https:\/\/luchonoticias.com\/\"],\"url\":\"https:\/\/luchonoticias.com\/editor\/author\/editor-general\/\"}]}<\/script>\n<!-- \/ Yoast SEO plugin. -->","yoast_head_json":{"title":"Zasca Renacer, la estrategia que fortalece las capacidades productivas y emprendedoras de m\u00e1s de 2 mil privados de la libertad -","robots":{"index":"index","follow":"follow","max-snippet":"max-snippet:-1","max-image-preview":"max-image-preview:large","max-video-preview":"max-video-preview:-1"},"canonical":"https:\/\/luchonoticias.com\/editor\/zasca-renacer-la-estrategia-que-fortalece-las-capacidades-productivas-y-emprendedoras-de-mas-de-2-mil-privados-de-la-libertad\/","og_locale":"es_ES","og_type":"article","og_title":"Zasca Renacer, la estrategia que fortalece las capacidades productivas y emprendedoras de m\u00e1s de 2 mil privados de la libertad -","og_url":"https:\/\/luchonoticias.com\/editor\/zasca-renacer-la-estrategia-que-fortalece-las-capacidades-productivas-y-emprendedoras-de-mas-de-2-mil-privados-de-la-libertad\/","article_publisher":"https:\/\/www.facebook.com\/luchonoticiasneiva","article_published_time":"2023-06-22T11:55:23+00:00","article_modified_time":"2023-06-22T11:55:24+00:00","author":"Editor General","twitter_card":"summary_large_image","twitter_misc":{"Escrito por":"Editor General","Tiempo de lectura":"4 minutos"},"schema":{"@context":"https:\/\/schema.org","@graph":[{"@type":"Article","@id":"https:\/\/luchonoticias.com\/editor\/zasca-renacer-la-estrategia-que-fortalece-las-capacidades-productivas-y-emprendedoras-de-mas-de-2-mil-privados-de-la-libertad\/#article","isPartOf":{"@id":"https:\/\/luchonoticias.com\/editor\/zasca-renacer-la-estrategia-que-fortalece-las-capacidades-productivas-y-emprendedoras-de-mas-de-2-mil-privados-de-la-libertad\/"},"author":{"name":"Editor General","@id":"https:\/\/luchonoticias.com\/editor\/#\/schema\/person\/29217990ddf6f14e35912b2866d591fb"},"headline":"Zasca Renacer, la estrategia que fortalece las capacidades productivas y emprendedoras de m\u00e1s de 2 mil privados de la libertad","datePublished":"2023-06-22T11:55:23+00:00","dateModified":"2023-06-22T11:55:24+00:00","mainEntityOfPage":{"@id":"https:\/\/luchonoticias.com\/editor\/zasca-renacer-la-estrategia-que-fortalece-las-capacidades-productivas-y-emprendedoras-de-mas-de-2-mil-privados-de-la-libertad\/"},"wordCount":748,"commentCount":0,"publisher":{"@id":"https:\/\/luchonoticias.com\/editor\/#\/schema\/person\/7a7fd911f58561fd056dbac7b55af9cd"},"articleSection":["Actualidad","Destacado"],"inLanguage":"es","potentialAction":[{"@type":"CommentAction","name":"Comment","target":["https:\/\/luchonoticias.com\/editor\/zasca-renacer-la-estrategia-que-fortalece-las-capacidades-productivas-y-emprendedoras-de-mas-de-2-mil-privados-de-la-libertad\/#respond"]}]},{"@type":"WebPage","@id":"https:\/\/luchonoticias.com\/editor\/zasca-renacer-la-estrategia-que-fortalece-las-capacidades-productivas-y-emprendedoras-de-mas-de-2-mil-privados-de-la-libertad\/","url":"https:\/\/luchonoticias.com\/editor\/zasca-renacer-la-estrategia-que-fortalece-las-capacidades-productivas-y-emprendedoras-de-mas-de-2-mil-privados-de-la-libertad\/","name":"Zasca Renacer, la estrategia que fortalece las capacidades productivas y emprendedoras de m\u00e1s de 2 mil privados de la libertad -","isPartOf":{"@id":"https:\/\/luchonoticias.com\/editor\/#website"},"datePublished":"2023-06-22T11:55:23+00:00","dateModified":"2023-06-22T11:55:24+00:00","breadcrumb":{"@id":"https:\/\/luchonoticias.com\/editor\/zasca-renacer-la-estrategia-que-fortalece-las-capacidades-productivas-y-emprendedoras-de-mas-de-2-mil-privados-de-la-libertad\/#breadcrumb"},"inLanguage":"es","potentialAction":[{"@type":"ReadAction","target":["https:\/\/luchonoticias.com\/editor\/zasca-renacer-la-estrategia-que-fortalece-las-capacidades-productivas-y-emprendedoras-de-mas-de-2-mil-privados-de-la-libertad\/"]}]},{"@type":"BreadcrumbList","@id":"https:\/\/luchonoticias.com\/editor\/zasca-renacer-la-estrategia-que-fortalece-las-capacidades-productivas-y-emprendedoras-de-mas-de-2-mil-privados-de-la-libertad\/#breadcrumb","itemListElement":[{"@type":"ListItem","position":1,"name":"Portada","item":"https:\/\/luchonoticias.com\/editor\/"},{"@type":"ListItem","position":2,"name":"Zasca Renacer, la estrategia que fortalece las capacidades productivas y emprendedoras de m\u00e1s de 2 mil privados de la libertad"}]},{"@type":"WebSite","@id":"https:\/\/luchonoticias.com\/editor\/#website","url":"https:\/\/luchonoticias.com\/editor\/","name":"","description":"","publisher":{"@id":"https:\/\/luchonoticias.com\/editor\/#\/schema\/person\/7a7fd911f58561fd056dbac7b55af9cd"},"potentialAction":[{"@type":"SearchAction","target":{"@type":"EntryPoint","urlTemplate":"https:\/\/luchonoticias.com\/editor\/?s={search_term_string}"},"query-input":{"@type":"PropertyValueSpecification","valueRequired":true,"valueName":"search_term_string"}}],"inLanguage":"es"},{"@type":["Person","Organization"],"@id":"https:\/\/luchonoticias.com\/editor\/#\/schema\/person\/7a7fd911f58561fd056dbac7b55af9cd","name":"admin","image":{"@type":"ImageObject","inLanguage":"es","@id":"https:\/\/luchonoticias.com\/editor\/#\/schema\/person\/image\/","url":"https:\/\/luchonoticias.com\/editor\/wp-content\/uploads\/2024\/02\/cropped-cropped-logolu.webp","contentUrl":"https:\/\/luchonoticias.com\/editor\/wp-content\/uploads\/2024\/02\/cropped-cropped-logolu.webp","width":382,"height":170,"caption":"admin"},"logo":{"@id":"https:\/\/luchonoticias.com\/editor\/#\/schema\/person\/image\/"},"sameAs":["https:\/\/www.facebook.com\/luchonoticiasneiva"]},{"@type":"Person","@id":"https:\/\/luchonoticias.com\/editor\/#\/schema\/person\/29217990ddf6f14e35912b2866d591fb","name":"Editor General","image":{"@type":"ImageObject","inLanguage":"es","@id":"https:\/\/luchonoticias.com\/editor\/#\/schema\/person\/image\/","url":"https:\/\/luchonoticias.com\/editor\/wp-content\/uploads\/2024\/02\/cropped-cropped-logolu-150x150.webp","contentUrl":"https:\/\/luchonoticias.com\/editor\/wp-content\/uploads\/2024\/02\/cropped-cropped-logolu-150x150.webp","caption":"Editor General"},"sameAs":["https:\/\/luchonoticias.com\/"],"url":"https:\/\/luchonoticias.com\/editor\/author\/editor-general\/"}]}},"_links":{"self":[{"href":"https:\/\/luchonoticias.com\/editor\/wp-json\/wp\/v2\/posts\/55141","targetHints":{"allow":["GET"]}}],"collection":[{"href":"https:\/\/luchonoticias.com\/editor\/wp-json\/wp\/v2\/posts"}],"about":[{"href":"https:\/\/luchonoticias.com\/editor\/wp-json\/wp\/v2\/types\/post"}],"author":[{"embeddable":true,"href":"https:\/\/luchonoticias.com\/editor\/wp-json\/wp\/v2\/users\/2"}],"replies":[{"embeddable":true,"href":"https:\/\/luchonoticias.com\/editor\/wp-json\/wp\/v2\/comments?post=55141"}],"version-history":[{"count":0,"href":"https:\/\/luchonoticias.com\/editor\/wp-json\/wp\/v2\/posts\/55141\/revisions"}],"wp:attachment":[{"href":"https:\/\/luchonoticias.com\/editor\/wp-json\/wp\/v2\/media?parent=55141"}],"wp:term":[{"taxonomy":"category","embeddable":true,"href":"https:\/\/luchonoticias.com\/editor\/wp-json\/wp\/v2\/categories?post=55141"},{"taxonomy":"post_tag","embeddable":true,"href":"https:\/\/luchonoticias.com\/editor\/wp-json\/wp\/v2\/tags?post=55141"}],"curies":[{"name":"wp","href":"https:\/\/api.w.org\/{rel}","templated":true}]}}