{"id":55146,"date":"2023-06-22T07:01:58","date_gmt":"2023-06-22T12:01:58","guid":{"rendered":"https:\/\/luchonoticias.com\/?p=55146"},"modified":"2023-06-22T07:01:59","modified_gmt":"2023-06-22T12:01:59","slug":"consejo-de-estado-convoca-audiencia-publica-frente-a-demanda-que-declara-a-los-hipopotamos-como-especie-invasora-en-colombia","status":"publish","type":"post","link":"https:\/\/luchonoticias.com\/editor\/consejo-de-estado-convoca-audiencia-publica-frente-a-demanda-que-declara-a-los-hipopotamos-como-especie-invasora-en-colombia\/","title":{"rendered":"Consejo de Estado convoca audiencia p\u00fablica frente a demanda que declara a los hipop\u00f3tamos como especie invasora en Colombia"},"content":{"rendered":"\n<p><strong>El Consejo de Estado atendi\u00f3 la solicitud de la Procuradur\u00eda<\/strong>&nbsp;General de la Naci\u00f3n, de valorar la posibilidad de realizar una audiencia p\u00fablica potestativa que permitiera al Ministerio de Ambiente y Desarrollo Sostenible,<strong>&nbsp;argumentar las razones por las cuales se incluy\u00f3 al hipop\u00f3tamo como una especie invasora<\/strong>&nbsp;en Colombia.<\/p>\n\n\n\n<p>El requerimiento del Ministerio P\u00fablico, detallaba la necesidad de realizar an\u00e1lisis de criterios jur\u00eddicos, legales y cient\u00edficos de dicha resoluci\u00f3n,&nbsp;<strong>antes de proferir la sentencia que ponga fin al proceso de demanda&nbsp;<\/strong>interpuesta por un ciudadano,&nbsp;<strong>que pide la nulidad de la resoluci\u00f3n y que el status de invasores sea eliminado.<\/strong><\/p>\n\n\n\n<p>El Consejo de Estado&nbsp;<strong>encontr\u00f3 como v\u00e1lidos los argumentos del ente de control&nbsp;<\/strong>como coadyuvante frente a la demanda, referidos por la delegada para Asuntos Ambientales, Minero Energ\u00e9ticos y Agrarios, respondiendo afirmativamente y a\u00f1adiendo que&nbsp;<strong>el debate involucra un inter\u00e9s general.<\/strong><\/p>\n\n\n\n<p>Por lo anterior, el m\u00e1ximo juez de la administraci\u00f3n p\u00fablica convoc\u00f3 el pr\u00f3ximo 28 de julio, al Instituto de Investigaci\u00f3n de Recursos Biol\u00f3gicos Alexander Von Humboldt, al Instituto de Ciencias Naturales de la Universidad Nacional, al Instituto de Estudios Ambientales de la Pontificia Universidad Javeriana, a la Facultad de Biolog\u00eda de la Universidad de los Andes, al Departamento de Derecho del Medio Ambiente de la Universidad Externado de Colombia y a la Facultad de Jurisprudencia de la Universidad del Rosario.&nbsp;&nbsp;<\/p>\n\n\n\n<p>Finalmente, la Procuradur\u00eda record\u00f3&nbsp;<strong>qu<\/strong><strong>e es determinante definir las medidas de prevenci\u00f3n, control y manejo de esta especie<\/strong>&nbsp;en el pa\u00eds, citando el reciente accidente en el municipio de Puerto Triunfo, Antioquia, donde se present\u00f3 la colisi\u00f3n de un veh\u00edculo particular contra un hipop\u00f3tamo, provocando la muerte del animal y heridas graves de los ocupantes del carro.<\/p>\n","protected":false},"excerpt":{"rendered":"<p>El Consejo de Estado atendi\u00f3 la solicitud de la Procuradur\u00eda&nbsp;General de la Naci\u00f3n, de valorar la posibilidad de realizar una audiencia p\u00fablica potestativa que permitiera al Ministerio de Ambiente y Desarrollo Sostenible,&nbsp;argumentar las razones por las cuales se incluy\u00f3 al hipop\u00f3tamo como una especie invasora&nbsp;en Colombia. El requerimiento del Ministerio P\u00fablico, detallaba la necesidad de [&hellip;]<\/p>\n","protected":false},"author":2,"featured_media":0,"comment_status":"open","ping_status":"open","sticky":false,"template":"","format":"standard","meta":{"footnotes":""},"categories":[36,32],"tags":[],"class_list":["post-55146","post","type-post","status-publish","format-standard","hentry","category-destacado","category-nacional"],"yoast_head":"<!-- This site is optimized with the Yoast SEO plugin v26.6 - https:\/\/yoast.com\/wordpress\/plugins\/seo\/ -->\n<title>Consejo de Estado convoca audiencia p\u00fablica frente a demanda que declara a los hipop\u00f3tamos como especie invasora en Colombia -<\/title>\n<meta name=\"robots\" content=\"index, follow, max-snippet:-1, max-image-preview:large, max-video-preview:-1\" \/>\n<link rel=\"canonical\" href=\"https:\/\/luchonoticias.com\/editor\/consejo-de-estado-convoca-audiencia-publica-frente-a-demanda-que-declara-a-los-hipopotamos-como-especie-invasora-en-colombia\/\" \/>\n<meta property=\"og:locale\" content=\"es_ES\" \/>\n<meta property=\"og:type\" content=\"article\" \/>\n<meta property=\"og:title\" content=\"Consejo de Estado convoca audiencia p\u00fablica frente a demanda que declara a los hipop\u00f3tamos como especie invasora en Colombia -\" \/>\n<meta property=\"og:url\" content=\"https:\/\/luchonoticias.com\/editor\/consejo-de-estado-convoca-audiencia-publica-frente-a-demanda-que-declara-a-los-hipopotamos-como-especie-invasora-en-colombia\/\" \/>\n<meta property=\"article:publisher\" content=\"https:\/\/www.facebook.com\/luchonoticiasneiva\" \/>\n<meta property=\"article:published_time\" content=\"2023-06-22T12:01:58+00:00\" \/>\n<meta property=\"article:modified_time\" content=\"2023-06-22T12:01:59+00:00\" \/>\n<meta name=\"author\" content=\"Editor General\" \/>\n<meta name=\"twitter:card\" content=\"summary_large_image\" \/>\n<meta name=\"twitter:label1\" content=\"Escrito por\" \/>\n\t<meta name=\"twitter:data1\" content=\"Editor General\" \/>\n\t<meta name=\"twitter:label2\" content=\"Tiempo de lectura\" \/>\n\t<meta name=\"twitter:data2\" content=\"2 minutos\" \/>\n<script type=\"application\/ld+json\" class=\"yoast-schema-graph\">{\"@context\":\"https:\/\/schema.org\",\"@graph\":[{\"@type\":\"Article\",\"@id\":\"https:\/\/luchonoticias.com\/editor\/consejo-de-estado-convoca-audiencia-publica-frente-a-demanda-que-declara-a-los-hipopotamos-como-especie-invasora-en-colombia\/#article\",\"isPartOf\":{\"@id\":\"https:\/\/luchonoticias.com\/editor\/consejo-de-estado-convoca-audiencia-publica-frente-a-demanda-que-declara-a-los-hipopotamos-como-especie-invasora-en-colombia\/\"},\"author\":{\"name\":\"Editor General\",\"@id\":\"https:\/\/luchonoticias.com\/editor\/#\/schema\/person\/29217990ddf6f14e35912b2866d591fb\"},\"headline\":\"Consejo de Estado convoca audiencia p\u00fablica frente a demanda que declara a los hipop\u00f3tamos como especie invasora en Colombia\",\"datePublished\":\"2023-06-22T12:01:58+00:00\",\"dateModified\":\"2023-06-22T12:01:59+00:00\",\"mainEntityOfPage\":{\"@id\":\"https:\/\/luchonoticias.com\/editor\/consejo-de-estado-convoca-audiencia-publica-frente-a-demanda-que-declara-a-los-hipopotamos-como-especie-invasora-en-colombia\/\"},\"wordCount\":339,\"commentCount\":0,\"publisher\":{\"@id\":\"https:\/\/luchonoticias.com\/editor\/#\/schema\/person\/7a7fd911f58561fd056dbac7b55af9cd\"},\"articleSection\":[\"Destacado\",\"Nacional\"],\"inLanguage\":\"es\",\"potentialAction\":[{\"@type\":\"CommentAction\",\"name\":\"Comment\",\"target\":[\"https:\/\/luchonoticias.com\/editor\/consejo-de-estado-convoca-audiencia-publica-frente-a-demanda-que-declara-a-los-hipopotamos-como-especie-invasora-en-colombia\/#respond\"]}]},{\"@type\":\"WebPage\",\"@id\":\"https:\/\/luchonoticias.com\/editor\/consejo-de-estado-convoca-audiencia-publica-frente-a-demanda-que-declara-a-los-hipopotamos-como-especie-invasora-en-colombia\/\",\"url\":\"https:\/\/luchonoticias.com\/editor\/consejo-de-estado-convoca-audiencia-publica-frente-a-demanda-que-declara-a-los-hipopotamos-como-especie-invasora-en-colombia\/\",\"name\":\"Consejo de Estado convoca audiencia p\u00fablica frente a demanda que declara a los hipop\u00f3tamos como especie invasora en Colombia -\",\"isPartOf\":{\"@id\":\"https:\/\/luchonoticias.com\/editor\/#website\"},\"datePublished\":\"2023-06-22T12:01:58+00:00\",\"dateModified\":\"2023-06-22T12:01:59+00:00\",\"breadcrumb\":{\"@id\":\"https:\/\/luchonoticias.com\/editor\/consejo-de-estado-convoca-audiencia-publica-frente-a-demanda-que-declara-a-los-hipopotamos-como-especie-invasora-en-colombia\/#breadcrumb\"},\"inLanguage\":\"es\",\"potentialAction\":[{\"@type\":\"ReadAction\",\"target\":[\"https:\/\/luchonoticias.com\/editor\/consejo-de-estado-convoca-audiencia-publica-frente-a-demanda-que-declara-a-los-hipopotamos-como-especie-invasora-en-colombia\/\"]}]},{\"@type\":\"BreadcrumbList\",\"@id\":\"https:\/\/luchonoticias.com\/editor\/consejo-de-estado-convoca-audiencia-publica-frente-a-demanda-que-declara-a-los-hipopotamos-como-especie-invasora-en-colombia\/#breadcrumb\",\"itemListElement\":[{\"@type\":\"ListItem\",\"position\":1,\"name\":\"Portada\",\"item\":\"https:\/\/luchonoticias.com\/editor\/\"},{\"@type\":\"ListItem\",\"position\":2,\"name\":\"Consejo de Estado convoca audiencia p\u00fablica frente a demanda que declara a los hipop\u00f3tamos como especie invasora en Colombia\"}]},{\"@type\":\"WebSite\",\"@id\":\"https:\/\/luchonoticias.com\/editor\/#website\",\"url\":\"https:\/\/luchonoticias.com\/editor\/\",\"name\":\"\",\"description\":\"\",\"publisher\":{\"@id\":\"https:\/\/luchonoticias.com\/editor\/#\/schema\/person\/7a7fd911f58561fd056dbac7b55af9cd\"},\"potentialAction\":[{\"@type\":\"SearchAction\",\"target\":{\"@type\":\"EntryPoint\",\"urlTemplate\":\"https:\/\/luchonoticias.com\/editor\/?s={search_term_string}\"},\"query-input\":{\"@type\":\"PropertyValueSpecification\",\"valueRequired\":true,\"valueName\":\"search_term_string\"}}],\"inLanguage\":\"es\"},{\"@type\":[\"Person\",\"Organization\"],\"@id\":\"https:\/\/luchonoticias.com\/editor\/#\/schema\/person\/7a7fd911f58561fd056dbac7b55af9cd\",\"name\":\"admin\",\"image\":{\"@type\":\"ImageObject\",\"inLanguage\":\"es\",\"@id\":\"https:\/\/luchonoticias.com\/editor\/#\/schema\/person\/image\/\",\"url\":\"https:\/\/luchonoticias.com\/editor\/wp-content\/uploads\/2024\/02\/cropped-cropped-logolu.webp\",\"contentUrl\":\"https:\/\/luchonoticias.com\/editor\/wp-content\/uploads\/2024\/02\/cropped-cropped-logolu.webp\",\"width\":382,\"height\":170,\"caption\":\"admin\"},\"logo\":{\"@id\":\"https:\/\/luchonoticias.com\/editor\/#\/schema\/person\/image\/\"},\"sameAs\":[\"https:\/\/www.facebook.com\/luchonoticiasneiva\"]},{\"@type\":\"Person\",\"@id\":\"https:\/\/luchonoticias.com\/editor\/#\/schema\/person\/29217990ddf6f14e35912b2866d591fb\",\"name\":\"Editor General\",\"image\":{\"@type\":\"ImageObject\",\"inLanguage\":\"es\",\"@id\":\"https:\/\/luchonoticias.com\/editor\/#\/schema\/person\/image\/\",\"url\":\"https:\/\/luchonoticias.com\/editor\/wp-content\/uploads\/2024\/02\/cropped-cropped-logolu-150x150.webp\",\"contentUrl\":\"https:\/\/luchonoticias.com\/editor\/wp-content\/uploads\/2024\/02\/cropped-cropped-logolu-150x150.webp\",\"caption\":\"Editor General\"},\"sameAs\":[\"https:\/\/luchonoticias.com\/\"],\"url\":\"https:\/\/luchonoticias.com\/editor\/author\/editor-general\/\"}]}<\/script>\n<!-- \/ Yoast SEO plugin. -->","yoast_head_json":{"title":"Consejo de Estado convoca audiencia p\u00fablica frente a demanda que declara a los hipop\u00f3tamos como especie invasora en Colombia -","robots":{"index":"index","follow":"follow","max-snippet":"max-snippet:-1","max-image-preview":"max-image-preview:large","max-video-preview":"max-video-preview:-1"},"canonical":"https:\/\/luchonoticias.com\/editor\/consejo-de-estado-convoca-audiencia-publica-frente-a-demanda-que-declara-a-los-hipopotamos-como-especie-invasora-en-colombia\/","og_locale":"es_ES","og_type":"article","og_title":"Consejo de Estado convoca audiencia p\u00fablica frente a demanda que declara a los hipop\u00f3tamos como especie invasora en Colombia -","og_url":"https:\/\/luchonoticias.com\/editor\/consejo-de-estado-convoca-audiencia-publica-frente-a-demanda-que-declara-a-los-hipopotamos-como-especie-invasora-en-colombia\/","article_publisher":"https:\/\/www.facebook.com\/luchonoticiasneiva","article_published_time":"2023-06-22T12:01:58+00:00","article_modified_time":"2023-06-22T12:01:59+00:00","author":"Editor General","twitter_card":"summary_large_image","twitter_misc":{"Escrito por":"Editor General","Tiempo de lectura":"2 minutos"},"schema":{"@context":"https:\/\/schema.org","@graph":[{"@type":"Article","@id":"https:\/\/luchonoticias.com\/editor\/consejo-de-estado-convoca-audiencia-publica-frente-a-demanda-que-declara-a-los-hipopotamos-como-especie-invasora-en-colombia\/#article","isPartOf":{"@id":"https:\/\/luchonoticias.com\/editor\/consejo-de-estado-convoca-audiencia-publica-frente-a-demanda-que-declara-a-los-hipopotamos-como-especie-invasora-en-colombia\/"},"author":{"name":"Editor General","@id":"https:\/\/luchonoticias.com\/editor\/#\/schema\/person\/29217990ddf6f14e35912b2866d591fb"},"headline":"Consejo de Estado convoca audiencia p\u00fablica frente a demanda que declara a los hipop\u00f3tamos como especie invasora en Colombia","datePublished":"2023-06-22T12:01:58+00:00","dateModified":"2023-06-22T12:01:59+00:00","mainEntityOfPage":{"@id":"https:\/\/luchonoticias.com\/editor\/consejo-de-estado-convoca-audiencia-publica-frente-a-demanda-que-declara-a-los-hipopotamos-como-especie-invasora-en-colombia\/"},"wordCount":339,"commentCount":0,"publisher":{"@id":"https:\/\/luchonoticias.com\/editor\/#\/schema\/person\/7a7fd911f58561fd056dbac7b55af9cd"},"articleSection":["Destacado","Nacional"],"inLanguage":"es","potentialAction":[{"@type":"CommentAction","name":"Comment","target":["https:\/\/luchonoticias.com\/editor\/consejo-de-estado-convoca-audiencia-publica-frente-a-demanda-que-declara-a-los-hipopotamos-como-especie-invasora-en-colombia\/#respond"]}]},{"@type":"WebPage","@id":"https:\/\/luchonoticias.com\/editor\/consejo-de-estado-convoca-audiencia-publica-frente-a-demanda-que-declara-a-los-hipopotamos-como-especie-invasora-en-colombia\/","url":"https:\/\/luchonoticias.com\/editor\/consejo-de-estado-convoca-audiencia-publica-frente-a-demanda-que-declara-a-los-hipopotamos-como-especie-invasora-en-colombia\/","name":"Consejo de Estado convoca audiencia p\u00fablica frente a demanda que declara a los hipop\u00f3tamos como especie invasora en Colombia -","isPartOf":{"@id":"https:\/\/luchonoticias.com\/editor\/#website"},"datePublished":"2023-06-22T12:01:58+00:00","dateModified":"2023-06-22T12:01:59+00:00","breadcrumb":{"@id":"https:\/\/luchonoticias.com\/editor\/consejo-de-estado-convoca-audiencia-publica-frente-a-demanda-que-declara-a-los-hipopotamos-como-especie-invasora-en-colombia\/#breadcrumb"},"inLanguage":"es","potentialAction":[{"@type":"ReadAction","target":["https:\/\/luchonoticias.com\/editor\/consejo-de-estado-convoca-audiencia-publica-frente-a-demanda-que-declara-a-los-hipopotamos-como-especie-invasora-en-colombia\/"]}]},{"@type":"BreadcrumbList","@id":"https:\/\/luchonoticias.com\/editor\/consejo-de-estado-convoca-audiencia-publica-frente-a-demanda-que-declara-a-los-hipopotamos-como-especie-invasora-en-colombia\/#breadcrumb","itemListElement":[{"@type":"ListItem","position":1,"name":"Portada","item":"https:\/\/luchonoticias.com\/editor\/"},{"@type":"ListItem","position":2,"name":"Consejo de Estado convoca audiencia p\u00fablica frente a demanda que declara a los hipop\u00f3tamos como especie invasora en Colombia"}]},{"@type":"WebSite","@id":"https:\/\/luchonoticias.com\/editor\/#website","url":"https:\/\/luchonoticias.com\/editor\/","name":"","description":"","publisher":{"@id":"https:\/\/luchonoticias.com\/editor\/#\/schema\/person\/7a7fd911f58561fd056dbac7b55af9cd"},"potentialAction":[{"@type":"SearchAction","target":{"@type":"EntryPoint","urlTemplate":"https:\/\/luchonoticias.com\/editor\/?s={search_term_string}"},"query-input":{"@type":"PropertyValueSpecification","valueRequired":true,"valueName":"search_term_string"}}],"inLanguage":"es"},{"@type":["Person","Organization"],"@id":"https:\/\/luchonoticias.com\/editor\/#\/schema\/person\/7a7fd911f58561fd056dbac7b55af9cd","name":"admin","image":{"@type":"ImageObject","inLanguage":"es","@id":"https:\/\/luchonoticias.com\/editor\/#\/schema\/person\/image\/","url":"https:\/\/luchonoticias.com\/editor\/wp-content\/uploads\/2024\/02\/cropped-cropped-logolu.webp","contentUrl":"https:\/\/luchonoticias.com\/editor\/wp-content\/uploads\/2024\/02\/cropped-cropped-logolu.webp","width":382,"height":170,"caption":"admin"},"logo":{"@id":"https:\/\/luchonoticias.com\/editor\/#\/schema\/person\/image\/"},"sameAs":["https:\/\/www.facebook.com\/luchonoticiasneiva"]},{"@type":"Person","@id":"https:\/\/luchonoticias.com\/editor\/#\/schema\/person\/29217990ddf6f14e35912b2866d591fb","name":"Editor General","image":{"@type":"ImageObject","inLanguage":"es","@id":"https:\/\/luchonoticias.com\/editor\/#\/schema\/person\/image\/","url":"https:\/\/luchonoticias.com\/editor\/wp-content\/uploads\/2024\/02\/cropped-cropped-logolu-150x150.webp","contentUrl":"https:\/\/luchonoticias.com\/editor\/wp-content\/uploads\/2024\/02\/cropped-cropped-logolu-150x150.webp","caption":"Editor General"},"sameAs":["https:\/\/luchonoticias.com\/"],"url":"https:\/\/luchonoticias.com\/editor\/author\/editor-general\/"}]}},"_links":{"self":[{"href":"https:\/\/luchonoticias.com\/editor\/wp-json\/wp\/v2\/posts\/55146","targetHints":{"allow":["GET"]}}],"collection":[{"href":"https:\/\/luchonoticias.com\/editor\/wp-json\/wp\/v2\/posts"}],"about":[{"href":"https:\/\/luchonoticias.com\/editor\/wp-json\/wp\/v2\/types\/post"}],"author":[{"embeddable":true,"href":"https:\/\/luchonoticias.com\/editor\/wp-json\/wp\/v2\/users\/2"}],"replies":[{"embeddable":true,"href":"https:\/\/luchonoticias.com\/editor\/wp-json\/wp\/v2\/comments?post=55146"}],"version-history":[{"count":0,"href":"https:\/\/luchonoticias.com\/editor\/wp-json\/wp\/v2\/posts\/55146\/revisions"}],"wp:attachment":[{"href":"https:\/\/luchonoticias.com\/editor\/wp-json\/wp\/v2\/media?parent=55146"}],"wp:term":[{"taxonomy":"category","embeddable":true,"href":"https:\/\/luchonoticias.com\/editor\/wp-json\/wp\/v2\/categories?post=55146"},{"taxonomy":"post_tag","embeddable":true,"href":"https:\/\/luchonoticias.com\/editor\/wp-json\/wp\/v2\/tags?post=55146"}],"curies":[{"name":"wp","href":"https:\/\/api.w.org\/{rel}","templated":true}]}}