{"id":55219,"date":"2023-06-23T10:07:57","date_gmt":"2023-06-23T15:07:57","guid":{"rendered":"https:\/\/luchonoticias.com\/?p=55219"},"modified":"2023-06-23T10:08:00","modified_gmt":"2023-06-23T15:08:00","slug":"con-tanqueta-policial-se-logro-propagar-un-incendio-en-zona-boscosa-del-barrio-canaima-del-sur-de-neiva","status":"publish","type":"post","link":"https:\/\/luchonoticias.com\/editor\/con-tanqueta-policial-se-logro-propagar-un-incendio-en-zona-boscosa-del-barrio-canaima-del-sur-de-neiva\/","title":{"rendered":"Con Tanqueta Policial se logr\u00f3 propagar un incendio en zona boscosa del barrio Canaima del sur de Neiva"},"content":{"rendered":"\n<p>Hasta el barrio Canaima, llegaron los uniformados de la Unidad de di\u00e1logo y mantenimiento del orden, en la Tanqueta para extinguir el fuego que consum\u00eda la zona boscosa de este sector.<\/p>\n\n\n\n<p>As\u00ed las cosas, con el sistema de dispersi\u00f3n de agua, el veh\u00edculo tipo Tanqueta de la Polic\u00eda Nacional evit\u00f3 que un incendio consumiera gran parte de un sector al sur de la capital Opita.<\/p>\n\n\n\n<p>La Polic\u00eda Nacional comprometida con el bienestar de la ciudadan\u00eda seguir\u00e1 realizando acciones que enaltecen nuestro actuar.<\/p>\n\n\n\n<figure class=\"wp-block-video\"><video controls src=\"https:\/\/luchonoticias.com\/wp-content\/uploads\/2023\/06\/WhatsApp-Video-2023-06-22-at-6.58.11-PM.mp4\"><\/video><\/figure>\n","protected":false},"excerpt":{"rendered":"<p>Hasta el barrio Canaima, llegaron los uniformados de la Unidad de di\u00e1logo y mantenimiento del orden, en la Tanqueta para extinguir el fuego que consum\u00eda la zona boscosa de este sector. As\u00ed las cosas, con el sistema de dispersi\u00f3n de agua, el veh\u00edculo tipo Tanqueta de la Polic\u00eda Nacional evit\u00f3 que un incendio consumiera gran [&hellip;]<\/p>\n","protected":false},"author":2,"featured_media":0,"comment_status":"open","ping_status":"open","sticky":false,"template":"","format":"standard","meta":{"footnotes":""},"categories":[3961,36,3962],"tags":[],"class_list":["post-55219","post","type-post","status-publish","format-standard","hentry","category-comunidad","category-destacado","category-videos"],"yoast_head":"<!-- This site is optimized with the Yoast SEO plugin v26.6 - https:\/\/yoast.com\/wordpress\/plugins\/seo\/ -->\n<title>Con Tanqueta Policial se logr\u00f3 propagar un incendio en zona boscosa del barrio Canaima del sur de Neiva -<\/title>\n<meta name=\"robots\" content=\"index, follow, max-snippet:-1, max-image-preview:large, max-video-preview:-1\" \/>\n<link rel=\"canonical\" href=\"https:\/\/luchonoticias.com\/editor\/con-tanqueta-policial-se-logro-propagar-un-incendio-en-zona-boscosa-del-barrio-canaima-del-sur-de-neiva\/\" \/>\n<meta property=\"og:locale\" content=\"es_ES\" \/>\n<meta property=\"og:type\" content=\"article\" \/>\n<meta property=\"og:title\" content=\"Con Tanqueta Policial se logr\u00f3 propagar un incendio en zona boscosa del barrio Canaima del sur de Neiva -\" \/>\n<meta property=\"og:url\" content=\"https:\/\/luchonoticias.com\/editor\/con-tanqueta-policial-se-logro-propagar-un-incendio-en-zona-boscosa-del-barrio-canaima-del-sur-de-neiva\/\" \/>\n<meta property=\"article:publisher\" content=\"https:\/\/www.facebook.com\/luchonoticiasneiva\" \/>\n<meta property=\"article:published_time\" content=\"2023-06-23T15:07:57+00:00\" \/>\n<meta property=\"article:modified_time\" content=\"2023-06-23T15:08:00+00:00\" \/>\n<meta name=\"author\" content=\"Editor General\" \/>\n<meta name=\"twitter:card\" content=\"summary_large_image\" \/>\n<meta name=\"twitter:label1\" content=\"Escrito por\" \/>\n\t<meta name=\"twitter:data1\" content=\"Editor General\" \/>\n<script type=\"application\/ld+json\" class=\"yoast-schema-graph\">{\"@context\":\"https:\/\/schema.org\",\"@graph\":[{\"@type\":\"Article\",\"@id\":\"https:\/\/luchonoticias.com\/editor\/con-tanqueta-policial-se-logro-propagar-un-incendio-en-zona-boscosa-del-barrio-canaima-del-sur-de-neiva\/#article\",\"isPartOf\":{\"@id\":\"https:\/\/luchonoticias.com\/editor\/con-tanqueta-policial-se-logro-propagar-un-incendio-en-zona-boscosa-del-barrio-canaima-del-sur-de-neiva\/\"},\"author\":{\"name\":\"Editor General\",\"@id\":\"https:\/\/luchonoticias.com\/editor\/#\/schema\/person\/29217990ddf6f14e35912b2866d591fb\"},\"headline\":\"Con Tanqueta Policial se logr\u00f3 propagar un incendio en zona boscosa del barrio Canaima del sur de Neiva\",\"datePublished\":\"2023-06-23T15:07:57+00:00\",\"dateModified\":\"2023-06-23T15:08:00+00:00\",\"mainEntityOfPage\":{\"@id\":\"https:\/\/luchonoticias.com\/editor\/con-tanqueta-policial-se-logro-propagar-un-incendio-en-zona-boscosa-del-barrio-canaima-del-sur-de-neiva\/\"},\"wordCount\":107,\"commentCount\":0,\"publisher\":{\"@id\":\"https:\/\/luchonoticias.com\/editor\/#\/schema\/person\/7a7fd911f58561fd056dbac7b55af9cd\"},\"articleSection\":[\"Comunidad\",\"Destacado\",\"Videos\"],\"inLanguage\":\"es\",\"potentialAction\":[{\"@type\":\"CommentAction\",\"name\":\"Comment\",\"target\":[\"https:\/\/luchonoticias.com\/editor\/con-tanqueta-policial-se-logro-propagar-un-incendio-en-zona-boscosa-del-barrio-canaima-del-sur-de-neiva\/#respond\"]}]},{\"@type\":\"WebPage\",\"@id\":\"https:\/\/luchonoticias.com\/editor\/con-tanqueta-policial-se-logro-propagar-un-incendio-en-zona-boscosa-del-barrio-canaima-del-sur-de-neiva\/\",\"url\":\"https:\/\/luchonoticias.com\/editor\/con-tanqueta-policial-se-logro-propagar-un-incendio-en-zona-boscosa-del-barrio-canaima-del-sur-de-neiva\/\",\"name\":\"Con Tanqueta Policial se logr\u00f3 propagar un incendio en zona boscosa del barrio Canaima del sur de Neiva -\",\"isPartOf\":{\"@id\":\"https:\/\/luchonoticias.com\/editor\/#website\"},\"datePublished\":\"2023-06-23T15:07:57+00:00\",\"dateModified\":\"2023-06-23T15:08:00+00:00\",\"breadcrumb\":{\"@id\":\"https:\/\/luchonoticias.com\/editor\/con-tanqueta-policial-se-logro-propagar-un-incendio-en-zona-boscosa-del-barrio-canaima-del-sur-de-neiva\/#breadcrumb\"},\"inLanguage\":\"es\",\"potentialAction\":[{\"@type\":\"ReadAction\",\"target\":[\"https:\/\/luchonoticias.com\/editor\/con-tanqueta-policial-se-logro-propagar-un-incendio-en-zona-boscosa-del-barrio-canaima-del-sur-de-neiva\/\"]}]},{\"@type\":\"BreadcrumbList\",\"@id\":\"https:\/\/luchonoticias.com\/editor\/con-tanqueta-policial-se-logro-propagar-un-incendio-en-zona-boscosa-del-barrio-canaima-del-sur-de-neiva\/#breadcrumb\",\"itemListElement\":[{\"@type\":\"ListItem\",\"position\":1,\"name\":\"Portada\",\"item\":\"https:\/\/luchonoticias.com\/editor\/\"},{\"@type\":\"ListItem\",\"position\":2,\"name\":\"Con Tanqueta Policial se logr\u00f3 propagar un incendio en zona boscosa del barrio Canaima del sur de Neiva\"}]},{\"@type\":\"WebSite\",\"@id\":\"https:\/\/luchonoticias.com\/editor\/#website\",\"url\":\"https:\/\/luchonoticias.com\/editor\/\",\"name\":\"\",\"description\":\"\",\"publisher\":{\"@id\":\"https:\/\/luchonoticias.com\/editor\/#\/schema\/person\/7a7fd911f58561fd056dbac7b55af9cd\"},\"potentialAction\":[{\"@type\":\"SearchAction\",\"target\":{\"@type\":\"EntryPoint\",\"urlTemplate\":\"https:\/\/luchonoticias.com\/editor\/?s={search_term_string}\"},\"query-input\":{\"@type\":\"PropertyValueSpecification\",\"valueRequired\":true,\"valueName\":\"search_term_string\"}}],\"inLanguage\":\"es\"},{\"@type\":[\"Person\",\"Organization\"],\"@id\":\"https:\/\/luchonoticias.com\/editor\/#\/schema\/person\/7a7fd911f58561fd056dbac7b55af9cd\",\"name\":\"admin\",\"image\":{\"@type\":\"ImageObject\",\"inLanguage\":\"es\",\"@id\":\"https:\/\/luchonoticias.com\/editor\/#\/schema\/person\/image\/\",\"url\":\"https:\/\/luchonoticias.com\/editor\/wp-content\/uploads\/2024\/02\/cropped-cropped-logolu.webp\",\"contentUrl\":\"https:\/\/luchonoticias.com\/editor\/wp-content\/uploads\/2024\/02\/cropped-cropped-logolu.webp\",\"width\":382,\"height\":170,\"caption\":\"admin\"},\"logo\":{\"@id\":\"https:\/\/luchonoticias.com\/editor\/#\/schema\/person\/image\/\"},\"sameAs\":[\"https:\/\/www.facebook.com\/luchonoticiasneiva\"]},{\"@type\":\"Person\",\"@id\":\"https:\/\/luchonoticias.com\/editor\/#\/schema\/person\/29217990ddf6f14e35912b2866d591fb\",\"name\":\"Editor General\",\"image\":{\"@type\":\"ImageObject\",\"inLanguage\":\"es\",\"@id\":\"https:\/\/luchonoticias.com\/editor\/#\/schema\/person\/image\/\",\"url\":\"https:\/\/luchonoticias.com\/editor\/wp-content\/uploads\/2024\/02\/cropped-cropped-logolu-150x150.webp\",\"contentUrl\":\"https:\/\/luchonoticias.com\/editor\/wp-content\/uploads\/2024\/02\/cropped-cropped-logolu-150x150.webp\",\"caption\":\"Editor General\"},\"sameAs\":[\"https:\/\/luchonoticias.com\/\"],\"url\":\"https:\/\/luchonoticias.com\/editor\/author\/editor-general\/\"}]}<\/script>\n<!-- \/ Yoast SEO plugin. -->","yoast_head_json":{"title":"Con Tanqueta Policial se logr\u00f3 propagar un incendio en zona boscosa del barrio Canaima del sur de Neiva -","robots":{"index":"index","follow":"follow","max-snippet":"max-snippet:-1","max-image-preview":"max-image-preview:large","max-video-preview":"max-video-preview:-1"},"canonical":"https:\/\/luchonoticias.com\/editor\/con-tanqueta-policial-se-logro-propagar-un-incendio-en-zona-boscosa-del-barrio-canaima-del-sur-de-neiva\/","og_locale":"es_ES","og_type":"article","og_title":"Con Tanqueta Policial se logr\u00f3 propagar un incendio en zona boscosa del barrio Canaima del sur de Neiva -","og_url":"https:\/\/luchonoticias.com\/editor\/con-tanqueta-policial-se-logro-propagar-un-incendio-en-zona-boscosa-del-barrio-canaima-del-sur-de-neiva\/","article_publisher":"https:\/\/www.facebook.com\/luchonoticiasneiva","article_published_time":"2023-06-23T15:07:57+00:00","article_modified_time":"2023-06-23T15:08:00+00:00","author":"Editor General","twitter_card":"summary_large_image","twitter_misc":{"Escrito por":"Editor General"},"schema":{"@context":"https:\/\/schema.org","@graph":[{"@type":"Article","@id":"https:\/\/luchonoticias.com\/editor\/con-tanqueta-policial-se-logro-propagar-un-incendio-en-zona-boscosa-del-barrio-canaima-del-sur-de-neiva\/#article","isPartOf":{"@id":"https:\/\/luchonoticias.com\/editor\/con-tanqueta-policial-se-logro-propagar-un-incendio-en-zona-boscosa-del-barrio-canaima-del-sur-de-neiva\/"},"author":{"name":"Editor General","@id":"https:\/\/luchonoticias.com\/editor\/#\/schema\/person\/29217990ddf6f14e35912b2866d591fb"},"headline":"Con Tanqueta Policial se logr\u00f3 propagar un incendio en zona boscosa del barrio Canaima del sur de Neiva","datePublished":"2023-06-23T15:07:57+00:00","dateModified":"2023-06-23T15:08:00+00:00","mainEntityOfPage":{"@id":"https:\/\/luchonoticias.com\/editor\/con-tanqueta-policial-se-logro-propagar-un-incendio-en-zona-boscosa-del-barrio-canaima-del-sur-de-neiva\/"},"wordCount":107,"commentCount":0,"publisher":{"@id":"https:\/\/luchonoticias.com\/editor\/#\/schema\/person\/7a7fd911f58561fd056dbac7b55af9cd"},"articleSection":["Comunidad","Destacado","Videos"],"inLanguage":"es","potentialAction":[{"@type":"CommentAction","name":"Comment","target":["https:\/\/luchonoticias.com\/editor\/con-tanqueta-policial-se-logro-propagar-un-incendio-en-zona-boscosa-del-barrio-canaima-del-sur-de-neiva\/#respond"]}]},{"@type":"WebPage","@id":"https:\/\/luchonoticias.com\/editor\/con-tanqueta-policial-se-logro-propagar-un-incendio-en-zona-boscosa-del-barrio-canaima-del-sur-de-neiva\/","url":"https:\/\/luchonoticias.com\/editor\/con-tanqueta-policial-se-logro-propagar-un-incendio-en-zona-boscosa-del-barrio-canaima-del-sur-de-neiva\/","name":"Con Tanqueta Policial se logr\u00f3 propagar un incendio en zona boscosa del barrio Canaima del sur de Neiva -","isPartOf":{"@id":"https:\/\/luchonoticias.com\/editor\/#website"},"datePublished":"2023-06-23T15:07:57+00:00","dateModified":"2023-06-23T15:08:00+00:00","breadcrumb":{"@id":"https:\/\/luchonoticias.com\/editor\/con-tanqueta-policial-se-logro-propagar-un-incendio-en-zona-boscosa-del-barrio-canaima-del-sur-de-neiva\/#breadcrumb"},"inLanguage":"es","potentialAction":[{"@type":"ReadAction","target":["https:\/\/luchonoticias.com\/editor\/con-tanqueta-policial-se-logro-propagar-un-incendio-en-zona-boscosa-del-barrio-canaima-del-sur-de-neiva\/"]}]},{"@type":"BreadcrumbList","@id":"https:\/\/luchonoticias.com\/editor\/con-tanqueta-policial-se-logro-propagar-un-incendio-en-zona-boscosa-del-barrio-canaima-del-sur-de-neiva\/#breadcrumb","itemListElement":[{"@type":"ListItem","position":1,"name":"Portada","item":"https:\/\/luchonoticias.com\/editor\/"},{"@type":"ListItem","position":2,"name":"Con Tanqueta Policial se logr\u00f3 propagar un incendio en zona boscosa del barrio Canaima del sur de Neiva"}]},{"@type":"WebSite","@id":"https:\/\/luchonoticias.com\/editor\/#website","url":"https:\/\/luchonoticias.com\/editor\/","name":"","description":"","publisher":{"@id":"https:\/\/luchonoticias.com\/editor\/#\/schema\/person\/7a7fd911f58561fd056dbac7b55af9cd"},"potentialAction":[{"@type":"SearchAction","target":{"@type":"EntryPoint","urlTemplate":"https:\/\/luchonoticias.com\/editor\/?s={search_term_string}"},"query-input":{"@type":"PropertyValueSpecification","valueRequired":true,"valueName":"search_term_string"}}],"inLanguage":"es"},{"@type":["Person","Organization"],"@id":"https:\/\/luchonoticias.com\/editor\/#\/schema\/person\/7a7fd911f58561fd056dbac7b55af9cd","name":"admin","image":{"@type":"ImageObject","inLanguage":"es","@id":"https:\/\/luchonoticias.com\/editor\/#\/schema\/person\/image\/","url":"https:\/\/luchonoticias.com\/editor\/wp-content\/uploads\/2024\/02\/cropped-cropped-logolu.webp","contentUrl":"https:\/\/luchonoticias.com\/editor\/wp-content\/uploads\/2024\/02\/cropped-cropped-logolu.webp","width":382,"height":170,"caption":"admin"},"logo":{"@id":"https:\/\/luchonoticias.com\/editor\/#\/schema\/person\/image\/"},"sameAs":["https:\/\/www.facebook.com\/luchonoticiasneiva"]},{"@type":"Person","@id":"https:\/\/luchonoticias.com\/editor\/#\/schema\/person\/29217990ddf6f14e35912b2866d591fb","name":"Editor General","image":{"@type":"ImageObject","inLanguage":"es","@id":"https:\/\/luchonoticias.com\/editor\/#\/schema\/person\/image\/","url":"https:\/\/luchonoticias.com\/editor\/wp-content\/uploads\/2024\/02\/cropped-cropped-logolu-150x150.webp","contentUrl":"https:\/\/luchonoticias.com\/editor\/wp-content\/uploads\/2024\/02\/cropped-cropped-logolu-150x150.webp","caption":"Editor General"},"sameAs":["https:\/\/luchonoticias.com\/"],"url":"https:\/\/luchonoticias.com\/editor\/author\/editor-general\/"}]}},"_links":{"self":[{"href":"https:\/\/luchonoticias.com\/editor\/wp-json\/wp\/v2\/posts\/55219","targetHints":{"allow":["GET"]}}],"collection":[{"href":"https:\/\/luchonoticias.com\/editor\/wp-json\/wp\/v2\/posts"}],"about":[{"href":"https:\/\/luchonoticias.com\/editor\/wp-json\/wp\/v2\/types\/post"}],"author":[{"embeddable":true,"href":"https:\/\/luchonoticias.com\/editor\/wp-json\/wp\/v2\/users\/2"}],"replies":[{"embeddable":true,"href":"https:\/\/luchonoticias.com\/editor\/wp-json\/wp\/v2\/comments?post=55219"}],"version-history":[{"count":0,"href":"https:\/\/luchonoticias.com\/editor\/wp-json\/wp\/v2\/posts\/55219\/revisions"}],"wp:attachment":[{"href":"https:\/\/luchonoticias.com\/editor\/wp-json\/wp\/v2\/media?parent=55219"}],"wp:term":[{"taxonomy":"category","embeddable":true,"href":"https:\/\/luchonoticias.com\/editor\/wp-json\/wp\/v2\/categories?post=55219"},{"taxonomy":"post_tag","embeddable":true,"href":"https:\/\/luchonoticias.com\/editor\/wp-json\/wp\/v2\/tags?post=55219"}],"curies":[{"name":"wp","href":"https:\/\/api.w.org\/{rel}","templated":true}]}}