{"id":55231,"date":"2023-06-23T13:57:53","date_gmt":"2023-06-23T18:57:53","guid":{"rendered":"https:\/\/luchonoticias.com\/?p=55231"},"modified":"2023-06-23T13:57:53","modified_gmt":"2023-06-23T18:57:53","slug":"plenaria-de-senado-aprobo-leyes-de-adicion-presupuestal-y-numero-de-diputados","status":"publish","type":"post","link":"https:\/\/luchonoticias.com\/editor\/plenaria-de-senado-aprobo-leyes-de-adicion-presupuestal-y-numero-de-diputados\/","title":{"rendered":"Plenaria de senado aprob\u00f3 leyes de adici\u00f3n presupuestal y n\u00famero de diputados"},"content":{"rendered":"\n<p>El senado de la Rep\u00fablica cerr\u00f3 las sesiones de su primera legislatura (2022-2023) con la aprobaci\u00f3n, en sesiones extraordinarias, de dos proyectos de ley de autor\u00eda del gobierno nacional, la adici\u00f3n al Prepuesto General de la Naci\u00f3n de 2023 y la ley que fija el n\u00famero de diputados de cada departamento. Ambos proyectos fueron discutidos de manera paralela por parte de la plenaria de la C\u00e1mara de Representantes.<\/p>\n\n\n\n<p>Inicialmente se discuti\u00f3 el proyecto de ley No. 278 de 2023 senado &#8211; 342 de 2023 C\u00e1mara \u201cPor la cual se adiciona y efect\u00faan unas modificaciones al Presupuesto General de la Naci\u00f3n de la vigencia fiscal 2023\u201d, fue aprobado por la suma de 16.9 billones de pesos, la semana pasada al interior de las Comisiones Econ\u00f3micas Terceras y Cuartas. Este monto se adiciona al Presupuesto General de la Naci\u00f3n que fue aprobado el a\u00f1o pasado por 405.6 billones de pesos.<\/p>\n\n\n\n<p>Con lo aprobado la adici\u00f3n presupuestal qued\u00f3, por sectores con los siguientes montos: Educaci\u00f3n, con 2,2 billones de pesos; Salud y Protecci\u00f3n Social, con 2,02 billones de pesos; 1,82 billones de pesos al Ministerio de Hacienda; 1,50 billones de pesos al sector de Vivienda, Ciudad y Territorio; Transporte con 1,44 billones de pesos; Minas y Energ\u00eda con 1,40 billones de pesos y Agricultura y Desarrollo Rural con 1,31 billones de pesos. El sector Defensa y Polic\u00eda Nacional contar\u00e1n con 940.000 millones de pesos adicionales, &nbsp;el sector Trabajo con 928.000 millones de pesos y la Inclusi\u00f3n Social 624.000 millones de pesos adicionales.<\/p>\n\n\n\n<p>El proyecto tuvo dos ponencias. En la mayoritaria la senadora&nbsp;<strong>Laura Fortich S\u00e1nchez, Partido Liberal,<\/strong>&nbsp;manifest\u00f3 que este proyecto cumple con la regla fiscal, adem\u00e1s que el monto inicial de la adici\u00f3n hab\u00eda sido de 23 billones, pero se ajust\u00f3 a los 16.9 billones de pesos. \u201cEl prop\u00f3sito es apoyar el crecimiento econ\u00f3mico del pa\u00eds, para que baje la inflaci\u00f3n\u201d, resalt\u00f3 la senadora.<\/p>\n\n\n\n<p>El senador del&nbsp;<strong>Centro Democr\u00e1tico, Miguel Uribe Turbay<\/strong>, quien present\u00f3 una ponencia alternativa, expres\u00f3 que \u201clos colombianos fueron enga\u00f1ados por el gobierno porque cuando se aprob\u00f3 la reforma tributaria se dijo que el pa\u00eds estaba endeudado, pero al mismo tiempo nos dijeron que se deb\u00eda hacer una gran inversi\u00f3n social, pero con el tiempo se present\u00f3 una billonaria adici\u00f3n\u201d.&nbsp; Uribe Turbay cuestion\u00f3 que la adici\u00f3n presupuestal en un 44% es para funcionamiento y burocracia.<\/p>\n\n\n\n<p>El senador ponente,&nbsp;<strong>John Jairo Rold\u00e1n Avenda\u00f1o, Partido Liberal<\/strong>, se\u00f1al\u00f3 ante la plenaria que las modificaciones a esa adici\u00f3n presupuestal deb\u00edan contar con el respaldo del gobierno, motivo por el que no se pudo atender, reformas que llegaron posterior al primer debate. \u201cEstos son recursos que se deben gastar al 31 de diciembre y el senado deber\u00e1 hacer ese control del gasto\u201d, sostuvo Rold\u00e1n Avenda\u00f1o.<\/p>\n\n\n\n<p>El senador y presidente del&nbsp;<strong>Partido Conservador, Efra\u00edn Cepeda Sarabia<\/strong>, asever\u00f3 que \u201cel congreso debe ser veedor de la ejecuci\u00f3n presupuestal, estamos del lado de la adici\u00f3n, pero la ejecuci\u00f3n por parte del gobierno y las entidades es fundamental\u201d.<\/p>\n\n\n\n<p>La senadora de la&nbsp;<strong>Coalici\u00f3n<\/strong>&nbsp;<strong>Pacto Hist\u00f3rico y presidente de la Comisi\u00f3n Tercera, Clara L\u00f3pez<\/strong>&nbsp;<strong>Obreg\u00f3n<\/strong>, se\u00f1al\u00f3 que se abstuvo de firmar la ponencia de la adici\u00f3n en rechazo a que a la Dian (Direcci\u00f3n de Impuestos y Aduanas Nacionales) se le recort\u00f3 la adici\u00f3n de 300 millones previstos para fortalecer a UNGRD, (<em>Unidad Nacional para la Gesti\u00f3n del Riesgo de Desastres<\/em>) pero aclar\u00f3 que si vot\u00f3 el proyecto.<\/p>\n\n\n\n<p>La plenaria en segundo lugar aprob\u00f3 el proyecto de Ley Org\u00e1nica No. 330 de 2023 Senado &#8211; 416 de 2023 C\u00e1mara: \u201cPor la cual se adiciona un art\u00edculo a la Ley 2200 de 2022, estableciendo las reglas para determinar el n\u00famero de Diputados en las Asambleas Departamentales\u201d, que tuvo como ponentes a los senadores&nbsp;<strong>Germ\u00e1n Alcides Blanco \u00c1lvarez, Partido Conservador y Alejandro Vega P\u00e9rez, Partido Liberal.<\/strong><\/p>\n\n\n\n<p>En tal sentido el senador liberal Alejandro Vega, manifest\u00f3 que esta ley lo que busca es subsanar una vaci\u00f3 que qued\u00f3 en la ley org\u00e1nica departamental 2200 aprobada el a\u00f1o pasado, que derog\u00f3 de forma equivocada, la norma que estipula el n\u00famero de diputados en cada departamento. La iniciativa fue aprobada pasadas las cuatro de la ma\u00f1ana.<\/p>\n","protected":false},"excerpt":{"rendered":"<p>El senado de la Rep\u00fablica cerr\u00f3 las sesiones de su primera legislatura (2022-2023) con la aprobaci\u00f3n, en sesiones extraordinarias, de dos proyectos de ley de autor\u00eda del gobierno nacional, la adici\u00f3n al Prepuesto General de la Naci\u00f3n de 2023 y la ley que fija el n\u00famero de diputados de cada departamento. Ambos proyectos fueron discutidos [&hellip;]<\/p>\n","protected":false},"author":2,"featured_media":0,"comment_status":"open","ping_status":"open","sticky":false,"template":"","format":"standard","meta":{"footnotes":""},"categories":[36,617],"tags":[],"class_list":["post-55231","post","type-post","status-publish","format-standard","hentry","category-destacado","category-politica"],"yoast_head":"<!-- This site is optimized with the Yoast SEO plugin v26.6 - https:\/\/yoast.com\/wordpress\/plugins\/seo\/ -->\n<title>Plenaria de senado aprob\u00f3 leyes de adici\u00f3n presupuestal y n\u00famero de diputados -<\/title>\n<meta name=\"robots\" content=\"index, follow, max-snippet:-1, max-image-preview:large, max-video-preview:-1\" \/>\n<link rel=\"canonical\" href=\"https:\/\/luchonoticias.com\/editor\/plenaria-de-senado-aprobo-leyes-de-adicion-presupuestal-y-numero-de-diputados\/\" \/>\n<meta property=\"og:locale\" content=\"es_ES\" \/>\n<meta property=\"og:type\" content=\"article\" \/>\n<meta property=\"og:title\" content=\"Plenaria de senado aprob\u00f3 leyes de adici\u00f3n presupuestal y n\u00famero de diputados -\" \/>\n<meta property=\"og:url\" content=\"https:\/\/luchonoticias.com\/editor\/plenaria-de-senado-aprobo-leyes-de-adicion-presupuestal-y-numero-de-diputados\/\" \/>\n<meta property=\"article:publisher\" content=\"https:\/\/www.facebook.com\/luchonoticiasneiva\" \/>\n<meta property=\"article:published_time\" content=\"2023-06-23T18:57:53+00:00\" \/>\n<meta name=\"author\" content=\"Editor General\" \/>\n<meta name=\"twitter:card\" content=\"summary_large_image\" \/>\n<meta name=\"twitter:label1\" content=\"Escrito por\" \/>\n\t<meta name=\"twitter:data1\" content=\"Editor General\" \/>\n\t<meta name=\"twitter:label2\" content=\"Tiempo de lectura\" \/>\n\t<meta name=\"twitter:data2\" content=\"4 minutos\" \/>\n<script type=\"application\/ld+json\" class=\"yoast-schema-graph\">{\"@context\":\"https:\/\/schema.org\",\"@graph\":[{\"@type\":\"Article\",\"@id\":\"https:\/\/luchonoticias.com\/editor\/plenaria-de-senado-aprobo-leyes-de-adicion-presupuestal-y-numero-de-diputados\/#article\",\"isPartOf\":{\"@id\":\"https:\/\/luchonoticias.com\/editor\/plenaria-de-senado-aprobo-leyes-de-adicion-presupuestal-y-numero-de-diputados\/\"},\"author\":{\"name\":\"Editor General\",\"@id\":\"https:\/\/luchonoticias.com\/editor\/#\/schema\/person\/29217990ddf6f14e35912b2866d591fb\"},\"headline\":\"Plenaria de senado aprob\u00f3 leyes de adici\u00f3n presupuestal y n\u00famero de diputados\",\"datePublished\":\"2023-06-23T18:57:53+00:00\",\"mainEntityOfPage\":{\"@id\":\"https:\/\/luchonoticias.com\/editor\/plenaria-de-senado-aprobo-leyes-de-adicion-presupuestal-y-numero-de-diputados\/\"},\"wordCount\":743,\"commentCount\":0,\"publisher\":{\"@id\":\"https:\/\/luchonoticias.com\/editor\/#\/schema\/person\/7a7fd911f58561fd056dbac7b55af9cd\"},\"articleSection\":[\"Destacado\",\"Pol\u00edtica\"],\"inLanguage\":\"es\",\"potentialAction\":[{\"@type\":\"CommentAction\",\"name\":\"Comment\",\"target\":[\"https:\/\/luchonoticias.com\/editor\/plenaria-de-senado-aprobo-leyes-de-adicion-presupuestal-y-numero-de-diputados\/#respond\"]}]},{\"@type\":\"WebPage\",\"@id\":\"https:\/\/luchonoticias.com\/editor\/plenaria-de-senado-aprobo-leyes-de-adicion-presupuestal-y-numero-de-diputados\/\",\"url\":\"https:\/\/luchonoticias.com\/editor\/plenaria-de-senado-aprobo-leyes-de-adicion-presupuestal-y-numero-de-diputados\/\",\"name\":\"Plenaria de senado aprob\u00f3 leyes de adici\u00f3n presupuestal y n\u00famero de diputados -\",\"isPartOf\":{\"@id\":\"https:\/\/luchonoticias.com\/editor\/#website\"},\"datePublished\":\"2023-06-23T18:57:53+00:00\",\"breadcrumb\":{\"@id\":\"https:\/\/luchonoticias.com\/editor\/plenaria-de-senado-aprobo-leyes-de-adicion-presupuestal-y-numero-de-diputados\/#breadcrumb\"},\"inLanguage\":\"es\",\"potentialAction\":[{\"@type\":\"ReadAction\",\"target\":[\"https:\/\/luchonoticias.com\/editor\/plenaria-de-senado-aprobo-leyes-de-adicion-presupuestal-y-numero-de-diputados\/\"]}]},{\"@type\":\"BreadcrumbList\",\"@id\":\"https:\/\/luchonoticias.com\/editor\/plenaria-de-senado-aprobo-leyes-de-adicion-presupuestal-y-numero-de-diputados\/#breadcrumb\",\"itemListElement\":[{\"@type\":\"ListItem\",\"position\":1,\"name\":\"Portada\",\"item\":\"https:\/\/luchonoticias.com\/editor\/\"},{\"@type\":\"ListItem\",\"position\":2,\"name\":\"Plenaria de senado aprob\u00f3 leyes de adici\u00f3n presupuestal y n\u00famero de diputados\"}]},{\"@type\":\"WebSite\",\"@id\":\"https:\/\/luchonoticias.com\/editor\/#website\",\"url\":\"https:\/\/luchonoticias.com\/editor\/\",\"name\":\"\",\"description\":\"\",\"publisher\":{\"@id\":\"https:\/\/luchonoticias.com\/editor\/#\/schema\/person\/7a7fd911f58561fd056dbac7b55af9cd\"},\"potentialAction\":[{\"@type\":\"SearchAction\",\"target\":{\"@type\":\"EntryPoint\",\"urlTemplate\":\"https:\/\/luchonoticias.com\/editor\/?s={search_term_string}\"},\"query-input\":{\"@type\":\"PropertyValueSpecification\",\"valueRequired\":true,\"valueName\":\"search_term_string\"}}],\"inLanguage\":\"es\"},{\"@type\":[\"Person\",\"Organization\"],\"@id\":\"https:\/\/luchonoticias.com\/editor\/#\/schema\/person\/7a7fd911f58561fd056dbac7b55af9cd\",\"name\":\"admin\",\"image\":{\"@type\":\"ImageObject\",\"inLanguage\":\"es\",\"@id\":\"https:\/\/luchonoticias.com\/editor\/#\/schema\/person\/image\/\",\"url\":\"https:\/\/luchonoticias.com\/editor\/wp-content\/uploads\/2024\/02\/cropped-cropped-logolu.webp\",\"contentUrl\":\"https:\/\/luchonoticias.com\/editor\/wp-content\/uploads\/2024\/02\/cropped-cropped-logolu.webp\",\"width\":382,\"height\":170,\"caption\":\"admin\"},\"logo\":{\"@id\":\"https:\/\/luchonoticias.com\/editor\/#\/schema\/person\/image\/\"},\"sameAs\":[\"https:\/\/www.facebook.com\/luchonoticiasneiva\"]},{\"@type\":\"Person\",\"@id\":\"https:\/\/luchonoticias.com\/editor\/#\/schema\/person\/29217990ddf6f14e35912b2866d591fb\",\"name\":\"Editor General\",\"image\":{\"@type\":\"ImageObject\",\"inLanguage\":\"es\",\"@id\":\"https:\/\/luchonoticias.com\/editor\/#\/schema\/person\/image\/\",\"url\":\"https:\/\/luchonoticias.com\/editor\/wp-content\/uploads\/2024\/02\/cropped-cropped-logolu-150x150.webp\",\"contentUrl\":\"https:\/\/luchonoticias.com\/editor\/wp-content\/uploads\/2024\/02\/cropped-cropped-logolu-150x150.webp\",\"caption\":\"Editor General\"},\"sameAs\":[\"https:\/\/luchonoticias.com\/\"],\"url\":\"https:\/\/luchonoticias.com\/editor\/author\/editor-general\/\"}]}<\/script>\n<!-- \/ Yoast SEO plugin. -->","yoast_head_json":{"title":"Plenaria de senado aprob\u00f3 leyes de adici\u00f3n presupuestal y n\u00famero de diputados -","robots":{"index":"index","follow":"follow","max-snippet":"max-snippet:-1","max-image-preview":"max-image-preview:large","max-video-preview":"max-video-preview:-1"},"canonical":"https:\/\/luchonoticias.com\/editor\/plenaria-de-senado-aprobo-leyes-de-adicion-presupuestal-y-numero-de-diputados\/","og_locale":"es_ES","og_type":"article","og_title":"Plenaria de senado aprob\u00f3 leyes de adici\u00f3n presupuestal y n\u00famero de diputados -","og_url":"https:\/\/luchonoticias.com\/editor\/plenaria-de-senado-aprobo-leyes-de-adicion-presupuestal-y-numero-de-diputados\/","article_publisher":"https:\/\/www.facebook.com\/luchonoticiasneiva","article_published_time":"2023-06-23T18:57:53+00:00","author":"Editor General","twitter_card":"summary_large_image","twitter_misc":{"Escrito por":"Editor General","Tiempo de lectura":"4 minutos"},"schema":{"@context":"https:\/\/schema.org","@graph":[{"@type":"Article","@id":"https:\/\/luchonoticias.com\/editor\/plenaria-de-senado-aprobo-leyes-de-adicion-presupuestal-y-numero-de-diputados\/#article","isPartOf":{"@id":"https:\/\/luchonoticias.com\/editor\/plenaria-de-senado-aprobo-leyes-de-adicion-presupuestal-y-numero-de-diputados\/"},"author":{"name":"Editor General","@id":"https:\/\/luchonoticias.com\/editor\/#\/schema\/person\/29217990ddf6f14e35912b2866d591fb"},"headline":"Plenaria de senado aprob\u00f3 leyes de adici\u00f3n presupuestal y n\u00famero de diputados","datePublished":"2023-06-23T18:57:53+00:00","mainEntityOfPage":{"@id":"https:\/\/luchonoticias.com\/editor\/plenaria-de-senado-aprobo-leyes-de-adicion-presupuestal-y-numero-de-diputados\/"},"wordCount":743,"commentCount":0,"publisher":{"@id":"https:\/\/luchonoticias.com\/editor\/#\/schema\/person\/7a7fd911f58561fd056dbac7b55af9cd"},"articleSection":["Destacado","Pol\u00edtica"],"inLanguage":"es","potentialAction":[{"@type":"CommentAction","name":"Comment","target":["https:\/\/luchonoticias.com\/editor\/plenaria-de-senado-aprobo-leyes-de-adicion-presupuestal-y-numero-de-diputados\/#respond"]}]},{"@type":"WebPage","@id":"https:\/\/luchonoticias.com\/editor\/plenaria-de-senado-aprobo-leyes-de-adicion-presupuestal-y-numero-de-diputados\/","url":"https:\/\/luchonoticias.com\/editor\/plenaria-de-senado-aprobo-leyes-de-adicion-presupuestal-y-numero-de-diputados\/","name":"Plenaria de senado aprob\u00f3 leyes de adici\u00f3n presupuestal y n\u00famero de diputados -","isPartOf":{"@id":"https:\/\/luchonoticias.com\/editor\/#website"},"datePublished":"2023-06-23T18:57:53+00:00","breadcrumb":{"@id":"https:\/\/luchonoticias.com\/editor\/plenaria-de-senado-aprobo-leyes-de-adicion-presupuestal-y-numero-de-diputados\/#breadcrumb"},"inLanguage":"es","potentialAction":[{"@type":"ReadAction","target":["https:\/\/luchonoticias.com\/editor\/plenaria-de-senado-aprobo-leyes-de-adicion-presupuestal-y-numero-de-diputados\/"]}]},{"@type":"BreadcrumbList","@id":"https:\/\/luchonoticias.com\/editor\/plenaria-de-senado-aprobo-leyes-de-adicion-presupuestal-y-numero-de-diputados\/#breadcrumb","itemListElement":[{"@type":"ListItem","position":1,"name":"Portada","item":"https:\/\/luchonoticias.com\/editor\/"},{"@type":"ListItem","position":2,"name":"Plenaria de senado aprob\u00f3 leyes de adici\u00f3n presupuestal y n\u00famero de diputados"}]},{"@type":"WebSite","@id":"https:\/\/luchonoticias.com\/editor\/#website","url":"https:\/\/luchonoticias.com\/editor\/","name":"","description":"","publisher":{"@id":"https:\/\/luchonoticias.com\/editor\/#\/schema\/person\/7a7fd911f58561fd056dbac7b55af9cd"},"potentialAction":[{"@type":"SearchAction","target":{"@type":"EntryPoint","urlTemplate":"https:\/\/luchonoticias.com\/editor\/?s={search_term_string}"},"query-input":{"@type":"PropertyValueSpecification","valueRequired":true,"valueName":"search_term_string"}}],"inLanguage":"es"},{"@type":["Person","Organization"],"@id":"https:\/\/luchonoticias.com\/editor\/#\/schema\/person\/7a7fd911f58561fd056dbac7b55af9cd","name":"admin","image":{"@type":"ImageObject","inLanguage":"es","@id":"https:\/\/luchonoticias.com\/editor\/#\/schema\/person\/image\/","url":"https:\/\/luchonoticias.com\/editor\/wp-content\/uploads\/2024\/02\/cropped-cropped-logolu.webp","contentUrl":"https:\/\/luchonoticias.com\/editor\/wp-content\/uploads\/2024\/02\/cropped-cropped-logolu.webp","width":382,"height":170,"caption":"admin"},"logo":{"@id":"https:\/\/luchonoticias.com\/editor\/#\/schema\/person\/image\/"},"sameAs":["https:\/\/www.facebook.com\/luchonoticiasneiva"]},{"@type":"Person","@id":"https:\/\/luchonoticias.com\/editor\/#\/schema\/person\/29217990ddf6f14e35912b2866d591fb","name":"Editor General","image":{"@type":"ImageObject","inLanguage":"es","@id":"https:\/\/luchonoticias.com\/editor\/#\/schema\/person\/image\/","url":"https:\/\/luchonoticias.com\/editor\/wp-content\/uploads\/2024\/02\/cropped-cropped-logolu-150x150.webp","contentUrl":"https:\/\/luchonoticias.com\/editor\/wp-content\/uploads\/2024\/02\/cropped-cropped-logolu-150x150.webp","caption":"Editor General"},"sameAs":["https:\/\/luchonoticias.com\/"],"url":"https:\/\/luchonoticias.com\/editor\/author\/editor-general\/"}]}},"_links":{"self":[{"href":"https:\/\/luchonoticias.com\/editor\/wp-json\/wp\/v2\/posts\/55231","targetHints":{"allow":["GET"]}}],"collection":[{"href":"https:\/\/luchonoticias.com\/editor\/wp-json\/wp\/v2\/posts"}],"about":[{"href":"https:\/\/luchonoticias.com\/editor\/wp-json\/wp\/v2\/types\/post"}],"author":[{"embeddable":true,"href":"https:\/\/luchonoticias.com\/editor\/wp-json\/wp\/v2\/users\/2"}],"replies":[{"embeddable":true,"href":"https:\/\/luchonoticias.com\/editor\/wp-json\/wp\/v2\/comments?post=55231"}],"version-history":[{"count":0,"href":"https:\/\/luchonoticias.com\/editor\/wp-json\/wp\/v2\/posts\/55231\/revisions"}],"wp:attachment":[{"href":"https:\/\/luchonoticias.com\/editor\/wp-json\/wp\/v2\/media?parent=55231"}],"wp:term":[{"taxonomy":"category","embeddable":true,"href":"https:\/\/luchonoticias.com\/editor\/wp-json\/wp\/v2\/categories?post=55231"},{"taxonomy":"post_tag","embeddable":true,"href":"https:\/\/luchonoticias.com\/editor\/wp-json\/wp\/v2\/tags?post=55231"}],"curies":[{"name":"wp","href":"https:\/\/api.w.org\/{rel}","templated":true}]}}