{"id":55239,"date":"2023-06-24T04:35:25","date_gmt":"2023-06-24T09:35:25","guid":{"rendered":"https:\/\/luchonoticias.com\/?p=55239"},"modified":"2023-06-24T04:35:26","modified_gmt":"2023-06-24T09:35:26","slug":"fisciculturista-huilense-alista-nueva-competencia-en-europa","status":"publish","type":"post","link":"https:\/\/luchonoticias.com\/editor\/fisciculturista-huilense-alista-nueva-competencia-en-europa\/","title":{"rendered":"Fisciculturista huilense alista nueva competencia en Europa"},"content":{"rendered":"\n<p>El fisicoculturista huilense\u00a0<strong>Hugo Fragua<\/strong>\u00a0anunci\u00f3 mediante redes sociales lo que ser\u00e1 su\u00a0<strong>pr\u00f3xima competencia<\/strong>\u00a0en territorio europeo.<\/p>\n\n\n\n<p>Fragua estar\u00e1 compitiendo el<strong>\u00a08 de julio<\/strong>\u00a0en el evento\u00a0<strong>Mr Olympia Amateur en Estoril (Portugal)<\/strong>\u00a0en lo que ser\u00e1 su primera competencia europea fuera del territorio espa\u00f1ol.<\/p>\n\n\n\n<p>Desde que se encuentra en Espa\u00f1a el nativo de Guadalupe&nbsp;<strong>ha logrado una victoria y tres segundos lugares&nbsp;<\/strong>en eventos de fisicoculturismo en la Comunidad Valenciana, el m\u00e1s reciente: el Empro Classic.<\/p>\n\n\n\n<p>Sobre esta victoria Fragua manifest\u00f3 que: \u00ab<strong>este campeonato tiene un significado muy importante\u00a0<\/strong>para m\u00ed ya que\u00a0<strong>es el primero que gano fuera de Sudam\u00e9rica<\/strong>\u00a0donde he ganado en total 9 campeonatos incluidos 2 nacionales y sin contar unos cuantos mas regionales en mi pa\u00eds\u2026. Y la verdad desde 2020 que empec\u00e9 a venir a Espa\u00f1a\u00a0\u00a0me propuse como meta conquistar tarimas en Europa, donde sab\u00eda que no ser\u00eda f\u00e1cil y me pondr\u00eda en una zona completamente diferente a la que estaba acondicionado jugar como dir\u00edan los futbolistas, si les soy sincero\u00a0<strong>esta clase de retos son los que mantienen vivo mi esp\u00edritu competitivo<\/strong>\u00a0y mi deseos por estar siempre entre los mejores\u00bb.<\/p>\n","protected":false},"excerpt":{"rendered":"<p>El fisicoculturista huilense\u00a0Hugo Fragua\u00a0anunci\u00f3 mediante redes sociales lo que ser\u00e1 su\u00a0pr\u00f3xima competencia\u00a0en territorio europeo. Fragua estar\u00e1 compitiendo el\u00a08 de julio\u00a0en el evento\u00a0Mr Olympia Amateur en Estoril (Portugal)\u00a0en lo que ser\u00e1 su primera competencia europea fuera del territorio espa\u00f1ol. Desde que se encuentra en Espa\u00f1a el nativo de Guadalupe&nbsp;ha logrado una victoria y tres segundos lugares&nbsp;en [&hellip;]<\/p>\n","protected":false},"author":2,"featured_media":0,"comment_status":"open","ping_status":"open","sticky":false,"template":"","format":"standard","meta":{"footnotes":""},"categories":[34],"tags":[],"class_list":["post-55239","post","type-post","status-publish","format-standard","hentry","category-deportes"],"yoast_head":"<!-- This site is optimized with the Yoast SEO plugin v26.6 - https:\/\/yoast.com\/wordpress\/plugins\/seo\/ -->\n<title>Fisciculturista huilense alista nueva competencia en Europa -<\/title>\n<meta name=\"robots\" content=\"index, follow, max-snippet:-1, max-image-preview:large, max-video-preview:-1\" \/>\n<link rel=\"canonical\" href=\"https:\/\/luchonoticias.com\/editor\/fisciculturista-huilense-alista-nueva-competencia-en-europa\/\" \/>\n<meta property=\"og:locale\" content=\"es_ES\" \/>\n<meta property=\"og:type\" content=\"article\" \/>\n<meta property=\"og:title\" content=\"Fisciculturista huilense alista nueva competencia en Europa -\" \/>\n<meta property=\"og:url\" content=\"https:\/\/luchonoticias.com\/editor\/fisciculturista-huilense-alista-nueva-competencia-en-europa\/\" \/>\n<meta property=\"article:publisher\" content=\"https:\/\/www.facebook.com\/luchonoticiasneiva\" \/>\n<meta property=\"article:published_time\" content=\"2023-06-24T09:35:25+00:00\" \/>\n<meta property=\"article:modified_time\" content=\"2023-06-24T09:35:26+00:00\" \/>\n<meta name=\"author\" content=\"Editor General\" \/>\n<meta name=\"twitter:card\" content=\"summary_large_image\" \/>\n<meta name=\"twitter:label1\" content=\"Escrito por\" \/>\n\t<meta name=\"twitter:data1\" content=\"Editor General\" \/>\n\t<meta name=\"twitter:label2\" content=\"Tiempo de lectura\" \/>\n\t<meta name=\"twitter:data2\" content=\"1 minuto\" \/>\n<script type=\"application\/ld+json\" class=\"yoast-schema-graph\">{\"@context\":\"https:\/\/schema.org\",\"@graph\":[{\"@type\":\"Article\",\"@id\":\"https:\/\/luchonoticias.com\/editor\/fisciculturista-huilense-alista-nueva-competencia-en-europa\/#article\",\"isPartOf\":{\"@id\":\"https:\/\/luchonoticias.com\/editor\/fisciculturista-huilense-alista-nueva-competencia-en-europa\/\"},\"author\":{\"name\":\"Editor General\",\"@id\":\"https:\/\/luchonoticias.com\/editor\/#\/schema\/person\/29217990ddf6f14e35912b2866d591fb\"},\"headline\":\"Fisciculturista huilense alista nueva competencia en Europa\",\"datePublished\":\"2023-06-24T09:35:25+00:00\",\"dateModified\":\"2023-06-24T09:35:26+00:00\",\"mainEntityOfPage\":{\"@id\":\"https:\/\/luchonoticias.com\/editor\/fisciculturista-huilense-alista-nueva-competencia-en-europa\/\"},\"wordCount\":209,\"commentCount\":0,\"publisher\":{\"@id\":\"https:\/\/luchonoticias.com\/editor\/#\/schema\/person\/7a7fd911f58561fd056dbac7b55af9cd\"},\"articleSection\":[\"Deportes\"],\"inLanguage\":\"es\",\"potentialAction\":[{\"@type\":\"CommentAction\",\"name\":\"Comment\",\"target\":[\"https:\/\/luchonoticias.com\/editor\/fisciculturista-huilense-alista-nueva-competencia-en-europa\/#respond\"]}]},{\"@type\":\"WebPage\",\"@id\":\"https:\/\/luchonoticias.com\/editor\/fisciculturista-huilense-alista-nueva-competencia-en-europa\/\",\"url\":\"https:\/\/luchonoticias.com\/editor\/fisciculturista-huilense-alista-nueva-competencia-en-europa\/\",\"name\":\"Fisciculturista huilense alista nueva competencia en Europa -\",\"isPartOf\":{\"@id\":\"https:\/\/luchonoticias.com\/editor\/#website\"},\"datePublished\":\"2023-06-24T09:35:25+00:00\",\"dateModified\":\"2023-06-24T09:35:26+00:00\",\"breadcrumb\":{\"@id\":\"https:\/\/luchonoticias.com\/editor\/fisciculturista-huilense-alista-nueva-competencia-en-europa\/#breadcrumb\"},\"inLanguage\":\"es\",\"potentialAction\":[{\"@type\":\"ReadAction\",\"target\":[\"https:\/\/luchonoticias.com\/editor\/fisciculturista-huilense-alista-nueva-competencia-en-europa\/\"]}]},{\"@type\":\"BreadcrumbList\",\"@id\":\"https:\/\/luchonoticias.com\/editor\/fisciculturista-huilense-alista-nueva-competencia-en-europa\/#breadcrumb\",\"itemListElement\":[{\"@type\":\"ListItem\",\"position\":1,\"name\":\"Portada\",\"item\":\"https:\/\/luchonoticias.com\/editor\/\"},{\"@type\":\"ListItem\",\"position\":2,\"name\":\"Fisciculturista huilense alista nueva competencia en Europa\"}]},{\"@type\":\"WebSite\",\"@id\":\"https:\/\/luchonoticias.com\/editor\/#website\",\"url\":\"https:\/\/luchonoticias.com\/editor\/\",\"name\":\"\",\"description\":\"\",\"publisher\":{\"@id\":\"https:\/\/luchonoticias.com\/editor\/#\/schema\/person\/7a7fd911f58561fd056dbac7b55af9cd\"},\"potentialAction\":[{\"@type\":\"SearchAction\",\"target\":{\"@type\":\"EntryPoint\",\"urlTemplate\":\"https:\/\/luchonoticias.com\/editor\/?s={search_term_string}\"},\"query-input\":{\"@type\":\"PropertyValueSpecification\",\"valueRequired\":true,\"valueName\":\"search_term_string\"}}],\"inLanguage\":\"es\"},{\"@type\":[\"Person\",\"Organization\"],\"@id\":\"https:\/\/luchonoticias.com\/editor\/#\/schema\/person\/7a7fd911f58561fd056dbac7b55af9cd\",\"name\":\"admin\",\"image\":{\"@type\":\"ImageObject\",\"inLanguage\":\"es\",\"@id\":\"https:\/\/luchonoticias.com\/editor\/#\/schema\/person\/image\/\",\"url\":\"https:\/\/luchonoticias.com\/editor\/wp-content\/uploads\/2024\/02\/cropped-cropped-logolu.webp\",\"contentUrl\":\"https:\/\/luchonoticias.com\/editor\/wp-content\/uploads\/2024\/02\/cropped-cropped-logolu.webp\",\"width\":382,\"height\":170,\"caption\":\"admin\"},\"logo\":{\"@id\":\"https:\/\/luchonoticias.com\/editor\/#\/schema\/person\/image\/\"},\"sameAs\":[\"https:\/\/www.facebook.com\/luchonoticiasneiva\"]},{\"@type\":\"Person\",\"@id\":\"https:\/\/luchonoticias.com\/editor\/#\/schema\/person\/29217990ddf6f14e35912b2866d591fb\",\"name\":\"Editor General\",\"image\":{\"@type\":\"ImageObject\",\"inLanguage\":\"es\",\"@id\":\"https:\/\/luchonoticias.com\/editor\/#\/schema\/person\/image\/\",\"url\":\"https:\/\/luchonoticias.com\/editor\/wp-content\/uploads\/2024\/02\/cropped-cropped-logolu-150x150.webp\",\"contentUrl\":\"https:\/\/luchonoticias.com\/editor\/wp-content\/uploads\/2024\/02\/cropped-cropped-logolu-150x150.webp\",\"caption\":\"Editor General\"},\"sameAs\":[\"https:\/\/luchonoticias.com\/\"],\"url\":\"https:\/\/luchonoticias.com\/editor\/author\/editor-general\/\"}]}<\/script>\n<!-- \/ Yoast SEO plugin. -->","yoast_head_json":{"title":"Fisciculturista huilense alista nueva competencia en Europa -","robots":{"index":"index","follow":"follow","max-snippet":"max-snippet:-1","max-image-preview":"max-image-preview:large","max-video-preview":"max-video-preview:-1"},"canonical":"https:\/\/luchonoticias.com\/editor\/fisciculturista-huilense-alista-nueva-competencia-en-europa\/","og_locale":"es_ES","og_type":"article","og_title":"Fisciculturista huilense alista nueva competencia en Europa -","og_url":"https:\/\/luchonoticias.com\/editor\/fisciculturista-huilense-alista-nueva-competencia-en-europa\/","article_publisher":"https:\/\/www.facebook.com\/luchonoticiasneiva","article_published_time":"2023-06-24T09:35:25+00:00","article_modified_time":"2023-06-24T09:35:26+00:00","author":"Editor General","twitter_card":"summary_large_image","twitter_misc":{"Escrito por":"Editor General","Tiempo de lectura":"1 minuto"},"schema":{"@context":"https:\/\/schema.org","@graph":[{"@type":"Article","@id":"https:\/\/luchonoticias.com\/editor\/fisciculturista-huilense-alista-nueva-competencia-en-europa\/#article","isPartOf":{"@id":"https:\/\/luchonoticias.com\/editor\/fisciculturista-huilense-alista-nueva-competencia-en-europa\/"},"author":{"name":"Editor General","@id":"https:\/\/luchonoticias.com\/editor\/#\/schema\/person\/29217990ddf6f14e35912b2866d591fb"},"headline":"Fisciculturista huilense alista nueva competencia en Europa","datePublished":"2023-06-24T09:35:25+00:00","dateModified":"2023-06-24T09:35:26+00:00","mainEntityOfPage":{"@id":"https:\/\/luchonoticias.com\/editor\/fisciculturista-huilense-alista-nueva-competencia-en-europa\/"},"wordCount":209,"commentCount":0,"publisher":{"@id":"https:\/\/luchonoticias.com\/editor\/#\/schema\/person\/7a7fd911f58561fd056dbac7b55af9cd"},"articleSection":["Deportes"],"inLanguage":"es","potentialAction":[{"@type":"CommentAction","name":"Comment","target":["https:\/\/luchonoticias.com\/editor\/fisciculturista-huilense-alista-nueva-competencia-en-europa\/#respond"]}]},{"@type":"WebPage","@id":"https:\/\/luchonoticias.com\/editor\/fisciculturista-huilense-alista-nueva-competencia-en-europa\/","url":"https:\/\/luchonoticias.com\/editor\/fisciculturista-huilense-alista-nueva-competencia-en-europa\/","name":"Fisciculturista huilense alista nueva competencia en Europa -","isPartOf":{"@id":"https:\/\/luchonoticias.com\/editor\/#website"},"datePublished":"2023-06-24T09:35:25+00:00","dateModified":"2023-06-24T09:35:26+00:00","breadcrumb":{"@id":"https:\/\/luchonoticias.com\/editor\/fisciculturista-huilense-alista-nueva-competencia-en-europa\/#breadcrumb"},"inLanguage":"es","potentialAction":[{"@type":"ReadAction","target":["https:\/\/luchonoticias.com\/editor\/fisciculturista-huilense-alista-nueva-competencia-en-europa\/"]}]},{"@type":"BreadcrumbList","@id":"https:\/\/luchonoticias.com\/editor\/fisciculturista-huilense-alista-nueva-competencia-en-europa\/#breadcrumb","itemListElement":[{"@type":"ListItem","position":1,"name":"Portada","item":"https:\/\/luchonoticias.com\/editor\/"},{"@type":"ListItem","position":2,"name":"Fisciculturista huilense alista nueva competencia en Europa"}]},{"@type":"WebSite","@id":"https:\/\/luchonoticias.com\/editor\/#website","url":"https:\/\/luchonoticias.com\/editor\/","name":"","description":"","publisher":{"@id":"https:\/\/luchonoticias.com\/editor\/#\/schema\/person\/7a7fd911f58561fd056dbac7b55af9cd"},"potentialAction":[{"@type":"SearchAction","target":{"@type":"EntryPoint","urlTemplate":"https:\/\/luchonoticias.com\/editor\/?s={search_term_string}"},"query-input":{"@type":"PropertyValueSpecification","valueRequired":true,"valueName":"search_term_string"}}],"inLanguage":"es"},{"@type":["Person","Organization"],"@id":"https:\/\/luchonoticias.com\/editor\/#\/schema\/person\/7a7fd911f58561fd056dbac7b55af9cd","name":"admin","image":{"@type":"ImageObject","inLanguage":"es","@id":"https:\/\/luchonoticias.com\/editor\/#\/schema\/person\/image\/","url":"https:\/\/luchonoticias.com\/editor\/wp-content\/uploads\/2024\/02\/cropped-cropped-logolu.webp","contentUrl":"https:\/\/luchonoticias.com\/editor\/wp-content\/uploads\/2024\/02\/cropped-cropped-logolu.webp","width":382,"height":170,"caption":"admin"},"logo":{"@id":"https:\/\/luchonoticias.com\/editor\/#\/schema\/person\/image\/"},"sameAs":["https:\/\/www.facebook.com\/luchonoticiasneiva"]},{"@type":"Person","@id":"https:\/\/luchonoticias.com\/editor\/#\/schema\/person\/29217990ddf6f14e35912b2866d591fb","name":"Editor General","image":{"@type":"ImageObject","inLanguage":"es","@id":"https:\/\/luchonoticias.com\/editor\/#\/schema\/person\/image\/","url":"https:\/\/luchonoticias.com\/editor\/wp-content\/uploads\/2024\/02\/cropped-cropped-logolu-150x150.webp","contentUrl":"https:\/\/luchonoticias.com\/editor\/wp-content\/uploads\/2024\/02\/cropped-cropped-logolu-150x150.webp","caption":"Editor General"},"sameAs":["https:\/\/luchonoticias.com\/"],"url":"https:\/\/luchonoticias.com\/editor\/author\/editor-general\/"}]}},"_links":{"self":[{"href":"https:\/\/luchonoticias.com\/editor\/wp-json\/wp\/v2\/posts\/55239","targetHints":{"allow":["GET"]}}],"collection":[{"href":"https:\/\/luchonoticias.com\/editor\/wp-json\/wp\/v2\/posts"}],"about":[{"href":"https:\/\/luchonoticias.com\/editor\/wp-json\/wp\/v2\/types\/post"}],"author":[{"embeddable":true,"href":"https:\/\/luchonoticias.com\/editor\/wp-json\/wp\/v2\/users\/2"}],"replies":[{"embeddable":true,"href":"https:\/\/luchonoticias.com\/editor\/wp-json\/wp\/v2\/comments?post=55239"}],"version-history":[{"count":0,"href":"https:\/\/luchonoticias.com\/editor\/wp-json\/wp\/v2\/posts\/55239\/revisions"}],"wp:attachment":[{"href":"https:\/\/luchonoticias.com\/editor\/wp-json\/wp\/v2\/media?parent=55239"}],"wp:term":[{"taxonomy":"category","embeddable":true,"href":"https:\/\/luchonoticias.com\/editor\/wp-json\/wp\/v2\/categories?post=55239"},{"taxonomy":"post_tag","embeddable":true,"href":"https:\/\/luchonoticias.com\/editor\/wp-json\/wp\/v2\/tags?post=55239"}],"curies":[{"name":"wp","href":"https:\/\/api.w.org\/{rel}","templated":true}]}}