{"id":55571,"date":"2023-06-28T13:09:41","date_gmt":"2023-06-28T18:09:41","guid":{"rendered":"https:\/\/luchonoticias.com\/?p=55571"},"modified":"2023-06-28T13:09:42","modified_gmt":"2023-06-28T18:09:42","slug":"fiscalia-judicializo-a-seis-hombres-presuntamente-responsables-hurtos-en-neiva-y-garzon","status":"publish","type":"post","link":"https:\/\/luchonoticias.com\/editor\/fiscalia-judicializo-a-seis-hombres-presuntamente-responsables-hurtos-en-neiva-y-garzon\/","title":{"rendered":"Fiscal\u00eda judicializ\u00f3 a seis hombres, presuntamente responsables hurtos en Neiva y Garz\u00f3n"},"content":{"rendered":"\n<p>Un fiscal adscrito a la Seccional Huila obtuvo medida privativa de la libertad en centro carcelario contra tres hombres que har\u00edan parte de las organizaciones delincuenciales \u2018Los Cuatro Tiempos\u2019, \u2018La Sexta\u2019 y \u2018Los Libertadores\u2019. Otras tres personas fueron procesadas como posibles responsables de haber hurtado las pertenencias de dos enfermeras.<\/p>\n\n\n\n<p>El primero de los judicializados es Jos\u00e9 Juvenal Casta\u00f1eda Villegas, presunto integrante de \u2018Los Cuatro Tiempos\u2019; red a la que se le atribuyen m\u00faltiples hurtos de motocicletas cometidos en las comunas 2, 5, 7 y 10 de Neiva.<\/p>\n\n\n\n<p>Casta\u00f1eda Villegas, de 22 a\u00f1os, ser\u00eda responsable de tres hurtos cometidos en abril de 2022 en los barrios Villa Carolina y Los Pinos de la capital huilense. Por los mismos hechos fue acusado Diego Andr\u00e9s Mac\u00edas Canacue, de 23 a\u00f1os. Este \u00faltimo har\u00eda parte del grupo delincuencial \u2018La Sexta\u2019. Esta persona habr\u00eda participado en, al menos, seis hurtos ocurridos en el segundo semestre de 2022.<\/p>\n\n\n\n<p>Finalmente, fue procesado Juan David Cer\u00f3n Vargas, de 20 a\u00f1os, posiblemente implicado en dos hurtos ocurridos en julio y septiembre de 2022, cuando har\u00eda parte de la organizaci\u00f3n ilegal \u2018Los Libertadores\u2019 que delinque en las comunas 1, 2, 3, 9 y 10 de Neiva.<\/p>\n\n\n\n<p><strong>Judicializados por hurto a enfermeras<\/strong><\/p>\n\n\n\n<p>De otra parte, la Fiscal\u00eda judicializ\u00f3 a Jhon Edison Londo\u00f1o Casta\u00f1o y Alexander Velasco Chavarro, posiblemente implicado en el robo de las pertenencias de una enfermera, en hechos ocurridos el pasado 22 de junio cuando la mujer pretend\u00eda ingresar a su residencia en el barrio Las Palmas de Garz\u00f3n (Huila).<\/p>\n\n\n\n<p>Seg\u00fan la investigaci\u00f3n, los procesados agredieron a la mujer y le hurtaron una cadena de oro. Cometido el delito huyeron, pero fueron retenidos por la comunidad que los entreg\u00f3 a la Polic\u00eda Nacional.<\/p>\n\n\n\n<p>La Fiscal\u00eda imput\u00f3 a los hombres el delito de hurto calificado y agravado, y lesiones personales dolosas. Ninguno acept\u00f3 su responsabilidad en los cargos.<\/p>\n\n\n\n<p>En otro caso, la Fiscal\u00eda corri\u00f3 traslado del escrito de acusaci\u00f3n por el delito de hurto calificado y agravado contra Jos\u00e9 Ricardo Sandoval Ortiz, quien el pasado 23 de junio habr\u00eda intimidado con un arma blanca a una enfermera cuando ella transitaba por el barrio C\u00e1ndido de Neiva.<\/p>\n\n\n\n<p>La Fiscal\u00eda se determin\u00f3 que la mujer fue despojada de su bolso y su celular. Al emprender la huida Sandoval Ortiz choc\u00f3 contra un autom\u00f3vil y de inmediato fue retenido por personas que presenciaron el delito, luego lo entregaron a la Polic\u00eda.<\/p>\n","protected":false},"excerpt":{"rendered":"<p>Un fiscal adscrito a la Seccional Huila obtuvo medida privativa de la libertad en centro carcelario contra tres hombres que har\u00edan parte de las organizaciones delincuenciales \u2018Los Cuatro Tiempos\u2019, \u2018La Sexta\u2019 y \u2018Los Libertadores\u2019. Otras tres personas fueron procesadas como posibles responsables de haber hurtado las pertenencias de dos enfermeras. El primero de los judicializados [&hellip;]<\/p>\n","protected":false},"author":2,"featured_media":0,"comment_status":"open","ping_status":"open","sticky":false,"template":"","format":"standard","meta":{"footnotes":""},"categories":[36,29],"tags":[],"class_list":["post-55571","post","type-post","status-publish","format-standard","hentry","category-destacado","category-judicial"],"yoast_head":"<!-- This site is optimized with the Yoast SEO plugin v26.6 - https:\/\/yoast.com\/wordpress\/plugins\/seo\/ -->\n<title>Fiscal\u00eda judicializ\u00f3 a seis hombres, presuntamente responsables hurtos en Neiva y Garz\u00f3n -<\/title>\n<meta name=\"robots\" content=\"index, follow, max-snippet:-1, max-image-preview:large, max-video-preview:-1\" \/>\n<link rel=\"canonical\" href=\"https:\/\/luchonoticias.com\/editor\/fiscalia-judicializo-a-seis-hombres-presuntamente-responsables-hurtos-en-neiva-y-garzon\/\" \/>\n<meta property=\"og:locale\" content=\"es_ES\" \/>\n<meta property=\"og:type\" content=\"article\" \/>\n<meta property=\"og:title\" content=\"Fiscal\u00eda judicializ\u00f3 a seis hombres, presuntamente responsables hurtos en Neiva y Garz\u00f3n -\" \/>\n<meta property=\"og:url\" content=\"https:\/\/luchonoticias.com\/editor\/fiscalia-judicializo-a-seis-hombres-presuntamente-responsables-hurtos-en-neiva-y-garzon\/\" \/>\n<meta property=\"article:publisher\" content=\"https:\/\/www.facebook.com\/luchonoticiasneiva\" \/>\n<meta property=\"article:published_time\" content=\"2023-06-28T18:09:41+00:00\" \/>\n<meta property=\"article:modified_time\" content=\"2023-06-28T18:09:42+00:00\" \/>\n<meta name=\"author\" content=\"Editor General\" \/>\n<meta name=\"twitter:card\" content=\"summary_large_image\" \/>\n<meta name=\"twitter:label1\" content=\"Escrito por\" \/>\n\t<meta name=\"twitter:data1\" content=\"Editor General\" \/>\n\t<meta name=\"twitter:label2\" content=\"Tiempo de lectura\" \/>\n\t<meta name=\"twitter:data2\" content=\"2 minutos\" \/>\n<script type=\"application\/ld+json\" class=\"yoast-schema-graph\">{\"@context\":\"https:\/\/schema.org\",\"@graph\":[{\"@type\":\"Article\",\"@id\":\"https:\/\/luchonoticias.com\/editor\/fiscalia-judicializo-a-seis-hombres-presuntamente-responsables-hurtos-en-neiva-y-garzon\/#article\",\"isPartOf\":{\"@id\":\"https:\/\/luchonoticias.com\/editor\/fiscalia-judicializo-a-seis-hombres-presuntamente-responsables-hurtos-en-neiva-y-garzon\/\"},\"author\":{\"name\":\"Editor General\",\"@id\":\"https:\/\/luchonoticias.com\/editor\/#\/schema\/person\/29217990ddf6f14e35912b2866d591fb\"},\"headline\":\"Fiscal\u00eda judicializ\u00f3 a seis hombres, presuntamente responsables hurtos en Neiva y Garz\u00f3n\",\"datePublished\":\"2023-06-28T18:09:41+00:00\",\"dateModified\":\"2023-06-28T18:09:42+00:00\",\"mainEntityOfPage\":{\"@id\":\"https:\/\/luchonoticias.com\/editor\/fiscalia-judicializo-a-seis-hombres-presuntamente-responsables-hurtos-en-neiva-y-garzon\/\"},\"wordCount\":427,\"commentCount\":0,\"publisher\":{\"@id\":\"https:\/\/luchonoticias.com\/editor\/#\/schema\/person\/7a7fd911f58561fd056dbac7b55af9cd\"},\"articleSection\":[\"Destacado\",\"Judicial\"],\"inLanguage\":\"es\",\"potentialAction\":[{\"@type\":\"CommentAction\",\"name\":\"Comment\",\"target\":[\"https:\/\/luchonoticias.com\/editor\/fiscalia-judicializo-a-seis-hombres-presuntamente-responsables-hurtos-en-neiva-y-garzon\/#respond\"]}]},{\"@type\":\"WebPage\",\"@id\":\"https:\/\/luchonoticias.com\/editor\/fiscalia-judicializo-a-seis-hombres-presuntamente-responsables-hurtos-en-neiva-y-garzon\/\",\"url\":\"https:\/\/luchonoticias.com\/editor\/fiscalia-judicializo-a-seis-hombres-presuntamente-responsables-hurtos-en-neiva-y-garzon\/\",\"name\":\"Fiscal\u00eda judicializ\u00f3 a seis hombres, presuntamente responsables hurtos en Neiva y Garz\u00f3n -\",\"isPartOf\":{\"@id\":\"https:\/\/luchonoticias.com\/editor\/#website\"},\"datePublished\":\"2023-06-28T18:09:41+00:00\",\"dateModified\":\"2023-06-28T18:09:42+00:00\",\"breadcrumb\":{\"@id\":\"https:\/\/luchonoticias.com\/editor\/fiscalia-judicializo-a-seis-hombres-presuntamente-responsables-hurtos-en-neiva-y-garzon\/#breadcrumb\"},\"inLanguage\":\"es\",\"potentialAction\":[{\"@type\":\"ReadAction\",\"target\":[\"https:\/\/luchonoticias.com\/editor\/fiscalia-judicializo-a-seis-hombres-presuntamente-responsables-hurtos-en-neiva-y-garzon\/\"]}]},{\"@type\":\"BreadcrumbList\",\"@id\":\"https:\/\/luchonoticias.com\/editor\/fiscalia-judicializo-a-seis-hombres-presuntamente-responsables-hurtos-en-neiva-y-garzon\/#breadcrumb\",\"itemListElement\":[{\"@type\":\"ListItem\",\"position\":1,\"name\":\"Portada\",\"item\":\"https:\/\/luchonoticias.com\/editor\/\"},{\"@type\":\"ListItem\",\"position\":2,\"name\":\"Fiscal\u00eda judicializ\u00f3 a seis hombres, presuntamente responsables hurtos en Neiva y Garz\u00f3n\"}]},{\"@type\":\"WebSite\",\"@id\":\"https:\/\/luchonoticias.com\/editor\/#website\",\"url\":\"https:\/\/luchonoticias.com\/editor\/\",\"name\":\"\",\"description\":\"\",\"publisher\":{\"@id\":\"https:\/\/luchonoticias.com\/editor\/#\/schema\/person\/7a7fd911f58561fd056dbac7b55af9cd\"},\"potentialAction\":[{\"@type\":\"SearchAction\",\"target\":{\"@type\":\"EntryPoint\",\"urlTemplate\":\"https:\/\/luchonoticias.com\/editor\/?s={search_term_string}\"},\"query-input\":{\"@type\":\"PropertyValueSpecification\",\"valueRequired\":true,\"valueName\":\"search_term_string\"}}],\"inLanguage\":\"es\"},{\"@type\":[\"Person\",\"Organization\"],\"@id\":\"https:\/\/luchonoticias.com\/editor\/#\/schema\/person\/7a7fd911f58561fd056dbac7b55af9cd\",\"name\":\"admin\",\"image\":{\"@type\":\"ImageObject\",\"inLanguage\":\"es\",\"@id\":\"https:\/\/luchonoticias.com\/editor\/#\/schema\/person\/image\/\",\"url\":\"https:\/\/luchonoticias.com\/editor\/wp-content\/uploads\/2024\/02\/cropped-cropped-logolu.webp\",\"contentUrl\":\"https:\/\/luchonoticias.com\/editor\/wp-content\/uploads\/2024\/02\/cropped-cropped-logolu.webp\",\"width\":382,\"height\":170,\"caption\":\"admin\"},\"logo\":{\"@id\":\"https:\/\/luchonoticias.com\/editor\/#\/schema\/person\/image\/\"},\"sameAs\":[\"https:\/\/www.facebook.com\/luchonoticiasneiva\"]},{\"@type\":\"Person\",\"@id\":\"https:\/\/luchonoticias.com\/editor\/#\/schema\/person\/29217990ddf6f14e35912b2866d591fb\",\"name\":\"Editor General\",\"image\":{\"@type\":\"ImageObject\",\"inLanguage\":\"es\",\"@id\":\"https:\/\/luchonoticias.com\/editor\/#\/schema\/person\/image\/\",\"url\":\"https:\/\/luchonoticias.com\/editor\/wp-content\/uploads\/2024\/02\/cropped-cropped-logolu-150x150.webp\",\"contentUrl\":\"https:\/\/luchonoticias.com\/editor\/wp-content\/uploads\/2024\/02\/cropped-cropped-logolu-150x150.webp\",\"caption\":\"Editor General\"},\"sameAs\":[\"https:\/\/luchonoticias.com\/\"],\"url\":\"https:\/\/luchonoticias.com\/editor\/author\/editor-general\/\"}]}<\/script>\n<!-- \/ Yoast SEO plugin. -->","yoast_head_json":{"title":"Fiscal\u00eda judicializ\u00f3 a seis hombres, presuntamente responsables hurtos en Neiva y Garz\u00f3n -","robots":{"index":"index","follow":"follow","max-snippet":"max-snippet:-1","max-image-preview":"max-image-preview:large","max-video-preview":"max-video-preview:-1"},"canonical":"https:\/\/luchonoticias.com\/editor\/fiscalia-judicializo-a-seis-hombres-presuntamente-responsables-hurtos-en-neiva-y-garzon\/","og_locale":"es_ES","og_type":"article","og_title":"Fiscal\u00eda judicializ\u00f3 a seis hombres, presuntamente responsables hurtos en Neiva y Garz\u00f3n -","og_url":"https:\/\/luchonoticias.com\/editor\/fiscalia-judicializo-a-seis-hombres-presuntamente-responsables-hurtos-en-neiva-y-garzon\/","article_publisher":"https:\/\/www.facebook.com\/luchonoticiasneiva","article_published_time":"2023-06-28T18:09:41+00:00","article_modified_time":"2023-06-28T18:09:42+00:00","author":"Editor General","twitter_card":"summary_large_image","twitter_misc":{"Escrito por":"Editor General","Tiempo de lectura":"2 minutos"},"schema":{"@context":"https:\/\/schema.org","@graph":[{"@type":"Article","@id":"https:\/\/luchonoticias.com\/editor\/fiscalia-judicializo-a-seis-hombres-presuntamente-responsables-hurtos-en-neiva-y-garzon\/#article","isPartOf":{"@id":"https:\/\/luchonoticias.com\/editor\/fiscalia-judicializo-a-seis-hombres-presuntamente-responsables-hurtos-en-neiva-y-garzon\/"},"author":{"name":"Editor General","@id":"https:\/\/luchonoticias.com\/editor\/#\/schema\/person\/29217990ddf6f14e35912b2866d591fb"},"headline":"Fiscal\u00eda judicializ\u00f3 a seis hombres, presuntamente responsables hurtos en Neiva y Garz\u00f3n","datePublished":"2023-06-28T18:09:41+00:00","dateModified":"2023-06-28T18:09:42+00:00","mainEntityOfPage":{"@id":"https:\/\/luchonoticias.com\/editor\/fiscalia-judicializo-a-seis-hombres-presuntamente-responsables-hurtos-en-neiva-y-garzon\/"},"wordCount":427,"commentCount":0,"publisher":{"@id":"https:\/\/luchonoticias.com\/editor\/#\/schema\/person\/7a7fd911f58561fd056dbac7b55af9cd"},"articleSection":["Destacado","Judicial"],"inLanguage":"es","potentialAction":[{"@type":"CommentAction","name":"Comment","target":["https:\/\/luchonoticias.com\/editor\/fiscalia-judicializo-a-seis-hombres-presuntamente-responsables-hurtos-en-neiva-y-garzon\/#respond"]}]},{"@type":"WebPage","@id":"https:\/\/luchonoticias.com\/editor\/fiscalia-judicializo-a-seis-hombres-presuntamente-responsables-hurtos-en-neiva-y-garzon\/","url":"https:\/\/luchonoticias.com\/editor\/fiscalia-judicializo-a-seis-hombres-presuntamente-responsables-hurtos-en-neiva-y-garzon\/","name":"Fiscal\u00eda judicializ\u00f3 a seis hombres, presuntamente responsables hurtos en Neiva y Garz\u00f3n -","isPartOf":{"@id":"https:\/\/luchonoticias.com\/editor\/#website"},"datePublished":"2023-06-28T18:09:41+00:00","dateModified":"2023-06-28T18:09:42+00:00","breadcrumb":{"@id":"https:\/\/luchonoticias.com\/editor\/fiscalia-judicializo-a-seis-hombres-presuntamente-responsables-hurtos-en-neiva-y-garzon\/#breadcrumb"},"inLanguage":"es","potentialAction":[{"@type":"ReadAction","target":["https:\/\/luchonoticias.com\/editor\/fiscalia-judicializo-a-seis-hombres-presuntamente-responsables-hurtos-en-neiva-y-garzon\/"]}]},{"@type":"BreadcrumbList","@id":"https:\/\/luchonoticias.com\/editor\/fiscalia-judicializo-a-seis-hombres-presuntamente-responsables-hurtos-en-neiva-y-garzon\/#breadcrumb","itemListElement":[{"@type":"ListItem","position":1,"name":"Portada","item":"https:\/\/luchonoticias.com\/editor\/"},{"@type":"ListItem","position":2,"name":"Fiscal\u00eda judicializ\u00f3 a seis hombres, presuntamente responsables hurtos en Neiva y Garz\u00f3n"}]},{"@type":"WebSite","@id":"https:\/\/luchonoticias.com\/editor\/#website","url":"https:\/\/luchonoticias.com\/editor\/","name":"","description":"","publisher":{"@id":"https:\/\/luchonoticias.com\/editor\/#\/schema\/person\/7a7fd911f58561fd056dbac7b55af9cd"},"potentialAction":[{"@type":"SearchAction","target":{"@type":"EntryPoint","urlTemplate":"https:\/\/luchonoticias.com\/editor\/?s={search_term_string}"},"query-input":{"@type":"PropertyValueSpecification","valueRequired":true,"valueName":"search_term_string"}}],"inLanguage":"es"},{"@type":["Person","Organization"],"@id":"https:\/\/luchonoticias.com\/editor\/#\/schema\/person\/7a7fd911f58561fd056dbac7b55af9cd","name":"admin","image":{"@type":"ImageObject","inLanguage":"es","@id":"https:\/\/luchonoticias.com\/editor\/#\/schema\/person\/image\/","url":"https:\/\/luchonoticias.com\/editor\/wp-content\/uploads\/2024\/02\/cropped-cropped-logolu.webp","contentUrl":"https:\/\/luchonoticias.com\/editor\/wp-content\/uploads\/2024\/02\/cropped-cropped-logolu.webp","width":382,"height":170,"caption":"admin"},"logo":{"@id":"https:\/\/luchonoticias.com\/editor\/#\/schema\/person\/image\/"},"sameAs":["https:\/\/www.facebook.com\/luchonoticiasneiva"]},{"@type":"Person","@id":"https:\/\/luchonoticias.com\/editor\/#\/schema\/person\/29217990ddf6f14e35912b2866d591fb","name":"Editor General","image":{"@type":"ImageObject","inLanguage":"es","@id":"https:\/\/luchonoticias.com\/editor\/#\/schema\/person\/image\/","url":"https:\/\/luchonoticias.com\/editor\/wp-content\/uploads\/2024\/02\/cropped-cropped-logolu-150x150.webp","contentUrl":"https:\/\/luchonoticias.com\/editor\/wp-content\/uploads\/2024\/02\/cropped-cropped-logolu-150x150.webp","caption":"Editor General"},"sameAs":["https:\/\/luchonoticias.com\/"],"url":"https:\/\/luchonoticias.com\/editor\/author\/editor-general\/"}]}},"_links":{"self":[{"href":"https:\/\/luchonoticias.com\/editor\/wp-json\/wp\/v2\/posts\/55571","targetHints":{"allow":["GET"]}}],"collection":[{"href":"https:\/\/luchonoticias.com\/editor\/wp-json\/wp\/v2\/posts"}],"about":[{"href":"https:\/\/luchonoticias.com\/editor\/wp-json\/wp\/v2\/types\/post"}],"author":[{"embeddable":true,"href":"https:\/\/luchonoticias.com\/editor\/wp-json\/wp\/v2\/users\/2"}],"replies":[{"embeddable":true,"href":"https:\/\/luchonoticias.com\/editor\/wp-json\/wp\/v2\/comments?post=55571"}],"version-history":[{"count":0,"href":"https:\/\/luchonoticias.com\/editor\/wp-json\/wp\/v2\/posts\/55571\/revisions"}],"wp:attachment":[{"href":"https:\/\/luchonoticias.com\/editor\/wp-json\/wp\/v2\/media?parent=55571"}],"wp:term":[{"taxonomy":"category","embeddable":true,"href":"https:\/\/luchonoticias.com\/editor\/wp-json\/wp\/v2\/categories?post=55571"},{"taxonomy":"post_tag","embeddable":true,"href":"https:\/\/luchonoticias.com\/editor\/wp-json\/wp\/v2\/tags?post=55571"}],"curies":[{"name":"wp","href":"https:\/\/api.w.org\/{rel}","templated":true}]}}