{"id":55597,"date":"2023-06-28T18:54:49","date_gmt":"2023-06-28T23:54:49","guid":{"rendered":"https:\/\/luchonoticias.com\/?p=55597"},"modified":"2023-06-28T18:54:50","modified_gmt":"2023-06-28T23:54:50","slug":"gobernacion-aclara-que-no-tiene-suspendido-el-pae","status":"publish","type":"post","link":"https:\/\/luchonoticias.com\/editor\/gobernacion-aclara-que-no-tiene-suspendido-el-pae\/","title":{"rendered":"Gobernaci\u00f3n aclara que no tiene suspendido el PAE"},"content":{"rendered":"\n<p>Ante reciente comunicado de prensa 101, de la Contralor\u00eda General de la Rep\u00fablica, donde se especifica que una de las Entidades Territoriales Certificadas ETC con suspensi\u00f3n del servicio de Alimentaci\u00f3n Escolar PAE, es el Huila, es necesario aclarar que no corresponde a la realidad del Programa de Alimentaci\u00f3n Escolar del Departamento.<\/p>\n\n\n\n<p>El PAE \u2013 Huila que administra la Gobernaci\u00f3n, est\u00e1 funcionando con total normalidad en los 35 municipios no certificados en educaci\u00f3n que atiende el gobierno departamental.<\/p>\n\n\n\n<p>El documento en menci\u00f3n, hace referencia al Huila por cuenta de la suspensi\u00f3n de la ETC (Entidad Territorial Certificada) de Pitalito, en cuanto al PAE Mayoritario \u2013 Ind\u00edgena, toda vez que, en el mismo, se menciona que \u201csuspendi\u00f3 la operaci\u00f3n del programa desde el 15 de junio, por lo cual m\u00e1s de 11.000 estudiantes dejaron de recibir el PAE\u201d.<\/p>\n\n\n\n<p>Cabe aclarar, que la ETC Pitalito, no est\u00e1 a cargo del gobierno departamental porque es un Municipio que hace varios a\u00f1os se acogi\u00f3 a la Ley 715 de 2001, por la cual se dictan normas org\u00e1nicas en materia de recursos y competencias en la prestaci\u00f3n de los servicios de educaci\u00f3n y salud, entre otros.<\/p>\n\n\n\n<p>Nuestros recursos, los del PAE-Huila a cargo del Gobierno Departamental, contratados desde noviembre de 2022, por cerca de $80.000 millones, alcanzan hasta el 15 de agosto del presente a\u00f1o.<\/p>\n\n\n\n<p>No obstante, desde hace varias semanas venimos gestionando ante el Ministerio de Educaci\u00f3n y ante la UAPA (Unidad de Alimentos para Aprender), el faltante de un poco m\u00e1s de $49.000 millones para garantizarle a los cerca de 122.000 ni\u00f1os, ni\u00f1as y adolescentes, de los 35 municipios referidos, este importante programa de retenci\u00f3n estudiantil hasta el 24 de noviembre fecha de finalizaci\u00f3n del calendario escolar vigente.<\/p>\n\n\n\n<p>Gracias a estas gestiones, este martes 04 de julio, el subdirector de la UAPA, Juan David V\u00e9lez Bol\u00edvar, visitar\u00e1 de nuevo al Huila para finiquitar el monto de recursos a adicionar para este importante programa que ha dejado al Departamento, en el Gobierno Huila Crece, como modelo nacional en varios aspectos.<\/p>\n","protected":false},"excerpt":{"rendered":"<p>Ante reciente comunicado de prensa 101, de la Contralor\u00eda General de la Rep\u00fablica, donde se especifica que una de las Entidades Territoriales Certificadas ETC con suspensi\u00f3n del servicio de Alimentaci\u00f3n Escolar PAE, es el Huila, es necesario aclarar que no corresponde a la realidad del Programa de Alimentaci\u00f3n Escolar del Departamento. El PAE \u2013 Huila [&hellip;]<\/p>\n","protected":false},"author":2,"featured_media":0,"comment_status":"open","ping_status":"open","sticky":false,"template":"","format":"standard","meta":{"footnotes":""},"categories":[33],"tags":[],"class_list":["post-55597","post","type-post","status-publish","format-standard","hentry","category-huila"],"yoast_head":"<!-- This site is optimized with the Yoast SEO plugin v26.6 - https:\/\/yoast.com\/wordpress\/plugins\/seo\/ -->\n<title>Gobernaci\u00f3n aclara que no tiene suspendido el PAE -<\/title>\n<meta name=\"robots\" content=\"index, follow, max-snippet:-1, max-image-preview:large, max-video-preview:-1\" \/>\n<link rel=\"canonical\" href=\"https:\/\/luchonoticias.com\/editor\/gobernacion-aclara-que-no-tiene-suspendido-el-pae\/\" \/>\n<meta property=\"og:locale\" content=\"es_ES\" \/>\n<meta property=\"og:type\" content=\"article\" \/>\n<meta property=\"og:title\" content=\"Gobernaci\u00f3n aclara que no tiene suspendido el PAE -\" \/>\n<meta property=\"og:url\" content=\"https:\/\/luchonoticias.com\/editor\/gobernacion-aclara-que-no-tiene-suspendido-el-pae\/\" \/>\n<meta property=\"article:publisher\" content=\"https:\/\/www.facebook.com\/luchonoticiasneiva\" \/>\n<meta property=\"article:published_time\" content=\"2023-06-28T23:54:49+00:00\" \/>\n<meta property=\"article:modified_time\" content=\"2023-06-28T23:54:50+00:00\" \/>\n<meta name=\"author\" content=\"Editor General\" \/>\n<meta name=\"twitter:card\" content=\"summary_large_image\" \/>\n<meta name=\"twitter:label1\" content=\"Escrito por\" \/>\n\t<meta name=\"twitter:data1\" content=\"Editor General\" \/>\n\t<meta name=\"twitter:label2\" content=\"Tiempo de lectura\" \/>\n\t<meta name=\"twitter:data2\" content=\"2 minutos\" \/>\n<script type=\"application\/ld+json\" class=\"yoast-schema-graph\">{\"@context\":\"https:\/\/schema.org\",\"@graph\":[{\"@type\":\"Article\",\"@id\":\"https:\/\/luchonoticias.com\/editor\/gobernacion-aclara-que-no-tiene-suspendido-el-pae\/#article\",\"isPartOf\":{\"@id\":\"https:\/\/luchonoticias.com\/editor\/gobernacion-aclara-que-no-tiene-suspendido-el-pae\/\"},\"author\":{\"name\":\"Editor General\",\"@id\":\"https:\/\/luchonoticias.com\/editor\/#\/schema\/person\/29217990ddf6f14e35912b2866d591fb\"},\"headline\":\"Gobernaci\u00f3n aclara que no tiene suspendido el PAE\",\"datePublished\":\"2023-06-28T23:54:49+00:00\",\"dateModified\":\"2023-06-28T23:54:50+00:00\",\"mainEntityOfPage\":{\"@id\":\"https:\/\/luchonoticias.com\/editor\/gobernacion-aclara-que-no-tiene-suspendido-el-pae\/\"},\"wordCount\":353,\"commentCount\":0,\"publisher\":{\"@id\":\"https:\/\/luchonoticias.com\/editor\/#\/schema\/person\/7a7fd911f58561fd056dbac7b55af9cd\"},\"articleSection\":[\"Huila\"],\"inLanguage\":\"es\",\"potentialAction\":[{\"@type\":\"CommentAction\",\"name\":\"Comment\",\"target\":[\"https:\/\/luchonoticias.com\/editor\/gobernacion-aclara-que-no-tiene-suspendido-el-pae\/#respond\"]}]},{\"@type\":\"WebPage\",\"@id\":\"https:\/\/luchonoticias.com\/editor\/gobernacion-aclara-que-no-tiene-suspendido-el-pae\/\",\"url\":\"https:\/\/luchonoticias.com\/editor\/gobernacion-aclara-que-no-tiene-suspendido-el-pae\/\",\"name\":\"Gobernaci\u00f3n aclara que no tiene suspendido el PAE -\",\"isPartOf\":{\"@id\":\"https:\/\/luchonoticias.com\/editor\/#website\"},\"datePublished\":\"2023-06-28T23:54:49+00:00\",\"dateModified\":\"2023-06-28T23:54:50+00:00\",\"breadcrumb\":{\"@id\":\"https:\/\/luchonoticias.com\/editor\/gobernacion-aclara-que-no-tiene-suspendido-el-pae\/#breadcrumb\"},\"inLanguage\":\"es\",\"potentialAction\":[{\"@type\":\"ReadAction\",\"target\":[\"https:\/\/luchonoticias.com\/editor\/gobernacion-aclara-que-no-tiene-suspendido-el-pae\/\"]}]},{\"@type\":\"BreadcrumbList\",\"@id\":\"https:\/\/luchonoticias.com\/editor\/gobernacion-aclara-que-no-tiene-suspendido-el-pae\/#breadcrumb\",\"itemListElement\":[{\"@type\":\"ListItem\",\"position\":1,\"name\":\"Portada\",\"item\":\"https:\/\/luchonoticias.com\/editor\/\"},{\"@type\":\"ListItem\",\"position\":2,\"name\":\"Gobernaci\u00f3n aclara que no tiene suspendido el PAE\"}]},{\"@type\":\"WebSite\",\"@id\":\"https:\/\/luchonoticias.com\/editor\/#website\",\"url\":\"https:\/\/luchonoticias.com\/editor\/\",\"name\":\"\",\"description\":\"\",\"publisher\":{\"@id\":\"https:\/\/luchonoticias.com\/editor\/#\/schema\/person\/7a7fd911f58561fd056dbac7b55af9cd\"},\"potentialAction\":[{\"@type\":\"SearchAction\",\"target\":{\"@type\":\"EntryPoint\",\"urlTemplate\":\"https:\/\/luchonoticias.com\/editor\/?s={search_term_string}\"},\"query-input\":{\"@type\":\"PropertyValueSpecification\",\"valueRequired\":true,\"valueName\":\"search_term_string\"}}],\"inLanguage\":\"es\"},{\"@type\":[\"Person\",\"Organization\"],\"@id\":\"https:\/\/luchonoticias.com\/editor\/#\/schema\/person\/7a7fd911f58561fd056dbac7b55af9cd\",\"name\":\"admin\",\"image\":{\"@type\":\"ImageObject\",\"inLanguage\":\"es\",\"@id\":\"https:\/\/luchonoticias.com\/editor\/#\/schema\/person\/image\/\",\"url\":\"https:\/\/luchonoticias.com\/editor\/wp-content\/uploads\/2024\/02\/cropped-cropped-logolu.webp\",\"contentUrl\":\"https:\/\/luchonoticias.com\/editor\/wp-content\/uploads\/2024\/02\/cropped-cropped-logolu.webp\",\"width\":382,\"height\":170,\"caption\":\"admin\"},\"logo\":{\"@id\":\"https:\/\/luchonoticias.com\/editor\/#\/schema\/person\/image\/\"},\"sameAs\":[\"https:\/\/www.facebook.com\/luchonoticiasneiva\"]},{\"@type\":\"Person\",\"@id\":\"https:\/\/luchonoticias.com\/editor\/#\/schema\/person\/29217990ddf6f14e35912b2866d591fb\",\"name\":\"Editor General\",\"image\":{\"@type\":\"ImageObject\",\"inLanguage\":\"es\",\"@id\":\"https:\/\/luchonoticias.com\/editor\/#\/schema\/person\/image\/\",\"url\":\"https:\/\/luchonoticias.com\/editor\/wp-content\/uploads\/2024\/02\/cropped-cropped-logolu-150x150.webp\",\"contentUrl\":\"https:\/\/luchonoticias.com\/editor\/wp-content\/uploads\/2024\/02\/cropped-cropped-logolu-150x150.webp\",\"caption\":\"Editor General\"},\"sameAs\":[\"https:\/\/luchonoticias.com\/\"],\"url\":\"https:\/\/luchonoticias.com\/editor\/author\/editor-general\/\"}]}<\/script>\n<!-- \/ Yoast SEO plugin. -->","yoast_head_json":{"title":"Gobernaci\u00f3n aclara que no tiene suspendido el PAE -","robots":{"index":"index","follow":"follow","max-snippet":"max-snippet:-1","max-image-preview":"max-image-preview:large","max-video-preview":"max-video-preview:-1"},"canonical":"https:\/\/luchonoticias.com\/editor\/gobernacion-aclara-que-no-tiene-suspendido-el-pae\/","og_locale":"es_ES","og_type":"article","og_title":"Gobernaci\u00f3n aclara que no tiene suspendido el PAE -","og_url":"https:\/\/luchonoticias.com\/editor\/gobernacion-aclara-que-no-tiene-suspendido-el-pae\/","article_publisher":"https:\/\/www.facebook.com\/luchonoticiasneiva","article_published_time":"2023-06-28T23:54:49+00:00","article_modified_time":"2023-06-28T23:54:50+00:00","author":"Editor General","twitter_card":"summary_large_image","twitter_misc":{"Escrito por":"Editor General","Tiempo de lectura":"2 minutos"},"schema":{"@context":"https:\/\/schema.org","@graph":[{"@type":"Article","@id":"https:\/\/luchonoticias.com\/editor\/gobernacion-aclara-que-no-tiene-suspendido-el-pae\/#article","isPartOf":{"@id":"https:\/\/luchonoticias.com\/editor\/gobernacion-aclara-que-no-tiene-suspendido-el-pae\/"},"author":{"name":"Editor General","@id":"https:\/\/luchonoticias.com\/editor\/#\/schema\/person\/29217990ddf6f14e35912b2866d591fb"},"headline":"Gobernaci\u00f3n aclara que no tiene suspendido el PAE","datePublished":"2023-06-28T23:54:49+00:00","dateModified":"2023-06-28T23:54:50+00:00","mainEntityOfPage":{"@id":"https:\/\/luchonoticias.com\/editor\/gobernacion-aclara-que-no-tiene-suspendido-el-pae\/"},"wordCount":353,"commentCount":0,"publisher":{"@id":"https:\/\/luchonoticias.com\/editor\/#\/schema\/person\/7a7fd911f58561fd056dbac7b55af9cd"},"articleSection":["Huila"],"inLanguage":"es","potentialAction":[{"@type":"CommentAction","name":"Comment","target":["https:\/\/luchonoticias.com\/editor\/gobernacion-aclara-que-no-tiene-suspendido-el-pae\/#respond"]}]},{"@type":"WebPage","@id":"https:\/\/luchonoticias.com\/editor\/gobernacion-aclara-que-no-tiene-suspendido-el-pae\/","url":"https:\/\/luchonoticias.com\/editor\/gobernacion-aclara-que-no-tiene-suspendido-el-pae\/","name":"Gobernaci\u00f3n aclara que no tiene suspendido el PAE -","isPartOf":{"@id":"https:\/\/luchonoticias.com\/editor\/#website"},"datePublished":"2023-06-28T23:54:49+00:00","dateModified":"2023-06-28T23:54:50+00:00","breadcrumb":{"@id":"https:\/\/luchonoticias.com\/editor\/gobernacion-aclara-que-no-tiene-suspendido-el-pae\/#breadcrumb"},"inLanguage":"es","potentialAction":[{"@type":"ReadAction","target":["https:\/\/luchonoticias.com\/editor\/gobernacion-aclara-que-no-tiene-suspendido-el-pae\/"]}]},{"@type":"BreadcrumbList","@id":"https:\/\/luchonoticias.com\/editor\/gobernacion-aclara-que-no-tiene-suspendido-el-pae\/#breadcrumb","itemListElement":[{"@type":"ListItem","position":1,"name":"Portada","item":"https:\/\/luchonoticias.com\/editor\/"},{"@type":"ListItem","position":2,"name":"Gobernaci\u00f3n aclara que no tiene suspendido el PAE"}]},{"@type":"WebSite","@id":"https:\/\/luchonoticias.com\/editor\/#website","url":"https:\/\/luchonoticias.com\/editor\/","name":"","description":"","publisher":{"@id":"https:\/\/luchonoticias.com\/editor\/#\/schema\/person\/7a7fd911f58561fd056dbac7b55af9cd"},"potentialAction":[{"@type":"SearchAction","target":{"@type":"EntryPoint","urlTemplate":"https:\/\/luchonoticias.com\/editor\/?s={search_term_string}"},"query-input":{"@type":"PropertyValueSpecification","valueRequired":true,"valueName":"search_term_string"}}],"inLanguage":"es"},{"@type":["Person","Organization"],"@id":"https:\/\/luchonoticias.com\/editor\/#\/schema\/person\/7a7fd911f58561fd056dbac7b55af9cd","name":"admin","image":{"@type":"ImageObject","inLanguage":"es","@id":"https:\/\/luchonoticias.com\/editor\/#\/schema\/person\/image\/","url":"https:\/\/luchonoticias.com\/editor\/wp-content\/uploads\/2024\/02\/cropped-cropped-logolu.webp","contentUrl":"https:\/\/luchonoticias.com\/editor\/wp-content\/uploads\/2024\/02\/cropped-cropped-logolu.webp","width":382,"height":170,"caption":"admin"},"logo":{"@id":"https:\/\/luchonoticias.com\/editor\/#\/schema\/person\/image\/"},"sameAs":["https:\/\/www.facebook.com\/luchonoticiasneiva"]},{"@type":"Person","@id":"https:\/\/luchonoticias.com\/editor\/#\/schema\/person\/29217990ddf6f14e35912b2866d591fb","name":"Editor General","image":{"@type":"ImageObject","inLanguage":"es","@id":"https:\/\/luchonoticias.com\/editor\/#\/schema\/person\/image\/","url":"https:\/\/luchonoticias.com\/editor\/wp-content\/uploads\/2024\/02\/cropped-cropped-logolu-150x150.webp","contentUrl":"https:\/\/luchonoticias.com\/editor\/wp-content\/uploads\/2024\/02\/cropped-cropped-logolu-150x150.webp","caption":"Editor General"},"sameAs":["https:\/\/luchonoticias.com\/"],"url":"https:\/\/luchonoticias.com\/editor\/author\/editor-general\/"}]}},"_links":{"self":[{"href":"https:\/\/luchonoticias.com\/editor\/wp-json\/wp\/v2\/posts\/55597","targetHints":{"allow":["GET"]}}],"collection":[{"href":"https:\/\/luchonoticias.com\/editor\/wp-json\/wp\/v2\/posts"}],"about":[{"href":"https:\/\/luchonoticias.com\/editor\/wp-json\/wp\/v2\/types\/post"}],"author":[{"embeddable":true,"href":"https:\/\/luchonoticias.com\/editor\/wp-json\/wp\/v2\/users\/2"}],"replies":[{"embeddable":true,"href":"https:\/\/luchonoticias.com\/editor\/wp-json\/wp\/v2\/comments?post=55597"}],"version-history":[{"count":0,"href":"https:\/\/luchonoticias.com\/editor\/wp-json\/wp\/v2\/posts\/55597\/revisions"}],"wp:attachment":[{"href":"https:\/\/luchonoticias.com\/editor\/wp-json\/wp\/v2\/media?parent=55597"}],"wp:term":[{"taxonomy":"category","embeddable":true,"href":"https:\/\/luchonoticias.com\/editor\/wp-json\/wp\/v2\/categories?post=55597"},{"taxonomy":"post_tag","embeddable":true,"href":"https:\/\/luchonoticias.com\/editor\/wp-json\/wp\/v2\/tags?post=55597"}],"curies":[{"name":"wp","href":"https:\/\/api.w.org\/{rel}","templated":true}]}}