{"id":55663,"date":"2023-06-30T07:13:59","date_gmt":"2023-06-30T12:13:59","guid":{"rendered":"https:\/\/luchonoticias.com\/?p=55663"},"modified":"2023-06-30T07:14:00","modified_gmt":"2023-06-30T12:14:00","slug":"capturada-por-presuntamente-golpear-brutalmente-a-su-hija-de-4-anos-en-pitalito-huila","status":"publish","type":"post","link":"https:\/\/luchonoticias.com\/editor\/capturada-por-presuntamente-golpear-brutalmente-a-su-hija-de-4-anos-en-pitalito-huila\/","title":{"rendered":"Capturada por presuntamente golpear brutalmente a su hija de 4 a\u00f1os en Pitalito, Huila"},"content":{"rendered":"\n<p>Una denuncia ciudadana que indicaba el maltrato del que era objeto una ni\u00f1a en el barrio Sim\u00f3n Bol\u00edvar del Valle de Laboyos, prendi\u00f3 las alarmas para que las autoridades adelantaran las respectivas investigaciones, y as\u00ed restablecer los derechos vulnerados de la menor v\u00edctima.&nbsp;&nbsp;<\/p>\n\n\n\n<p>Las labores investigativas adelantadas por el Grupo Polic\u00eda Judicial de Infancia y Adolescencia y el CTI, permitieron establecer el maltrato que recib\u00eda la menor de tan solo 4 a\u00f1os por parte de su progenitora. En el dictamen m\u00e9dico, los galenos establecieron que la ni\u00f1a presenta varias laceraciones (heridas antiguas y recientes) en la zona de la espalda, la cara y los pies. As\u00ed mismo, indicaron que la ni\u00f1a presenta fractura en el tabique, muy posiblemente por recibir un golpe con la mano empu\u00f1ada.&nbsp;<\/p>\n\n\n\n<p>Ante las evidencias recolectadas por los investigadores, el ente acusador logr\u00f3 solicitar la orden de captura contra la mam\u00e1 de la menor, por el delito de violencia intrafamiliar. Est\u00e1 se hizo efectiva en las \u00faltimas horas en la carrera 19 con calle 4 del barrio Sim\u00f3n Bol\u00edvar, siendo puesta a disposici\u00f3n de la Fiscal\u00eda 32, a esperas que se le defina su situaci\u00f3n judicial.<\/p>\n\n\n\n<p>La ni\u00f1a en este momento se encuentra al cuidado de una familiar cercana, de acuerdo a la determinaci\u00f3n y autorizaci\u00f3n de la Comisar\u00eda de Familia de Pitalito, indic\u00f3 el Teniente Coronel Ricardo Castro, comandante del distrito de Polic\u00eda n\u00famero 5.<\/p>\n","protected":false},"excerpt":{"rendered":"<p>Una denuncia ciudadana que indicaba el maltrato del que era objeto una ni\u00f1a en el barrio Sim\u00f3n Bol\u00edvar del Valle de Laboyos, prendi\u00f3 las alarmas para que las autoridades adelantaran las respectivas investigaciones, y as\u00ed restablecer los derechos vulnerados de la menor v\u00edctima.&nbsp;&nbsp; Las labores investigativas adelantadas por el Grupo Polic\u00eda Judicial de Infancia y [&hellip;]<\/p>\n","protected":false},"author":2,"featured_media":0,"comment_status":"open","ping_status":"open","sticky":false,"template":"","format":"standard","meta":{"footnotes":""},"categories":[36,29],"tags":[],"class_list":["post-55663","post","type-post","status-publish","format-standard","hentry","category-destacado","category-judicial"],"yoast_head":"<!-- This site is optimized with the Yoast SEO plugin v26.6 - https:\/\/yoast.com\/wordpress\/plugins\/seo\/ -->\n<title>Capturada por presuntamente golpear brutalmente a su hija de 4 a\u00f1os en Pitalito, Huila -<\/title>\n<meta name=\"robots\" content=\"index, follow, max-snippet:-1, max-image-preview:large, max-video-preview:-1\" \/>\n<link rel=\"canonical\" href=\"https:\/\/luchonoticias.com\/editor\/capturada-por-presuntamente-golpear-brutalmente-a-su-hija-de-4-anos-en-pitalito-huila\/\" \/>\n<meta property=\"og:locale\" content=\"es_ES\" \/>\n<meta property=\"og:type\" content=\"article\" \/>\n<meta property=\"og:title\" content=\"Capturada por presuntamente golpear brutalmente a su hija de 4 a\u00f1os en Pitalito, Huila -\" \/>\n<meta property=\"og:url\" content=\"https:\/\/luchonoticias.com\/editor\/capturada-por-presuntamente-golpear-brutalmente-a-su-hija-de-4-anos-en-pitalito-huila\/\" \/>\n<meta property=\"article:publisher\" content=\"https:\/\/www.facebook.com\/luchonoticiasneiva\" \/>\n<meta property=\"article:published_time\" content=\"2023-06-30T12:13:59+00:00\" \/>\n<meta property=\"article:modified_time\" content=\"2023-06-30T12:14:00+00:00\" \/>\n<meta name=\"author\" content=\"Editor General\" \/>\n<meta name=\"twitter:card\" content=\"summary_large_image\" \/>\n<meta name=\"twitter:label1\" content=\"Escrito por\" \/>\n\t<meta name=\"twitter:data1\" content=\"Editor General\" \/>\n\t<meta name=\"twitter:label2\" content=\"Tiempo de lectura\" \/>\n\t<meta name=\"twitter:data2\" content=\"1 minuto\" \/>\n<script type=\"application\/ld+json\" class=\"yoast-schema-graph\">{\"@context\":\"https:\/\/schema.org\",\"@graph\":[{\"@type\":\"Article\",\"@id\":\"https:\/\/luchonoticias.com\/editor\/capturada-por-presuntamente-golpear-brutalmente-a-su-hija-de-4-anos-en-pitalito-huila\/#article\",\"isPartOf\":{\"@id\":\"https:\/\/luchonoticias.com\/editor\/capturada-por-presuntamente-golpear-brutalmente-a-su-hija-de-4-anos-en-pitalito-huila\/\"},\"author\":{\"name\":\"Editor General\",\"@id\":\"https:\/\/luchonoticias.com\/editor\/#\/schema\/person\/29217990ddf6f14e35912b2866d591fb\"},\"headline\":\"Capturada por presuntamente golpear brutalmente a su hija de 4 a\u00f1os en Pitalito, Huila\",\"datePublished\":\"2023-06-30T12:13:59+00:00\",\"dateModified\":\"2023-06-30T12:14:00+00:00\",\"mainEntityOfPage\":{\"@id\":\"https:\/\/luchonoticias.com\/editor\/capturada-por-presuntamente-golpear-brutalmente-a-su-hija-de-4-anos-en-pitalito-huila\/\"},\"wordCount\":264,\"commentCount\":0,\"publisher\":{\"@id\":\"https:\/\/luchonoticias.com\/editor\/#\/schema\/person\/7a7fd911f58561fd056dbac7b55af9cd\"},\"articleSection\":[\"Destacado\",\"Judicial\"],\"inLanguage\":\"es\",\"potentialAction\":[{\"@type\":\"CommentAction\",\"name\":\"Comment\",\"target\":[\"https:\/\/luchonoticias.com\/editor\/capturada-por-presuntamente-golpear-brutalmente-a-su-hija-de-4-anos-en-pitalito-huila\/#respond\"]}]},{\"@type\":\"WebPage\",\"@id\":\"https:\/\/luchonoticias.com\/editor\/capturada-por-presuntamente-golpear-brutalmente-a-su-hija-de-4-anos-en-pitalito-huila\/\",\"url\":\"https:\/\/luchonoticias.com\/editor\/capturada-por-presuntamente-golpear-brutalmente-a-su-hija-de-4-anos-en-pitalito-huila\/\",\"name\":\"Capturada por presuntamente golpear brutalmente a su hija de 4 a\u00f1os en Pitalito, Huila -\",\"isPartOf\":{\"@id\":\"https:\/\/luchonoticias.com\/editor\/#website\"},\"datePublished\":\"2023-06-30T12:13:59+00:00\",\"dateModified\":\"2023-06-30T12:14:00+00:00\",\"breadcrumb\":{\"@id\":\"https:\/\/luchonoticias.com\/editor\/capturada-por-presuntamente-golpear-brutalmente-a-su-hija-de-4-anos-en-pitalito-huila\/#breadcrumb\"},\"inLanguage\":\"es\",\"potentialAction\":[{\"@type\":\"ReadAction\",\"target\":[\"https:\/\/luchonoticias.com\/editor\/capturada-por-presuntamente-golpear-brutalmente-a-su-hija-de-4-anos-en-pitalito-huila\/\"]}]},{\"@type\":\"BreadcrumbList\",\"@id\":\"https:\/\/luchonoticias.com\/editor\/capturada-por-presuntamente-golpear-brutalmente-a-su-hija-de-4-anos-en-pitalito-huila\/#breadcrumb\",\"itemListElement\":[{\"@type\":\"ListItem\",\"position\":1,\"name\":\"Portada\",\"item\":\"https:\/\/luchonoticias.com\/editor\/\"},{\"@type\":\"ListItem\",\"position\":2,\"name\":\"Capturada por presuntamente golpear brutalmente a su hija de 4 a\u00f1os en Pitalito, Huila\"}]},{\"@type\":\"WebSite\",\"@id\":\"https:\/\/luchonoticias.com\/editor\/#website\",\"url\":\"https:\/\/luchonoticias.com\/editor\/\",\"name\":\"\",\"description\":\"\",\"publisher\":{\"@id\":\"https:\/\/luchonoticias.com\/editor\/#\/schema\/person\/7a7fd911f58561fd056dbac7b55af9cd\"},\"potentialAction\":[{\"@type\":\"SearchAction\",\"target\":{\"@type\":\"EntryPoint\",\"urlTemplate\":\"https:\/\/luchonoticias.com\/editor\/?s={search_term_string}\"},\"query-input\":{\"@type\":\"PropertyValueSpecification\",\"valueRequired\":true,\"valueName\":\"search_term_string\"}}],\"inLanguage\":\"es\"},{\"@type\":[\"Person\",\"Organization\"],\"@id\":\"https:\/\/luchonoticias.com\/editor\/#\/schema\/person\/7a7fd911f58561fd056dbac7b55af9cd\",\"name\":\"admin\",\"image\":{\"@type\":\"ImageObject\",\"inLanguage\":\"es\",\"@id\":\"https:\/\/luchonoticias.com\/editor\/#\/schema\/person\/image\/\",\"url\":\"https:\/\/luchonoticias.com\/editor\/wp-content\/uploads\/2024\/02\/cropped-cropped-logolu.webp\",\"contentUrl\":\"https:\/\/luchonoticias.com\/editor\/wp-content\/uploads\/2024\/02\/cropped-cropped-logolu.webp\",\"width\":382,\"height\":170,\"caption\":\"admin\"},\"logo\":{\"@id\":\"https:\/\/luchonoticias.com\/editor\/#\/schema\/person\/image\/\"},\"sameAs\":[\"https:\/\/www.facebook.com\/luchonoticiasneiva\"]},{\"@type\":\"Person\",\"@id\":\"https:\/\/luchonoticias.com\/editor\/#\/schema\/person\/29217990ddf6f14e35912b2866d591fb\",\"name\":\"Editor General\",\"image\":{\"@type\":\"ImageObject\",\"inLanguage\":\"es\",\"@id\":\"https:\/\/luchonoticias.com\/editor\/#\/schema\/person\/image\/\",\"url\":\"https:\/\/luchonoticias.com\/editor\/wp-content\/uploads\/2024\/02\/cropped-cropped-logolu-150x150.webp\",\"contentUrl\":\"https:\/\/luchonoticias.com\/editor\/wp-content\/uploads\/2024\/02\/cropped-cropped-logolu-150x150.webp\",\"caption\":\"Editor General\"},\"sameAs\":[\"https:\/\/luchonoticias.com\/\"],\"url\":\"https:\/\/luchonoticias.com\/editor\/author\/editor-general\/\"}]}<\/script>\n<!-- \/ Yoast SEO plugin. -->","yoast_head_json":{"title":"Capturada por presuntamente golpear brutalmente a su hija de 4 a\u00f1os en Pitalito, Huila -","robots":{"index":"index","follow":"follow","max-snippet":"max-snippet:-1","max-image-preview":"max-image-preview:large","max-video-preview":"max-video-preview:-1"},"canonical":"https:\/\/luchonoticias.com\/editor\/capturada-por-presuntamente-golpear-brutalmente-a-su-hija-de-4-anos-en-pitalito-huila\/","og_locale":"es_ES","og_type":"article","og_title":"Capturada por presuntamente golpear brutalmente a su hija de 4 a\u00f1os en Pitalito, Huila -","og_url":"https:\/\/luchonoticias.com\/editor\/capturada-por-presuntamente-golpear-brutalmente-a-su-hija-de-4-anos-en-pitalito-huila\/","article_publisher":"https:\/\/www.facebook.com\/luchonoticiasneiva","article_published_time":"2023-06-30T12:13:59+00:00","article_modified_time":"2023-06-30T12:14:00+00:00","author":"Editor General","twitter_card":"summary_large_image","twitter_misc":{"Escrito por":"Editor General","Tiempo de lectura":"1 minuto"},"schema":{"@context":"https:\/\/schema.org","@graph":[{"@type":"Article","@id":"https:\/\/luchonoticias.com\/editor\/capturada-por-presuntamente-golpear-brutalmente-a-su-hija-de-4-anos-en-pitalito-huila\/#article","isPartOf":{"@id":"https:\/\/luchonoticias.com\/editor\/capturada-por-presuntamente-golpear-brutalmente-a-su-hija-de-4-anos-en-pitalito-huila\/"},"author":{"name":"Editor General","@id":"https:\/\/luchonoticias.com\/editor\/#\/schema\/person\/29217990ddf6f14e35912b2866d591fb"},"headline":"Capturada por presuntamente golpear brutalmente a su hija de 4 a\u00f1os en Pitalito, Huila","datePublished":"2023-06-30T12:13:59+00:00","dateModified":"2023-06-30T12:14:00+00:00","mainEntityOfPage":{"@id":"https:\/\/luchonoticias.com\/editor\/capturada-por-presuntamente-golpear-brutalmente-a-su-hija-de-4-anos-en-pitalito-huila\/"},"wordCount":264,"commentCount":0,"publisher":{"@id":"https:\/\/luchonoticias.com\/editor\/#\/schema\/person\/7a7fd911f58561fd056dbac7b55af9cd"},"articleSection":["Destacado","Judicial"],"inLanguage":"es","potentialAction":[{"@type":"CommentAction","name":"Comment","target":["https:\/\/luchonoticias.com\/editor\/capturada-por-presuntamente-golpear-brutalmente-a-su-hija-de-4-anos-en-pitalito-huila\/#respond"]}]},{"@type":"WebPage","@id":"https:\/\/luchonoticias.com\/editor\/capturada-por-presuntamente-golpear-brutalmente-a-su-hija-de-4-anos-en-pitalito-huila\/","url":"https:\/\/luchonoticias.com\/editor\/capturada-por-presuntamente-golpear-brutalmente-a-su-hija-de-4-anos-en-pitalito-huila\/","name":"Capturada por presuntamente golpear brutalmente a su hija de 4 a\u00f1os en Pitalito, Huila -","isPartOf":{"@id":"https:\/\/luchonoticias.com\/editor\/#website"},"datePublished":"2023-06-30T12:13:59+00:00","dateModified":"2023-06-30T12:14:00+00:00","breadcrumb":{"@id":"https:\/\/luchonoticias.com\/editor\/capturada-por-presuntamente-golpear-brutalmente-a-su-hija-de-4-anos-en-pitalito-huila\/#breadcrumb"},"inLanguage":"es","potentialAction":[{"@type":"ReadAction","target":["https:\/\/luchonoticias.com\/editor\/capturada-por-presuntamente-golpear-brutalmente-a-su-hija-de-4-anos-en-pitalito-huila\/"]}]},{"@type":"BreadcrumbList","@id":"https:\/\/luchonoticias.com\/editor\/capturada-por-presuntamente-golpear-brutalmente-a-su-hija-de-4-anos-en-pitalito-huila\/#breadcrumb","itemListElement":[{"@type":"ListItem","position":1,"name":"Portada","item":"https:\/\/luchonoticias.com\/editor\/"},{"@type":"ListItem","position":2,"name":"Capturada por presuntamente golpear brutalmente a su hija de 4 a\u00f1os en Pitalito, Huila"}]},{"@type":"WebSite","@id":"https:\/\/luchonoticias.com\/editor\/#website","url":"https:\/\/luchonoticias.com\/editor\/","name":"","description":"","publisher":{"@id":"https:\/\/luchonoticias.com\/editor\/#\/schema\/person\/7a7fd911f58561fd056dbac7b55af9cd"},"potentialAction":[{"@type":"SearchAction","target":{"@type":"EntryPoint","urlTemplate":"https:\/\/luchonoticias.com\/editor\/?s={search_term_string}"},"query-input":{"@type":"PropertyValueSpecification","valueRequired":true,"valueName":"search_term_string"}}],"inLanguage":"es"},{"@type":["Person","Organization"],"@id":"https:\/\/luchonoticias.com\/editor\/#\/schema\/person\/7a7fd911f58561fd056dbac7b55af9cd","name":"admin","image":{"@type":"ImageObject","inLanguage":"es","@id":"https:\/\/luchonoticias.com\/editor\/#\/schema\/person\/image\/","url":"https:\/\/luchonoticias.com\/editor\/wp-content\/uploads\/2024\/02\/cropped-cropped-logolu.webp","contentUrl":"https:\/\/luchonoticias.com\/editor\/wp-content\/uploads\/2024\/02\/cropped-cropped-logolu.webp","width":382,"height":170,"caption":"admin"},"logo":{"@id":"https:\/\/luchonoticias.com\/editor\/#\/schema\/person\/image\/"},"sameAs":["https:\/\/www.facebook.com\/luchonoticiasneiva"]},{"@type":"Person","@id":"https:\/\/luchonoticias.com\/editor\/#\/schema\/person\/29217990ddf6f14e35912b2866d591fb","name":"Editor General","image":{"@type":"ImageObject","inLanguage":"es","@id":"https:\/\/luchonoticias.com\/editor\/#\/schema\/person\/image\/","url":"https:\/\/luchonoticias.com\/editor\/wp-content\/uploads\/2024\/02\/cropped-cropped-logolu-150x150.webp","contentUrl":"https:\/\/luchonoticias.com\/editor\/wp-content\/uploads\/2024\/02\/cropped-cropped-logolu-150x150.webp","caption":"Editor General"},"sameAs":["https:\/\/luchonoticias.com\/"],"url":"https:\/\/luchonoticias.com\/editor\/author\/editor-general\/"}]}},"_links":{"self":[{"href":"https:\/\/luchonoticias.com\/editor\/wp-json\/wp\/v2\/posts\/55663","targetHints":{"allow":["GET"]}}],"collection":[{"href":"https:\/\/luchonoticias.com\/editor\/wp-json\/wp\/v2\/posts"}],"about":[{"href":"https:\/\/luchonoticias.com\/editor\/wp-json\/wp\/v2\/types\/post"}],"author":[{"embeddable":true,"href":"https:\/\/luchonoticias.com\/editor\/wp-json\/wp\/v2\/users\/2"}],"replies":[{"embeddable":true,"href":"https:\/\/luchonoticias.com\/editor\/wp-json\/wp\/v2\/comments?post=55663"}],"version-history":[{"count":0,"href":"https:\/\/luchonoticias.com\/editor\/wp-json\/wp\/v2\/posts\/55663\/revisions"}],"wp:attachment":[{"href":"https:\/\/luchonoticias.com\/editor\/wp-json\/wp\/v2\/media?parent=55663"}],"wp:term":[{"taxonomy":"category","embeddable":true,"href":"https:\/\/luchonoticias.com\/editor\/wp-json\/wp\/v2\/categories?post=55663"},{"taxonomy":"post_tag","embeddable":true,"href":"https:\/\/luchonoticias.com\/editor\/wp-json\/wp\/v2\/tags?post=55663"}],"curies":[{"name":"wp","href":"https:\/\/api.w.org\/{rel}","templated":true}]}}