{"id":55787,"date":"2023-07-02T04:46:41","date_gmt":"2023-07-02T09:46:41","guid":{"rendered":"https:\/\/luchonoticias.com\/?p=55787"},"modified":"2023-07-02T04:46:42","modified_gmt":"2023-07-02T09:46:42","slug":"a-vincularse-al-plan-abonados-del-atletico-huila","status":"publish","type":"post","link":"https:\/\/luchonoticias.com\/editor\/a-vincularse-al-plan-abonados-del-atletico-huila\/","title":{"rendered":"A vincularse al plan abonados del Atl\u00e9tico Huila"},"content":{"rendered":"\n<p>Adem\u00e1s de la pretemporada y de la adquisici\u00f3n de nuevos jugadores, el\u00a0<strong>Atl\u00e9tico Huila<\/strong>\u00a0tambi\u00e9n trabajo en la campa\u00f1a para\u00a0<strong>estimular la venta de abonados<\/strong>\u00a0de cara al\u00a0<strong>campeonato del segundo semestre.<\/strong><\/p>\n\n\n\n<p>De hecho\u00a0<strong>solo quedan cinco d\u00edas<\/strong>\u00a0para que los aficionados al onceno huilense puedan\u00a0<strong>adquirir los abonados<\/strong>, los cuales\u00a0<strong>otorgar\u00e1n beneficios exclusivos,<\/strong>\u00a0entre ellos descuentos en la adquisici\u00f3n de la camiseta del club, acceso a las escuelas de formaci\u00f3n, descuentos en productos de la tienda oficial y lugares especiales en la presentaci\u00f3n en sociedad del equipo.<\/p>\n\n\n\n<p>La idea del club es que se puedan\u00a0<strong>copar los 2.500 asientos del club<\/strong>\u00a0disponibles para la zona oriental preferencial y desde ya la directiva viene trabajando con miras a que los beneficiarios puedan disfrutar de un espect\u00e1culo m\u00e1s c\u00f3modo. <\/p>\n\n\n\n<p>Destacar que la campa\u00f1a va hasta el 6 de julio y con un descuento del 30 por ciento.<\/p>\n","protected":false},"excerpt":{"rendered":"<p>Adem\u00e1s de la pretemporada y de la adquisici\u00f3n de nuevos jugadores, el\u00a0Atl\u00e9tico Huila\u00a0tambi\u00e9n trabajo en la campa\u00f1a para\u00a0estimular la venta de abonados\u00a0de cara al\u00a0campeonato del segundo semestre. De hecho\u00a0solo quedan cinco d\u00edas\u00a0para que los aficionados al onceno huilense puedan\u00a0adquirir los abonados, los cuales\u00a0otorgar\u00e1n beneficios exclusivos,\u00a0entre ellos descuentos en la adquisici\u00f3n de la camiseta del club, [&hellip;]<\/p>\n","protected":false},"author":2,"featured_media":0,"comment_status":"open","ping_status":"open","sticky":false,"template":"","format":"standard","meta":{"footnotes":""},"categories":[34],"tags":[],"class_list":["post-55787","post","type-post","status-publish","format-standard","hentry","category-deportes"],"yoast_head":"<!-- This site is optimized with the Yoast SEO plugin v26.6 - https:\/\/yoast.com\/wordpress\/plugins\/seo\/ -->\n<title>A vincularse al plan abonados del Atl\u00e9tico Huila -<\/title>\n<meta name=\"robots\" content=\"index, follow, max-snippet:-1, max-image-preview:large, max-video-preview:-1\" \/>\n<link rel=\"canonical\" href=\"https:\/\/luchonoticias.com\/editor\/a-vincularse-al-plan-abonados-del-atletico-huila\/\" \/>\n<meta property=\"og:locale\" content=\"es_ES\" \/>\n<meta property=\"og:type\" content=\"article\" \/>\n<meta property=\"og:title\" content=\"A vincularse al plan abonados del Atl\u00e9tico Huila -\" \/>\n<meta property=\"og:url\" content=\"https:\/\/luchonoticias.com\/editor\/a-vincularse-al-plan-abonados-del-atletico-huila\/\" \/>\n<meta property=\"article:publisher\" content=\"https:\/\/www.facebook.com\/luchonoticiasneiva\" \/>\n<meta property=\"article:published_time\" content=\"2023-07-02T09:46:41+00:00\" \/>\n<meta property=\"article:modified_time\" content=\"2023-07-02T09:46:42+00:00\" \/>\n<meta name=\"author\" content=\"Editor General\" \/>\n<meta name=\"twitter:card\" content=\"summary_large_image\" \/>\n<meta name=\"twitter:label1\" content=\"Escrito por\" \/>\n\t<meta name=\"twitter:data1\" content=\"Editor General\" \/>\n\t<meta name=\"twitter:label2\" content=\"Tiempo de lectura\" \/>\n\t<meta name=\"twitter:data2\" content=\"1 minuto\" \/>\n<script type=\"application\/ld+json\" class=\"yoast-schema-graph\">{\"@context\":\"https:\/\/schema.org\",\"@graph\":[{\"@type\":\"Article\",\"@id\":\"https:\/\/luchonoticias.com\/editor\/a-vincularse-al-plan-abonados-del-atletico-huila\/#article\",\"isPartOf\":{\"@id\":\"https:\/\/luchonoticias.com\/editor\/a-vincularse-al-plan-abonados-del-atletico-huila\/\"},\"author\":{\"name\":\"Editor General\",\"@id\":\"https:\/\/luchonoticias.com\/editor\/#\/schema\/person\/29217990ddf6f14e35912b2866d591fb\"},\"headline\":\"A vincularse al plan abonados del Atl\u00e9tico Huila\",\"datePublished\":\"2023-07-02T09:46:41+00:00\",\"dateModified\":\"2023-07-02T09:46:42+00:00\",\"mainEntityOfPage\":{\"@id\":\"https:\/\/luchonoticias.com\/editor\/a-vincularse-al-plan-abonados-del-atletico-huila\/\"},\"wordCount\":166,\"commentCount\":0,\"publisher\":{\"@id\":\"https:\/\/luchonoticias.com\/editor\/#\/schema\/person\/7a7fd911f58561fd056dbac7b55af9cd\"},\"articleSection\":[\"Deportes\"],\"inLanguage\":\"es\",\"potentialAction\":[{\"@type\":\"CommentAction\",\"name\":\"Comment\",\"target\":[\"https:\/\/luchonoticias.com\/editor\/a-vincularse-al-plan-abonados-del-atletico-huila\/#respond\"]}]},{\"@type\":\"WebPage\",\"@id\":\"https:\/\/luchonoticias.com\/editor\/a-vincularse-al-plan-abonados-del-atletico-huila\/\",\"url\":\"https:\/\/luchonoticias.com\/editor\/a-vincularse-al-plan-abonados-del-atletico-huila\/\",\"name\":\"A vincularse al plan abonados del Atl\u00e9tico Huila -\",\"isPartOf\":{\"@id\":\"https:\/\/luchonoticias.com\/editor\/#website\"},\"datePublished\":\"2023-07-02T09:46:41+00:00\",\"dateModified\":\"2023-07-02T09:46:42+00:00\",\"breadcrumb\":{\"@id\":\"https:\/\/luchonoticias.com\/editor\/a-vincularse-al-plan-abonados-del-atletico-huila\/#breadcrumb\"},\"inLanguage\":\"es\",\"potentialAction\":[{\"@type\":\"ReadAction\",\"target\":[\"https:\/\/luchonoticias.com\/editor\/a-vincularse-al-plan-abonados-del-atletico-huila\/\"]}]},{\"@type\":\"BreadcrumbList\",\"@id\":\"https:\/\/luchonoticias.com\/editor\/a-vincularse-al-plan-abonados-del-atletico-huila\/#breadcrumb\",\"itemListElement\":[{\"@type\":\"ListItem\",\"position\":1,\"name\":\"Portada\",\"item\":\"https:\/\/luchonoticias.com\/editor\/\"},{\"@type\":\"ListItem\",\"position\":2,\"name\":\"A vincularse al plan abonados del Atl\u00e9tico Huila\"}]},{\"@type\":\"WebSite\",\"@id\":\"https:\/\/luchonoticias.com\/editor\/#website\",\"url\":\"https:\/\/luchonoticias.com\/editor\/\",\"name\":\"\",\"description\":\"\",\"publisher\":{\"@id\":\"https:\/\/luchonoticias.com\/editor\/#\/schema\/person\/7a7fd911f58561fd056dbac7b55af9cd\"},\"potentialAction\":[{\"@type\":\"SearchAction\",\"target\":{\"@type\":\"EntryPoint\",\"urlTemplate\":\"https:\/\/luchonoticias.com\/editor\/?s={search_term_string}\"},\"query-input\":{\"@type\":\"PropertyValueSpecification\",\"valueRequired\":true,\"valueName\":\"search_term_string\"}}],\"inLanguage\":\"es\"},{\"@type\":[\"Person\",\"Organization\"],\"@id\":\"https:\/\/luchonoticias.com\/editor\/#\/schema\/person\/7a7fd911f58561fd056dbac7b55af9cd\",\"name\":\"admin\",\"image\":{\"@type\":\"ImageObject\",\"inLanguage\":\"es\",\"@id\":\"https:\/\/luchonoticias.com\/editor\/#\/schema\/person\/image\/\",\"url\":\"https:\/\/luchonoticias.com\/editor\/wp-content\/uploads\/2024\/02\/cropped-cropped-logolu.webp\",\"contentUrl\":\"https:\/\/luchonoticias.com\/editor\/wp-content\/uploads\/2024\/02\/cropped-cropped-logolu.webp\",\"width\":382,\"height\":170,\"caption\":\"admin\"},\"logo\":{\"@id\":\"https:\/\/luchonoticias.com\/editor\/#\/schema\/person\/image\/\"},\"sameAs\":[\"https:\/\/www.facebook.com\/luchonoticiasneiva\"]},{\"@type\":\"Person\",\"@id\":\"https:\/\/luchonoticias.com\/editor\/#\/schema\/person\/29217990ddf6f14e35912b2866d591fb\",\"name\":\"Editor General\",\"image\":{\"@type\":\"ImageObject\",\"inLanguage\":\"es\",\"@id\":\"https:\/\/luchonoticias.com\/editor\/#\/schema\/person\/image\/\",\"url\":\"https:\/\/luchonoticias.com\/editor\/wp-content\/uploads\/2024\/02\/cropped-cropped-logolu-150x150.webp\",\"contentUrl\":\"https:\/\/luchonoticias.com\/editor\/wp-content\/uploads\/2024\/02\/cropped-cropped-logolu-150x150.webp\",\"caption\":\"Editor General\"},\"sameAs\":[\"https:\/\/luchonoticias.com\/\"],\"url\":\"https:\/\/luchonoticias.com\/editor\/author\/editor-general\/\"}]}<\/script>\n<!-- \/ Yoast SEO plugin. -->","yoast_head_json":{"title":"A vincularse al plan abonados del Atl\u00e9tico Huila -","robots":{"index":"index","follow":"follow","max-snippet":"max-snippet:-1","max-image-preview":"max-image-preview:large","max-video-preview":"max-video-preview:-1"},"canonical":"https:\/\/luchonoticias.com\/editor\/a-vincularse-al-plan-abonados-del-atletico-huila\/","og_locale":"es_ES","og_type":"article","og_title":"A vincularse al plan abonados del Atl\u00e9tico Huila -","og_url":"https:\/\/luchonoticias.com\/editor\/a-vincularse-al-plan-abonados-del-atletico-huila\/","article_publisher":"https:\/\/www.facebook.com\/luchonoticiasneiva","article_published_time":"2023-07-02T09:46:41+00:00","article_modified_time":"2023-07-02T09:46:42+00:00","author":"Editor General","twitter_card":"summary_large_image","twitter_misc":{"Escrito por":"Editor General","Tiempo de lectura":"1 minuto"},"schema":{"@context":"https:\/\/schema.org","@graph":[{"@type":"Article","@id":"https:\/\/luchonoticias.com\/editor\/a-vincularse-al-plan-abonados-del-atletico-huila\/#article","isPartOf":{"@id":"https:\/\/luchonoticias.com\/editor\/a-vincularse-al-plan-abonados-del-atletico-huila\/"},"author":{"name":"Editor General","@id":"https:\/\/luchonoticias.com\/editor\/#\/schema\/person\/29217990ddf6f14e35912b2866d591fb"},"headline":"A vincularse al plan abonados del Atl\u00e9tico Huila","datePublished":"2023-07-02T09:46:41+00:00","dateModified":"2023-07-02T09:46:42+00:00","mainEntityOfPage":{"@id":"https:\/\/luchonoticias.com\/editor\/a-vincularse-al-plan-abonados-del-atletico-huila\/"},"wordCount":166,"commentCount":0,"publisher":{"@id":"https:\/\/luchonoticias.com\/editor\/#\/schema\/person\/7a7fd911f58561fd056dbac7b55af9cd"},"articleSection":["Deportes"],"inLanguage":"es","potentialAction":[{"@type":"CommentAction","name":"Comment","target":["https:\/\/luchonoticias.com\/editor\/a-vincularse-al-plan-abonados-del-atletico-huila\/#respond"]}]},{"@type":"WebPage","@id":"https:\/\/luchonoticias.com\/editor\/a-vincularse-al-plan-abonados-del-atletico-huila\/","url":"https:\/\/luchonoticias.com\/editor\/a-vincularse-al-plan-abonados-del-atletico-huila\/","name":"A vincularse al plan abonados del Atl\u00e9tico Huila -","isPartOf":{"@id":"https:\/\/luchonoticias.com\/editor\/#website"},"datePublished":"2023-07-02T09:46:41+00:00","dateModified":"2023-07-02T09:46:42+00:00","breadcrumb":{"@id":"https:\/\/luchonoticias.com\/editor\/a-vincularse-al-plan-abonados-del-atletico-huila\/#breadcrumb"},"inLanguage":"es","potentialAction":[{"@type":"ReadAction","target":["https:\/\/luchonoticias.com\/editor\/a-vincularse-al-plan-abonados-del-atletico-huila\/"]}]},{"@type":"BreadcrumbList","@id":"https:\/\/luchonoticias.com\/editor\/a-vincularse-al-plan-abonados-del-atletico-huila\/#breadcrumb","itemListElement":[{"@type":"ListItem","position":1,"name":"Portada","item":"https:\/\/luchonoticias.com\/editor\/"},{"@type":"ListItem","position":2,"name":"A vincularse al plan abonados del Atl\u00e9tico Huila"}]},{"@type":"WebSite","@id":"https:\/\/luchonoticias.com\/editor\/#website","url":"https:\/\/luchonoticias.com\/editor\/","name":"","description":"","publisher":{"@id":"https:\/\/luchonoticias.com\/editor\/#\/schema\/person\/7a7fd911f58561fd056dbac7b55af9cd"},"potentialAction":[{"@type":"SearchAction","target":{"@type":"EntryPoint","urlTemplate":"https:\/\/luchonoticias.com\/editor\/?s={search_term_string}"},"query-input":{"@type":"PropertyValueSpecification","valueRequired":true,"valueName":"search_term_string"}}],"inLanguage":"es"},{"@type":["Person","Organization"],"@id":"https:\/\/luchonoticias.com\/editor\/#\/schema\/person\/7a7fd911f58561fd056dbac7b55af9cd","name":"admin","image":{"@type":"ImageObject","inLanguage":"es","@id":"https:\/\/luchonoticias.com\/editor\/#\/schema\/person\/image\/","url":"https:\/\/luchonoticias.com\/editor\/wp-content\/uploads\/2024\/02\/cropped-cropped-logolu.webp","contentUrl":"https:\/\/luchonoticias.com\/editor\/wp-content\/uploads\/2024\/02\/cropped-cropped-logolu.webp","width":382,"height":170,"caption":"admin"},"logo":{"@id":"https:\/\/luchonoticias.com\/editor\/#\/schema\/person\/image\/"},"sameAs":["https:\/\/www.facebook.com\/luchonoticiasneiva"]},{"@type":"Person","@id":"https:\/\/luchonoticias.com\/editor\/#\/schema\/person\/29217990ddf6f14e35912b2866d591fb","name":"Editor General","image":{"@type":"ImageObject","inLanguage":"es","@id":"https:\/\/luchonoticias.com\/editor\/#\/schema\/person\/image\/","url":"https:\/\/luchonoticias.com\/editor\/wp-content\/uploads\/2024\/02\/cropped-cropped-logolu-150x150.webp","contentUrl":"https:\/\/luchonoticias.com\/editor\/wp-content\/uploads\/2024\/02\/cropped-cropped-logolu-150x150.webp","caption":"Editor General"},"sameAs":["https:\/\/luchonoticias.com\/"],"url":"https:\/\/luchonoticias.com\/editor\/author\/editor-general\/"}]}},"_links":{"self":[{"href":"https:\/\/luchonoticias.com\/editor\/wp-json\/wp\/v2\/posts\/55787","targetHints":{"allow":["GET"]}}],"collection":[{"href":"https:\/\/luchonoticias.com\/editor\/wp-json\/wp\/v2\/posts"}],"about":[{"href":"https:\/\/luchonoticias.com\/editor\/wp-json\/wp\/v2\/types\/post"}],"author":[{"embeddable":true,"href":"https:\/\/luchonoticias.com\/editor\/wp-json\/wp\/v2\/users\/2"}],"replies":[{"embeddable":true,"href":"https:\/\/luchonoticias.com\/editor\/wp-json\/wp\/v2\/comments?post=55787"}],"version-history":[{"count":0,"href":"https:\/\/luchonoticias.com\/editor\/wp-json\/wp\/v2\/posts\/55787\/revisions"}],"wp:attachment":[{"href":"https:\/\/luchonoticias.com\/editor\/wp-json\/wp\/v2\/media?parent=55787"}],"wp:term":[{"taxonomy":"category","embeddable":true,"href":"https:\/\/luchonoticias.com\/editor\/wp-json\/wp\/v2\/categories?post=55787"},{"taxonomy":"post_tag","embeddable":true,"href":"https:\/\/luchonoticias.com\/editor\/wp-json\/wp\/v2\/tags?post=55787"}],"curies":[{"name":"wp","href":"https:\/\/api.w.org\/{rel}","templated":true}]}}