{"id":55792,"date":"2023-07-02T05:31:12","date_gmt":"2023-07-02T10:31:12","guid":{"rendered":"https:\/\/luchonoticias.com\/?p=55792"},"modified":"2023-07-02T05:31:13","modified_gmt":"2023-07-02T10:31:13","slug":"barayuno-hace-region-en-los-emiratos-arabes","status":"publish","type":"post","link":"https:\/\/luchonoticias.com\/editor\/barayuno-hace-region-en-los-emiratos-arabes\/","title":{"rendered":"Barayuno hace regi\u00f3n en los Emiratos \u00c1rabes"},"content":{"rendered":"\n<p class=\"has-medium-font-size\"><strong>Ferney Cu\u00e9llar<\/strong> es un deportista huilense especializado en el <strong>jiu jitsu<\/strong> y que desde hace varios a\u00f1os ha hecho carrera <strong>radicado en Emiratos \u00c1rabes<\/strong>, la meca de dicho deporte.<\/p>\n\n\n\n<p class=\"has-medium-font-size\">Cu\u00e9llar naci\u00f3 en Baraya pero no siempre estuvo ligado al deporte, de hecho por muchos a\u00f1os estuvo <strong>vinculado a la Fuerza P\u00fablica <\/strong>pero por una <strong>gran oportunidad laboral<\/strong> dej\u00f3 el trabajo en Colombia para emigrar a los Emiratos \u00c1rabes Unidos, es ah\u00ed donde comienza su historia con esta disciplina.<\/p>\n\n\n\n<p class=\"has-medium-font-size\">Desde entonces, lleva establecido una d\u00e9cada en ese pa\u00eds, como representante de Colombia en materia del jiu jitsu y logrado importantes figuraciones, siendo varias veces campe\u00f3n internacional, una hoja de vida que perfectamente se resume en 22 medallas de oro, nueve de plata y 12 m\u00e1s de bronce.  <\/p>\n\n\n\n<p><\/p>\n\n\n\n<figure class=\"wp-block-image size-large\"><img decoding=\"async\" src=\"https:\/\/luchonoticias.com\/wp-content\/uploads\/2023\/07\/WhatsApp-Image-2023-06-28-at-17.04.05-1024x682.jpeg\" alt=\"\" class=\"wp-image-55801\"\/><\/figure>\n\n\n\n<p><\/p>\n\n\n\n<p class=\"has-medium-font-size\">\u00abMi vida en Emiratos \u00e1rabes ha sido de mucha motivaci\u00f3n porque con una gran oportunidad que me dieron, <strong>me acogieron como un hijo en este pa\u00eds<\/strong> y he dejado en lo m\u00e1s alto el nombre de mi departamento y a toda Colombia ya que he logrado estar en lo m\u00e1s alto del podio, siendo <strong>campe\u00f3n mundial en cuatro veces y campe\u00f3n del grand slam en seis ocasiones\u00bb<\/strong>, dijo.<\/p>\n\n\n\n<p class=\"has-medium-font-size\">De todas las medallas que ha conquistado, destaca una obtenida en el mundial de Abu Dhabi en 2021 y entregada por el entonces presidente de Brasil, Jair Bolsonaro.  <\/p>\n\n\n\n<p><\/p>\n\n\n\n<figure class=\"wp-block-image size-full\"><img decoding=\"async\" src=\"https:\/\/luchonoticias.com\/wp-content\/uploads\/2023\/07\/WhatsApp-Image-2023-06-28-at-17.05.02.jpeg\" alt=\"\" class=\"wp-image-55802\"\/><\/figure>\n\n\n\n<p><\/p>\n\n\n\n<h5 class=\"wp-block-heading has-medium-font-size\">El deseo del retorno <\/h5>\n\n\n\n<p class=\"has-medium-font-size\">Pese a que se siente a gusto en Oriente Medio, <strong>Ferney tiene un gran deseo, el retornar al Huila<\/strong> y de alguna forma incentivar la pr\u00e1ctica deportiva dentro de las nuevas generaciones.<\/p>\n\n\n\n<p class=\"has-medium-font-size\">\u00abMi aspiraci\u00f3n el d\u00eda que me retire es llegar al Huila e incentivar a toda esa juventud&#8230;para que se motiven en conocer este deporte, dar a conocer lo bonito del jiu jitsu y dentro de mis proyectos est\u00e1 el tener buna academia para que all\u00ed lleguen y tener el gusto de ense\u00f1arles lo importante de este deporte\u00bb, dijo. <\/p>\n\n\n\n<p><\/p>\n\n\n\n<p class=\"has-medium-font-size\"><\/p>\n\n\n\n<p class=\"has-medium-font-size\">  <\/p>\n\n\n\n<p class=\"has-medium-font-size\"> <\/p>\n","protected":false},"excerpt":{"rendered":"<p>Ferney Cu\u00e9llar es un deportista huilense especializado en el jiu jitsu y que desde hace varios a\u00f1os ha hecho carrera radicado en Emiratos \u00c1rabes, la meca de dicho deporte. Cu\u00e9llar naci\u00f3 en Baraya pero no siempre estuvo ligado al deporte, de hecho por muchos a\u00f1os estuvo vinculado a la Fuerza P\u00fablica pero por una gran [&hellip;]<\/p>\n","protected":false},"author":2,"featured_media":0,"comment_status":"open","ping_status":"open","sticky":false,"template":"","format":"standard","meta":{"footnotes":""},"categories":[34],"tags":[],"class_list":["post-55792","post","type-post","status-publish","format-standard","hentry","category-deportes"],"yoast_head":"<!-- This site is optimized with the Yoast SEO plugin v26.6 - https:\/\/yoast.com\/wordpress\/plugins\/seo\/ -->\n<title>Barayuno hace regi\u00f3n en los Emiratos \u00c1rabes -<\/title>\n<meta name=\"robots\" content=\"index, follow, max-snippet:-1, max-image-preview:large, max-video-preview:-1\" \/>\n<link rel=\"canonical\" href=\"https:\/\/luchonoticias.com\/editor\/barayuno-hace-region-en-los-emiratos-arabes\/\" \/>\n<meta property=\"og:locale\" content=\"es_ES\" \/>\n<meta property=\"og:type\" content=\"article\" \/>\n<meta property=\"og:title\" content=\"Barayuno hace regi\u00f3n en los Emiratos \u00c1rabes -\" \/>\n<meta property=\"og:url\" content=\"https:\/\/luchonoticias.com\/editor\/barayuno-hace-region-en-los-emiratos-arabes\/\" \/>\n<meta property=\"article:publisher\" content=\"https:\/\/www.facebook.com\/luchonoticiasneiva\" \/>\n<meta property=\"article:published_time\" content=\"2023-07-02T10:31:12+00:00\" \/>\n<meta property=\"article:modified_time\" content=\"2023-07-02T10:31:13+00:00\" \/>\n<meta property=\"og:image\" content=\"https:\/\/luchonoticias.com\/wp-content\/uploads\/2023\/07\/WhatsApp-Image-2023-06-28-at-17.04.05-1024x682.jpeg\" \/>\n<meta name=\"author\" content=\"Editor General\" \/>\n<meta name=\"twitter:card\" content=\"summary_large_image\" \/>\n<meta name=\"twitter:label1\" content=\"Escrito por\" \/>\n\t<meta name=\"twitter:data1\" content=\"Editor General\" \/>\n\t<meta name=\"twitter:label2\" content=\"Tiempo de lectura\" \/>\n\t<meta name=\"twitter:data2\" content=\"2 minutos\" \/>\n<script type=\"application\/ld+json\" class=\"yoast-schema-graph\">{\"@context\":\"https:\/\/schema.org\",\"@graph\":[{\"@type\":\"Article\",\"@id\":\"https:\/\/luchonoticias.com\/editor\/barayuno-hace-region-en-los-emiratos-arabes\/#article\",\"isPartOf\":{\"@id\":\"https:\/\/luchonoticias.com\/editor\/barayuno-hace-region-en-los-emiratos-arabes\/\"},\"author\":{\"name\":\"Editor General\",\"@id\":\"https:\/\/luchonoticias.com\/editor\/#\/schema\/person\/29217990ddf6f14e35912b2866d591fb\"},\"headline\":\"Barayuno hace regi\u00f3n en los Emiratos \u00c1rabes\",\"datePublished\":\"2023-07-02T10:31:12+00:00\",\"dateModified\":\"2023-07-02T10:31:13+00:00\",\"mainEntityOfPage\":{\"@id\":\"https:\/\/luchonoticias.com\/editor\/barayuno-hace-region-en-los-emiratos-arabes\/\"},\"wordCount\":341,\"commentCount\":0,\"publisher\":{\"@id\":\"https:\/\/luchonoticias.com\/editor\/#\/schema\/person\/7a7fd911f58561fd056dbac7b55af9cd\"},\"image\":{\"@id\":\"https:\/\/luchonoticias.com\/editor\/barayuno-hace-region-en-los-emiratos-arabes\/#primaryimage\"},\"thumbnailUrl\":\"https:\/\/luchonoticias.com\/wp-content\/uploads\/2023\/07\/WhatsApp-Image-2023-06-28-at-17.04.05-1024x682.jpeg\",\"articleSection\":[\"Deportes\"],\"inLanguage\":\"es\",\"potentialAction\":[{\"@type\":\"CommentAction\",\"name\":\"Comment\",\"target\":[\"https:\/\/luchonoticias.com\/editor\/barayuno-hace-region-en-los-emiratos-arabes\/#respond\"]}]},{\"@type\":\"WebPage\",\"@id\":\"https:\/\/luchonoticias.com\/editor\/barayuno-hace-region-en-los-emiratos-arabes\/\",\"url\":\"https:\/\/luchonoticias.com\/editor\/barayuno-hace-region-en-los-emiratos-arabes\/\",\"name\":\"Barayuno hace regi\u00f3n en los Emiratos \u00c1rabes -\",\"isPartOf\":{\"@id\":\"https:\/\/luchonoticias.com\/editor\/#website\"},\"primaryImageOfPage\":{\"@id\":\"https:\/\/luchonoticias.com\/editor\/barayuno-hace-region-en-los-emiratos-arabes\/#primaryimage\"},\"image\":{\"@id\":\"https:\/\/luchonoticias.com\/editor\/barayuno-hace-region-en-los-emiratos-arabes\/#primaryimage\"},\"thumbnailUrl\":\"https:\/\/luchonoticias.com\/wp-content\/uploads\/2023\/07\/WhatsApp-Image-2023-06-28-at-17.04.05-1024x682.jpeg\",\"datePublished\":\"2023-07-02T10:31:12+00:00\",\"dateModified\":\"2023-07-02T10:31:13+00:00\",\"breadcrumb\":{\"@id\":\"https:\/\/luchonoticias.com\/editor\/barayuno-hace-region-en-los-emiratos-arabes\/#breadcrumb\"},\"inLanguage\":\"es\",\"potentialAction\":[{\"@type\":\"ReadAction\",\"target\":[\"https:\/\/luchonoticias.com\/editor\/barayuno-hace-region-en-los-emiratos-arabes\/\"]}]},{\"@type\":\"ImageObject\",\"inLanguage\":\"es\",\"@id\":\"https:\/\/luchonoticias.com\/editor\/barayuno-hace-region-en-los-emiratos-arabes\/#primaryimage\",\"url\":\"https:\/\/luchonoticias.com\/wp-content\/uploads\/2023\/07\/WhatsApp-Image-2023-06-28-at-17.04.05-1024x682.jpeg\",\"contentUrl\":\"https:\/\/luchonoticias.com\/wp-content\/uploads\/2023\/07\/WhatsApp-Image-2023-06-28-at-17.04.05-1024x682.jpeg\"},{\"@type\":\"BreadcrumbList\",\"@id\":\"https:\/\/luchonoticias.com\/editor\/barayuno-hace-region-en-los-emiratos-arabes\/#breadcrumb\",\"itemListElement\":[{\"@type\":\"ListItem\",\"position\":1,\"name\":\"Portada\",\"item\":\"https:\/\/luchonoticias.com\/editor\/\"},{\"@type\":\"ListItem\",\"position\":2,\"name\":\"Barayuno hace regi\u00f3n en los Emiratos \u00c1rabes\"}]},{\"@type\":\"WebSite\",\"@id\":\"https:\/\/luchonoticias.com\/editor\/#website\",\"url\":\"https:\/\/luchonoticias.com\/editor\/\",\"name\":\"\",\"description\":\"\",\"publisher\":{\"@id\":\"https:\/\/luchonoticias.com\/editor\/#\/schema\/person\/7a7fd911f58561fd056dbac7b55af9cd\"},\"potentialAction\":[{\"@type\":\"SearchAction\",\"target\":{\"@type\":\"EntryPoint\",\"urlTemplate\":\"https:\/\/luchonoticias.com\/editor\/?s={search_term_string}\"},\"query-input\":{\"@type\":\"PropertyValueSpecification\",\"valueRequired\":true,\"valueName\":\"search_term_string\"}}],\"inLanguage\":\"es\"},{\"@type\":[\"Person\",\"Organization\"],\"@id\":\"https:\/\/luchonoticias.com\/editor\/#\/schema\/person\/7a7fd911f58561fd056dbac7b55af9cd\",\"name\":\"admin\",\"image\":{\"@type\":\"ImageObject\",\"inLanguage\":\"es\",\"@id\":\"https:\/\/luchonoticias.com\/editor\/#\/schema\/person\/image\/\",\"url\":\"https:\/\/luchonoticias.com\/editor\/wp-content\/uploads\/2024\/02\/cropped-cropped-logolu.webp\",\"contentUrl\":\"https:\/\/luchonoticias.com\/editor\/wp-content\/uploads\/2024\/02\/cropped-cropped-logolu.webp\",\"width\":382,\"height\":170,\"caption\":\"admin\"},\"logo\":{\"@id\":\"https:\/\/luchonoticias.com\/editor\/#\/schema\/person\/image\/\"},\"sameAs\":[\"https:\/\/www.facebook.com\/luchonoticiasneiva\"]},{\"@type\":\"Person\",\"@id\":\"https:\/\/luchonoticias.com\/editor\/#\/schema\/person\/29217990ddf6f14e35912b2866d591fb\",\"name\":\"Editor General\",\"image\":{\"@type\":\"ImageObject\",\"inLanguage\":\"es\",\"@id\":\"https:\/\/luchonoticias.com\/editor\/#\/schema\/person\/image\/\",\"url\":\"https:\/\/luchonoticias.com\/editor\/wp-content\/uploads\/2024\/02\/cropped-cropped-logolu-150x150.webp\",\"contentUrl\":\"https:\/\/luchonoticias.com\/editor\/wp-content\/uploads\/2024\/02\/cropped-cropped-logolu-150x150.webp\",\"caption\":\"Editor General\"},\"sameAs\":[\"https:\/\/luchonoticias.com\/\"],\"url\":\"https:\/\/luchonoticias.com\/editor\/author\/editor-general\/\"}]}<\/script>\n<!-- \/ Yoast SEO plugin. -->","yoast_head_json":{"title":"Barayuno hace regi\u00f3n en los Emiratos \u00c1rabes -","robots":{"index":"index","follow":"follow","max-snippet":"max-snippet:-1","max-image-preview":"max-image-preview:large","max-video-preview":"max-video-preview:-1"},"canonical":"https:\/\/luchonoticias.com\/editor\/barayuno-hace-region-en-los-emiratos-arabes\/","og_locale":"es_ES","og_type":"article","og_title":"Barayuno hace regi\u00f3n en los Emiratos \u00c1rabes -","og_url":"https:\/\/luchonoticias.com\/editor\/barayuno-hace-region-en-los-emiratos-arabes\/","article_publisher":"https:\/\/www.facebook.com\/luchonoticiasneiva","article_published_time":"2023-07-02T10:31:12+00:00","article_modified_time":"2023-07-02T10:31:13+00:00","og_image":[{"url":"https:\/\/luchonoticias.com\/wp-content\/uploads\/2023\/07\/WhatsApp-Image-2023-06-28-at-17.04.05-1024x682.jpeg","type":"","width":"","height":""}],"author":"Editor General","twitter_card":"summary_large_image","twitter_misc":{"Escrito por":"Editor General","Tiempo de lectura":"2 minutos"},"schema":{"@context":"https:\/\/schema.org","@graph":[{"@type":"Article","@id":"https:\/\/luchonoticias.com\/editor\/barayuno-hace-region-en-los-emiratos-arabes\/#article","isPartOf":{"@id":"https:\/\/luchonoticias.com\/editor\/barayuno-hace-region-en-los-emiratos-arabes\/"},"author":{"name":"Editor General","@id":"https:\/\/luchonoticias.com\/editor\/#\/schema\/person\/29217990ddf6f14e35912b2866d591fb"},"headline":"Barayuno hace regi\u00f3n en los Emiratos \u00c1rabes","datePublished":"2023-07-02T10:31:12+00:00","dateModified":"2023-07-02T10:31:13+00:00","mainEntityOfPage":{"@id":"https:\/\/luchonoticias.com\/editor\/barayuno-hace-region-en-los-emiratos-arabes\/"},"wordCount":341,"commentCount":0,"publisher":{"@id":"https:\/\/luchonoticias.com\/editor\/#\/schema\/person\/7a7fd911f58561fd056dbac7b55af9cd"},"image":{"@id":"https:\/\/luchonoticias.com\/editor\/barayuno-hace-region-en-los-emiratos-arabes\/#primaryimage"},"thumbnailUrl":"https:\/\/luchonoticias.com\/wp-content\/uploads\/2023\/07\/WhatsApp-Image-2023-06-28-at-17.04.05-1024x682.jpeg","articleSection":["Deportes"],"inLanguage":"es","potentialAction":[{"@type":"CommentAction","name":"Comment","target":["https:\/\/luchonoticias.com\/editor\/barayuno-hace-region-en-los-emiratos-arabes\/#respond"]}]},{"@type":"WebPage","@id":"https:\/\/luchonoticias.com\/editor\/barayuno-hace-region-en-los-emiratos-arabes\/","url":"https:\/\/luchonoticias.com\/editor\/barayuno-hace-region-en-los-emiratos-arabes\/","name":"Barayuno hace regi\u00f3n en los Emiratos \u00c1rabes -","isPartOf":{"@id":"https:\/\/luchonoticias.com\/editor\/#website"},"primaryImageOfPage":{"@id":"https:\/\/luchonoticias.com\/editor\/barayuno-hace-region-en-los-emiratos-arabes\/#primaryimage"},"image":{"@id":"https:\/\/luchonoticias.com\/editor\/barayuno-hace-region-en-los-emiratos-arabes\/#primaryimage"},"thumbnailUrl":"https:\/\/luchonoticias.com\/wp-content\/uploads\/2023\/07\/WhatsApp-Image-2023-06-28-at-17.04.05-1024x682.jpeg","datePublished":"2023-07-02T10:31:12+00:00","dateModified":"2023-07-02T10:31:13+00:00","breadcrumb":{"@id":"https:\/\/luchonoticias.com\/editor\/barayuno-hace-region-en-los-emiratos-arabes\/#breadcrumb"},"inLanguage":"es","potentialAction":[{"@type":"ReadAction","target":["https:\/\/luchonoticias.com\/editor\/barayuno-hace-region-en-los-emiratos-arabes\/"]}]},{"@type":"ImageObject","inLanguage":"es","@id":"https:\/\/luchonoticias.com\/editor\/barayuno-hace-region-en-los-emiratos-arabes\/#primaryimage","url":"https:\/\/luchonoticias.com\/wp-content\/uploads\/2023\/07\/WhatsApp-Image-2023-06-28-at-17.04.05-1024x682.jpeg","contentUrl":"https:\/\/luchonoticias.com\/wp-content\/uploads\/2023\/07\/WhatsApp-Image-2023-06-28-at-17.04.05-1024x682.jpeg"},{"@type":"BreadcrumbList","@id":"https:\/\/luchonoticias.com\/editor\/barayuno-hace-region-en-los-emiratos-arabes\/#breadcrumb","itemListElement":[{"@type":"ListItem","position":1,"name":"Portada","item":"https:\/\/luchonoticias.com\/editor\/"},{"@type":"ListItem","position":2,"name":"Barayuno hace regi\u00f3n en los Emiratos \u00c1rabes"}]},{"@type":"WebSite","@id":"https:\/\/luchonoticias.com\/editor\/#website","url":"https:\/\/luchonoticias.com\/editor\/","name":"","description":"","publisher":{"@id":"https:\/\/luchonoticias.com\/editor\/#\/schema\/person\/7a7fd911f58561fd056dbac7b55af9cd"},"potentialAction":[{"@type":"SearchAction","target":{"@type":"EntryPoint","urlTemplate":"https:\/\/luchonoticias.com\/editor\/?s={search_term_string}"},"query-input":{"@type":"PropertyValueSpecification","valueRequired":true,"valueName":"search_term_string"}}],"inLanguage":"es"},{"@type":["Person","Organization"],"@id":"https:\/\/luchonoticias.com\/editor\/#\/schema\/person\/7a7fd911f58561fd056dbac7b55af9cd","name":"admin","image":{"@type":"ImageObject","inLanguage":"es","@id":"https:\/\/luchonoticias.com\/editor\/#\/schema\/person\/image\/","url":"https:\/\/luchonoticias.com\/editor\/wp-content\/uploads\/2024\/02\/cropped-cropped-logolu.webp","contentUrl":"https:\/\/luchonoticias.com\/editor\/wp-content\/uploads\/2024\/02\/cropped-cropped-logolu.webp","width":382,"height":170,"caption":"admin"},"logo":{"@id":"https:\/\/luchonoticias.com\/editor\/#\/schema\/person\/image\/"},"sameAs":["https:\/\/www.facebook.com\/luchonoticiasneiva"]},{"@type":"Person","@id":"https:\/\/luchonoticias.com\/editor\/#\/schema\/person\/29217990ddf6f14e35912b2866d591fb","name":"Editor General","image":{"@type":"ImageObject","inLanguage":"es","@id":"https:\/\/luchonoticias.com\/editor\/#\/schema\/person\/image\/","url":"https:\/\/luchonoticias.com\/editor\/wp-content\/uploads\/2024\/02\/cropped-cropped-logolu-150x150.webp","contentUrl":"https:\/\/luchonoticias.com\/editor\/wp-content\/uploads\/2024\/02\/cropped-cropped-logolu-150x150.webp","caption":"Editor General"},"sameAs":["https:\/\/luchonoticias.com\/"],"url":"https:\/\/luchonoticias.com\/editor\/author\/editor-general\/"}]}},"_links":{"self":[{"href":"https:\/\/luchonoticias.com\/editor\/wp-json\/wp\/v2\/posts\/55792","targetHints":{"allow":["GET"]}}],"collection":[{"href":"https:\/\/luchonoticias.com\/editor\/wp-json\/wp\/v2\/posts"}],"about":[{"href":"https:\/\/luchonoticias.com\/editor\/wp-json\/wp\/v2\/types\/post"}],"author":[{"embeddable":true,"href":"https:\/\/luchonoticias.com\/editor\/wp-json\/wp\/v2\/users\/2"}],"replies":[{"embeddable":true,"href":"https:\/\/luchonoticias.com\/editor\/wp-json\/wp\/v2\/comments?post=55792"}],"version-history":[{"count":0,"href":"https:\/\/luchonoticias.com\/editor\/wp-json\/wp\/v2\/posts\/55792\/revisions"}],"wp:attachment":[{"href":"https:\/\/luchonoticias.com\/editor\/wp-json\/wp\/v2\/media?parent=55792"}],"wp:term":[{"taxonomy":"category","embeddable":true,"href":"https:\/\/luchonoticias.com\/editor\/wp-json\/wp\/v2\/categories?post=55792"},{"taxonomy":"post_tag","embeddable":true,"href":"https:\/\/luchonoticias.com\/editor\/wp-json\/wp\/v2\/tags?post=55792"}],"curies":[{"name":"wp","href":"https:\/\/api.w.org\/{rel}","templated":true}]}}